{"id":82320,"date":"2024-02-06T00:00:41","date_gmt":"2024-02-05T22:00:41","guid":{"rendered":"https:\/\/www.noubarris.net\/web40\/?p=82320"},"modified":"2024-02-05T17:50:28","modified_gmt":"2024-02-05T15:50:28","slug":"el-cap-turo-de-nou-barris-recupera-lassistencia-duna-infermera-pediatrica","status":"publish","type":"post","link":"https:\/\/www.noubarris.net\/web40\/el-cap-turo-de-nou-barris-recupera-lassistencia-duna-infermera-pediatrica\/","title":{"rendered":"El CAP Tur\u00f3 de Nou Barris recupera l&#8217;assist\u00e8ncia d&#8217;una infermera pedi\u00e0trica"},"content":{"rendered":"<p><strong>A partir del 12 de febrer atendr\u00e0 tots els dies de la setmana en torn de mat\u00ed o torn de tarda, en funci\u00f3 de la demanda<\/strong><\/p>\n<p>El Centre d\u2019Atenci\u00f3 Prim\u00e0ria Tur\u00f3 tornar\u00e0 a tenir servei d\u2019infermeria pedi\u00e0trica, amb l\u2019assist\u00e8ncia d\u2019una infermera pedi\u00e0trica que atendr\u00e0 tots els dies de la setmana en torn de mat\u00ed o torn de tarda, en funci\u00f3 de la demanda. Es tracta d\u2019un servei vinculat a l\u2019Equip Territorial d\u2019Atenci\u00f3 Pedi\u00e0trica de Rio de Janeiro. Des de l\u2019any 2020 la poblaci\u00f3 de refer\u00e8ncia del CAP Tur\u00f3 s\u2019havia de despla\u00e7ar fins al CAP Rio de Janeiro per rebre atenci\u00f3 pedi\u00e0trica, un recorregut complicat de fer amb poblaci\u00f3 infantil.<\/p>\n<p>En aquest sentit, a partir del 12 de febrer es despla\u00e7ar\u00e0 una infermera pedi\u00e0trica que forma part de l\u2019ETAP Rio de Janeiro fins al CAP Tur\u00f3, amb la intenci\u00f3 d\u2019afavorir una atenci\u00f3 sanit\u00e0ria de\u00a0 qualitat i proximitat a la poblaci\u00f3 pedi\u00e0trica corresponents a les fam\u00edlies residents als barris del Tur\u00f3 de la Peira i de Vilapicina i la Torre Llobeta.<\/p>\n<p>Aquesta infermera far\u00e0 visites sobretot relacionades amb la promoci\u00f3 i la prevenci\u00f3 de la salut, com per exemple revisions aut\u00f2nomes, vacunacions o atenci\u00f3 de dubtes sobre alimentaci\u00f3 i visites de seguiment d\u2019infermeria. A m\u00e9s, s\u2019oferiran activitats comunit\u00e0ries dins de la cartera de serveis com poden ser consultes de lact\u00e0ncia, cursos de preparaci\u00f3 al part o b\u00e9 revisions i visites odontol\u00f2giques infantils, entre d\u2019altres.<\/p>\n<p>&nbsp;<\/p>\n","protected":false},"excerpt":{"rendered":"<p>A partir del 12 de febrer atendr\u00e0 tots els dies de la setmana en torn de mat\u00ed o torn de<\/p>\n","protected":false},"author":2,"featured_media":82321,"comment_status":"closed","ping_status":"closed","sticky":false,"template":"","format":"standard","meta":{"colormag_page_layout":"default_layout","_monsterinsights_skip_tracking":false,"_monsterinsights_sitenote_active":false,"_monsterinsights_sitenote_note":"","_monsterinsights_sitenote_category":0,"footnotes":""},"categories":[139,1],"tags":[246,428,272],"class_list":["post-82320","post","type-post","status-publish","format-standard","has-post-thumbnail","hentry","category-el-turo-de-la-peira","category-nou-barris","tag-el-turo-de-la-peira","tag-queixes","tag-salut"],"yoast_head":"<!-- This site is optimized with the Yoast SEO plugin v25.3 - https:\/\/yoast.com\/wordpress\/plugins\/seo\/ -->\n<title>El CAP Tur\u00f3 de Nou Barris recupera l&#039;assist\u00e8ncia d&#039;una infermera pedi\u00e0trica - NouBarris.Net<\/title>\n<meta name=\"description\" content=\"Des de l\u2019any 2020 la poblaci\u00f3 de refer\u00e8ncia del CAP Tur\u00f3 s\u2019havia de despla\u00e7ar fins al CAP Rio de Janeiro per rebre atenci\u00f3 pedi\u00e0trica, un recorregut complicat de fer amb poblaci\u00f3 infantil.\" \/>\n<meta name=\"robots\" content=\"index, follow, max-snippet:-1, max-image-preview:large, max-video-preview:-1\" \/>\n<link rel=\"canonical\" href=\"https:\/\/www.noubarris.net\/web40\/el-cap-turo-de-nou-barris-recupera-lassistencia-duna-infermera-pediatrica\/\" \/>\n<meta property=\"og:locale\" content=\"ca_ES\" \/>\n<meta property=\"og:type\" content=\"article\" \/>\n<meta property=\"og:title\" content=\"El CAP Tur\u00f3 de Nou Barris recupera l&#039;assist\u00e8ncia d&#039;una infermera pedi\u00e0trica - NouBarris.Net\" \/>\n<meta property=\"og:description\" content=\"Des de l\u2019any 2020 la poblaci\u00f3 de refer\u00e8ncia del CAP Tur\u00f3 s\u2019havia de despla\u00e7ar fins al CAP Rio de Janeiro per rebre atenci\u00f3 pedi\u00e0trica, un recorregut complicat de fer amb poblaci\u00f3 infantil.\" \/>\n<meta property=\"og:url\" content=\"https:\/\/www.noubarris.net\/web40\/el-cap-turo-de-nou-barris-recupera-lassistencia-duna-infermera-pediatrica\/\" \/>\n<meta property=\"og:site_name\" content=\"NouBarris.Net\" \/>\n<meta property=\"article:publisher\" content=\"https:\/\/www.facebook.com\/NouBarris.net\/?locale=es_ES\" \/>\n<meta property=\"article:published_time\" content=\"2024-02-05T22:00:41+00:00\" \/>\n<meta property=\"og:image\" content=\"https:\/\/www.noubarris.net\/web40\/wp-content\/uploads\/2024\/02\/060224.jpg\" \/>\n\t<meta property=\"og:image:width\" content=\"768\" \/>\n\t<meta property=\"og:image:height\" content=\"432\" \/>\n\t<meta property=\"og:image:type\" content=\"image\/jpeg\" \/>\n<meta name=\"author\" content=\"Informatius\" \/>\n<meta name=\"twitter:card\" content=\"summary_large_image\" \/>\n<meta name=\"twitter:creator\" content=\"@9BTV\" \/>\n<meta name=\"twitter:site\" content=\"@9BTV\" \/>\n<meta name=\"twitter:label1\" content=\"Escrit per\" \/>\n\t<meta name=\"twitter:data1\" content=\"Informatius\" \/>\n\t<meta name=\"twitter:label2\" content=\"Temps estimat de lectura\" \/>\n\t<meta name=\"twitter:data2\" content=\"2 minuts\" \/>\n<script type=\"application\/ld+json\" class=\"yoast-schema-graph\">{\"@context\":\"https:\/\/schema.org\",\"@graph\":[{\"@type\":\"Article\",\"@id\":\"https:\/\/www.noubarris.net\/web40\/el-cap-turo-de-nou-barris-recupera-lassistencia-duna-infermera-pediatrica\/#article\",\"isPartOf\":{\"@id\":\"https:\/\/www.noubarris.net\/web40\/el-cap-turo-de-nou-barris-recupera-lassistencia-duna-infermera-pediatrica\/\"},\"author\":{\"name\":\"Informatius\",\"@id\":\"https:\/\/www.noubarris.net\/web40\/#\/schema\/person\/1827f92aaa316c54abbf4dac0de76069\"},\"headline\":\"El CAP Tur\u00f3 de Nou Barris recupera l&#8217;assist\u00e8ncia d&#8217;una infermera pedi\u00e0trica\",\"datePublished\":\"2024-02-05T22:00:41+00:00\",\"mainEntityOfPage\":{\"@id\":\"https:\/\/www.noubarris.net\/web40\/el-cap-turo-de-nou-barris-recupera-lassistencia-duna-infermera-pediatrica\/\"},\"wordCount\":277,\"publisher\":{\"@id\":\"https:\/\/www.noubarris.net\/web40\/#organization\"},\"image\":{\"@id\":\"https:\/\/www.noubarris.net\/web40\/el-cap-turo-de-nou-barris-recupera-lassistencia-duna-infermera-pediatrica\/#primaryimage\"},\"thumbnailUrl\":\"https:\/\/www.noubarris.net\/web40\/wp-content\/uploads\/2024\/02\/060224.jpg\",\"keywords\":[\"El Tur\u00f3 de la Peira\",\"Queixes\",\"Salut\"],\"articleSection\":[\"El Tur\u00f3 de la Peira\",\"Nou Barris\"],\"inLanguage\":\"ca\"},{\"@type\":\"WebPage\",\"@id\":\"https:\/\/www.noubarris.net\/web40\/el-cap-turo-de-nou-barris-recupera-lassistencia-duna-infermera-pediatrica\/\",\"url\":\"https:\/\/www.noubarris.net\/web40\/el-cap-turo-de-nou-barris-recupera-lassistencia-duna-infermera-pediatrica\/\",\"name\":\"El CAP Tur\u00f3 de Nou Barris recupera l'assist\u00e8ncia d'una infermera pedi\u00e0trica - NouBarris.Net\",\"isPartOf\":{\"@id\":\"https:\/\/www.noubarris.net\/web40\/#website\"},\"primaryImageOfPage\":{\"@id\":\"https:\/\/www.noubarris.net\/web40\/el-cap-turo-de-nou-barris-recupera-lassistencia-duna-infermera-pediatrica\/#primaryimage\"},\"image\":{\"@id\":\"https:\/\/www.noubarris.net\/web40\/el-cap-turo-de-nou-barris-recupera-lassistencia-duna-infermera-pediatrica\/#primaryimage\"},\"thumbnailUrl\":\"https:\/\/www.noubarris.net\/web40\/wp-content\/uploads\/2024\/02\/060224.jpg\",\"datePublished\":\"2024-02-05T22:00:41+00:00\",\"description\":\"Des de l\u2019any 2020 la poblaci\u00f3 de refer\u00e8ncia del CAP Tur\u00f3 s\u2019havia de despla\u00e7ar fins al CAP Rio de Janeiro per rebre atenci\u00f3 pedi\u00e0trica, un recorregut complicat de fer amb poblaci\u00f3 infantil.\",\"breadcrumb\":{\"@id\":\"https:\/\/www.noubarris.net\/web40\/el-cap-turo-de-nou-barris-recupera-lassistencia-duna-infermera-pediatrica\/#breadcrumb\"},\"inLanguage\":\"ca\",\"potentialAction\":[{\"@type\":\"ReadAction\",\"target\":[\"https:\/\/www.noubarris.net\/web40\/el-cap-turo-de-nou-barris-recupera-lassistencia-duna-infermera-pediatrica\/\"]}]},{\"@type\":\"ImageObject\",\"inLanguage\":\"ca\",\"@id\":\"https:\/\/www.noubarris.net\/web40\/el-cap-turo-de-nou-barris-recupera-lassistencia-duna-infermera-pediatrica\/#primaryimage\",\"url\":\"https:\/\/www.noubarris.net\/web40\/wp-content\/uploads\/2024\/02\/060224.jpg\",\"contentUrl\":\"https:\/\/www.noubarris.net\/web40\/wp-content\/uploads\/2024\/02\/060224.jpg\",\"width\":768,\"height\":432},{\"@type\":\"BreadcrumbList\",\"@id\":\"https:\/\/www.noubarris.net\/web40\/el-cap-turo-de-nou-barris-recupera-lassistencia-duna-infermera-pediatrica\/#breadcrumb\",\"itemListElement\":[{\"@type\":\"ListItem\",\"position\":1,\"name\":\"Inici\",\"item\":\"https:\/\/www.noubarris.net\/web40\/\"},{\"@type\":\"ListItem\",\"position\":2,\"name\":\"El CAP Tur\u00f3 de Nou Barris recupera l&#8217;assist\u00e8ncia d&#8217;una infermera pedi\u00e0trica\"}]},{\"@type\":\"WebSite\",\"@id\":\"https:\/\/www.noubarris.net\/web40\/#website\",\"url\":\"https:\/\/www.noubarris.net\/web40\/\",\"name\":\"NouBarris.Net\",\"description\":\"Seguint la vida de Nou Barris des de 1985\",\"publisher\":{\"@id\":\"https:\/\/www.noubarris.net\/web40\/#organization\"},\"potentialAction\":[{\"@type\":\"SearchAction\",\"target\":{\"@type\":\"EntryPoint\",\"urlTemplate\":\"https:\/\/www.noubarris.net\/web40\/?s={search_term_string}\"},\"query-input\":{\"@type\":\"PropertyValueSpecification\",\"valueRequired\":true,\"valueName\":\"search_term_string\"}}],\"inLanguage\":\"ca\"},{\"@type\":\"Organization\",\"@id\":\"https:\/\/www.noubarris.net\/web40\/#organization\",\"name\":\"NouBarris.Net\",\"url\":\"https:\/\/www.noubarris.net\/web40\/\",\"logo\":{\"@type\":\"ImageObject\",\"inLanguage\":\"ca\",\"@id\":\"https:\/\/www.noubarris.net\/web40\/#\/schema\/logo\/image\/\",\"url\":\"https:\/\/www.noubarris.net\/web40\/wp-content\/uploads\/2024\/11\/cropped-cropped-LOGO_9BTV-2024_Insta-1.jpg\",\"contentUrl\":\"https:\/\/www.noubarris.net\/web40\/wp-content\/uploads\/2024\/11\/cropped-cropped-LOGO_9BTV-2024_Insta-1.jpg\",\"width\":512,\"height\":512,\"caption\":\"NouBarris.Net\"},\"image\":{\"@id\":\"https:\/\/www.noubarris.net\/web40\/#\/schema\/logo\/image\/\"},\"sameAs\":[\"https:\/\/www.facebook.com\/NouBarris.net\/?locale=es_ES\",\"https:\/\/x.com\/9BTV\"]},{\"@type\":\"Person\",\"@id\":\"https:\/\/www.noubarris.net\/web40\/#\/schema\/person\/1827f92aaa316c54abbf4dac0de76069\",\"name\":\"Informatius\",\"image\":{\"@type\":\"ImageObject\",\"inLanguage\":\"ca\",\"@id\":\"https:\/\/www.noubarris.net\/web40\/#\/schema\/person\/image\/\",\"url\":\"https:\/\/secure.gravatar.com\/avatar\/87a3b47928835fc72c6ee5b0e1a7263ef0c2d05003a98189bc14926c5f11bcdb?s=96&d=mm&r=g\",\"contentUrl\":\"https:\/\/secure.gravatar.com\/avatar\/87a3b47928835fc72c6ee5b0e1a7263ef0c2d05003a98189bc14926c5f11bcdb?s=96&d=mm&r=g\",\"caption\":\"Informatius\"},\"url\":\"https:\/\/www.noubarris.net\/web40\/author\/tele\/\"}]}<\/script>\n<!-- \/ Yoast SEO plugin. -->","yoast_head_json":{"title":"El CAP Tur\u00f3 de Nou Barris recupera l'assist\u00e8ncia d'una infermera pedi\u00e0trica - NouBarris.Net","description":"Des de l\u2019any 2020 la poblaci\u00f3 de refer\u00e8ncia del CAP Tur\u00f3 s\u2019havia de despla\u00e7ar fins al CAP Rio de Janeiro per rebre atenci\u00f3 pedi\u00e0trica, un recorregut complicat de fer amb poblaci\u00f3 infantil.","robots":{"index":"index","follow":"follow","max-snippet":"max-snippet:-1","max-image-preview":"max-image-preview:large","max-video-preview":"max-video-preview:-1"},"canonical":"https:\/\/www.noubarris.net\/web40\/el-cap-turo-de-nou-barris-recupera-lassistencia-duna-infermera-pediatrica\/","og_locale":"ca_ES","og_type":"article","og_title":"El CAP Tur\u00f3 de Nou Barris recupera l'assist\u00e8ncia d'una infermera pedi\u00e0trica - NouBarris.Net","og_description":"Des de l\u2019any 2020 la poblaci\u00f3 de refer\u00e8ncia del CAP Tur\u00f3 s\u2019havia de despla\u00e7ar fins al CAP Rio de Janeiro per rebre atenci\u00f3 pedi\u00e0trica, un recorregut complicat de fer amb poblaci\u00f3 infantil.","og_url":"https:\/\/www.noubarris.net\/web40\/el-cap-turo-de-nou-barris-recupera-lassistencia-duna-infermera-pediatrica\/","og_site_name":"NouBarris.Net","article_publisher":"https:\/\/www.facebook.com\/NouBarris.net\/?locale=es_ES","article_published_time":"2024-02-05T22:00:41+00:00","og_image":[{"width":768,"height":432,"url":"https:\/\/www.noubarris.net\/web40\/wp-content\/uploads\/2024\/02\/060224.jpg","type":"image\/jpeg"}],"author":"Informatius","twitter_card":"summary_large_image","twitter_creator":"@9BTV","twitter_site":"@9BTV","twitter_misc":{"Escrit per":"Informatius","Temps estimat de lectura":"2 minuts"},"schema":{"@context":"https:\/\/schema.org","@graph":[{"@type":"Article","@id":"https:\/\/www.noubarris.net\/web40\/el-cap-turo-de-nou-barris-recupera-lassistencia-duna-infermera-pediatrica\/#article","isPartOf":{"@id":"https:\/\/www.noubarris.net\/web40\/el-cap-turo-de-nou-barris-recupera-lassistencia-duna-infermera-pediatrica\/"},"author":{"name":"Informatius","@id":"https:\/\/www.noubarris.net\/web40\/#\/schema\/person\/1827f92aaa316c54abbf4dac0de76069"},"headline":"El CAP Tur\u00f3 de Nou Barris recupera l&#8217;assist\u00e8ncia d&#8217;una infermera pedi\u00e0trica","datePublished":"2024-02-05T22:00:41+00:00","mainEntityOfPage":{"@id":"https:\/\/www.noubarris.net\/web40\/el-cap-turo-de-nou-barris-recupera-lassistencia-duna-infermera-pediatrica\/"},"wordCount":277,"publisher":{"@id":"https:\/\/www.noubarris.net\/web40\/#organization"},"image":{"@id":"https:\/\/www.noubarris.net\/web40\/el-cap-turo-de-nou-barris-recupera-lassistencia-duna-infermera-pediatrica\/#primaryimage"},"thumbnailUrl":"https:\/\/www.noubarris.net\/web40\/wp-content\/uploads\/2024\/02\/060224.jpg","keywords":["El Tur\u00f3 de la Peira","Queixes","Salut"],"articleSection":["El Tur\u00f3 de la Peira","Nou Barris"],"inLanguage":"ca"},{"@type":"WebPage","@id":"https:\/\/www.noubarris.net\/web40\/el-cap-turo-de-nou-barris-recupera-lassistencia-duna-infermera-pediatrica\/","url":"https:\/\/www.noubarris.net\/web40\/el-cap-turo-de-nou-barris-recupera-lassistencia-duna-infermera-pediatrica\/","name":"El CAP Tur\u00f3 de Nou Barris recupera l'assist\u00e8ncia d'una infermera pedi\u00e0trica - NouBarris.Net","isPartOf":{"@id":"https:\/\/www.noubarris.net\/web40\/#website"},"primaryImageOfPage":{"@id":"https:\/\/www.noubarris.net\/web40\/el-cap-turo-de-nou-barris-recupera-lassistencia-duna-infermera-pediatrica\/#primaryimage"},"image":{"@id":"https:\/\/www.noubarris.net\/web40\/el-cap-turo-de-nou-barris-recupera-lassistencia-duna-infermera-pediatrica\/#primaryimage"},"thumbnailUrl":"https:\/\/www.noubarris.net\/web40\/wp-content\/uploads\/2024\/02\/060224.jpg","datePublished":"2024-02-05T22:00:41+00:00","description":"Des de l\u2019any 2020 la poblaci\u00f3 de refer\u00e8ncia del CAP Tur\u00f3 s\u2019havia de despla\u00e7ar fins al CAP Rio de Janeiro per rebre atenci\u00f3 pedi\u00e0trica, un recorregut complicat de fer amb poblaci\u00f3 infantil.","breadcrumb":{"@id":"https:\/\/www.noubarris.net\/web40\/el-cap-turo-de-nou-barris-recupera-lassistencia-duna-infermera-pediatrica\/#breadcrumb"},"inLanguage":"ca","potentialAction":[{"@type":"ReadAction","target":["https:\/\/www.noubarris.net\/web40\/el-cap-turo-de-nou-barris-recupera-lassistencia-duna-infermera-pediatrica\/"]}]},{"@type":"ImageObject","inLanguage":"ca","@id":"https:\/\/www.noubarris.net\/web40\/el-cap-turo-de-nou-barris-recupera-lassistencia-duna-infermera-pediatrica\/#primaryimage","url":"https:\/\/www.noubarris.net\/web40\/wp-content\/uploads\/2024\/02\/060224.jpg","contentUrl":"https:\/\/www.noubarris.net\/web40\/wp-content\/uploads\/2024\/02\/060224.jpg","width":768,"height":432},{"@type":"BreadcrumbList","@id":"https:\/\/www.noubarris.net\/web40\/el-cap-turo-de-nou-barris-recupera-lassistencia-duna-infermera-pediatrica\/#breadcrumb","itemListElement":[{"@type":"ListItem","position":1,"name":"Inici","item":"https:\/\/www.noubarris.net\/web40\/"},{"@type":"ListItem","position":2,"name":"El CAP Tur\u00f3 de Nou Barris recupera l&#8217;assist\u00e8ncia d&#8217;una infermera pedi\u00e0trica"}]},{"@type":"WebSite","@id":"https:\/\/www.noubarris.net\/web40\/#website","url":"https:\/\/www.noubarris.net\/web40\/","name":"NouBarris.Net","description":"Seguint la vida de Nou Barris des de 1985","publisher":{"@id":"https:\/\/www.noubarris.net\/web40\/#organization"},"potentialAction":[{"@type":"SearchAction","target":{"@type":"EntryPoint","urlTemplate":"https:\/\/www.noubarris.net\/web40\/?s={search_term_string}"},"query-input":{"@type":"PropertyValueSpecification","valueRequired":true,"valueName":"search_term_string"}}],"inLanguage":"ca"},{"@type":"Organization","@id":"https:\/\/www.noubarris.net\/web40\/#organization","name":"NouBarris.Net","url":"https:\/\/www.noubarris.net\/web40\/","logo":{"@type":"ImageObject","inLanguage":"ca","@id":"https:\/\/www.noubarris.net\/web40\/#\/schema\/logo\/image\/","url":"https:\/\/www.noubarris.net\/web40\/wp-content\/uploads\/2024\/11\/cropped-cropped-LOGO_9BTV-2024_Insta-1.jpg","contentUrl":"https:\/\/www.noubarris.net\/web40\/wp-content\/uploads\/2024\/11\/cropped-cropped-LOGO_9BTV-2024_Insta-1.jpg","width":512,"height":512,"caption":"NouBarris.Net"},"image":{"@id":"https:\/\/www.noubarris.net\/web40\/#\/schema\/logo\/image\/"},"sameAs":["https:\/\/www.facebook.com\/NouBarris.net\/?locale=es_ES","https:\/\/x.com\/9BTV"]},{"@type":"Person","@id":"https:\/\/www.noubarris.net\/web40\/#\/schema\/person\/1827f92aaa316c54abbf4dac0de76069","name":"Informatius","image":{"@type":"ImageObject","inLanguage":"ca","@id":"https:\/\/www.noubarris.net\/web40\/#\/schema\/person\/image\/","url":"https:\/\/secure.gravatar.com\/avatar\/87a3b47928835fc72c6ee5b0e1a7263ef0c2d05003a98189bc14926c5f11bcdb?s=96&d=mm&r=g","contentUrl":"https:\/\/secure.gravatar.com\/avatar\/87a3b47928835fc72c6ee5b0e1a7263ef0c2d05003a98189bc14926c5f11bcdb?s=96&d=mm&r=g","caption":"Informatius"},"url":"https:\/\/www.noubarris.net\/web40\/author\/tele\/"}]}},"_links":{"self":[{"href":"https:\/\/www.noubarris.net\/web40\/wp-json\/wp\/v2\/posts\/82320","targetHints":{"allow":["GET"]}}],"collection":[{"href":"https:\/\/www.noubarris.net\/web40\/wp-json\/wp\/v2\/posts"}],"about":[{"href":"https:\/\/www.noubarris.net\/web40\/wp-json\/wp\/v2\/types\/post"}],"author":[{"embeddable":true,"href":"https:\/\/www.noubarris.net\/web40\/wp-json\/wp\/v2\/users\/2"}],"replies":[{"embeddable":true,"href":"https:\/\/www.noubarris.net\/web40\/wp-json\/wp\/v2\/comments?post=82320"}],"version-history":[{"count":1,"href":"https:\/\/www.noubarris.net\/web40\/wp-json\/wp\/v2\/posts\/82320\/revisions"}],"predecessor-version":[{"id":82322,"href":"https:\/\/www.noubarris.net\/web40\/wp-json\/wp\/v2\/posts\/82320\/revisions\/82322"}],"wp:featuredmedia":[{"embeddable":true,"href":"https:\/\/www.noubarris.net\/web40\/wp-json\/wp\/v2\/media\/82321"}],"wp:attachment":[{"href":"https:\/\/www.noubarris.net\/web40\/wp-json\/wp\/v2\/media?parent=82320"}],"wp:term":[{"taxonomy":"category","embeddable":true,"href":"https:\/\/www.noubarris.net\/web40\/wp-json\/wp\/v2\/categories?post=82320"},{"taxonomy":"post_tag","embeddable":true,"href":"https:\/\/www.noubarris.net\/web40\/wp-json\/wp\/v2\/tags?post=82320"}],"curies":[{"name":"wp","href":"https:\/\/api.w.org\/{rel}","templated":true}]}}