{"id":82416,"date":"2024-03-02T00:00:43","date_gmt":"2024-03-01T22:00:43","guid":{"rendered":"http:\/\/www.noubarris.net\/web40\/?p=82416"},"modified":"2024-03-03T21:40:56","modified_gmt":"2024-03-03T19:40:56","slug":"can-peguera-inaugura-oficialment-el-nou-balco-dequipaments","status":"publish","type":"post","link":"https:\/\/www.noubarris.net\/web40\/can-peguera-inaugura-oficialment-el-nou-balco-dequipaments\/","title":{"rendered":"Can Peguera inaugura oficialment el nou Balc\u00f3 d&#8217;Equipaments"},"content":{"rendered":"<p><strong>Es tracta de les escales i ascensors que fan m\u00e9s accessible la connexi\u00f3 entre les casetes blanques i el casal de barri i Centre Obert<\/strong><\/p>\n<p>Despr\u00e9s de molts retards, aquest dissabte una festa posa fi a les obres que han transformat la connexi\u00f3 de Can Peguera amb els seus equipaments: el casal de barri la Cosa Nostra, el CEE P\u00fablic Josep Pla, els jardins i la pista esportiva del Centre de Dia Llar-resid\u00e8ncia del Dr. Pi i Molist, i l\u2019Associaci\u00f3 juvenil \u201cTronada\u201d, centre obert Tronada, entre d&#8217;altres) i tamb\u00e9 amb el parc del Tur\u00f3 de la Peira. \u00c9s l&#8217;anomenat Balc\u00f3 d&#8217;Equipaments, un projecte de m\u00e9s de 4 milions d&#8217;euros, finan\u00e7at pel Pla de Barris i Districte de Nou Barris,<\/p>\n<p>S&#8217;ha fet, de moment, la primera de les tres fases previstes, entre els carrers de Beret fins al passeig de Fabra i Puig, el carrer Vila-seca, i el carrer Biure. Un \u00e0mbit amb una superf\u00edcie de 10.584 m\u00b2 i on s&#8217;ha instal\u00b7lat un nou ascensor al carrer de Vila-seca i s&#8217;ha fet la millora dels altres ascensors pr\u00e8viament existents a la Cosa Nostra i tamb\u00e9 al carrer Vila-seca.\u00a0Tamb\u00e9 s\u2019han creat nous trams d\u2019escales, com per exemple el tram entre Vila-seca i el carrer de Biure. En tot aquest entorn s\u2019ha renovat l\u2019enllumenat p\u00fablic, el paviment, els guals i els escocells.<\/p>\n<p>Han estat molts m\u00e9s mesos d&#8217;obres dels previstos, per problemes o desajustos amb la instal\u00b7laci\u00f3 dels ascensors o per la sorpresa que va sorgir en el moment en qu\u00e8 es va enderrocar el mur de contenci\u00f3 de formig\u00f3: <a href=\"https:\/\/www.noubarris.net\/web40\/?p=79837\"><strong>una entrada al refugi antiaeri de Can Peguera que els m\u00e9s grans del barri recordaven i que les m\u00e0quines van treure a la llum.<\/strong><\/a> Aix\u00f2 va fer necessari estudis arqueol\u00f2gics i de l&#8217;estat de conservaci\u00f3. Finalment, es va decidir tapar l&#8217;entrada donat el mal estat de la galeria, en espera d&#8217;una futura rehabilitaci\u00f3.<\/p>\n<p>Ara els ve\u00efns esperen una nova fase del Blac\u00f3 d&#8217;Equipaments i temen que les obres, que se situaran sota el casal de barri, puguin afectar les altres galeries del refugi antiaeri, que de per si, ja tenen alguns esfondraments a causa de la humitat i els materials.<\/p>\n","protected":false},"excerpt":{"rendered":"<p>Es tracta de les escales i ascensors que fan m\u00e9s accessible la connexi\u00f3 entre les casetes blanques i el casal<\/p>\n","protected":false},"author":2,"featured_media":82417,"comment_status":"closed","ping_status":"closed","sticky":false,"template":"","format":"standard","meta":{"colormag_page_layout":"default_layout","_monsterinsights_skip_tracking":false,"_monsterinsights_sitenote_active":false,"_monsterinsights_sitenote_note":"","_monsterinsights_sitenote_category":0,"footnotes":""},"categories":[130,302],"tags":[121],"class_list":["post-82416","post","type-post","status-publish","format-standard","has-post-thumbnail","hentry","category-can-peguera","category-urbanisme","tag-equipaments"],"yoast_head":"<!-- This site is optimized with the Yoast SEO plugin v25.3 - https:\/\/yoast.com\/wordpress\/plugins\/seo\/ -->\n<title>Can Peguera inaugura oficialment el nou Balc\u00f3 d&#039;Equipaments - NouBarris.Net<\/title>\n<meta name=\"robots\" content=\"index, follow, max-snippet:-1, max-image-preview:large, max-video-preview:-1\" \/>\n<link rel=\"canonical\" href=\"https:\/\/www.noubarris.net\/web40\/can-peguera-inaugura-oficialment-el-nou-balco-dequipaments\/\" \/>\n<meta property=\"og:locale\" content=\"ca_ES\" \/>\n<meta property=\"og:type\" content=\"article\" \/>\n<meta property=\"og:title\" content=\"Can Peguera inaugura oficialment el nou Balc\u00f3 d&#039;Equipaments - NouBarris.Net\" \/>\n<meta property=\"og:description\" content=\"Es tracta de les escales i ascensors que fan m\u00e9s accessible la connexi\u00f3 entre les casetes blanques i el casal\" \/>\n<meta property=\"og:url\" content=\"https:\/\/www.noubarris.net\/web40\/can-peguera-inaugura-oficialment-el-nou-balco-dequipaments\/\" \/>\n<meta property=\"og:site_name\" content=\"NouBarris.Net\" \/>\n<meta property=\"article:publisher\" content=\"https:\/\/www.facebook.com\/NouBarris.net\/?locale=es_ES\" \/>\n<meta property=\"article:published_time\" content=\"2024-03-01T22:00:43+00:00\" \/>\n<meta property=\"article:modified_time\" content=\"2024-03-03T19:40:56+00:00\" \/>\n<meta property=\"og:image\" content=\"https:\/\/www.noubarris.net\/web40\/wp-content\/uploads\/2024\/03\/290224.jpg\" \/>\n\t<meta property=\"og:image:width\" content=\"768\" \/>\n\t<meta property=\"og:image:height\" content=\"432\" \/>\n\t<meta property=\"og:image:type\" content=\"image\/jpeg\" \/>\n<meta name=\"author\" content=\"Informatius\" \/>\n<meta name=\"twitter:card\" content=\"summary_large_image\" \/>\n<meta name=\"twitter:creator\" content=\"@9BTV\" \/>\n<meta name=\"twitter:site\" content=\"@9BTV\" \/>\n<meta name=\"twitter:label1\" content=\"Escrit per\" \/>\n\t<meta name=\"twitter:data1\" content=\"Informatius\" \/>\n\t<meta name=\"twitter:label2\" content=\"Temps estimat de lectura\" \/>\n\t<meta name=\"twitter:data2\" content=\"3 minuts\" \/>\n<script type=\"application\/ld+json\" class=\"yoast-schema-graph\">{\"@context\":\"https:\/\/schema.org\",\"@graph\":[{\"@type\":\"Article\",\"@id\":\"https:\/\/www.noubarris.net\/web40\/can-peguera-inaugura-oficialment-el-nou-balco-dequipaments\/#article\",\"isPartOf\":{\"@id\":\"https:\/\/www.noubarris.net\/web40\/can-peguera-inaugura-oficialment-el-nou-balco-dequipaments\/\"},\"author\":{\"name\":\"Informatius\",\"@id\":\"https:\/\/www.noubarris.net\/web40\/#\/schema\/person\/1827f92aaa316c54abbf4dac0de76069\"},\"headline\":\"Can Peguera inaugura oficialment el nou Balc\u00f3 d&#8217;Equipaments\",\"datePublished\":\"2024-03-01T22:00:43+00:00\",\"dateModified\":\"2024-03-03T19:40:56+00:00\",\"mainEntityOfPage\":{\"@id\":\"https:\/\/www.noubarris.net\/web40\/can-peguera-inaugura-oficialment-el-nou-balco-dequipaments\/\"},\"wordCount\":398,\"publisher\":{\"@id\":\"https:\/\/www.noubarris.net\/web40\/#organization\"},\"image\":{\"@id\":\"https:\/\/www.noubarris.net\/web40\/can-peguera-inaugura-oficialment-el-nou-balco-dequipaments\/#primaryimage\"},\"thumbnailUrl\":\"https:\/\/www.noubarris.net\/web40\/wp-content\/uploads\/2024\/03\/290224.jpg\",\"keywords\":[\"Equipaments\"],\"articleSection\":[\"Can Peguera\",\"Urbanisme\"],\"inLanguage\":\"ca\"},{\"@type\":\"WebPage\",\"@id\":\"https:\/\/www.noubarris.net\/web40\/can-peguera-inaugura-oficialment-el-nou-balco-dequipaments\/\",\"url\":\"https:\/\/www.noubarris.net\/web40\/can-peguera-inaugura-oficialment-el-nou-balco-dequipaments\/\",\"name\":\"Can Peguera inaugura oficialment el nou Balc\u00f3 d'Equipaments - NouBarris.Net\",\"isPartOf\":{\"@id\":\"https:\/\/www.noubarris.net\/web40\/#website\"},\"primaryImageOfPage\":{\"@id\":\"https:\/\/www.noubarris.net\/web40\/can-peguera-inaugura-oficialment-el-nou-balco-dequipaments\/#primaryimage\"},\"image\":{\"@id\":\"https:\/\/www.noubarris.net\/web40\/can-peguera-inaugura-oficialment-el-nou-balco-dequipaments\/#primaryimage\"},\"thumbnailUrl\":\"https:\/\/www.noubarris.net\/web40\/wp-content\/uploads\/2024\/03\/290224.jpg\",\"datePublished\":\"2024-03-01T22:00:43+00:00\",\"dateModified\":\"2024-03-03T19:40:56+00:00\",\"breadcrumb\":{\"@id\":\"https:\/\/www.noubarris.net\/web40\/can-peguera-inaugura-oficialment-el-nou-balco-dequipaments\/#breadcrumb\"},\"inLanguage\":\"ca\",\"potentialAction\":[{\"@type\":\"ReadAction\",\"target\":[\"https:\/\/www.noubarris.net\/web40\/can-peguera-inaugura-oficialment-el-nou-balco-dequipaments\/\"]}]},{\"@type\":\"ImageObject\",\"inLanguage\":\"ca\",\"@id\":\"https:\/\/www.noubarris.net\/web40\/can-peguera-inaugura-oficialment-el-nou-balco-dequipaments\/#primaryimage\",\"url\":\"https:\/\/www.noubarris.net\/web40\/wp-content\/uploads\/2024\/03\/290224.jpg\",\"contentUrl\":\"https:\/\/www.noubarris.net\/web40\/wp-content\/uploads\/2024\/03\/290224.jpg\",\"width\":768,\"height\":432},{\"@type\":\"BreadcrumbList\",\"@id\":\"https:\/\/www.noubarris.net\/web40\/can-peguera-inaugura-oficialment-el-nou-balco-dequipaments\/#breadcrumb\",\"itemListElement\":[{\"@type\":\"ListItem\",\"position\":1,\"name\":\"Inici\",\"item\":\"https:\/\/www.noubarris.net\/web40\/\"},{\"@type\":\"ListItem\",\"position\":2,\"name\":\"Can Peguera inaugura oficialment el nou Balc\u00f3 d&#8217;Equipaments\"}]},{\"@type\":\"WebSite\",\"@id\":\"https:\/\/www.noubarris.net\/web40\/#website\",\"url\":\"https:\/\/www.noubarris.net\/web40\/\",\"name\":\"NouBarris.Net\",\"description\":\"Seguint la vida de Nou Barris des de 1985\",\"publisher\":{\"@id\":\"https:\/\/www.noubarris.net\/web40\/#organization\"},\"potentialAction\":[{\"@type\":\"SearchAction\",\"target\":{\"@type\":\"EntryPoint\",\"urlTemplate\":\"https:\/\/www.noubarris.net\/web40\/?s={search_term_string}\"},\"query-input\":{\"@type\":\"PropertyValueSpecification\",\"valueRequired\":true,\"valueName\":\"search_term_string\"}}],\"inLanguage\":\"ca\"},{\"@type\":\"Organization\",\"@id\":\"https:\/\/www.noubarris.net\/web40\/#organization\",\"name\":\"NouBarris.Net\",\"url\":\"https:\/\/www.noubarris.net\/web40\/\",\"logo\":{\"@type\":\"ImageObject\",\"inLanguage\":\"ca\",\"@id\":\"https:\/\/www.noubarris.net\/web40\/#\/schema\/logo\/image\/\",\"url\":\"https:\/\/www.noubarris.net\/web40\/wp-content\/uploads\/2024\/11\/cropped-cropped-LOGO_9BTV-2024_Insta-1.jpg\",\"contentUrl\":\"https:\/\/www.noubarris.net\/web40\/wp-content\/uploads\/2024\/11\/cropped-cropped-LOGO_9BTV-2024_Insta-1.jpg\",\"width\":512,\"height\":512,\"caption\":\"NouBarris.Net\"},\"image\":{\"@id\":\"https:\/\/www.noubarris.net\/web40\/#\/schema\/logo\/image\/\"},\"sameAs\":[\"https:\/\/www.facebook.com\/NouBarris.net\/?locale=es_ES\",\"https:\/\/x.com\/9BTV\"]},{\"@type\":\"Person\",\"@id\":\"https:\/\/www.noubarris.net\/web40\/#\/schema\/person\/1827f92aaa316c54abbf4dac0de76069\",\"name\":\"Informatius\",\"image\":{\"@type\":\"ImageObject\",\"inLanguage\":\"ca\",\"@id\":\"https:\/\/www.noubarris.net\/web40\/#\/schema\/person\/image\/\",\"url\":\"https:\/\/secure.gravatar.com\/avatar\/87a3b47928835fc72c6ee5b0e1a7263ef0c2d05003a98189bc14926c5f11bcdb?s=96&d=mm&r=g\",\"contentUrl\":\"https:\/\/secure.gravatar.com\/avatar\/87a3b47928835fc72c6ee5b0e1a7263ef0c2d05003a98189bc14926c5f11bcdb?s=96&d=mm&r=g\",\"caption\":\"Informatius\"},\"url\":\"https:\/\/www.noubarris.net\/web40\/author\/tele\/\"}]}<\/script>\n<!-- \/ Yoast SEO plugin. -->","yoast_head_json":{"title":"Can Peguera inaugura oficialment el nou Balc\u00f3 d'Equipaments - NouBarris.Net","robots":{"index":"index","follow":"follow","max-snippet":"max-snippet:-1","max-image-preview":"max-image-preview:large","max-video-preview":"max-video-preview:-1"},"canonical":"https:\/\/www.noubarris.net\/web40\/can-peguera-inaugura-oficialment-el-nou-balco-dequipaments\/","og_locale":"ca_ES","og_type":"article","og_title":"Can Peguera inaugura oficialment el nou Balc\u00f3 d'Equipaments - NouBarris.Net","og_description":"Es tracta de les escales i ascensors que fan m\u00e9s accessible la connexi\u00f3 entre les casetes blanques i el casal","og_url":"https:\/\/www.noubarris.net\/web40\/can-peguera-inaugura-oficialment-el-nou-balco-dequipaments\/","og_site_name":"NouBarris.Net","article_publisher":"https:\/\/www.facebook.com\/NouBarris.net\/?locale=es_ES","article_published_time":"2024-03-01T22:00:43+00:00","article_modified_time":"2024-03-03T19:40:56+00:00","og_image":[{"width":768,"height":432,"url":"https:\/\/www.noubarris.net\/web40\/wp-content\/uploads\/2024\/03\/290224.jpg","type":"image\/jpeg"}],"author":"Informatius","twitter_card":"summary_large_image","twitter_creator":"@9BTV","twitter_site":"@9BTV","twitter_misc":{"Escrit per":"Informatius","Temps estimat de lectura":"3 minuts"},"schema":{"@context":"https:\/\/schema.org","@graph":[{"@type":"Article","@id":"https:\/\/www.noubarris.net\/web40\/can-peguera-inaugura-oficialment-el-nou-balco-dequipaments\/#article","isPartOf":{"@id":"https:\/\/www.noubarris.net\/web40\/can-peguera-inaugura-oficialment-el-nou-balco-dequipaments\/"},"author":{"name":"Informatius","@id":"https:\/\/www.noubarris.net\/web40\/#\/schema\/person\/1827f92aaa316c54abbf4dac0de76069"},"headline":"Can Peguera inaugura oficialment el nou Balc\u00f3 d&#8217;Equipaments","datePublished":"2024-03-01T22:00:43+00:00","dateModified":"2024-03-03T19:40:56+00:00","mainEntityOfPage":{"@id":"https:\/\/www.noubarris.net\/web40\/can-peguera-inaugura-oficialment-el-nou-balco-dequipaments\/"},"wordCount":398,"publisher":{"@id":"https:\/\/www.noubarris.net\/web40\/#organization"},"image":{"@id":"https:\/\/www.noubarris.net\/web40\/can-peguera-inaugura-oficialment-el-nou-balco-dequipaments\/#primaryimage"},"thumbnailUrl":"https:\/\/www.noubarris.net\/web40\/wp-content\/uploads\/2024\/03\/290224.jpg","keywords":["Equipaments"],"articleSection":["Can Peguera","Urbanisme"],"inLanguage":"ca"},{"@type":"WebPage","@id":"https:\/\/www.noubarris.net\/web40\/can-peguera-inaugura-oficialment-el-nou-balco-dequipaments\/","url":"https:\/\/www.noubarris.net\/web40\/can-peguera-inaugura-oficialment-el-nou-balco-dequipaments\/","name":"Can Peguera inaugura oficialment el nou Balc\u00f3 d'Equipaments - NouBarris.Net","isPartOf":{"@id":"https:\/\/www.noubarris.net\/web40\/#website"},"primaryImageOfPage":{"@id":"https:\/\/www.noubarris.net\/web40\/can-peguera-inaugura-oficialment-el-nou-balco-dequipaments\/#primaryimage"},"image":{"@id":"https:\/\/www.noubarris.net\/web40\/can-peguera-inaugura-oficialment-el-nou-balco-dequipaments\/#primaryimage"},"thumbnailUrl":"https:\/\/www.noubarris.net\/web40\/wp-content\/uploads\/2024\/03\/290224.jpg","datePublished":"2024-03-01T22:00:43+00:00","dateModified":"2024-03-03T19:40:56+00:00","breadcrumb":{"@id":"https:\/\/www.noubarris.net\/web40\/can-peguera-inaugura-oficialment-el-nou-balco-dequipaments\/#breadcrumb"},"inLanguage":"ca","potentialAction":[{"@type":"ReadAction","target":["https:\/\/www.noubarris.net\/web40\/can-peguera-inaugura-oficialment-el-nou-balco-dequipaments\/"]}]},{"@type":"ImageObject","inLanguage":"ca","@id":"https:\/\/www.noubarris.net\/web40\/can-peguera-inaugura-oficialment-el-nou-balco-dequipaments\/#primaryimage","url":"https:\/\/www.noubarris.net\/web40\/wp-content\/uploads\/2024\/03\/290224.jpg","contentUrl":"https:\/\/www.noubarris.net\/web40\/wp-content\/uploads\/2024\/03\/290224.jpg","width":768,"height":432},{"@type":"BreadcrumbList","@id":"https:\/\/www.noubarris.net\/web40\/can-peguera-inaugura-oficialment-el-nou-balco-dequipaments\/#breadcrumb","itemListElement":[{"@type":"ListItem","position":1,"name":"Inici","item":"https:\/\/www.noubarris.net\/web40\/"},{"@type":"ListItem","position":2,"name":"Can Peguera inaugura oficialment el nou Balc\u00f3 d&#8217;Equipaments"}]},{"@type":"WebSite","@id":"https:\/\/www.noubarris.net\/web40\/#website","url":"https:\/\/www.noubarris.net\/web40\/","name":"NouBarris.Net","description":"Seguint la vida de Nou Barris des de 1985","publisher":{"@id":"https:\/\/www.noubarris.net\/web40\/#organization"},"potentialAction":[{"@type":"SearchAction","target":{"@type":"EntryPoint","urlTemplate":"https:\/\/www.noubarris.net\/web40\/?s={search_term_string}"},"query-input":{"@type":"PropertyValueSpecification","valueRequired":true,"valueName":"search_term_string"}}],"inLanguage":"ca"},{"@type":"Organization","@id":"https:\/\/www.noubarris.net\/web40\/#organization","name":"NouBarris.Net","url":"https:\/\/www.noubarris.net\/web40\/","logo":{"@type":"ImageObject","inLanguage":"ca","@id":"https:\/\/www.noubarris.net\/web40\/#\/schema\/logo\/image\/","url":"https:\/\/www.noubarris.net\/web40\/wp-content\/uploads\/2024\/11\/cropped-cropped-LOGO_9BTV-2024_Insta-1.jpg","contentUrl":"https:\/\/www.noubarris.net\/web40\/wp-content\/uploads\/2024\/11\/cropped-cropped-LOGO_9BTV-2024_Insta-1.jpg","width":512,"height":512,"caption":"NouBarris.Net"},"image":{"@id":"https:\/\/www.noubarris.net\/web40\/#\/schema\/logo\/image\/"},"sameAs":["https:\/\/www.facebook.com\/NouBarris.net\/?locale=es_ES","https:\/\/x.com\/9BTV"]},{"@type":"Person","@id":"https:\/\/www.noubarris.net\/web40\/#\/schema\/person\/1827f92aaa316c54abbf4dac0de76069","name":"Informatius","image":{"@type":"ImageObject","inLanguage":"ca","@id":"https:\/\/www.noubarris.net\/web40\/#\/schema\/person\/image\/","url":"https:\/\/secure.gravatar.com\/avatar\/87a3b47928835fc72c6ee5b0e1a7263ef0c2d05003a98189bc14926c5f11bcdb?s=96&d=mm&r=g","contentUrl":"https:\/\/secure.gravatar.com\/avatar\/87a3b47928835fc72c6ee5b0e1a7263ef0c2d05003a98189bc14926c5f11bcdb?s=96&d=mm&r=g","caption":"Informatius"},"url":"https:\/\/www.noubarris.net\/web40\/author\/tele\/"}]}},"_links":{"self":[{"href":"https:\/\/www.noubarris.net\/web40\/wp-json\/wp\/v2\/posts\/82416","targetHints":{"allow":["GET"]}}],"collection":[{"href":"https:\/\/www.noubarris.net\/web40\/wp-json\/wp\/v2\/posts"}],"about":[{"href":"https:\/\/www.noubarris.net\/web40\/wp-json\/wp\/v2\/types\/post"}],"author":[{"embeddable":true,"href":"https:\/\/www.noubarris.net\/web40\/wp-json\/wp\/v2\/users\/2"}],"replies":[{"embeddable":true,"href":"https:\/\/www.noubarris.net\/web40\/wp-json\/wp\/v2\/comments?post=82416"}],"version-history":[{"count":1,"href":"https:\/\/www.noubarris.net\/web40\/wp-json\/wp\/v2\/posts\/82416\/revisions"}],"predecessor-version":[{"id":82419,"href":"https:\/\/www.noubarris.net\/web40\/wp-json\/wp\/v2\/posts\/82416\/revisions\/82419"}],"wp:featuredmedia":[{"embeddable":true,"href":"https:\/\/www.noubarris.net\/web40\/wp-json\/wp\/v2\/media\/82417"}],"wp:attachment":[{"href":"https:\/\/www.noubarris.net\/web40\/wp-json\/wp\/v2\/media?parent=82416"}],"wp:term":[{"taxonomy":"category","embeddable":true,"href":"https:\/\/www.noubarris.net\/web40\/wp-json\/wp\/v2\/categories?post=82416"},{"taxonomy":"post_tag","embeddable":true,"href":"https:\/\/www.noubarris.net\/web40\/wp-json\/wp\/v2\/tags?post=82416"}],"curies":[{"name":"wp","href":"https:\/\/api.w.org\/{rel}","templated":true}]}}