{"id":82432,"date":"2024-03-07T12:17:21","date_gmt":"2024-03-07T10:17:21","guid":{"rendered":"http:\/\/www.noubarris.net\/web40\/?p=82432"},"modified":"2024-03-07T12:32:56","modified_gmt":"2024-03-07T10:32:56","slug":"20-anys-de-lenderroc-de-les-cotxeres-de-borbo-la-transformacio-al-parc-de-can-xiringoi","status":"publish","type":"post","link":"https:\/\/www.noubarris.net\/web40\/20-anys-de-lenderroc-de-les-cotxeres-de-borbo-la-transformacio-al-parc-de-can-xiringoi\/","title":{"rendered":"(V\u00cdDEO) 20 anys de l&#8217;enderroc de les Cotxeres de Borb\u00f3: La Transformaci\u00f3 al Parc de Can Xiringoi."},"content":{"rendered":"<p><strong>Tot coincidint amb l&#8217;efem\u00e8ride de l&#8217;enderroc de les Cotxeres de Borb\u00f3, hem rebuscat dins el nostre arxiu i hem trobat imatges del que va ser aquest equipament pel barri, el que va suposar aquest enderroc i hem sortit a veure com est\u00e0 actualment, preguntant a les seves ve\u00efnes i als seus ve\u00efns, que recordaven d&#8217;aquest antic equipament i que ha suposat les seves noves instal\u00b7lacions com un CIS, una biblioteca i un gimn\u00e0s.<\/strong><\/p>\n<p><iframe loading=\"lazy\" title=\"20 anys de l&#039;enderroc de les Cotxeres de Borb\u00f3: La Transformaci\u00f3 al Parc de Can Xiringoi\" width=\"800\" height=\"450\" src=\"https:\/\/www.youtube.com\/embed\/AyQLA8osTiI?feature=oembed\" frameborder=\"0\" allow=\"accelerometer; autoplay; clipboard-write; encrypted-media; gyroscope; picture-in-picture; web-share\" allowfullscreen><\/iframe><\/p>\n<p>Fa dues d\u00e8cades, un esdeveniment va marcar una fita en la hist\u00f2ria urban\u00edstica de Nou Barris: l&#8217;enderroc de les Cotxeres de Borb\u00f3. Aquest succ\u00e9s no sols va representar la fi d&#8217;una \u00e8poca de lluita ve\u00efnal, sin\u00f3 que va donar inici a una nova era de transformaci\u00f3 i renovaci\u00f3 del barri de Vilapicina i la Torre Llobeta. Avui, en commemorar dues d\u00e8cades des d&#8217;aquell esdeveniment, \u00e9s pertinent reflexionar sobre l&#8217;evoluci\u00f3 del lloc i el seu significat per a la comunitat.<\/p>\n<p>Les Cotxeres de Borb\u00f3 van ser testimonis de l&#8217;evoluci\u00f3 industrial i cultural de Barcelona al llarg del segle XX. Originalment constru\u00efdes com a cotxeres per als tramvies, aquestes instal\u2022lacions es van convertir amb el temps en un s\u00edmbol de la identitat local. No obstant aix\u00f2, el pas dels anys i l&#8217;aband\u00f3 progressiu van conduir al deteriorament d&#8217;aquestes estructures, fins que finalment, al mar\u00e7 del 2004, l&#8217;enderroc va posar fi al seu llegat f\u00edsic. Va ser despr\u00e9s d&#8217;una llarga lluita ve\u00efnal per acabar amb un punt de contaminaci\u00f3 i soroll que amo\u00efnava molt especialment el ve\u00efnat m\u00e9s proper. No nom\u00e9s pels fums constants dels busos, sin\u00f3 tamb\u00e9 per la gran extensi\u00f3 de sostre amb amiant de les cotxeres. Manifestacions, protestes i moltes negociacions van aconseguir l&#8217;acord perqu\u00e8 sort\u00eds el darrer bus. Un fet que van celebrar amb una festa a les mateixes instal\u00b7lacions tant l&#8217;AV Torre Llobeta com la Plataforma Cotxeres Borb\u00f3. Aquestes i altres entitats, com la Coordianora d&#8217;Entitats i AV de Nou Barris o l&#8217;AV Tur\u00f3 de la Peira, entre d&#8217;altres van acordar quins serien els equipaments que substituirien les cotxeres.<\/p>\n<p>D&#8217;aquesta manera, la demolici\u00f3 de les Cotxeres de Borb\u00f3 no va significar el final de la seva hist\u00f2ria, sin\u00f3 el comen\u00e7ament d&#8217;una nova narrativa. En el lloc on alguna vegada es van al\u00e7ar les velles cotxeres, avui s&#8217;erigeix un gran edifici aglutinador d&#8217;equipaments: el Centre Integral de Salut (CIS), que porta el nom de Cotxeres i ofereix serveis m\u00e8dics, de salut i rehabilitaci\u00f3 als residents del barri. Tamb\u00e9 el Centre Esportiu Municipal Cotxeres Borb\u00f3 (DUIN Cotxeres Borb\u00f3) equipat amb instal\u2022lacions modernes, piscines i programes d&#8217;exercici accessibles per a tots. Tamb\u00e9 seva biblioteca p\u00fablica, la Biblioteca Vilapicina i la Torre Llobeta, un espai de coneixement i cultura ofereix als residents un lloc de trobada on poden explorar, aprendre i compartir experi\u00e8ncies. Amb una \u00e0mplia selecci\u00f3 de llibres, recursos digitals i activitats culturals, la biblioteca s&#8217;ha convertit en un far d&#8217;aprenentatge i creativitat en el cor de Nou Barris que dintre de molt poc canviar\u00e0 el seu nom per Carmen Laforet. El modern Jardins de Can Xiringoi, un espai multifuncional que reflecteix l&#8217;esperit din\u00e0mic i divers de Barcelona, i que recorda l&#8217;antiga masia que s&#8217;al\u00e7ava en els terrenys. I finalment, un Casal de Gent Gran i, des de fa un parell d&#8217;any, tamb\u00e9 un taller per a persones amb diversitat funcional.<\/p>\n<p>Tot enmig dels jardins de Can Xiringoi, que \u00e9s molt m\u00e9s que un simple espai verd; \u00e9s un espai multifuncional que reflecteix l&#8217;esperit din\u00e0mic i divers de Barcelona i esdev\u00e9 un centre d&#8217;activitat comunit\u00e0ria que acull a persones de totes les edats i proced\u00e8ncies.\u00a0 Aquesta gran extensi\u00f3 \u00e9s en espera de noves incorporacions. I \u00e9s que en un principi el solar havia d&#8217;acollir una conselleria de la Generalitat, per\u00f2 en passar els anys i no fer-se efectiva la construcci\u00f3, l&#8217;Ajuntament va adquirir l&#8217;espai reservat. Per omplir-lo hi ha previst un proc\u00e9s de participaci\u00f3, per\u00f2 un dels equipaments promesos ser\u00e0 una escola bressol.<\/p>\n","protected":false},"excerpt":{"rendered":"<p>Tot coincidint amb l&#8217;efem\u00e8ride de l&#8217;enderroc de les Cotxeres de Borb\u00f3, hem rebuscat dins el nostre arxiu i hem trobat<\/p>\n","protected":false},"author":2,"featured_media":82433,"comment_status":"closed","ping_status":"closed","sticky":false,"template":"","format":"standard","meta":{"colormag_page_layout":"default_layout","_monsterinsights_skip_tracking":false,"_monsterinsights_sitenote_active":false,"_monsterinsights_sitenote_note":"","_monsterinsights_sitenote_category":0,"footnotes":""},"categories":[129,128,125,1,142],"tags":[],"class_list":["post-82432","post","type-post","status-publish","format-standard","has-post-thumbnail","hentry","category-cultura","category-esports","category-mobilitat","category-nou-barris","category-vilapicina-i-la-torre-llobeta"],"yoast_head":"<!-- This site is optimized with the Yoast SEO plugin v25.3 - https:\/\/yoast.com\/wordpress\/plugins\/seo\/ -->\n<title>(V\u00cdDEO) 20 anys de l&#039;enderroc de les Cotxeres de Borb\u00f3: La Transformaci\u00f3 al Parc de Can Xiringoi. - NouBarris.Net<\/title>\n<meta name=\"robots\" content=\"index, follow, max-snippet:-1, max-image-preview:large, max-video-preview:-1\" \/>\n<link rel=\"canonical\" href=\"https:\/\/www.noubarris.net\/web40\/20-anys-de-lenderroc-de-les-cotxeres-de-borbo-la-transformacio-al-parc-de-can-xiringoi\/\" \/>\n<meta property=\"og:locale\" content=\"ca_ES\" \/>\n<meta property=\"og:type\" content=\"article\" \/>\n<meta property=\"og:title\" content=\"(V\u00cdDEO) 20 anys de l&#039;enderroc de les Cotxeres de Borb\u00f3: La Transformaci\u00f3 al Parc de Can Xiringoi. - NouBarris.Net\" \/>\n<meta property=\"og:description\" content=\"Tot coincidint amb l&#8217;efem\u00e8ride de l&#8217;enderroc de les Cotxeres de Borb\u00f3, hem rebuscat dins el nostre arxiu i hem trobat\" \/>\n<meta property=\"og:url\" content=\"https:\/\/www.noubarris.net\/web40\/20-anys-de-lenderroc-de-les-cotxeres-de-borbo-la-transformacio-al-parc-de-can-xiringoi\/\" \/>\n<meta property=\"og:site_name\" content=\"NouBarris.Net\" \/>\n<meta property=\"article:publisher\" content=\"https:\/\/www.facebook.com\/NouBarris.net\/?locale=es_ES\" \/>\n<meta property=\"article:published_time\" content=\"2024-03-07T10:17:21+00:00\" \/>\n<meta property=\"article:modified_time\" content=\"2024-03-07T10:32:56+00:00\" \/>\n<meta property=\"og:image\" content=\"https:\/\/www.noubarris.net\/web40\/wp-content\/uploads\/2024\/03\/minicotxeres.jpg\" \/>\n\t<meta property=\"og:image:width\" content=\"1048\" \/>\n\t<meta property=\"og:image:height\" content=\"576\" \/>\n\t<meta property=\"og:image:type\" content=\"image\/jpeg\" \/>\n<meta name=\"author\" content=\"Informatius\" \/>\n<meta name=\"twitter:card\" content=\"summary_large_image\" \/>\n<meta name=\"twitter:creator\" content=\"@9BTV\" \/>\n<meta name=\"twitter:site\" content=\"@9BTV\" \/>\n<meta name=\"twitter:label1\" content=\"Escrit per\" \/>\n\t<meta name=\"twitter:data1\" content=\"Informatius\" \/>\n\t<meta name=\"twitter:label2\" content=\"Temps estimat de lectura\" \/>\n\t<meta name=\"twitter:data2\" content=\"4 minuts\" \/>\n<script type=\"application\/ld+json\" class=\"yoast-schema-graph\">{\"@context\":\"https:\/\/schema.org\",\"@graph\":[{\"@type\":\"Article\",\"@id\":\"https:\/\/www.noubarris.net\/web40\/20-anys-de-lenderroc-de-les-cotxeres-de-borbo-la-transformacio-al-parc-de-can-xiringoi\/#article\",\"isPartOf\":{\"@id\":\"https:\/\/www.noubarris.net\/web40\/20-anys-de-lenderroc-de-les-cotxeres-de-borbo-la-transformacio-al-parc-de-can-xiringoi\/\"},\"author\":{\"name\":\"Informatius\",\"@id\":\"https:\/\/www.noubarris.net\/web40\/#\/schema\/person\/1827f92aaa316c54abbf4dac0de76069\"},\"headline\":\"(V\u00cdDEO) 20 anys de l&#8217;enderroc de les Cotxeres de Borb\u00f3: La Transformaci\u00f3 al Parc de Can Xiringoi.\",\"datePublished\":\"2024-03-07T10:17:21+00:00\",\"dateModified\":\"2024-03-07T10:32:56+00:00\",\"mainEntityOfPage\":{\"@id\":\"https:\/\/www.noubarris.net\/web40\/20-anys-de-lenderroc-de-les-cotxeres-de-borbo-la-transformacio-al-parc-de-can-xiringoi\/\"},\"wordCount\":737,\"publisher\":{\"@id\":\"https:\/\/www.noubarris.net\/web40\/#organization\"},\"image\":{\"@id\":\"https:\/\/www.noubarris.net\/web40\/20-anys-de-lenderroc-de-les-cotxeres-de-borbo-la-transformacio-al-parc-de-can-xiringoi\/#primaryimage\"},\"thumbnailUrl\":\"https:\/\/www.noubarris.net\/web40\/wp-content\/uploads\/2024\/03\/minicotxeres.jpg\",\"articleSection\":[\"Cultura\",\"Esports\",\"Mobilitat\",\"Nou Barris\",\"Vilapicina i la Torre Llobeta\"],\"inLanguage\":\"ca\"},{\"@type\":\"WebPage\",\"@id\":\"https:\/\/www.noubarris.net\/web40\/20-anys-de-lenderroc-de-les-cotxeres-de-borbo-la-transformacio-al-parc-de-can-xiringoi\/\",\"url\":\"https:\/\/www.noubarris.net\/web40\/20-anys-de-lenderroc-de-les-cotxeres-de-borbo-la-transformacio-al-parc-de-can-xiringoi\/\",\"name\":\"(V\u00cdDEO) 20 anys de l'enderroc de les Cotxeres de Borb\u00f3: La Transformaci\u00f3 al Parc de Can Xiringoi. - NouBarris.Net\",\"isPartOf\":{\"@id\":\"https:\/\/www.noubarris.net\/web40\/#website\"},\"primaryImageOfPage\":{\"@id\":\"https:\/\/www.noubarris.net\/web40\/20-anys-de-lenderroc-de-les-cotxeres-de-borbo-la-transformacio-al-parc-de-can-xiringoi\/#primaryimage\"},\"image\":{\"@id\":\"https:\/\/www.noubarris.net\/web40\/20-anys-de-lenderroc-de-les-cotxeres-de-borbo-la-transformacio-al-parc-de-can-xiringoi\/#primaryimage\"},\"thumbnailUrl\":\"https:\/\/www.noubarris.net\/web40\/wp-content\/uploads\/2024\/03\/minicotxeres.jpg\",\"datePublished\":\"2024-03-07T10:17:21+00:00\",\"dateModified\":\"2024-03-07T10:32:56+00:00\",\"breadcrumb\":{\"@id\":\"https:\/\/www.noubarris.net\/web40\/20-anys-de-lenderroc-de-les-cotxeres-de-borbo-la-transformacio-al-parc-de-can-xiringoi\/#breadcrumb\"},\"inLanguage\":\"ca\",\"potentialAction\":[{\"@type\":\"ReadAction\",\"target\":[\"https:\/\/www.noubarris.net\/web40\/20-anys-de-lenderroc-de-les-cotxeres-de-borbo-la-transformacio-al-parc-de-can-xiringoi\/\"]}]},{\"@type\":\"ImageObject\",\"inLanguage\":\"ca\",\"@id\":\"https:\/\/www.noubarris.net\/web40\/20-anys-de-lenderroc-de-les-cotxeres-de-borbo-la-transformacio-al-parc-de-can-xiringoi\/#primaryimage\",\"url\":\"https:\/\/www.noubarris.net\/web40\/wp-content\/uploads\/2024\/03\/minicotxeres.jpg\",\"contentUrl\":\"https:\/\/www.noubarris.net\/web40\/wp-content\/uploads\/2024\/03\/minicotxeres.jpg\",\"width\":1048,\"height\":576,\"caption\":\"Cotxeres enderroc\"},{\"@type\":\"BreadcrumbList\",\"@id\":\"https:\/\/www.noubarris.net\/web40\/20-anys-de-lenderroc-de-les-cotxeres-de-borbo-la-transformacio-al-parc-de-can-xiringoi\/#breadcrumb\",\"itemListElement\":[{\"@type\":\"ListItem\",\"position\":1,\"name\":\"Inici\",\"item\":\"https:\/\/www.noubarris.net\/web40\/\"},{\"@type\":\"ListItem\",\"position\":2,\"name\":\"(V\u00cdDEO) 20 anys de l&#8217;enderroc de les Cotxeres de Borb\u00f3: La Transformaci\u00f3 al Parc de Can Xiringoi.\"}]},{\"@type\":\"WebSite\",\"@id\":\"https:\/\/www.noubarris.net\/web40\/#website\",\"url\":\"https:\/\/www.noubarris.net\/web40\/\",\"name\":\"NouBarris.Net\",\"description\":\"Seguint la vida de Nou Barris des de 1985\",\"publisher\":{\"@id\":\"https:\/\/www.noubarris.net\/web40\/#organization\"},\"potentialAction\":[{\"@type\":\"SearchAction\",\"target\":{\"@type\":\"EntryPoint\",\"urlTemplate\":\"https:\/\/www.noubarris.net\/web40\/?s={search_term_string}\"},\"query-input\":{\"@type\":\"PropertyValueSpecification\",\"valueRequired\":true,\"valueName\":\"search_term_string\"}}],\"inLanguage\":\"ca\"},{\"@type\":\"Organization\",\"@id\":\"https:\/\/www.noubarris.net\/web40\/#organization\",\"name\":\"NouBarris.Net\",\"url\":\"https:\/\/www.noubarris.net\/web40\/\",\"logo\":{\"@type\":\"ImageObject\",\"inLanguage\":\"ca\",\"@id\":\"https:\/\/www.noubarris.net\/web40\/#\/schema\/logo\/image\/\",\"url\":\"https:\/\/www.noubarris.net\/web40\/wp-content\/uploads\/2024\/11\/cropped-cropped-LOGO_9BTV-2024_Insta-1.jpg\",\"contentUrl\":\"https:\/\/www.noubarris.net\/web40\/wp-content\/uploads\/2024\/11\/cropped-cropped-LOGO_9BTV-2024_Insta-1.jpg\",\"width\":512,\"height\":512,\"caption\":\"NouBarris.Net\"},\"image\":{\"@id\":\"https:\/\/www.noubarris.net\/web40\/#\/schema\/logo\/image\/\"},\"sameAs\":[\"https:\/\/www.facebook.com\/NouBarris.net\/?locale=es_ES\",\"https:\/\/x.com\/9BTV\"]},{\"@type\":\"Person\",\"@id\":\"https:\/\/www.noubarris.net\/web40\/#\/schema\/person\/1827f92aaa316c54abbf4dac0de76069\",\"name\":\"Informatius\",\"image\":{\"@type\":\"ImageObject\",\"inLanguage\":\"ca\",\"@id\":\"https:\/\/www.noubarris.net\/web40\/#\/schema\/person\/image\/\",\"url\":\"https:\/\/secure.gravatar.com\/avatar\/87a3b47928835fc72c6ee5b0e1a7263ef0c2d05003a98189bc14926c5f11bcdb?s=96&d=mm&r=g\",\"contentUrl\":\"https:\/\/secure.gravatar.com\/avatar\/87a3b47928835fc72c6ee5b0e1a7263ef0c2d05003a98189bc14926c5f11bcdb?s=96&d=mm&r=g\",\"caption\":\"Informatius\"},\"url\":\"https:\/\/www.noubarris.net\/web40\/author\/tele\/\"}]}<\/script>\n<!-- \/ Yoast SEO plugin. -->","yoast_head_json":{"title":"(V\u00cdDEO) 20 anys de l'enderroc de les Cotxeres de Borb\u00f3: La Transformaci\u00f3 al Parc de Can Xiringoi. - NouBarris.Net","robots":{"index":"index","follow":"follow","max-snippet":"max-snippet:-1","max-image-preview":"max-image-preview:large","max-video-preview":"max-video-preview:-1"},"canonical":"https:\/\/www.noubarris.net\/web40\/20-anys-de-lenderroc-de-les-cotxeres-de-borbo-la-transformacio-al-parc-de-can-xiringoi\/","og_locale":"ca_ES","og_type":"article","og_title":"(V\u00cdDEO) 20 anys de l'enderroc de les Cotxeres de Borb\u00f3: La Transformaci\u00f3 al Parc de Can Xiringoi. - NouBarris.Net","og_description":"Tot coincidint amb l&#8217;efem\u00e8ride de l&#8217;enderroc de les Cotxeres de Borb\u00f3, hem rebuscat dins el nostre arxiu i hem trobat","og_url":"https:\/\/www.noubarris.net\/web40\/20-anys-de-lenderroc-de-les-cotxeres-de-borbo-la-transformacio-al-parc-de-can-xiringoi\/","og_site_name":"NouBarris.Net","article_publisher":"https:\/\/www.facebook.com\/NouBarris.net\/?locale=es_ES","article_published_time":"2024-03-07T10:17:21+00:00","article_modified_time":"2024-03-07T10:32:56+00:00","og_image":[{"width":1048,"height":576,"url":"https:\/\/www.noubarris.net\/web40\/wp-content\/uploads\/2024\/03\/minicotxeres.jpg","type":"image\/jpeg"}],"author":"Informatius","twitter_card":"summary_large_image","twitter_creator":"@9BTV","twitter_site":"@9BTV","twitter_misc":{"Escrit per":"Informatius","Temps estimat de lectura":"4 minuts"},"schema":{"@context":"https:\/\/schema.org","@graph":[{"@type":"Article","@id":"https:\/\/www.noubarris.net\/web40\/20-anys-de-lenderroc-de-les-cotxeres-de-borbo-la-transformacio-al-parc-de-can-xiringoi\/#article","isPartOf":{"@id":"https:\/\/www.noubarris.net\/web40\/20-anys-de-lenderroc-de-les-cotxeres-de-borbo-la-transformacio-al-parc-de-can-xiringoi\/"},"author":{"name":"Informatius","@id":"https:\/\/www.noubarris.net\/web40\/#\/schema\/person\/1827f92aaa316c54abbf4dac0de76069"},"headline":"(V\u00cdDEO) 20 anys de l&#8217;enderroc de les Cotxeres de Borb\u00f3: La Transformaci\u00f3 al Parc de Can Xiringoi.","datePublished":"2024-03-07T10:17:21+00:00","dateModified":"2024-03-07T10:32:56+00:00","mainEntityOfPage":{"@id":"https:\/\/www.noubarris.net\/web40\/20-anys-de-lenderroc-de-les-cotxeres-de-borbo-la-transformacio-al-parc-de-can-xiringoi\/"},"wordCount":737,"publisher":{"@id":"https:\/\/www.noubarris.net\/web40\/#organization"},"image":{"@id":"https:\/\/www.noubarris.net\/web40\/20-anys-de-lenderroc-de-les-cotxeres-de-borbo-la-transformacio-al-parc-de-can-xiringoi\/#primaryimage"},"thumbnailUrl":"https:\/\/www.noubarris.net\/web40\/wp-content\/uploads\/2024\/03\/minicotxeres.jpg","articleSection":["Cultura","Esports","Mobilitat","Nou Barris","Vilapicina i la Torre Llobeta"],"inLanguage":"ca"},{"@type":"WebPage","@id":"https:\/\/www.noubarris.net\/web40\/20-anys-de-lenderroc-de-les-cotxeres-de-borbo-la-transformacio-al-parc-de-can-xiringoi\/","url":"https:\/\/www.noubarris.net\/web40\/20-anys-de-lenderroc-de-les-cotxeres-de-borbo-la-transformacio-al-parc-de-can-xiringoi\/","name":"(V\u00cdDEO) 20 anys de l'enderroc de les Cotxeres de Borb\u00f3: La Transformaci\u00f3 al Parc de Can Xiringoi. - NouBarris.Net","isPartOf":{"@id":"https:\/\/www.noubarris.net\/web40\/#website"},"primaryImageOfPage":{"@id":"https:\/\/www.noubarris.net\/web40\/20-anys-de-lenderroc-de-les-cotxeres-de-borbo-la-transformacio-al-parc-de-can-xiringoi\/#primaryimage"},"image":{"@id":"https:\/\/www.noubarris.net\/web40\/20-anys-de-lenderroc-de-les-cotxeres-de-borbo-la-transformacio-al-parc-de-can-xiringoi\/#primaryimage"},"thumbnailUrl":"https:\/\/www.noubarris.net\/web40\/wp-content\/uploads\/2024\/03\/minicotxeres.jpg","datePublished":"2024-03-07T10:17:21+00:00","dateModified":"2024-03-07T10:32:56+00:00","breadcrumb":{"@id":"https:\/\/www.noubarris.net\/web40\/20-anys-de-lenderroc-de-les-cotxeres-de-borbo-la-transformacio-al-parc-de-can-xiringoi\/#breadcrumb"},"inLanguage":"ca","potentialAction":[{"@type":"ReadAction","target":["https:\/\/www.noubarris.net\/web40\/20-anys-de-lenderroc-de-les-cotxeres-de-borbo-la-transformacio-al-parc-de-can-xiringoi\/"]}]},{"@type":"ImageObject","inLanguage":"ca","@id":"https:\/\/www.noubarris.net\/web40\/20-anys-de-lenderroc-de-les-cotxeres-de-borbo-la-transformacio-al-parc-de-can-xiringoi\/#primaryimage","url":"https:\/\/www.noubarris.net\/web40\/wp-content\/uploads\/2024\/03\/minicotxeres.jpg","contentUrl":"https:\/\/www.noubarris.net\/web40\/wp-content\/uploads\/2024\/03\/minicotxeres.jpg","width":1048,"height":576,"caption":"Cotxeres enderroc"},{"@type":"BreadcrumbList","@id":"https:\/\/www.noubarris.net\/web40\/20-anys-de-lenderroc-de-les-cotxeres-de-borbo-la-transformacio-al-parc-de-can-xiringoi\/#breadcrumb","itemListElement":[{"@type":"ListItem","position":1,"name":"Inici","item":"https:\/\/www.noubarris.net\/web40\/"},{"@type":"ListItem","position":2,"name":"(V\u00cdDEO) 20 anys de l&#8217;enderroc de les Cotxeres de Borb\u00f3: La Transformaci\u00f3 al Parc de Can Xiringoi."}]},{"@type":"WebSite","@id":"https:\/\/www.noubarris.net\/web40\/#website","url":"https:\/\/www.noubarris.net\/web40\/","name":"NouBarris.Net","description":"Seguint la vida de Nou Barris des de 1985","publisher":{"@id":"https:\/\/www.noubarris.net\/web40\/#organization"},"potentialAction":[{"@type":"SearchAction","target":{"@type":"EntryPoint","urlTemplate":"https:\/\/www.noubarris.net\/web40\/?s={search_term_string}"},"query-input":{"@type":"PropertyValueSpecification","valueRequired":true,"valueName":"search_term_string"}}],"inLanguage":"ca"},{"@type":"Organization","@id":"https:\/\/www.noubarris.net\/web40\/#organization","name":"NouBarris.Net","url":"https:\/\/www.noubarris.net\/web40\/","logo":{"@type":"ImageObject","inLanguage":"ca","@id":"https:\/\/www.noubarris.net\/web40\/#\/schema\/logo\/image\/","url":"https:\/\/www.noubarris.net\/web40\/wp-content\/uploads\/2024\/11\/cropped-cropped-LOGO_9BTV-2024_Insta-1.jpg","contentUrl":"https:\/\/www.noubarris.net\/web40\/wp-content\/uploads\/2024\/11\/cropped-cropped-LOGO_9BTV-2024_Insta-1.jpg","width":512,"height":512,"caption":"NouBarris.Net"},"image":{"@id":"https:\/\/www.noubarris.net\/web40\/#\/schema\/logo\/image\/"},"sameAs":["https:\/\/www.facebook.com\/NouBarris.net\/?locale=es_ES","https:\/\/x.com\/9BTV"]},{"@type":"Person","@id":"https:\/\/www.noubarris.net\/web40\/#\/schema\/person\/1827f92aaa316c54abbf4dac0de76069","name":"Informatius","image":{"@type":"ImageObject","inLanguage":"ca","@id":"https:\/\/www.noubarris.net\/web40\/#\/schema\/person\/image\/","url":"https:\/\/secure.gravatar.com\/avatar\/87a3b47928835fc72c6ee5b0e1a7263ef0c2d05003a98189bc14926c5f11bcdb?s=96&d=mm&r=g","contentUrl":"https:\/\/secure.gravatar.com\/avatar\/87a3b47928835fc72c6ee5b0e1a7263ef0c2d05003a98189bc14926c5f11bcdb?s=96&d=mm&r=g","caption":"Informatius"},"url":"https:\/\/www.noubarris.net\/web40\/author\/tele\/"}]}},"_links":{"self":[{"href":"https:\/\/www.noubarris.net\/web40\/wp-json\/wp\/v2\/posts\/82432","targetHints":{"allow":["GET"]}}],"collection":[{"href":"https:\/\/www.noubarris.net\/web40\/wp-json\/wp\/v2\/posts"}],"about":[{"href":"https:\/\/www.noubarris.net\/web40\/wp-json\/wp\/v2\/types\/post"}],"author":[{"embeddable":true,"href":"https:\/\/www.noubarris.net\/web40\/wp-json\/wp\/v2\/users\/2"}],"replies":[{"embeddable":true,"href":"https:\/\/www.noubarris.net\/web40\/wp-json\/wp\/v2\/comments?post=82432"}],"version-history":[{"count":4,"href":"https:\/\/www.noubarris.net\/web40\/wp-json\/wp\/v2\/posts\/82432\/revisions"}],"predecessor-version":[{"id":82439,"href":"https:\/\/www.noubarris.net\/web40\/wp-json\/wp\/v2\/posts\/82432\/revisions\/82439"}],"wp:featuredmedia":[{"embeddable":true,"href":"https:\/\/www.noubarris.net\/web40\/wp-json\/wp\/v2\/media\/82433"}],"wp:attachment":[{"href":"https:\/\/www.noubarris.net\/web40\/wp-json\/wp\/v2\/media?parent=82432"}],"wp:term":[{"taxonomy":"category","embeddable":true,"href":"https:\/\/www.noubarris.net\/web40\/wp-json\/wp\/v2\/categories?post=82432"},{"taxonomy":"post_tag","embeddable":true,"href":"https:\/\/www.noubarris.net\/web40\/wp-json\/wp\/v2\/tags?post=82432"}],"curies":[{"name":"wp","href":"https:\/\/api.w.org\/{rel}","templated":true}]}}