{"id":82453,"date":"2024-03-12T22:23:41","date_gmt":"2024-03-12T20:23:41","guid":{"rendered":"http:\/\/www.noubarris.net\/web40\/?p=82453"},"modified":"2024-03-12T22:23:41","modified_gmt":"2024-03-12T20:23:41","slug":"el-veinat-apressa-a-avancar-en-el-pla-dactuacions-per-al-mandat","status":"publish","type":"post","link":"https:\/\/www.noubarris.net\/web40\/el-veinat-apressa-a-avancar-en-el-pla-dactuacions-per-al-mandat\/","title":{"rendered":"El ve\u00efnat apressa a avan\u00e7ar en el Pla d&#8217;Actuacions per al mandat"},"content":{"rendered":"<p><strong>El govern del districte presenta i aprova els pressupostos i insta els partits a avalar-lo tamb\u00e9 a Casa Gran per avan\u00e7ar en el PAD<\/strong><\/p>\n<p>Aquest dilluns ha tingut lloc el primer plenari de 2024 i nou mesos despr\u00e9s de les eleccions, ve\u00efnat i oposici\u00f3 s&#8217;han mostrat molestos per no tenir encarat el PAD (el Pla d&#8217;Actuacions del Districte) per a aquest mandat. \u00c9s a dir,\u00a0 el full de ruta amb les accions que es volen dur a terme al districte en general i als barris, en particular. &#8220;Poseu-vos les piles o haurem de fer soroll. Ni \u00e9s l\u00f2gic que els barris paguem els vostres no acords&#8221;, va alertar Pep Ortiz, com a Coordinadora d&#8217;Entitats i AV de Nou Barris.<\/p>\n<p>Davant aquestes i altres queixes, el govern va recordar que cal aprovar els pressupostos de ciutat, per poder definir les inversions. En tot cas, el regidor de Nou Barris, Xavier Marc\u00e9, va apuntar que ja hi ha tota una s\u00e8rie d&#8217;actuacions previstes, i va citar-ne algunes com els equipament de l&#8217;illa Q del Tur\u00f3 de la Peira, la reurbanitzaci\u00f3 de la fase 4 dels interiors de la Guineueta, el poliesportiu de Canyelles, afrontar el futur del camp de la Damm o la segona fase del Balc\u00f3 d&#8217;equipaments de Can Peguera, entre d&#8217;altres.<\/p>\n<p>Tot plegat en el marc de la presentaci\u00f3 dels pressupostos generals i de districte, que els socialistes van aconseguir aprovar al ple de Nou Barris amb el vot favorable d&#8217;ERC i l&#8217;abstenci\u00f3 de Barcelona en Com\u00fa. Sobre els n\u00fameros per al 2024, el regidor va destacar que el pressupost previst per al districte \u00e9s superior al del mandat passat: &#8220;Els darrers anys havia crescut una mitjana d&#8217;1%, enguany ho fa al voltant d&#8217;un 5%, per sobre d&#8217;altres districtes, perqu\u00e8 Nou Barris t\u00e9 moltes necessitats&#8221;. Concretament, el districte comptar\u00e0 amb 31 milions d\u2019euros de pressupost, que es destinar\u00e0 a donar resposta a necessitats socials, i tamb\u00e9 al manteniment, neteja no ordin\u00e0ria, a banda de les inversions.<\/p>\n<p>Entre les cr\u00edtiques de la resta de partits hi havia la de no poder con\u00e8ixer la liquidaci\u00f3 de l&#8217;any anterior, i la falta de di\u00e0leg, diuen, en la configuraci\u00f3 dels pressupostos.<\/p>\n<p>Un altre punt important en l&#8217;ordre del dia habitual del plenari \u00e9s <a href=\"chrome-extension:\/\/efaidnbmnnnibpcajpcglclefindmkaj\/https:\/\/ajuntament.barcelona.cat\/noubarris\/sites\/default\/files\/plenari\/fitxers\/11032024_informeregidor.pdf\"><strong>l&#8217;informe del regidor, que podeu consultar al web municipal<\/strong><\/a>. Aqu\u00ed es va fer un rep\u00e0s als plans de neteja amb seguiment ve\u00efnal del Pla Endre\u00e7a, a algunes de les principals activitats culturals dels darrers mesos i a diversos temes sorgits en els consells sectorials i de barri. Les cr\u00edtiques des del p\u00fablic i la resta de partits van dirigir-se tamb\u00e9 a la manca de PAD i pla d&#8217;inversions.<\/p>\n<p>&nbsp;<\/p>\n<p>&nbsp;<\/p>\n","protected":false},"excerpt":{"rendered":"<p>El govern del districte presenta i aprova els pressupostos i insta els partits a avalar-lo tamb\u00e9 a Casa Gran per<\/p>\n","protected":false},"author":2,"featured_media":82262,"comment_status":"closed","ping_status":"closed","sticky":false,"template":"","format":"standard","meta":{"colormag_page_layout":"default_layout","_monsterinsights_skip_tracking":false,"_monsterinsights_sitenote_active":false,"_monsterinsights_sitenote_note":"","_monsterinsights_sitenote_category":0,"footnotes":""},"categories":[1],"tags":[],"class_list":["post-82453","post","type-post","status-publish","format-standard","has-post-thumbnail","hentry","category-nou-barris"],"yoast_head":"<!-- This site is optimized with the Yoast SEO plugin v25.3 - https:\/\/yoast.com\/wordpress\/plugins\/seo\/ -->\n<title>El ve\u00efnat apressa a avan\u00e7ar en el Pla d&#039;Actuacions per al mandat - NouBarris.Net<\/title>\n<meta name=\"robots\" content=\"index, follow, max-snippet:-1, max-image-preview:large, max-video-preview:-1\" \/>\n<link rel=\"canonical\" href=\"https:\/\/www.noubarris.net\/web40\/el-veinat-apressa-a-avancar-en-el-pla-dactuacions-per-al-mandat\/\" \/>\n<meta property=\"og:locale\" content=\"ca_ES\" \/>\n<meta property=\"og:type\" content=\"article\" \/>\n<meta property=\"og:title\" content=\"El ve\u00efnat apressa a avan\u00e7ar en el Pla d&#039;Actuacions per al mandat - NouBarris.Net\" \/>\n<meta property=\"og:description\" content=\"El govern del districte presenta i aprova els pressupostos i insta els partits a avalar-lo tamb\u00e9 a Casa Gran per\" \/>\n<meta property=\"og:url\" content=\"https:\/\/www.noubarris.net\/web40\/el-veinat-apressa-a-avancar-en-el-pla-dactuacions-per-al-mandat\/\" \/>\n<meta property=\"og:site_name\" content=\"NouBarris.Net\" \/>\n<meta property=\"article:publisher\" content=\"https:\/\/www.facebook.com\/NouBarris.net\/?locale=es_ES\" \/>\n<meta property=\"article:published_time\" content=\"2024-03-12T20:23:41+00:00\" \/>\n<meta property=\"og:image\" content=\"https:\/\/www.noubarris.net\/web40\/wp-content\/uploads\/2024\/01\/536.jpg\" \/>\n\t<meta property=\"og:image:width\" content=\"760\" \/>\n\t<meta property=\"og:image:height\" content=\"428\" \/>\n\t<meta property=\"og:image:type\" content=\"image\/jpeg\" \/>\n<meta name=\"author\" content=\"Informatius\" \/>\n<meta name=\"twitter:card\" content=\"summary_large_image\" \/>\n<meta name=\"twitter:creator\" content=\"@9BTV\" \/>\n<meta name=\"twitter:site\" content=\"@9BTV\" \/>\n<meta name=\"twitter:label1\" content=\"Escrit per\" \/>\n\t<meta name=\"twitter:data1\" content=\"Informatius\" \/>\n\t<meta name=\"twitter:label2\" content=\"Temps estimat de lectura\" \/>\n\t<meta name=\"twitter:data2\" content=\"3 minuts\" \/>\n<script type=\"application\/ld+json\" class=\"yoast-schema-graph\">{\"@context\":\"https:\/\/schema.org\",\"@graph\":[{\"@type\":\"Article\",\"@id\":\"https:\/\/www.noubarris.net\/web40\/el-veinat-apressa-a-avancar-en-el-pla-dactuacions-per-al-mandat\/#article\",\"isPartOf\":{\"@id\":\"https:\/\/www.noubarris.net\/web40\/el-veinat-apressa-a-avancar-en-el-pla-dactuacions-per-al-mandat\/\"},\"author\":{\"name\":\"Informatius\",\"@id\":\"https:\/\/www.noubarris.net\/web40\/#\/schema\/person\/1827f92aaa316c54abbf4dac0de76069\"},\"headline\":\"El ve\u00efnat apressa a avan\u00e7ar en el Pla d&#8217;Actuacions per al mandat\",\"datePublished\":\"2024-03-12T20:23:41+00:00\",\"mainEntityOfPage\":{\"@id\":\"https:\/\/www.noubarris.net\/web40\/el-veinat-apressa-a-avancar-en-el-pla-dactuacions-per-al-mandat\/\"},\"wordCount\":480,\"publisher\":{\"@id\":\"https:\/\/www.noubarris.net\/web40\/#organization\"},\"image\":{\"@id\":\"https:\/\/www.noubarris.net\/web40\/el-veinat-apressa-a-avancar-en-el-pla-dactuacions-per-al-mandat\/#primaryimage\"},\"thumbnailUrl\":\"https:\/\/www.noubarris.net\/web40\/wp-content\/uploads\/2024\/01\/536.jpg\",\"articleSection\":[\"Nou Barris\"],\"inLanguage\":\"ca\"},{\"@type\":\"WebPage\",\"@id\":\"https:\/\/www.noubarris.net\/web40\/el-veinat-apressa-a-avancar-en-el-pla-dactuacions-per-al-mandat\/\",\"url\":\"https:\/\/www.noubarris.net\/web40\/el-veinat-apressa-a-avancar-en-el-pla-dactuacions-per-al-mandat\/\",\"name\":\"El ve\u00efnat apressa a avan\u00e7ar en el Pla d'Actuacions per al mandat - NouBarris.Net\",\"isPartOf\":{\"@id\":\"https:\/\/www.noubarris.net\/web40\/#website\"},\"primaryImageOfPage\":{\"@id\":\"https:\/\/www.noubarris.net\/web40\/el-veinat-apressa-a-avancar-en-el-pla-dactuacions-per-al-mandat\/#primaryimage\"},\"image\":{\"@id\":\"https:\/\/www.noubarris.net\/web40\/el-veinat-apressa-a-avancar-en-el-pla-dactuacions-per-al-mandat\/#primaryimage\"},\"thumbnailUrl\":\"https:\/\/www.noubarris.net\/web40\/wp-content\/uploads\/2024\/01\/536.jpg\",\"datePublished\":\"2024-03-12T20:23:41+00:00\",\"breadcrumb\":{\"@id\":\"https:\/\/www.noubarris.net\/web40\/el-veinat-apressa-a-avancar-en-el-pla-dactuacions-per-al-mandat\/#breadcrumb\"},\"inLanguage\":\"ca\",\"potentialAction\":[{\"@type\":\"ReadAction\",\"target\":[\"https:\/\/www.noubarris.net\/web40\/el-veinat-apressa-a-avancar-en-el-pla-dactuacions-per-al-mandat\/\"]}]},{\"@type\":\"ImageObject\",\"inLanguage\":\"ca\",\"@id\":\"https:\/\/www.noubarris.net\/web40\/el-veinat-apressa-a-avancar-en-el-pla-dactuacions-per-al-mandat\/#primaryimage\",\"url\":\"https:\/\/www.noubarris.net\/web40\/wp-content\/uploads\/2024\/01\/536.jpg\",\"contentUrl\":\"https:\/\/www.noubarris.net\/web40\/wp-content\/uploads\/2024\/01\/536.jpg\",\"width\":760,\"height\":428,\"caption\":\"SEU DEL DISTRICTE\"},{\"@type\":\"BreadcrumbList\",\"@id\":\"https:\/\/www.noubarris.net\/web40\/el-veinat-apressa-a-avancar-en-el-pla-dactuacions-per-al-mandat\/#breadcrumb\",\"itemListElement\":[{\"@type\":\"ListItem\",\"position\":1,\"name\":\"Inici\",\"item\":\"https:\/\/www.noubarris.net\/web40\/\"},{\"@type\":\"ListItem\",\"position\":2,\"name\":\"El ve\u00efnat apressa a avan\u00e7ar en el Pla d&#8217;Actuacions per al mandat\"}]},{\"@type\":\"WebSite\",\"@id\":\"https:\/\/www.noubarris.net\/web40\/#website\",\"url\":\"https:\/\/www.noubarris.net\/web40\/\",\"name\":\"NouBarris.Net\",\"description\":\"Seguint la vida de Nou Barris des de 1985\",\"publisher\":{\"@id\":\"https:\/\/www.noubarris.net\/web40\/#organization\"},\"potentialAction\":[{\"@type\":\"SearchAction\",\"target\":{\"@type\":\"EntryPoint\",\"urlTemplate\":\"https:\/\/www.noubarris.net\/web40\/?s={search_term_string}\"},\"query-input\":{\"@type\":\"PropertyValueSpecification\",\"valueRequired\":true,\"valueName\":\"search_term_string\"}}],\"inLanguage\":\"ca\"},{\"@type\":\"Organization\",\"@id\":\"https:\/\/www.noubarris.net\/web40\/#organization\",\"name\":\"NouBarris.Net\",\"url\":\"https:\/\/www.noubarris.net\/web40\/\",\"logo\":{\"@type\":\"ImageObject\",\"inLanguage\":\"ca\",\"@id\":\"https:\/\/www.noubarris.net\/web40\/#\/schema\/logo\/image\/\",\"url\":\"https:\/\/www.noubarris.net\/web40\/wp-content\/uploads\/2024\/11\/cropped-cropped-LOGO_9BTV-2024_Insta-1.jpg\",\"contentUrl\":\"https:\/\/www.noubarris.net\/web40\/wp-content\/uploads\/2024\/11\/cropped-cropped-LOGO_9BTV-2024_Insta-1.jpg\",\"width\":512,\"height\":512,\"caption\":\"NouBarris.Net\"},\"image\":{\"@id\":\"https:\/\/www.noubarris.net\/web40\/#\/schema\/logo\/image\/\"},\"sameAs\":[\"https:\/\/www.facebook.com\/NouBarris.net\/?locale=es_ES\",\"https:\/\/x.com\/9BTV\"]},{\"@type\":\"Person\",\"@id\":\"https:\/\/www.noubarris.net\/web40\/#\/schema\/person\/1827f92aaa316c54abbf4dac0de76069\",\"name\":\"Informatius\",\"image\":{\"@type\":\"ImageObject\",\"inLanguage\":\"ca\",\"@id\":\"https:\/\/www.noubarris.net\/web40\/#\/schema\/person\/image\/\",\"url\":\"https:\/\/secure.gravatar.com\/avatar\/87a3b47928835fc72c6ee5b0e1a7263ef0c2d05003a98189bc14926c5f11bcdb?s=96&d=mm&r=g\",\"contentUrl\":\"https:\/\/secure.gravatar.com\/avatar\/87a3b47928835fc72c6ee5b0e1a7263ef0c2d05003a98189bc14926c5f11bcdb?s=96&d=mm&r=g\",\"caption\":\"Informatius\"},\"url\":\"https:\/\/www.noubarris.net\/web40\/author\/tele\/\"}]}<\/script>\n<!-- \/ Yoast SEO plugin. -->","yoast_head_json":{"title":"El ve\u00efnat apressa a avan\u00e7ar en el Pla d'Actuacions per al mandat - NouBarris.Net","robots":{"index":"index","follow":"follow","max-snippet":"max-snippet:-1","max-image-preview":"max-image-preview:large","max-video-preview":"max-video-preview:-1"},"canonical":"https:\/\/www.noubarris.net\/web40\/el-veinat-apressa-a-avancar-en-el-pla-dactuacions-per-al-mandat\/","og_locale":"ca_ES","og_type":"article","og_title":"El ve\u00efnat apressa a avan\u00e7ar en el Pla d'Actuacions per al mandat - NouBarris.Net","og_description":"El govern del districte presenta i aprova els pressupostos i insta els partits a avalar-lo tamb\u00e9 a Casa Gran per","og_url":"https:\/\/www.noubarris.net\/web40\/el-veinat-apressa-a-avancar-en-el-pla-dactuacions-per-al-mandat\/","og_site_name":"NouBarris.Net","article_publisher":"https:\/\/www.facebook.com\/NouBarris.net\/?locale=es_ES","article_published_time":"2024-03-12T20:23:41+00:00","og_image":[{"width":760,"height":428,"url":"https:\/\/www.noubarris.net\/web40\/wp-content\/uploads\/2024\/01\/536.jpg","type":"image\/jpeg"}],"author":"Informatius","twitter_card":"summary_large_image","twitter_creator":"@9BTV","twitter_site":"@9BTV","twitter_misc":{"Escrit per":"Informatius","Temps estimat de lectura":"3 minuts"},"schema":{"@context":"https:\/\/schema.org","@graph":[{"@type":"Article","@id":"https:\/\/www.noubarris.net\/web40\/el-veinat-apressa-a-avancar-en-el-pla-dactuacions-per-al-mandat\/#article","isPartOf":{"@id":"https:\/\/www.noubarris.net\/web40\/el-veinat-apressa-a-avancar-en-el-pla-dactuacions-per-al-mandat\/"},"author":{"name":"Informatius","@id":"https:\/\/www.noubarris.net\/web40\/#\/schema\/person\/1827f92aaa316c54abbf4dac0de76069"},"headline":"El ve\u00efnat apressa a avan\u00e7ar en el Pla d&#8217;Actuacions per al mandat","datePublished":"2024-03-12T20:23:41+00:00","mainEntityOfPage":{"@id":"https:\/\/www.noubarris.net\/web40\/el-veinat-apressa-a-avancar-en-el-pla-dactuacions-per-al-mandat\/"},"wordCount":480,"publisher":{"@id":"https:\/\/www.noubarris.net\/web40\/#organization"},"image":{"@id":"https:\/\/www.noubarris.net\/web40\/el-veinat-apressa-a-avancar-en-el-pla-dactuacions-per-al-mandat\/#primaryimage"},"thumbnailUrl":"https:\/\/www.noubarris.net\/web40\/wp-content\/uploads\/2024\/01\/536.jpg","articleSection":["Nou Barris"],"inLanguage":"ca"},{"@type":"WebPage","@id":"https:\/\/www.noubarris.net\/web40\/el-veinat-apressa-a-avancar-en-el-pla-dactuacions-per-al-mandat\/","url":"https:\/\/www.noubarris.net\/web40\/el-veinat-apressa-a-avancar-en-el-pla-dactuacions-per-al-mandat\/","name":"El ve\u00efnat apressa a avan\u00e7ar en el Pla d'Actuacions per al mandat - NouBarris.Net","isPartOf":{"@id":"https:\/\/www.noubarris.net\/web40\/#website"},"primaryImageOfPage":{"@id":"https:\/\/www.noubarris.net\/web40\/el-veinat-apressa-a-avancar-en-el-pla-dactuacions-per-al-mandat\/#primaryimage"},"image":{"@id":"https:\/\/www.noubarris.net\/web40\/el-veinat-apressa-a-avancar-en-el-pla-dactuacions-per-al-mandat\/#primaryimage"},"thumbnailUrl":"https:\/\/www.noubarris.net\/web40\/wp-content\/uploads\/2024\/01\/536.jpg","datePublished":"2024-03-12T20:23:41+00:00","breadcrumb":{"@id":"https:\/\/www.noubarris.net\/web40\/el-veinat-apressa-a-avancar-en-el-pla-dactuacions-per-al-mandat\/#breadcrumb"},"inLanguage":"ca","potentialAction":[{"@type":"ReadAction","target":["https:\/\/www.noubarris.net\/web40\/el-veinat-apressa-a-avancar-en-el-pla-dactuacions-per-al-mandat\/"]}]},{"@type":"ImageObject","inLanguage":"ca","@id":"https:\/\/www.noubarris.net\/web40\/el-veinat-apressa-a-avancar-en-el-pla-dactuacions-per-al-mandat\/#primaryimage","url":"https:\/\/www.noubarris.net\/web40\/wp-content\/uploads\/2024\/01\/536.jpg","contentUrl":"https:\/\/www.noubarris.net\/web40\/wp-content\/uploads\/2024\/01\/536.jpg","width":760,"height":428,"caption":"SEU DEL DISTRICTE"},{"@type":"BreadcrumbList","@id":"https:\/\/www.noubarris.net\/web40\/el-veinat-apressa-a-avancar-en-el-pla-dactuacions-per-al-mandat\/#breadcrumb","itemListElement":[{"@type":"ListItem","position":1,"name":"Inici","item":"https:\/\/www.noubarris.net\/web40\/"},{"@type":"ListItem","position":2,"name":"El ve\u00efnat apressa a avan\u00e7ar en el Pla d&#8217;Actuacions per al mandat"}]},{"@type":"WebSite","@id":"https:\/\/www.noubarris.net\/web40\/#website","url":"https:\/\/www.noubarris.net\/web40\/","name":"NouBarris.Net","description":"Seguint la vida de Nou Barris des de 1985","publisher":{"@id":"https:\/\/www.noubarris.net\/web40\/#organization"},"potentialAction":[{"@type":"SearchAction","target":{"@type":"EntryPoint","urlTemplate":"https:\/\/www.noubarris.net\/web40\/?s={search_term_string}"},"query-input":{"@type":"PropertyValueSpecification","valueRequired":true,"valueName":"search_term_string"}}],"inLanguage":"ca"},{"@type":"Organization","@id":"https:\/\/www.noubarris.net\/web40\/#organization","name":"NouBarris.Net","url":"https:\/\/www.noubarris.net\/web40\/","logo":{"@type":"ImageObject","inLanguage":"ca","@id":"https:\/\/www.noubarris.net\/web40\/#\/schema\/logo\/image\/","url":"https:\/\/www.noubarris.net\/web40\/wp-content\/uploads\/2024\/11\/cropped-cropped-LOGO_9BTV-2024_Insta-1.jpg","contentUrl":"https:\/\/www.noubarris.net\/web40\/wp-content\/uploads\/2024\/11\/cropped-cropped-LOGO_9BTV-2024_Insta-1.jpg","width":512,"height":512,"caption":"NouBarris.Net"},"image":{"@id":"https:\/\/www.noubarris.net\/web40\/#\/schema\/logo\/image\/"},"sameAs":["https:\/\/www.facebook.com\/NouBarris.net\/?locale=es_ES","https:\/\/x.com\/9BTV"]},{"@type":"Person","@id":"https:\/\/www.noubarris.net\/web40\/#\/schema\/person\/1827f92aaa316c54abbf4dac0de76069","name":"Informatius","image":{"@type":"ImageObject","inLanguage":"ca","@id":"https:\/\/www.noubarris.net\/web40\/#\/schema\/person\/image\/","url":"https:\/\/secure.gravatar.com\/avatar\/87a3b47928835fc72c6ee5b0e1a7263ef0c2d05003a98189bc14926c5f11bcdb?s=96&d=mm&r=g","contentUrl":"https:\/\/secure.gravatar.com\/avatar\/87a3b47928835fc72c6ee5b0e1a7263ef0c2d05003a98189bc14926c5f11bcdb?s=96&d=mm&r=g","caption":"Informatius"},"url":"https:\/\/www.noubarris.net\/web40\/author\/tele\/"}]}},"_links":{"self":[{"href":"https:\/\/www.noubarris.net\/web40\/wp-json\/wp\/v2\/posts\/82453","targetHints":{"allow":["GET"]}}],"collection":[{"href":"https:\/\/www.noubarris.net\/web40\/wp-json\/wp\/v2\/posts"}],"about":[{"href":"https:\/\/www.noubarris.net\/web40\/wp-json\/wp\/v2\/types\/post"}],"author":[{"embeddable":true,"href":"https:\/\/www.noubarris.net\/web40\/wp-json\/wp\/v2\/users\/2"}],"replies":[{"embeddable":true,"href":"https:\/\/www.noubarris.net\/web40\/wp-json\/wp\/v2\/comments?post=82453"}],"version-history":[{"count":1,"href":"https:\/\/www.noubarris.net\/web40\/wp-json\/wp\/v2\/posts\/82453\/revisions"}],"predecessor-version":[{"id":82455,"href":"https:\/\/www.noubarris.net\/web40\/wp-json\/wp\/v2\/posts\/82453\/revisions\/82455"}],"wp:featuredmedia":[{"embeddable":true,"href":"https:\/\/www.noubarris.net\/web40\/wp-json\/wp\/v2\/media\/82262"}],"wp:attachment":[{"href":"https:\/\/www.noubarris.net\/web40\/wp-json\/wp\/v2\/media?parent=82453"}],"wp:term":[{"taxonomy":"category","embeddable":true,"href":"https:\/\/www.noubarris.net\/web40\/wp-json\/wp\/v2\/categories?post=82453"},{"taxonomy":"post_tag","embeddable":true,"href":"https:\/\/www.noubarris.net\/web40\/wp-json\/wp\/v2\/tags?post=82453"}],"curies":[{"name":"wp","href":"https:\/\/api.w.org\/{rel}","templated":true}]}}