{"id":82462,"date":"2024-03-15T00:00:18","date_gmt":"2024-03-14T22:00:18","guid":{"rendered":"http:\/\/www.noubarris.net\/web40\/?p=82462"},"modified":"2024-03-13T20:34:40","modified_gmt":"2024-03-13T18:34:40","slug":"el-ple-aprova-premiar-amb-la-medalla-dhonor-de-la-ciutat-a-la-pastisseria-roquetas-i-el-cd-torre-baro","status":"publish","type":"post","link":"https:\/\/www.noubarris.net\/web40\/el-ple-aprova-premiar-amb-la-medalla-dhonor-de-la-ciutat-a-la-pastisseria-roquetas-i-el-cd-torre-baro\/","title":{"rendered":"El Ple aprova premiar amb la Medalla d&#8217;Honor de la Ciutat a la Pastisseria Roquetas i el CD Torre Bar\u00f3"},"content":{"rendered":"<p><strong>Govern i oposici\u00f3 van lloar la tradici\u00f3 del comer\u00e7 de proximitat, i el coratge i perseveran\u00e7a del club de persones amb diversitat funcional<\/strong><\/p>\n<p>Les sis hores del plenari de dilluns va donar per a molts titulars, entre ells, les dues candidatures que rebran la Medalla d&#8217;Honor de la Ciutat aquest any per part del districte\u00a0 Nou Barris. Enguany s&#8217;han triat per unanimitat, cosa que va voler posar en valor el regidor de Nou Barris, Xavier Marc\u00e9 i s\u00f3n la Pastisseria Roquetas i el Club Deportivo Torre Bar\u00f3.<\/p>\n<p>La Pastisseria Roquetes, situada tot i el nom al carrer de Joaquim Valls de la Prosperitat, va ser destacada per la seva tradici\u00f3 com a comer\u00e7 de proximitat. Representants dels diversos partits van lloar la qualitat dels seus productes i l&#8217;arrelament al barri, havent-se convertit en un referent dol\u00e7, especialment per als m\u00e9s matiners. A m\u00e9s, es va apuntar tamb\u00e9 la seva relaci\u00f3 i suport al Muntanyesa.<\/p>\n<p>Per la seva banda, el Club Deportivo Torre Bar\u00f3 <span lang=\"CA\">va n\u00e9ixer al 1992 i est\u00e0 format per equips de nois i noies amb diversitat funcional f\u00edsica i intel\u00b7lectual. En tot aquest temps han hagut de superar situacions molt complicades i crisis, sobretot per la manca de recursos, per\u00f2 sempre han amantingut un gran nivell competitiu. De fet, el representant del club que va assistir a la sessi\u00f3 del Consell Plenari aquest dilluns va presumir que, malgrat tot, els darrers sis anys han estat quatre cops campions de Catalunya. Els elogis dels partits cap al club van anar dirigits cap a la generositat i esfor\u00e7 d&#8217;una tasca social i esportiva que van qualificar &#8220;d&#8217;espectacular&#8221;.<\/span><\/p>\n","protected":false},"excerpt":{"rendered":"<p>Govern i oposici\u00f3 van lloar la tradici\u00f3 del comer\u00e7 de proximitat, i el coratge i perseveran\u00e7a del club de persones<\/p>\n","protected":false},"author":2,"featured_media":82463,"comment_status":"closed","ping_status":"closed","sticky":false,"template":"","format":"standard","meta":{"colormag_page_layout":"default_layout","_monsterinsights_skip_tracking":false,"_monsterinsights_sitenote_active":false,"_monsterinsights_sitenote_note":"","_monsterinsights_sitenote_category":0,"footnotes":""},"categories":[447,1],"tags":[609],"class_list":["post-82462","post","type-post","status-publish","format-standard","has-post-thumbnail","hentry","category-audiencia-publica-i-plenari","category-nou-barris","tag-medalla-dhonor"],"yoast_head":"<!-- This site is optimized with the Yoast SEO plugin v25.3 - https:\/\/yoast.com\/wordpress\/plugins\/seo\/ -->\n<title>El Ple aprova premiar amb la Medalla d&#039;Honor de la Ciutat a la Pastisseria Roquetas i el CD Torre Bar\u00f3 - NouBarris.Net<\/title>\n<meta name=\"robots\" content=\"index, follow, max-snippet:-1, max-image-preview:large, max-video-preview:-1\" \/>\n<link rel=\"canonical\" href=\"https:\/\/www.noubarris.net\/web40\/el-ple-aprova-premiar-amb-la-medalla-dhonor-de-la-ciutat-a-la-pastisseria-roquetas-i-el-cd-torre-baro\/\" \/>\n<meta property=\"og:locale\" content=\"ca_ES\" \/>\n<meta property=\"og:type\" content=\"article\" \/>\n<meta property=\"og:title\" content=\"El Ple aprova premiar amb la Medalla d&#039;Honor de la Ciutat a la Pastisseria Roquetas i el CD Torre Bar\u00f3 - NouBarris.Net\" \/>\n<meta property=\"og:description\" content=\"Govern i oposici\u00f3 van lloar la tradici\u00f3 del comer\u00e7 de proximitat, i el coratge i perseveran\u00e7a del club de persones\" \/>\n<meta property=\"og:url\" content=\"https:\/\/www.noubarris.net\/web40\/el-ple-aprova-premiar-amb-la-medalla-dhonor-de-la-ciutat-a-la-pastisseria-roquetas-i-el-cd-torre-baro\/\" \/>\n<meta property=\"og:site_name\" content=\"NouBarris.Net\" \/>\n<meta property=\"article:publisher\" content=\"https:\/\/www.facebook.com\/NouBarris.net\/?locale=es_ES\" \/>\n<meta property=\"article:published_time\" content=\"2024-03-14T22:00:18+00:00\" \/>\n<meta property=\"og:image\" content=\"https:\/\/www.noubarris.net\/web40\/wp-content\/uploads\/2024\/03\/150324.jpg\" \/>\n\t<meta property=\"og:image:width\" content=\"768\" \/>\n\t<meta property=\"og:image:height\" content=\"432\" \/>\n\t<meta property=\"og:image:type\" content=\"image\/jpeg\" \/>\n<meta name=\"author\" content=\"Informatius\" \/>\n<meta name=\"twitter:card\" content=\"summary_large_image\" \/>\n<meta name=\"twitter:creator\" content=\"@9BTV\" \/>\n<meta name=\"twitter:site\" content=\"@9BTV\" \/>\n<meta name=\"twitter:label1\" content=\"Escrit per\" \/>\n\t<meta name=\"twitter:data1\" content=\"Informatius\" \/>\n\t<meta name=\"twitter:label2\" content=\"Temps estimat de lectura\" \/>\n\t<meta name=\"twitter:data2\" content=\"2 minuts\" \/>\n<script type=\"application\/ld+json\" class=\"yoast-schema-graph\">{\"@context\":\"https:\/\/schema.org\",\"@graph\":[{\"@type\":\"Article\",\"@id\":\"https:\/\/www.noubarris.net\/web40\/el-ple-aprova-premiar-amb-la-medalla-dhonor-de-la-ciutat-a-la-pastisseria-roquetas-i-el-cd-torre-baro\/#article\",\"isPartOf\":{\"@id\":\"https:\/\/www.noubarris.net\/web40\/el-ple-aprova-premiar-amb-la-medalla-dhonor-de-la-ciutat-a-la-pastisseria-roquetas-i-el-cd-torre-baro\/\"},\"author\":{\"name\":\"Informatius\",\"@id\":\"https:\/\/www.noubarris.net\/web40\/#\/schema\/person\/1827f92aaa316c54abbf4dac0de76069\"},\"headline\":\"El Ple aprova premiar amb la Medalla d&#8217;Honor de la Ciutat a la Pastisseria Roquetas i el CD Torre Bar\u00f3\",\"datePublished\":\"2024-03-14T22:00:18+00:00\",\"mainEntityOfPage\":{\"@id\":\"https:\/\/www.noubarris.net\/web40\/el-ple-aprova-premiar-amb-la-medalla-dhonor-de-la-ciutat-a-la-pastisseria-roquetas-i-el-cd-torre-baro\/\"},\"wordCount\":299,\"publisher\":{\"@id\":\"https:\/\/www.noubarris.net\/web40\/#organization\"},\"image\":{\"@id\":\"https:\/\/www.noubarris.net\/web40\/el-ple-aprova-premiar-amb-la-medalla-dhonor-de-la-ciutat-a-la-pastisseria-roquetas-i-el-cd-torre-baro\/#primaryimage\"},\"thumbnailUrl\":\"https:\/\/www.noubarris.net\/web40\/wp-content\/uploads\/2024\/03\/150324.jpg\",\"keywords\":[\"medalla d'honor\"],\"articleSection\":[\"Audi\u00e8ncia p\u00fablica i Plenari\",\"Nou Barris\"],\"inLanguage\":\"ca\"},{\"@type\":\"WebPage\",\"@id\":\"https:\/\/www.noubarris.net\/web40\/el-ple-aprova-premiar-amb-la-medalla-dhonor-de-la-ciutat-a-la-pastisseria-roquetas-i-el-cd-torre-baro\/\",\"url\":\"https:\/\/www.noubarris.net\/web40\/el-ple-aprova-premiar-amb-la-medalla-dhonor-de-la-ciutat-a-la-pastisseria-roquetas-i-el-cd-torre-baro\/\",\"name\":\"El Ple aprova premiar amb la Medalla d'Honor de la Ciutat a la Pastisseria Roquetas i el CD Torre Bar\u00f3 - NouBarris.Net\",\"isPartOf\":{\"@id\":\"https:\/\/www.noubarris.net\/web40\/#website\"},\"primaryImageOfPage\":{\"@id\":\"https:\/\/www.noubarris.net\/web40\/el-ple-aprova-premiar-amb-la-medalla-dhonor-de-la-ciutat-a-la-pastisseria-roquetas-i-el-cd-torre-baro\/#primaryimage\"},\"image\":{\"@id\":\"https:\/\/www.noubarris.net\/web40\/el-ple-aprova-premiar-amb-la-medalla-dhonor-de-la-ciutat-a-la-pastisseria-roquetas-i-el-cd-torre-baro\/#primaryimage\"},\"thumbnailUrl\":\"https:\/\/www.noubarris.net\/web40\/wp-content\/uploads\/2024\/03\/150324.jpg\",\"datePublished\":\"2024-03-14T22:00:18+00:00\",\"breadcrumb\":{\"@id\":\"https:\/\/www.noubarris.net\/web40\/el-ple-aprova-premiar-amb-la-medalla-dhonor-de-la-ciutat-a-la-pastisseria-roquetas-i-el-cd-torre-baro\/#breadcrumb\"},\"inLanguage\":\"ca\",\"potentialAction\":[{\"@type\":\"ReadAction\",\"target\":[\"https:\/\/www.noubarris.net\/web40\/el-ple-aprova-premiar-amb-la-medalla-dhonor-de-la-ciutat-a-la-pastisseria-roquetas-i-el-cd-torre-baro\/\"]}]},{\"@type\":\"ImageObject\",\"inLanguage\":\"ca\",\"@id\":\"https:\/\/www.noubarris.net\/web40\/el-ple-aprova-premiar-amb-la-medalla-dhonor-de-la-ciutat-a-la-pastisseria-roquetas-i-el-cd-torre-baro\/#primaryimage\",\"url\":\"https:\/\/www.noubarris.net\/web40\/wp-content\/uploads\/2024\/03\/150324.jpg\",\"contentUrl\":\"https:\/\/www.noubarris.net\/web40\/wp-content\/uploads\/2024\/03\/150324.jpg\",\"width\":768,\"height\":432},{\"@type\":\"BreadcrumbList\",\"@id\":\"https:\/\/www.noubarris.net\/web40\/el-ple-aprova-premiar-amb-la-medalla-dhonor-de-la-ciutat-a-la-pastisseria-roquetas-i-el-cd-torre-baro\/#breadcrumb\",\"itemListElement\":[{\"@type\":\"ListItem\",\"position\":1,\"name\":\"Inici\",\"item\":\"https:\/\/www.noubarris.net\/web40\/\"},{\"@type\":\"ListItem\",\"position\":2,\"name\":\"El Ple aprova premiar amb la Medalla d&#8217;Honor de la Ciutat a la Pastisseria Roquetas i el CD Torre Bar\u00f3\"}]},{\"@type\":\"WebSite\",\"@id\":\"https:\/\/www.noubarris.net\/web40\/#website\",\"url\":\"https:\/\/www.noubarris.net\/web40\/\",\"name\":\"NouBarris.Net\",\"description\":\"Seguint la vida de Nou Barris des de 1985\",\"publisher\":{\"@id\":\"https:\/\/www.noubarris.net\/web40\/#organization\"},\"potentialAction\":[{\"@type\":\"SearchAction\",\"target\":{\"@type\":\"EntryPoint\",\"urlTemplate\":\"https:\/\/www.noubarris.net\/web40\/?s={search_term_string}\"},\"query-input\":{\"@type\":\"PropertyValueSpecification\",\"valueRequired\":true,\"valueName\":\"search_term_string\"}}],\"inLanguage\":\"ca\"},{\"@type\":\"Organization\",\"@id\":\"https:\/\/www.noubarris.net\/web40\/#organization\",\"name\":\"NouBarris.Net\",\"url\":\"https:\/\/www.noubarris.net\/web40\/\",\"logo\":{\"@type\":\"ImageObject\",\"inLanguage\":\"ca\",\"@id\":\"https:\/\/www.noubarris.net\/web40\/#\/schema\/logo\/image\/\",\"url\":\"https:\/\/www.noubarris.net\/web40\/wp-content\/uploads\/2024\/11\/cropped-cropped-LOGO_9BTV-2024_Insta-1.jpg\",\"contentUrl\":\"https:\/\/www.noubarris.net\/web40\/wp-content\/uploads\/2024\/11\/cropped-cropped-LOGO_9BTV-2024_Insta-1.jpg\",\"width\":512,\"height\":512,\"caption\":\"NouBarris.Net\"},\"image\":{\"@id\":\"https:\/\/www.noubarris.net\/web40\/#\/schema\/logo\/image\/\"},\"sameAs\":[\"https:\/\/www.facebook.com\/NouBarris.net\/?locale=es_ES\",\"https:\/\/x.com\/9BTV\"]},{\"@type\":\"Person\",\"@id\":\"https:\/\/www.noubarris.net\/web40\/#\/schema\/person\/1827f92aaa316c54abbf4dac0de76069\",\"name\":\"Informatius\",\"image\":{\"@type\":\"ImageObject\",\"inLanguage\":\"ca\",\"@id\":\"https:\/\/www.noubarris.net\/web40\/#\/schema\/person\/image\/\",\"url\":\"https:\/\/secure.gravatar.com\/avatar\/87a3b47928835fc72c6ee5b0e1a7263ef0c2d05003a98189bc14926c5f11bcdb?s=96&d=mm&r=g\",\"contentUrl\":\"https:\/\/secure.gravatar.com\/avatar\/87a3b47928835fc72c6ee5b0e1a7263ef0c2d05003a98189bc14926c5f11bcdb?s=96&d=mm&r=g\",\"caption\":\"Informatius\"},\"url\":\"https:\/\/www.noubarris.net\/web40\/author\/tele\/\"}]}<\/script>\n<!-- \/ Yoast SEO plugin. -->","yoast_head_json":{"title":"El Ple aprova premiar amb la Medalla d'Honor de la Ciutat a la Pastisseria Roquetas i el CD Torre Bar\u00f3 - NouBarris.Net","robots":{"index":"index","follow":"follow","max-snippet":"max-snippet:-1","max-image-preview":"max-image-preview:large","max-video-preview":"max-video-preview:-1"},"canonical":"https:\/\/www.noubarris.net\/web40\/el-ple-aprova-premiar-amb-la-medalla-dhonor-de-la-ciutat-a-la-pastisseria-roquetas-i-el-cd-torre-baro\/","og_locale":"ca_ES","og_type":"article","og_title":"El Ple aprova premiar amb la Medalla d'Honor de la Ciutat a la Pastisseria Roquetas i el CD Torre Bar\u00f3 - NouBarris.Net","og_description":"Govern i oposici\u00f3 van lloar la tradici\u00f3 del comer\u00e7 de proximitat, i el coratge i perseveran\u00e7a del club de persones","og_url":"https:\/\/www.noubarris.net\/web40\/el-ple-aprova-premiar-amb-la-medalla-dhonor-de-la-ciutat-a-la-pastisseria-roquetas-i-el-cd-torre-baro\/","og_site_name":"NouBarris.Net","article_publisher":"https:\/\/www.facebook.com\/NouBarris.net\/?locale=es_ES","article_published_time":"2024-03-14T22:00:18+00:00","og_image":[{"width":768,"height":432,"url":"https:\/\/www.noubarris.net\/web40\/wp-content\/uploads\/2024\/03\/150324.jpg","type":"image\/jpeg"}],"author":"Informatius","twitter_card":"summary_large_image","twitter_creator":"@9BTV","twitter_site":"@9BTV","twitter_misc":{"Escrit per":"Informatius","Temps estimat de lectura":"2 minuts"},"schema":{"@context":"https:\/\/schema.org","@graph":[{"@type":"Article","@id":"https:\/\/www.noubarris.net\/web40\/el-ple-aprova-premiar-amb-la-medalla-dhonor-de-la-ciutat-a-la-pastisseria-roquetas-i-el-cd-torre-baro\/#article","isPartOf":{"@id":"https:\/\/www.noubarris.net\/web40\/el-ple-aprova-premiar-amb-la-medalla-dhonor-de-la-ciutat-a-la-pastisseria-roquetas-i-el-cd-torre-baro\/"},"author":{"name":"Informatius","@id":"https:\/\/www.noubarris.net\/web40\/#\/schema\/person\/1827f92aaa316c54abbf4dac0de76069"},"headline":"El Ple aprova premiar amb la Medalla d&#8217;Honor de la Ciutat a la Pastisseria Roquetas i el CD Torre Bar\u00f3","datePublished":"2024-03-14T22:00:18+00:00","mainEntityOfPage":{"@id":"https:\/\/www.noubarris.net\/web40\/el-ple-aprova-premiar-amb-la-medalla-dhonor-de-la-ciutat-a-la-pastisseria-roquetas-i-el-cd-torre-baro\/"},"wordCount":299,"publisher":{"@id":"https:\/\/www.noubarris.net\/web40\/#organization"},"image":{"@id":"https:\/\/www.noubarris.net\/web40\/el-ple-aprova-premiar-amb-la-medalla-dhonor-de-la-ciutat-a-la-pastisseria-roquetas-i-el-cd-torre-baro\/#primaryimage"},"thumbnailUrl":"https:\/\/www.noubarris.net\/web40\/wp-content\/uploads\/2024\/03\/150324.jpg","keywords":["medalla d'honor"],"articleSection":["Audi\u00e8ncia p\u00fablica i Plenari","Nou Barris"],"inLanguage":"ca"},{"@type":"WebPage","@id":"https:\/\/www.noubarris.net\/web40\/el-ple-aprova-premiar-amb-la-medalla-dhonor-de-la-ciutat-a-la-pastisseria-roquetas-i-el-cd-torre-baro\/","url":"https:\/\/www.noubarris.net\/web40\/el-ple-aprova-premiar-amb-la-medalla-dhonor-de-la-ciutat-a-la-pastisseria-roquetas-i-el-cd-torre-baro\/","name":"El Ple aprova premiar amb la Medalla d'Honor de la Ciutat a la Pastisseria Roquetas i el CD Torre Bar\u00f3 - NouBarris.Net","isPartOf":{"@id":"https:\/\/www.noubarris.net\/web40\/#website"},"primaryImageOfPage":{"@id":"https:\/\/www.noubarris.net\/web40\/el-ple-aprova-premiar-amb-la-medalla-dhonor-de-la-ciutat-a-la-pastisseria-roquetas-i-el-cd-torre-baro\/#primaryimage"},"image":{"@id":"https:\/\/www.noubarris.net\/web40\/el-ple-aprova-premiar-amb-la-medalla-dhonor-de-la-ciutat-a-la-pastisseria-roquetas-i-el-cd-torre-baro\/#primaryimage"},"thumbnailUrl":"https:\/\/www.noubarris.net\/web40\/wp-content\/uploads\/2024\/03\/150324.jpg","datePublished":"2024-03-14T22:00:18+00:00","breadcrumb":{"@id":"https:\/\/www.noubarris.net\/web40\/el-ple-aprova-premiar-amb-la-medalla-dhonor-de-la-ciutat-a-la-pastisseria-roquetas-i-el-cd-torre-baro\/#breadcrumb"},"inLanguage":"ca","potentialAction":[{"@type":"ReadAction","target":["https:\/\/www.noubarris.net\/web40\/el-ple-aprova-premiar-amb-la-medalla-dhonor-de-la-ciutat-a-la-pastisseria-roquetas-i-el-cd-torre-baro\/"]}]},{"@type":"ImageObject","inLanguage":"ca","@id":"https:\/\/www.noubarris.net\/web40\/el-ple-aprova-premiar-amb-la-medalla-dhonor-de-la-ciutat-a-la-pastisseria-roquetas-i-el-cd-torre-baro\/#primaryimage","url":"https:\/\/www.noubarris.net\/web40\/wp-content\/uploads\/2024\/03\/150324.jpg","contentUrl":"https:\/\/www.noubarris.net\/web40\/wp-content\/uploads\/2024\/03\/150324.jpg","width":768,"height":432},{"@type":"BreadcrumbList","@id":"https:\/\/www.noubarris.net\/web40\/el-ple-aprova-premiar-amb-la-medalla-dhonor-de-la-ciutat-a-la-pastisseria-roquetas-i-el-cd-torre-baro\/#breadcrumb","itemListElement":[{"@type":"ListItem","position":1,"name":"Inici","item":"https:\/\/www.noubarris.net\/web40\/"},{"@type":"ListItem","position":2,"name":"El Ple aprova premiar amb la Medalla d&#8217;Honor de la Ciutat a la Pastisseria Roquetas i el CD Torre Bar\u00f3"}]},{"@type":"WebSite","@id":"https:\/\/www.noubarris.net\/web40\/#website","url":"https:\/\/www.noubarris.net\/web40\/","name":"NouBarris.Net","description":"Seguint la vida de Nou Barris des de 1985","publisher":{"@id":"https:\/\/www.noubarris.net\/web40\/#organization"},"potentialAction":[{"@type":"SearchAction","target":{"@type":"EntryPoint","urlTemplate":"https:\/\/www.noubarris.net\/web40\/?s={search_term_string}"},"query-input":{"@type":"PropertyValueSpecification","valueRequired":true,"valueName":"search_term_string"}}],"inLanguage":"ca"},{"@type":"Organization","@id":"https:\/\/www.noubarris.net\/web40\/#organization","name":"NouBarris.Net","url":"https:\/\/www.noubarris.net\/web40\/","logo":{"@type":"ImageObject","inLanguage":"ca","@id":"https:\/\/www.noubarris.net\/web40\/#\/schema\/logo\/image\/","url":"https:\/\/www.noubarris.net\/web40\/wp-content\/uploads\/2024\/11\/cropped-cropped-LOGO_9BTV-2024_Insta-1.jpg","contentUrl":"https:\/\/www.noubarris.net\/web40\/wp-content\/uploads\/2024\/11\/cropped-cropped-LOGO_9BTV-2024_Insta-1.jpg","width":512,"height":512,"caption":"NouBarris.Net"},"image":{"@id":"https:\/\/www.noubarris.net\/web40\/#\/schema\/logo\/image\/"},"sameAs":["https:\/\/www.facebook.com\/NouBarris.net\/?locale=es_ES","https:\/\/x.com\/9BTV"]},{"@type":"Person","@id":"https:\/\/www.noubarris.net\/web40\/#\/schema\/person\/1827f92aaa316c54abbf4dac0de76069","name":"Informatius","image":{"@type":"ImageObject","inLanguage":"ca","@id":"https:\/\/www.noubarris.net\/web40\/#\/schema\/person\/image\/","url":"https:\/\/secure.gravatar.com\/avatar\/87a3b47928835fc72c6ee5b0e1a7263ef0c2d05003a98189bc14926c5f11bcdb?s=96&d=mm&r=g","contentUrl":"https:\/\/secure.gravatar.com\/avatar\/87a3b47928835fc72c6ee5b0e1a7263ef0c2d05003a98189bc14926c5f11bcdb?s=96&d=mm&r=g","caption":"Informatius"},"url":"https:\/\/www.noubarris.net\/web40\/author\/tele\/"}]}},"_links":{"self":[{"href":"https:\/\/www.noubarris.net\/web40\/wp-json\/wp\/v2\/posts\/82462","targetHints":{"allow":["GET"]}}],"collection":[{"href":"https:\/\/www.noubarris.net\/web40\/wp-json\/wp\/v2\/posts"}],"about":[{"href":"https:\/\/www.noubarris.net\/web40\/wp-json\/wp\/v2\/types\/post"}],"author":[{"embeddable":true,"href":"https:\/\/www.noubarris.net\/web40\/wp-json\/wp\/v2\/users\/2"}],"replies":[{"embeddable":true,"href":"https:\/\/www.noubarris.net\/web40\/wp-json\/wp\/v2\/comments?post=82462"}],"version-history":[{"count":1,"href":"https:\/\/www.noubarris.net\/web40\/wp-json\/wp\/v2\/posts\/82462\/revisions"}],"predecessor-version":[{"id":82464,"href":"https:\/\/www.noubarris.net\/web40\/wp-json\/wp\/v2\/posts\/82462\/revisions\/82464"}],"wp:featuredmedia":[{"embeddable":true,"href":"https:\/\/www.noubarris.net\/web40\/wp-json\/wp\/v2\/media\/82463"}],"wp:attachment":[{"href":"https:\/\/www.noubarris.net\/web40\/wp-json\/wp\/v2\/media?parent=82462"}],"wp:term":[{"taxonomy":"category","embeddable":true,"href":"https:\/\/www.noubarris.net\/web40\/wp-json\/wp\/v2\/categories?post=82462"},{"taxonomy":"post_tag","embeddable":true,"href":"https:\/\/www.noubarris.net\/web40\/wp-json\/wp\/v2\/tags?post=82462"}],"curies":[{"name":"wp","href":"https:\/\/api.w.org\/{rel}","templated":true}]}}