{"id":82470,"date":"2024-03-18T00:00:04","date_gmt":"2024-03-17T22:00:04","guid":{"rendered":"http:\/\/www.noubarris.net\/web40\/?p=82470"},"modified":"2024-04-01T05:16:21","modified_gmt":"2024-04-01T03:16:21","slug":"crit-contra-els-abocadors-historics-a-la-collserola-noubarrienca","status":"publish","type":"post","link":"https:\/\/www.noubarris.net\/web40\/crit-contra-els-abocadors-historics-a-la-collserola-noubarrienca\/","title":{"rendered":"Crit contra els abocadors hist\u00f2rics a la Collserola noubarrienca"},"content":{"rendered":"<p><strong>Una campanya reivindica que es retiri la runa i restes de tot tipus que s&#8217;han acumulat a alguns punts de la serra durant seixanta anys<\/strong><\/p>\n<div style=\"height: 10px;overflow: hidden;\"><a href=\"https:\/\/collegeapparelfan.net\/\"><strong>johnny manziel jersey<\/strong><\/a><br \/>\n<a href=\"http:\/\/floridastateseminolesjersey.net\/\"><strong>fsu football jersey<\/strong><\/a><br \/>\n<a href=\"https:\/\/lsufootballuniform.net\/\"><strong>custom football jerseys<\/strong><\/a><br \/>\n<a href=\"https:\/\/collegebeststore.net\/\"><strong>micah parsons jersey<\/strong><\/a><br \/>\n<a href=\"https:\/\/floridastateseminolesjerseys.net\/\"><strong>Florida state seminars jerseys<\/strong><\/a><br \/>\n<a href=\"https:\/\/ohiostateshoponline.com\/\"><strong>Ohio State Team Jersey<\/strong><\/a><br \/>\n<a href=\"https:\/\/ohiostateshoponline.com\/\"><strong>Ohio State Team Jersey<\/strong><\/a><br \/>\n<a href=\"https:\/\/floridastateseminolesjerseys.net\/\"><strong>Florida state seminars jerseys<\/strong><\/a><br \/>\n<a href=\"https:\/\/asujerseysonline.com\/\"><strong>detroit lions jersey<\/strong><\/a><br \/>\n<a href=\"https:\/\/ohiostateshoponline.com\/\"><strong>Ohio State Team Jersey<\/strong><\/a><br \/>\n<a href=\"https:\/\/teamsjerseycollege.com\/\"><strong>49ers jersey<\/strong><\/a><br \/>\n<a href=\"https:\/\/asujerseysonline.com\/\"><strong>detroit lions jersey<\/strong><\/a><br \/>\n<a href=\"https:\/\/collegeprostores.com\/\"><strong>brock bowers jersey<\/strong><\/a><br \/>\n<a href=\"https:\/\/ohiostateshoponline.com\/\"><strong>Ohio State Team Jersey<\/strong><\/a><br \/>\n<a href=\"https:\/\/lsufootballuniform.net\/\"><strong>custom football jerseys<\/strong><\/a>\n<\/div>\n<p>Als anys seixanta no era extrany que camions plens de runa, cer\u00e0mica, fibrociment o qualsevol altre tipus d&#8217;objectes pug\u00e9s per la carretera Alta de les Roquetes i llenc\u00e9s muntanya avall tots aquests residus. Solia ser en marges una mica amagats per\u00f2 no gaire lluny d&#8217;on comen\u00e7a la ciutat, i m\u00e9s concretament Canyelles i les Roquetes. Durant anys aquesta pr\u00e0ctiques van anar embrutant els l\u00edmits de Collserola i ara una campanya ciutadana reivindica que l&#8217;Ajuntament netegi i descontamini aquestes zones d&#8217;aquest material de construcci\u00f3 i altres objectes, ja que hi han trobat rentadores, motos, cadires o, fins i tot, un tros de cotxe.<\/p>\n<p>Aquesta campanya s&#8217;ha originat a partir del grup excursionista del casal 3 Voltes Rebel i la intenci\u00f3 \u00e9s anar sumant cada cop m\u00e9s associacions. &#8220;Hem de dir prou i hem de reprendre les lluites dels anys 80 quan diverses entitats varen dur a terme acampades per denunciar la degradaci\u00f3 del Parc Natural de Collserola. Cal denunciar les administracions, Generalitat, Diputaci\u00f3, Ajuntament i Consorci del Parc de Collserola. Tamb\u00e9 empreses propiet\u00e0ries d\u2019importants parcel\u00b7les i que les tenen es estat deplorable com el Patronat de l\u2019Hospital de Sant Pau propietari la Font de Santa Eul\u00e0lia. I no oblidem les companyies el\u00e8ctriques que instal\u00b7len les torres d\u2019alta tensi\u00f3 sense cap consideraci\u00f3 pel territori i que sovint deixen restes d\u2019a\u00efllants de vidre o porcellana escampats per la muntanya.&#8221;, asseguren en un escrit.<\/p>\n<p>Un cop neta dels abocadors que han localitzat, demanen que siguin zones de transici\u00f3 amable entre la serra i els barris. &#8220;Per\u00f2 no volem que aix\u00f2 serveixi per gentrificar, com ha passat a altres llocs, com per exemple al Carmel. Ha de ser un espai digne per al ve\u00efns i ve\u00efnes&#8221;, afirma Ivan Patrici, un dels impulsors de la campanya.<\/p>\n<p><strong>La q\u00fcesti\u00f3 arriba al ple i Districte anuncia que netejar\u00e0 els abocadors<\/strong><\/p>\n<p>Dilluns passat el tema va arribar al plenari en un prec del PP en qu\u00e8 es reclamava l&#8217;eliminaci\u00f3 dels abocadors, i des de la campanya es a aprofitar per fer sentir les seves demandes: &#8220;Al carrer de Llobera, l&#8217;abocador \u00e9s dins de la ciutat. El de sobre aparcament de Canyelles tamb\u00e9 \u00e9s dins la ciutat. Hi ha feina molt gran per fer, i l&#8217;ha de fer gent formada, perqu\u00e8 s&#8217;ha de recollir runa,\u00a0 tones i tones, entre ella molta d\u2019obra p\u00fablica p\u00fablica, hi hem trobar panots; i tamb\u00e9 restes que va abandonar l&#8217;hospital de Sant Ll\u00e0tzer a la vessant de Nou Barris &#8211; va indicar Ignasi Hosta, altre dels impulsors- I s&#8217;ha de fer el tractament correcte de materials com el fibrociment&#8221;.<\/p>\n<p>Per part de Districte, es va acceptar la petici\u00f3 de netejar els abocadors i el regidor Xavier Marc\u00e9 va explicar que han comen\u00e7at a localitzar els abocadors i a identificar si pertanyen a un privat o b\u00e9 s\u00f3n responsabilitat de l&#8217;Ajuntament o el Parc de Collserola. En tot cas, Marc\u00e9 va assegurar que l&#8217;Ajuntament es faria c\u00e0rrec &#8220;perqu\u00e8 \u00e9s l&#8217;unica manera de posar-hi soluci\u00f3&#8221;, tot dient que la situaci\u00f3 de brut\u00edcia en aquests punts era inacceptable.<\/p>\n<p>La campanya Collserola sense abocadors va acollir la resposta amb recel i est\u00e0 decidida a continuar amb les reivindicacions fins que es faci realitat. Aquests dies s&#8217;est\u00e0 reunint amb altres entitats i preveu fer accions properament. Temen que la burocr\u00e0cia de planificar i contractar pugui allargar en exc\u00e9s la situaci\u00f3.<\/p>\n<p>&nbsp;<\/p>\n","protected":false},"excerpt":{"rendered":"<p>Una campanya reivindica que es retiri la runa i restes de tot tipus que s&#8217;han acumulat a alguns punts de<\/p>\n","protected":false},"author":2,"featured_media":82472,"comment_status":"closed","ping_status":"closed","sticky":false,"template":"","format":"standard","meta":{"colormag_page_layout":"default_layout","_monsterinsights_skip_tracking":false,"_monsterinsights_sitenote_active":false,"_monsterinsights_sitenote_note":"","_monsterinsights_sitenote_category":0,"footnotes":""},"categories":[131,136],"tags":[351],"class_list":["post-82470","post","type-post","status-publish","format-standard","has-post-thumbnail","hentry","category-canyelles","category-les-roquetes","tag-collserola"],"yoast_head":"<!-- This site is optimized with the Yoast SEO plugin v25.3 - https:\/\/yoast.com\/wordpress\/plugins\/seo\/ -->\n<title>Crit contra els abocadors hist\u00f2rics a la Collserola noubarrienca - NouBarris.Net<\/title>\n<meta name=\"robots\" content=\"index, follow, max-snippet:-1, max-image-preview:large, max-video-preview:-1\" \/>\n<link rel=\"canonical\" href=\"https:\/\/www.noubarris.net\/web40\/crit-contra-els-abocadors-historics-a-la-collserola-noubarrienca\/\" \/>\n<meta property=\"og:locale\" content=\"ca_ES\" \/>\n<meta property=\"og:type\" content=\"article\" \/>\n<meta property=\"og:title\" content=\"Crit contra els abocadors hist\u00f2rics a la Collserola noubarrienca - NouBarris.Net\" \/>\n<meta property=\"og:description\" content=\"Una campanya reivindica que es retiri la runa i restes de tot tipus que s&#8217;han acumulat a alguns punts de\" \/>\n<meta property=\"og:url\" content=\"https:\/\/www.noubarris.net\/web40\/crit-contra-els-abocadors-historics-a-la-collserola-noubarrienca\/\" \/>\n<meta property=\"og:site_name\" content=\"NouBarris.Net\" \/>\n<meta property=\"article:publisher\" content=\"https:\/\/www.facebook.com\/NouBarris.net\/?locale=es_ES\" \/>\n<meta property=\"article:published_time\" content=\"2024-03-17T22:00:04+00:00\" \/>\n<meta property=\"article:modified_time\" content=\"2024-04-01T03:16:21+00:00\" \/>\n<meta property=\"og:image\" content=\"https:\/\/www.noubarris.net\/web40\/wp-content\/uploads\/2024\/03\/abocador-collserola.jpg\" \/>\n\t<meta property=\"og:image:width\" content=\"768\" \/>\n\t<meta property=\"og:image:height\" content=\"432\" \/>\n\t<meta property=\"og:image:type\" content=\"image\/jpeg\" \/>\n<meta name=\"author\" content=\"Informatius\" \/>\n<meta name=\"twitter:card\" content=\"summary_large_image\" \/>\n<meta name=\"twitter:creator\" content=\"@9BTV\" \/>\n<meta name=\"twitter:site\" content=\"@9BTV\" \/>\n<meta name=\"twitter:label1\" content=\"Escrit per\" \/>\n\t<meta name=\"twitter:data1\" content=\"Informatius\" \/>\n\t<meta name=\"twitter:label2\" content=\"Temps estimat de lectura\" \/>\n\t<meta name=\"twitter:data2\" content=\"4 minuts\" \/>\n<script type=\"application\/ld+json\" class=\"yoast-schema-graph\">{\"@context\":\"https:\/\/schema.org\",\"@graph\":[{\"@type\":\"Article\",\"@id\":\"https:\/\/www.noubarris.net\/web40\/crit-contra-els-abocadors-historics-a-la-collserola-noubarrienca\/#article\",\"isPartOf\":{\"@id\":\"https:\/\/www.noubarris.net\/web40\/crit-contra-els-abocadors-historics-a-la-collserola-noubarrienca\/\"},\"author\":{\"name\":\"Informatius\",\"@id\":\"https:\/\/www.noubarris.net\/web40\/#\/schema\/person\/1827f92aaa316c54abbf4dac0de76069\"},\"headline\":\"Crit contra els abocadors hist\u00f2rics a la Collserola noubarrienca\",\"datePublished\":\"2024-03-17T22:00:04+00:00\",\"dateModified\":\"2024-04-01T03:16:21+00:00\",\"mainEntityOfPage\":{\"@id\":\"https:\/\/www.noubarris.net\/web40\/crit-contra-els-abocadors-historics-a-la-collserola-noubarrienca\/\"},\"wordCount\":681,\"publisher\":{\"@id\":\"https:\/\/www.noubarris.net\/web40\/#organization\"},\"image\":{\"@id\":\"https:\/\/www.noubarris.net\/web40\/crit-contra-els-abocadors-historics-a-la-collserola-noubarrienca\/#primaryimage\"},\"thumbnailUrl\":\"https:\/\/www.noubarris.net\/web40\/wp-content\/uploads\/2024\/03\/abocador-collserola.jpg\",\"keywords\":[\"Collserola\"],\"articleSection\":[\"Canyelles\",\"Les Roquetes\"],\"inLanguage\":\"ca\"},{\"@type\":\"WebPage\",\"@id\":\"https:\/\/www.noubarris.net\/web40\/crit-contra-els-abocadors-historics-a-la-collserola-noubarrienca\/\",\"url\":\"https:\/\/www.noubarris.net\/web40\/crit-contra-els-abocadors-historics-a-la-collserola-noubarrienca\/\",\"name\":\"Crit contra els abocadors hist\u00f2rics a la Collserola noubarrienca - NouBarris.Net\",\"isPartOf\":{\"@id\":\"https:\/\/www.noubarris.net\/web40\/#website\"},\"primaryImageOfPage\":{\"@id\":\"https:\/\/www.noubarris.net\/web40\/crit-contra-els-abocadors-historics-a-la-collserola-noubarrienca\/#primaryimage\"},\"image\":{\"@id\":\"https:\/\/www.noubarris.net\/web40\/crit-contra-els-abocadors-historics-a-la-collserola-noubarrienca\/#primaryimage\"},\"thumbnailUrl\":\"https:\/\/www.noubarris.net\/web40\/wp-content\/uploads\/2024\/03\/abocador-collserola.jpg\",\"datePublished\":\"2024-03-17T22:00:04+00:00\",\"dateModified\":\"2024-04-01T03:16:21+00:00\",\"breadcrumb\":{\"@id\":\"https:\/\/www.noubarris.net\/web40\/crit-contra-els-abocadors-historics-a-la-collserola-noubarrienca\/#breadcrumb\"},\"inLanguage\":\"ca\",\"potentialAction\":[{\"@type\":\"ReadAction\",\"target\":[\"https:\/\/www.noubarris.net\/web40\/crit-contra-els-abocadors-historics-a-la-collserola-noubarrienca\/\"]}]},{\"@type\":\"ImageObject\",\"inLanguage\":\"ca\",\"@id\":\"https:\/\/www.noubarris.net\/web40\/crit-contra-els-abocadors-historics-a-la-collserola-noubarrienca\/#primaryimage\",\"url\":\"https:\/\/www.noubarris.net\/web40\/wp-content\/uploads\/2024\/03\/abocador-collserola.jpg\",\"contentUrl\":\"https:\/\/www.noubarris.net\/web40\/wp-content\/uploads\/2024\/03\/abocador-collserola.jpg\",\"width\":768,\"height\":432},{\"@type\":\"BreadcrumbList\",\"@id\":\"https:\/\/www.noubarris.net\/web40\/crit-contra-els-abocadors-historics-a-la-collserola-noubarrienca\/#breadcrumb\",\"itemListElement\":[{\"@type\":\"ListItem\",\"position\":1,\"name\":\"Inici\",\"item\":\"https:\/\/www.noubarris.net\/web40\/\"},{\"@type\":\"ListItem\",\"position\":2,\"name\":\"Crit contra els abocadors hist\u00f2rics a la Collserola noubarrienca\"}]},{\"@type\":\"WebSite\",\"@id\":\"https:\/\/www.noubarris.net\/web40\/#website\",\"url\":\"https:\/\/www.noubarris.net\/web40\/\",\"name\":\"NouBarris.Net\",\"description\":\"Seguint la vida de Nou Barris des de 1985\",\"publisher\":{\"@id\":\"https:\/\/www.noubarris.net\/web40\/#organization\"},\"potentialAction\":[{\"@type\":\"SearchAction\",\"target\":{\"@type\":\"EntryPoint\",\"urlTemplate\":\"https:\/\/www.noubarris.net\/web40\/?s={search_term_string}\"},\"query-input\":{\"@type\":\"PropertyValueSpecification\",\"valueRequired\":true,\"valueName\":\"search_term_string\"}}],\"inLanguage\":\"ca\"},{\"@type\":\"Organization\",\"@id\":\"https:\/\/www.noubarris.net\/web40\/#organization\",\"name\":\"NouBarris.Net\",\"url\":\"https:\/\/www.noubarris.net\/web40\/\",\"logo\":{\"@type\":\"ImageObject\",\"inLanguage\":\"ca\",\"@id\":\"https:\/\/www.noubarris.net\/web40\/#\/schema\/logo\/image\/\",\"url\":\"https:\/\/www.noubarris.net\/web40\/wp-content\/uploads\/2024\/11\/cropped-cropped-LOGO_9BTV-2024_Insta-1.jpg\",\"contentUrl\":\"https:\/\/www.noubarris.net\/web40\/wp-content\/uploads\/2024\/11\/cropped-cropped-LOGO_9BTV-2024_Insta-1.jpg\",\"width\":512,\"height\":512,\"caption\":\"NouBarris.Net\"},\"image\":{\"@id\":\"https:\/\/www.noubarris.net\/web40\/#\/schema\/logo\/image\/\"},\"sameAs\":[\"https:\/\/www.facebook.com\/NouBarris.net\/?locale=es_ES\",\"https:\/\/x.com\/9BTV\"]},{\"@type\":\"Person\",\"@id\":\"https:\/\/www.noubarris.net\/web40\/#\/schema\/person\/1827f92aaa316c54abbf4dac0de76069\",\"name\":\"Informatius\",\"image\":{\"@type\":\"ImageObject\",\"inLanguage\":\"ca\",\"@id\":\"https:\/\/www.noubarris.net\/web40\/#\/schema\/person\/image\/\",\"url\":\"https:\/\/secure.gravatar.com\/avatar\/87a3b47928835fc72c6ee5b0e1a7263ef0c2d05003a98189bc14926c5f11bcdb?s=96&d=mm&r=g\",\"contentUrl\":\"https:\/\/secure.gravatar.com\/avatar\/87a3b47928835fc72c6ee5b0e1a7263ef0c2d05003a98189bc14926c5f11bcdb?s=96&d=mm&r=g\",\"caption\":\"Informatius\"},\"url\":\"https:\/\/www.noubarris.net\/web40\/author\/tele\/\"}]}<\/script>\n<!-- \/ Yoast SEO plugin. -->","yoast_head_json":{"title":"Crit contra els abocadors hist\u00f2rics a la Collserola noubarrienca - NouBarris.Net","robots":{"index":"index","follow":"follow","max-snippet":"max-snippet:-1","max-image-preview":"max-image-preview:large","max-video-preview":"max-video-preview:-1"},"canonical":"https:\/\/www.noubarris.net\/web40\/crit-contra-els-abocadors-historics-a-la-collserola-noubarrienca\/","og_locale":"ca_ES","og_type":"article","og_title":"Crit contra els abocadors hist\u00f2rics a la Collserola noubarrienca - NouBarris.Net","og_description":"Una campanya reivindica que es retiri la runa i restes de tot tipus que s&#8217;han acumulat a alguns punts de","og_url":"https:\/\/www.noubarris.net\/web40\/crit-contra-els-abocadors-historics-a-la-collserola-noubarrienca\/","og_site_name":"NouBarris.Net","article_publisher":"https:\/\/www.facebook.com\/NouBarris.net\/?locale=es_ES","article_published_time":"2024-03-17T22:00:04+00:00","article_modified_time":"2024-04-01T03:16:21+00:00","og_image":[{"width":768,"height":432,"url":"https:\/\/www.noubarris.net\/web40\/wp-content\/uploads\/2024\/03\/abocador-collserola.jpg","type":"image\/jpeg"}],"author":"Informatius","twitter_card":"summary_large_image","twitter_creator":"@9BTV","twitter_site":"@9BTV","twitter_misc":{"Escrit per":"Informatius","Temps estimat de lectura":"4 minuts"},"schema":{"@context":"https:\/\/schema.org","@graph":[{"@type":"Article","@id":"https:\/\/www.noubarris.net\/web40\/crit-contra-els-abocadors-historics-a-la-collserola-noubarrienca\/#article","isPartOf":{"@id":"https:\/\/www.noubarris.net\/web40\/crit-contra-els-abocadors-historics-a-la-collserola-noubarrienca\/"},"author":{"name":"Informatius","@id":"https:\/\/www.noubarris.net\/web40\/#\/schema\/person\/1827f92aaa316c54abbf4dac0de76069"},"headline":"Crit contra els abocadors hist\u00f2rics a la Collserola noubarrienca","datePublished":"2024-03-17T22:00:04+00:00","dateModified":"2024-04-01T03:16:21+00:00","mainEntityOfPage":{"@id":"https:\/\/www.noubarris.net\/web40\/crit-contra-els-abocadors-historics-a-la-collserola-noubarrienca\/"},"wordCount":681,"publisher":{"@id":"https:\/\/www.noubarris.net\/web40\/#organization"},"image":{"@id":"https:\/\/www.noubarris.net\/web40\/crit-contra-els-abocadors-historics-a-la-collserola-noubarrienca\/#primaryimage"},"thumbnailUrl":"https:\/\/www.noubarris.net\/web40\/wp-content\/uploads\/2024\/03\/abocador-collserola.jpg","keywords":["Collserola"],"articleSection":["Canyelles","Les Roquetes"],"inLanguage":"ca"},{"@type":"WebPage","@id":"https:\/\/www.noubarris.net\/web40\/crit-contra-els-abocadors-historics-a-la-collserola-noubarrienca\/","url":"https:\/\/www.noubarris.net\/web40\/crit-contra-els-abocadors-historics-a-la-collserola-noubarrienca\/","name":"Crit contra els abocadors hist\u00f2rics a la Collserola noubarrienca - NouBarris.Net","isPartOf":{"@id":"https:\/\/www.noubarris.net\/web40\/#website"},"primaryImageOfPage":{"@id":"https:\/\/www.noubarris.net\/web40\/crit-contra-els-abocadors-historics-a-la-collserola-noubarrienca\/#primaryimage"},"image":{"@id":"https:\/\/www.noubarris.net\/web40\/crit-contra-els-abocadors-historics-a-la-collserola-noubarrienca\/#primaryimage"},"thumbnailUrl":"https:\/\/www.noubarris.net\/web40\/wp-content\/uploads\/2024\/03\/abocador-collserola.jpg","datePublished":"2024-03-17T22:00:04+00:00","dateModified":"2024-04-01T03:16:21+00:00","breadcrumb":{"@id":"https:\/\/www.noubarris.net\/web40\/crit-contra-els-abocadors-historics-a-la-collserola-noubarrienca\/#breadcrumb"},"inLanguage":"ca","potentialAction":[{"@type":"ReadAction","target":["https:\/\/www.noubarris.net\/web40\/crit-contra-els-abocadors-historics-a-la-collserola-noubarrienca\/"]}]},{"@type":"ImageObject","inLanguage":"ca","@id":"https:\/\/www.noubarris.net\/web40\/crit-contra-els-abocadors-historics-a-la-collserola-noubarrienca\/#primaryimage","url":"https:\/\/www.noubarris.net\/web40\/wp-content\/uploads\/2024\/03\/abocador-collserola.jpg","contentUrl":"https:\/\/www.noubarris.net\/web40\/wp-content\/uploads\/2024\/03\/abocador-collserola.jpg","width":768,"height":432},{"@type":"BreadcrumbList","@id":"https:\/\/www.noubarris.net\/web40\/crit-contra-els-abocadors-historics-a-la-collserola-noubarrienca\/#breadcrumb","itemListElement":[{"@type":"ListItem","position":1,"name":"Inici","item":"https:\/\/www.noubarris.net\/web40\/"},{"@type":"ListItem","position":2,"name":"Crit contra els abocadors hist\u00f2rics a la Collserola noubarrienca"}]},{"@type":"WebSite","@id":"https:\/\/www.noubarris.net\/web40\/#website","url":"https:\/\/www.noubarris.net\/web40\/","name":"NouBarris.Net","description":"Seguint la vida de Nou Barris des de 1985","publisher":{"@id":"https:\/\/www.noubarris.net\/web40\/#organization"},"potentialAction":[{"@type":"SearchAction","target":{"@type":"EntryPoint","urlTemplate":"https:\/\/www.noubarris.net\/web40\/?s={search_term_string}"},"query-input":{"@type":"PropertyValueSpecification","valueRequired":true,"valueName":"search_term_string"}}],"inLanguage":"ca"},{"@type":"Organization","@id":"https:\/\/www.noubarris.net\/web40\/#organization","name":"NouBarris.Net","url":"https:\/\/www.noubarris.net\/web40\/","logo":{"@type":"ImageObject","inLanguage":"ca","@id":"https:\/\/www.noubarris.net\/web40\/#\/schema\/logo\/image\/","url":"https:\/\/www.noubarris.net\/web40\/wp-content\/uploads\/2024\/11\/cropped-cropped-LOGO_9BTV-2024_Insta-1.jpg","contentUrl":"https:\/\/www.noubarris.net\/web40\/wp-content\/uploads\/2024\/11\/cropped-cropped-LOGO_9BTV-2024_Insta-1.jpg","width":512,"height":512,"caption":"NouBarris.Net"},"image":{"@id":"https:\/\/www.noubarris.net\/web40\/#\/schema\/logo\/image\/"},"sameAs":["https:\/\/www.facebook.com\/NouBarris.net\/?locale=es_ES","https:\/\/x.com\/9BTV"]},{"@type":"Person","@id":"https:\/\/www.noubarris.net\/web40\/#\/schema\/person\/1827f92aaa316c54abbf4dac0de76069","name":"Informatius","image":{"@type":"ImageObject","inLanguage":"ca","@id":"https:\/\/www.noubarris.net\/web40\/#\/schema\/person\/image\/","url":"https:\/\/secure.gravatar.com\/avatar\/87a3b47928835fc72c6ee5b0e1a7263ef0c2d05003a98189bc14926c5f11bcdb?s=96&d=mm&r=g","contentUrl":"https:\/\/secure.gravatar.com\/avatar\/87a3b47928835fc72c6ee5b0e1a7263ef0c2d05003a98189bc14926c5f11bcdb?s=96&d=mm&r=g","caption":"Informatius"},"url":"https:\/\/www.noubarris.net\/web40\/author\/tele\/"}]}},"_links":{"self":[{"href":"https:\/\/www.noubarris.net\/web40\/wp-json\/wp\/v2\/posts\/82470","targetHints":{"allow":["GET"]}}],"collection":[{"href":"https:\/\/www.noubarris.net\/web40\/wp-json\/wp\/v2\/posts"}],"about":[{"href":"https:\/\/www.noubarris.net\/web40\/wp-json\/wp\/v2\/types\/post"}],"author":[{"embeddable":true,"href":"https:\/\/www.noubarris.net\/web40\/wp-json\/wp\/v2\/users\/2"}],"replies":[{"embeddable":true,"href":"https:\/\/www.noubarris.net\/web40\/wp-json\/wp\/v2\/comments?post=82470"}],"version-history":[{"count":4,"href":"https:\/\/www.noubarris.net\/web40\/wp-json\/wp\/v2\/posts\/82470\/revisions"}],"predecessor-version":[{"id":82531,"href":"https:\/\/www.noubarris.net\/web40\/wp-json\/wp\/v2\/posts\/82470\/revisions\/82531"}],"wp:featuredmedia":[{"embeddable":true,"href":"https:\/\/www.noubarris.net\/web40\/wp-json\/wp\/v2\/media\/82472"}],"wp:attachment":[{"href":"https:\/\/www.noubarris.net\/web40\/wp-json\/wp\/v2\/media?parent=82470"}],"wp:term":[{"taxonomy":"category","embeddable":true,"href":"https:\/\/www.noubarris.net\/web40\/wp-json\/wp\/v2\/categories?post=82470"},{"taxonomy":"post_tag","embeddable":true,"href":"https:\/\/www.noubarris.net\/web40\/wp-json\/wp\/v2\/tags?post=82470"}],"curies":[{"name":"wp","href":"https:\/\/api.w.org\/{rel}","templated":true}]}}