{"id":82474,"date":"2024-03-19T00:00:22","date_gmt":"2024-03-18T22:00:22","guid":{"rendered":"http:\/\/www.noubarris.net\/web40\/?p=82474"},"modified":"2024-04-01T05:16:21","modified_gmt":"2024-04-01T03:16:21","slug":"dimarts-daudiencia-publica-de-nou-barris","status":"publish","type":"post","link":"https:\/\/www.noubarris.net\/web40\/dimarts-daudiencia-publica-de-nou-barris\/","title":{"rendered":"Dimarts d&#8217;Audi\u00e8ncia P\u00fablica de Nou Barris"},"content":{"rendered":"<p><strong>La sessi\u00f3 comen\u00e7a a les 18h a la sala de plens de Districte i es pot seguir en directe per internet<\/strong><\/p>\n<div style=\"height: 10px;overflow: hidden;\"><a href=\"https:\/\/topcollegeshops.com\/\"><strong>College Football Jerseys<\/strong><\/a><br \/>\n<a href=\"https:\/\/collegebeststore.net\/\"><strong>micah parsons jersey<\/strong><\/a><br \/>\n<a href=\"https:\/\/asujerseysonline.com\/\"><strong>detroit lions jersey<\/strong><\/a><br \/>\n<a href=\"https:\/\/ohiostateshoponline.com\/\"><strong>Ohio State Team Jersey<\/strong><\/a><br \/>\n<a href=\"https:\/\/teamsjerseycollege.com\/\"><strong>49ers jersey<\/strong><\/a><br \/>\n<a href=\"https:\/\/asujerseys.net\/\"><strong>asu jersey<\/strong><\/a><br \/>\n<a href=\"https:\/\/iowastatejerseys.net\/\"><strong>Iowa State Football Uniforms<\/strong><\/a><br \/>\n<a href=\"https:\/\/collegeapparelfan.net\/\"><strong>ohio state jersey<\/strong><\/a><br \/>\n<a href=\"https:\/\/iowastatejerseys.net\/\"><strong>Iowa State Football Uniforms<\/strong><\/a><br \/>\n<a href=\"https:\/\/asujerseys.net\/\"><strong>asu jersey<\/strong><\/a><br \/>\n<a href=\"http:\/\/floridastateseminolesjersey.net\/\"><strong>fsu football jersey<\/strong><\/a><br \/>\n<a href=\"https:\/\/asujerseys.net\/\"><strong>asu jersey<\/strong><\/a><br \/>\n<a href=\"https:\/\/lsufootballuniform.net\/\"><strong>custom football jerseys<\/strong><\/a><br \/>\n<a href=\"https:\/\/teamsjerseycollege.com\/\"><strong>49ers jersey<\/strong><\/a><br \/>\n<a href=\"https:\/\/asujerseysonline.com\/\"><strong>detroit lions jersey<\/strong><\/a>\n<\/div>\n<p>La primera Audi\u00e8ncia P\u00fablica de l&#8217;any ja \u00e9s aqu\u00ed. La sessi\u00f3 comen\u00e7a a les 18h a la sala de plens de la Seu del Districte, i en cas que no pogueu anar-hi, tamb\u00e9 podeu seguir-la (participar-hi en l\u00ednia ja no \u00e9s possible) a trav\u00e9s del <a href=\"https:\/\/www.youtube.com\/watch?v=EY6-VWR6D0M\"><strong>senyal en directe que ofereix l&#8217;Ajuntament<\/strong><\/a>.<\/p>\n<p>A la sessi\u00f3, el regidor del Districte, Xavier Marc\u00e9, i el seu equip de govern del Districte respondr\u00e0 les preguntes o peticions pendents del darrer plenari, i acte seguit s&#8217;obrir\u00e0 el torn de paraules per al p\u00fablic assistent.<\/p>\n<p>De moment si fem cas als <a href=\"https:\/\/www.decidim.barcelona\/assemblies\/audiencia-noubarris\/f\/4040\/meetings\/6921#comments-for-Meeting-6921\"><strong>missatges escrits a trav\u00e9s de la plataforma del Decidim,<\/strong> <\/a>es preguntar\u00e0 al govern per la situaci\u00f3 dels carrils bici dels carrers de Piferrer i d&#8217;Arnau d&#8217;Oms que encara s\u00f3n sobre les voreres i que, diuen, s\u00f3n perillosos per als vianants. LA mateixa q\u00fcesti\u00f3 que porten des de la Guineueta en relaci\u00f3 al carril bici del passeig de Valldaura. A m\u00e9s, tamb\u00e9 demanen detalls del calendari i situaci\u00f3 de la reurbanitzaci\u00f3 de la fase 4 i altres temes pendents al barri, com la instal\u00b7laci\u00f3 d&#8217;ascensors, entre altres.<\/p>\n<p>Des del Tur\u00f3 de la Peira, l&#8217;associaci\u00f3 Enriquezarte reclama ajuda per evitar que els precintin el casal, arran de problemes amb les llic\u00e8ncies d&#8217;activitats.<\/p>\n<p>I un altre ve\u00ed\u00a0 del Tur\u00f3 de la Peira reivindica dignificar el passatge del Nil.<\/p>\n<p>A partir d&#8217;aqu\u00ed, els temes els posaran els ve\u00efns i ve\u00efnes que assisteixin a l&#8217;Audi\u00e8ncia P\u00fablica.<\/p>\n","protected":false},"excerpt":{"rendered":"<p>La sessi\u00f3 comen\u00e7a a les 18h a la sala de plens de Districte i es pot seguir en directe per<\/p>\n","protected":false},"author":2,"featured_media":82475,"comment_status":"closed","ping_status":"closed","sticky":false,"template":"","format":"standard","meta":{"colormag_page_layout":"default_layout","_monsterinsights_skip_tracking":false,"_monsterinsights_sitenote_active":false,"_monsterinsights_sitenote_note":"","_monsterinsights_sitenote_category":0,"footnotes":""},"categories":[447,484],"tags":[703],"class_list":["post-82474","post","type-post","status-publish","format-standard","has-post-thumbnail","hentry","category-audiencia-publica-i-plenari","category-participacio","tag-audiencia-publica"],"yoast_head":"<!-- This site is optimized with the Yoast SEO plugin v25.3 - https:\/\/yoast.com\/wordpress\/plugins\/seo\/ -->\n<title>Dimarts d&#039;Audi\u00e8ncia P\u00fablica de Nou Barris - NouBarris.Net<\/title>\n<meta name=\"robots\" content=\"index, follow, max-snippet:-1, max-image-preview:large, max-video-preview:-1\" \/>\n<link rel=\"canonical\" href=\"https:\/\/www.noubarris.net\/web40\/dimarts-daudiencia-publica-de-nou-barris\/\" \/>\n<meta property=\"og:locale\" content=\"ca_ES\" \/>\n<meta property=\"og:type\" content=\"article\" \/>\n<meta property=\"og:title\" content=\"Dimarts d&#039;Audi\u00e8ncia P\u00fablica de Nou Barris - NouBarris.Net\" \/>\n<meta property=\"og:description\" content=\"La sessi\u00f3 comen\u00e7a a les 18h a la sala de plens de Districte i es pot seguir en directe per\" \/>\n<meta property=\"og:url\" content=\"https:\/\/www.noubarris.net\/web40\/dimarts-daudiencia-publica-de-nou-barris\/\" \/>\n<meta property=\"og:site_name\" content=\"NouBarris.Net\" \/>\n<meta property=\"article:publisher\" content=\"https:\/\/www.facebook.com\/NouBarris.net\/?locale=es_ES\" \/>\n<meta property=\"article:published_time\" content=\"2024-03-18T22:00:22+00:00\" \/>\n<meta property=\"article:modified_time\" content=\"2024-04-01T03:16:21+00:00\" \/>\n<meta property=\"og:image\" content=\"https:\/\/www.noubarris.net\/web40\/wp-content\/uploads\/2024\/03\/escales-sala-plens.jpg\" \/>\n\t<meta property=\"og:image:width\" content=\"768\" \/>\n\t<meta property=\"og:image:height\" content=\"432\" \/>\n\t<meta property=\"og:image:type\" content=\"image\/jpeg\" \/>\n<meta name=\"author\" content=\"Informatius\" \/>\n<meta name=\"twitter:card\" content=\"summary_large_image\" \/>\n<meta name=\"twitter:creator\" content=\"@9BTV\" \/>\n<meta name=\"twitter:site\" content=\"@9BTV\" \/>\n<meta name=\"twitter:label1\" content=\"Escrit per\" \/>\n\t<meta name=\"twitter:data1\" content=\"Informatius\" \/>\n\t<meta name=\"twitter:label2\" content=\"Temps estimat de lectura\" \/>\n\t<meta name=\"twitter:data2\" content=\"2 minuts\" \/>\n<script type=\"application\/ld+json\" class=\"yoast-schema-graph\">{\"@context\":\"https:\/\/schema.org\",\"@graph\":[{\"@type\":\"Article\",\"@id\":\"https:\/\/www.noubarris.net\/web40\/dimarts-daudiencia-publica-de-nou-barris\/#article\",\"isPartOf\":{\"@id\":\"https:\/\/www.noubarris.net\/web40\/dimarts-daudiencia-publica-de-nou-barris\/\"},\"author\":{\"name\":\"Informatius\",\"@id\":\"https:\/\/www.noubarris.net\/web40\/#\/schema\/person\/1827f92aaa316c54abbf4dac0de76069\"},\"headline\":\"Dimarts d&#8217;Audi\u00e8ncia P\u00fablica de Nou Barris\",\"datePublished\":\"2024-03-18T22:00:22+00:00\",\"dateModified\":\"2024-04-01T03:16:21+00:00\",\"mainEntityOfPage\":{\"@id\":\"https:\/\/www.noubarris.net\/web40\/dimarts-daudiencia-publica-de-nou-barris\/\"},\"wordCount\":336,\"publisher\":{\"@id\":\"https:\/\/www.noubarris.net\/web40\/#organization\"},\"image\":{\"@id\":\"https:\/\/www.noubarris.net\/web40\/dimarts-daudiencia-publica-de-nou-barris\/#primaryimage\"},\"thumbnailUrl\":\"https:\/\/www.noubarris.net\/web40\/wp-content\/uploads\/2024\/03\/escales-sala-plens.jpg\",\"keywords\":[\"audi\u00e8ncia p\u00fablica\"],\"articleSection\":[\"Audi\u00e8ncia p\u00fablica i Plenari\",\"Participaci\u00f3\"],\"inLanguage\":\"ca\"},{\"@type\":\"WebPage\",\"@id\":\"https:\/\/www.noubarris.net\/web40\/dimarts-daudiencia-publica-de-nou-barris\/\",\"url\":\"https:\/\/www.noubarris.net\/web40\/dimarts-daudiencia-publica-de-nou-barris\/\",\"name\":\"Dimarts d'Audi\u00e8ncia P\u00fablica de Nou Barris - NouBarris.Net\",\"isPartOf\":{\"@id\":\"https:\/\/www.noubarris.net\/web40\/#website\"},\"primaryImageOfPage\":{\"@id\":\"https:\/\/www.noubarris.net\/web40\/dimarts-daudiencia-publica-de-nou-barris\/#primaryimage\"},\"image\":{\"@id\":\"https:\/\/www.noubarris.net\/web40\/dimarts-daudiencia-publica-de-nou-barris\/#primaryimage\"},\"thumbnailUrl\":\"https:\/\/www.noubarris.net\/web40\/wp-content\/uploads\/2024\/03\/escales-sala-plens.jpg\",\"datePublished\":\"2024-03-18T22:00:22+00:00\",\"dateModified\":\"2024-04-01T03:16:21+00:00\",\"breadcrumb\":{\"@id\":\"https:\/\/www.noubarris.net\/web40\/dimarts-daudiencia-publica-de-nou-barris\/#breadcrumb\"},\"inLanguage\":\"ca\",\"potentialAction\":[{\"@type\":\"ReadAction\",\"target\":[\"https:\/\/www.noubarris.net\/web40\/dimarts-daudiencia-publica-de-nou-barris\/\"]}]},{\"@type\":\"ImageObject\",\"inLanguage\":\"ca\",\"@id\":\"https:\/\/www.noubarris.net\/web40\/dimarts-daudiencia-publica-de-nou-barris\/#primaryimage\",\"url\":\"https:\/\/www.noubarris.net\/web40\/wp-content\/uploads\/2024\/03\/escales-sala-plens.jpg\",\"contentUrl\":\"https:\/\/www.noubarris.net\/web40\/wp-content\/uploads\/2024\/03\/escales-sala-plens.jpg\",\"width\":768,\"height\":432},{\"@type\":\"BreadcrumbList\",\"@id\":\"https:\/\/www.noubarris.net\/web40\/dimarts-daudiencia-publica-de-nou-barris\/#breadcrumb\",\"itemListElement\":[{\"@type\":\"ListItem\",\"position\":1,\"name\":\"Inici\",\"item\":\"https:\/\/www.noubarris.net\/web40\/\"},{\"@type\":\"ListItem\",\"position\":2,\"name\":\"Dimarts d&#8217;Audi\u00e8ncia P\u00fablica de Nou Barris\"}]},{\"@type\":\"WebSite\",\"@id\":\"https:\/\/www.noubarris.net\/web40\/#website\",\"url\":\"https:\/\/www.noubarris.net\/web40\/\",\"name\":\"NouBarris.Net\",\"description\":\"Seguint la vida de Nou Barris des de 1985\",\"publisher\":{\"@id\":\"https:\/\/www.noubarris.net\/web40\/#organization\"},\"potentialAction\":[{\"@type\":\"SearchAction\",\"target\":{\"@type\":\"EntryPoint\",\"urlTemplate\":\"https:\/\/www.noubarris.net\/web40\/?s={search_term_string}\"},\"query-input\":{\"@type\":\"PropertyValueSpecification\",\"valueRequired\":true,\"valueName\":\"search_term_string\"}}],\"inLanguage\":\"ca\"},{\"@type\":\"Organization\",\"@id\":\"https:\/\/www.noubarris.net\/web40\/#organization\",\"name\":\"NouBarris.Net\",\"url\":\"https:\/\/www.noubarris.net\/web40\/\",\"logo\":{\"@type\":\"ImageObject\",\"inLanguage\":\"ca\",\"@id\":\"https:\/\/www.noubarris.net\/web40\/#\/schema\/logo\/image\/\",\"url\":\"https:\/\/www.noubarris.net\/web40\/wp-content\/uploads\/2024\/11\/cropped-cropped-LOGO_9BTV-2024_Insta-1.jpg\",\"contentUrl\":\"https:\/\/www.noubarris.net\/web40\/wp-content\/uploads\/2024\/11\/cropped-cropped-LOGO_9BTV-2024_Insta-1.jpg\",\"width\":512,\"height\":512,\"caption\":\"NouBarris.Net\"},\"image\":{\"@id\":\"https:\/\/www.noubarris.net\/web40\/#\/schema\/logo\/image\/\"},\"sameAs\":[\"https:\/\/www.facebook.com\/NouBarris.net\/?locale=es_ES\",\"https:\/\/x.com\/9BTV\"]},{\"@type\":\"Person\",\"@id\":\"https:\/\/www.noubarris.net\/web40\/#\/schema\/person\/1827f92aaa316c54abbf4dac0de76069\",\"name\":\"Informatius\",\"image\":{\"@type\":\"ImageObject\",\"inLanguage\":\"ca\",\"@id\":\"https:\/\/www.noubarris.net\/web40\/#\/schema\/person\/image\/\",\"url\":\"https:\/\/secure.gravatar.com\/avatar\/87a3b47928835fc72c6ee5b0e1a7263ef0c2d05003a98189bc14926c5f11bcdb?s=96&d=mm&r=g\",\"contentUrl\":\"https:\/\/secure.gravatar.com\/avatar\/87a3b47928835fc72c6ee5b0e1a7263ef0c2d05003a98189bc14926c5f11bcdb?s=96&d=mm&r=g\",\"caption\":\"Informatius\"},\"url\":\"https:\/\/www.noubarris.net\/web40\/author\/tele\/\"}]}<\/script>\n<!-- \/ Yoast SEO plugin. -->","yoast_head_json":{"title":"Dimarts d'Audi\u00e8ncia P\u00fablica de Nou Barris - NouBarris.Net","robots":{"index":"index","follow":"follow","max-snippet":"max-snippet:-1","max-image-preview":"max-image-preview:large","max-video-preview":"max-video-preview:-1"},"canonical":"https:\/\/www.noubarris.net\/web40\/dimarts-daudiencia-publica-de-nou-barris\/","og_locale":"ca_ES","og_type":"article","og_title":"Dimarts d'Audi\u00e8ncia P\u00fablica de Nou Barris - NouBarris.Net","og_description":"La sessi\u00f3 comen\u00e7a a les 18h a la sala de plens de Districte i es pot seguir en directe per","og_url":"https:\/\/www.noubarris.net\/web40\/dimarts-daudiencia-publica-de-nou-barris\/","og_site_name":"NouBarris.Net","article_publisher":"https:\/\/www.facebook.com\/NouBarris.net\/?locale=es_ES","article_published_time":"2024-03-18T22:00:22+00:00","article_modified_time":"2024-04-01T03:16:21+00:00","og_image":[{"width":768,"height":432,"url":"https:\/\/www.noubarris.net\/web40\/wp-content\/uploads\/2024\/03\/escales-sala-plens.jpg","type":"image\/jpeg"}],"author":"Informatius","twitter_card":"summary_large_image","twitter_creator":"@9BTV","twitter_site":"@9BTV","twitter_misc":{"Escrit per":"Informatius","Temps estimat de lectura":"2 minuts"},"schema":{"@context":"https:\/\/schema.org","@graph":[{"@type":"Article","@id":"https:\/\/www.noubarris.net\/web40\/dimarts-daudiencia-publica-de-nou-barris\/#article","isPartOf":{"@id":"https:\/\/www.noubarris.net\/web40\/dimarts-daudiencia-publica-de-nou-barris\/"},"author":{"name":"Informatius","@id":"https:\/\/www.noubarris.net\/web40\/#\/schema\/person\/1827f92aaa316c54abbf4dac0de76069"},"headline":"Dimarts d&#8217;Audi\u00e8ncia P\u00fablica de Nou Barris","datePublished":"2024-03-18T22:00:22+00:00","dateModified":"2024-04-01T03:16:21+00:00","mainEntityOfPage":{"@id":"https:\/\/www.noubarris.net\/web40\/dimarts-daudiencia-publica-de-nou-barris\/"},"wordCount":336,"publisher":{"@id":"https:\/\/www.noubarris.net\/web40\/#organization"},"image":{"@id":"https:\/\/www.noubarris.net\/web40\/dimarts-daudiencia-publica-de-nou-barris\/#primaryimage"},"thumbnailUrl":"https:\/\/www.noubarris.net\/web40\/wp-content\/uploads\/2024\/03\/escales-sala-plens.jpg","keywords":["audi\u00e8ncia p\u00fablica"],"articleSection":["Audi\u00e8ncia p\u00fablica i Plenari","Participaci\u00f3"],"inLanguage":"ca"},{"@type":"WebPage","@id":"https:\/\/www.noubarris.net\/web40\/dimarts-daudiencia-publica-de-nou-barris\/","url":"https:\/\/www.noubarris.net\/web40\/dimarts-daudiencia-publica-de-nou-barris\/","name":"Dimarts d'Audi\u00e8ncia P\u00fablica de Nou Barris - NouBarris.Net","isPartOf":{"@id":"https:\/\/www.noubarris.net\/web40\/#website"},"primaryImageOfPage":{"@id":"https:\/\/www.noubarris.net\/web40\/dimarts-daudiencia-publica-de-nou-barris\/#primaryimage"},"image":{"@id":"https:\/\/www.noubarris.net\/web40\/dimarts-daudiencia-publica-de-nou-barris\/#primaryimage"},"thumbnailUrl":"https:\/\/www.noubarris.net\/web40\/wp-content\/uploads\/2024\/03\/escales-sala-plens.jpg","datePublished":"2024-03-18T22:00:22+00:00","dateModified":"2024-04-01T03:16:21+00:00","breadcrumb":{"@id":"https:\/\/www.noubarris.net\/web40\/dimarts-daudiencia-publica-de-nou-barris\/#breadcrumb"},"inLanguage":"ca","potentialAction":[{"@type":"ReadAction","target":["https:\/\/www.noubarris.net\/web40\/dimarts-daudiencia-publica-de-nou-barris\/"]}]},{"@type":"ImageObject","inLanguage":"ca","@id":"https:\/\/www.noubarris.net\/web40\/dimarts-daudiencia-publica-de-nou-barris\/#primaryimage","url":"https:\/\/www.noubarris.net\/web40\/wp-content\/uploads\/2024\/03\/escales-sala-plens.jpg","contentUrl":"https:\/\/www.noubarris.net\/web40\/wp-content\/uploads\/2024\/03\/escales-sala-plens.jpg","width":768,"height":432},{"@type":"BreadcrumbList","@id":"https:\/\/www.noubarris.net\/web40\/dimarts-daudiencia-publica-de-nou-barris\/#breadcrumb","itemListElement":[{"@type":"ListItem","position":1,"name":"Inici","item":"https:\/\/www.noubarris.net\/web40\/"},{"@type":"ListItem","position":2,"name":"Dimarts d&#8217;Audi\u00e8ncia P\u00fablica de Nou Barris"}]},{"@type":"WebSite","@id":"https:\/\/www.noubarris.net\/web40\/#website","url":"https:\/\/www.noubarris.net\/web40\/","name":"NouBarris.Net","description":"Seguint la vida de Nou Barris des de 1985","publisher":{"@id":"https:\/\/www.noubarris.net\/web40\/#organization"},"potentialAction":[{"@type":"SearchAction","target":{"@type":"EntryPoint","urlTemplate":"https:\/\/www.noubarris.net\/web40\/?s={search_term_string}"},"query-input":{"@type":"PropertyValueSpecification","valueRequired":true,"valueName":"search_term_string"}}],"inLanguage":"ca"},{"@type":"Organization","@id":"https:\/\/www.noubarris.net\/web40\/#organization","name":"NouBarris.Net","url":"https:\/\/www.noubarris.net\/web40\/","logo":{"@type":"ImageObject","inLanguage":"ca","@id":"https:\/\/www.noubarris.net\/web40\/#\/schema\/logo\/image\/","url":"https:\/\/www.noubarris.net\/web40\/wp-content\/uploads\/2024\/11\/cropped-cropped-LOGO_9BTV-2024_Insta-1.jpg","contentUrl":"https:\/\/www.noubarris.net\/web40\/wp-content\/uploads\/2024\/11\/cropped-cropped-LOGO_9BTV-2024_Insta-1.jpg","width":512,"height":512,"caption":"NouBarris.Net"},"image":{"@id":"https:\/\/www.noubarris.net\/web40\/#\/schema\/logo\/image\/"},"sameAs":["https:\/\/www.facebook.com\/NouBarris.net\/?locale=es_ES","https:\/\/x.com\/9BTV"]},{"@type":"Person","@id":"https:\/\/www.noubarris.net\/web40\/#\/schema\/person\/1827f92aaa316c54abbf4dac0de76069","name":"Informatius","image":{"@type":"ImageObject","inLanguage":"ca","@id":"https:\/\/www.noubarris.net\/web40\/#\/schema\/person\/image\/","url":"https:\/\/secure.gravatar.com\/avatar\/87a3b47928835fc72c6ee5b0e1a7263ef0c2d05003a98189bc14926c5f11bcdb?s=96&d=mm&r=g","contentUrl":"https:\/\/secure.gravatar.com\/avatar\/87a3b47928835fc72c6ee5b0e1a7263ef0c2d05003a98189bc14926c5f11bcdb?s=96&d=mm&r=g","caption":"Informatius"},"url":"https:\/\/www.noubarris.net\/web40\/author\/tele\/"}]}},"_links":{"self":[{"href":"https:\/\/www.noubarris.net\/web40\/wp-json\/wp\/v2\/posts\/82474","targetHints":{"allow":["GET"]}}],"collection":[{"href":"https:\/\/www.noubarris.net\/web40\/wp-json\/wp\/v2\/posts"}],"about":[{"href":"https:\/\/www.noubarris.net\/web40\/wp-json\/wp\/v2\/types\/post"}],"author":[{"embeddable":true,"href":"https:\/\/www.noubarris.net\/web40\/wp-json\/wp\/v2\/users\/2"}],"replies":[{"embeddable":true,"href":"https:\/\/www.noubarris.net\/web40\/wp-json\/wp\/v2\/comments?post=82474"}],"version-history":[{"count":4,"href":"https:\/\/www.noubarris.net\/web40\/wp-json\/wp\/v2\/posts\/82474\/revisions"}],"predecessor-version":[{"id":82532,"href":"https:\/\/www.noubarris.net\/web40\/wp-json\/wp\/v2\/posts\/82474\/revisions\/82532"}],"wp:featuredmedia":[{"embeddable":true,"href":"https:\/\/www.noubarris.net\/web40\/wp-json\/wp\/v2\/media\/82475"}],"wp:attachment":[{"href":"https:\/\/www.noubarris.net\/web40\/wp-json\/wp\/v2\/media?parent=82474"}],"wp:term":[{"taxonomy":"category","embeddable":true,"href":"https:\/\/www.noubarris.net\/web40\/wp-json\/wp\/v2\/categories?post=82474"},{"taxonomy":"post_tag","embeddable":true,"href":"https:\/\/www.noubarris.net\/web40\/wp-json\/wp\/v2\/tags?post=82474"}],"curies":[{"name":"wp","href":"https:\/\/api.w.org\/{rel}","templated":true}]}}