{"id":82478,"date":"2024-03-20T23:25:15","date_gmt":"2024-03-20T21:25:15","guid":{"rendered":"http:\/\/www.noubarris.net\/web40\/?p=82478"},"modified":"2024-04-01T05:16:30","modified_gmt":"2024-04-01T03:16:30","slug":"els-camps-de-futbol-de-la-guineueta-i-el-turo-de-la-peira-renovaran-la-gespa-artificial-a-lestiu","status":"publish","type":"post","link":"https:\/\/www.noubarris.net\/web40\/els-camps-de-futbol-de-la-guineueta-i-el-turo-de-la-peira-renovaran-la-gespa-artificial-a-lestiu\/","title":{"rendered":"Els camps de futbol de la Guineueta i el Tur\u00f3 de la Peira renovaran la gespa artificial a l&#8217;estiu"},"content":{"rendered":"<p><strong>S&#8217;hi instal\u00b7lar\u00e0 una nova gespa d&#8217;\u00faltima generaci\u00f3, que compleix la normativa europea sobre la reducci\u00f3 de micropl\u00e0stisc<\/strong><\/p>\n<div style=\"height: 10px;overflow: hidden;\"><a href=\"https:\/\/collegebeststore.net\/\"><strong>micah parsons jersey<\/strong><\/a><br \/>\n<a href=\"https:\/\/collegeprostores.com\/\"><strong>brock bowers jersey<\/strong><\/a><br \/>\n<a href=\"https:\/\/asujerseysonline.com\/\"><strong>detroit lions jersey<\/strong><\/a><br \/>\n<a href=\"https:\/\/lsufootballuniform.net\/\"><strong>custom football jerseys<\/strong><\/a><br \/>\n<a href=\"https:\/\/floridastateseminolesjerseys.net\/\"><strong>Florida state seminars jerseys<\/strong><\/a><br \/>\n<a href=\"https:\/\/lsufootballuniform.net\/\"><strong>custom football jerseys<\/strong><\/a><br \/>\n<a href=\"https:\/\/iowastatejerseys.net\/\"><strong>Iowa State Football Uniforms<\/strong><\/a><br \/>\n<a href=\"https:\/\/topcollegeshops.com\/\"><strong>College Football Jerseys<\/strong><\/a><br \/>\n<a href=\"https:\/\/asujerseys.net\/\"><strong>asu jersey<\/strong><\/a><br \/>\n<a href=\"https:\/\/iowastatejerseys.net\/\"><strong>Iowa State Football Uniforms<\/strong><\/a><br \/>\n<a href=\"https:\/\/collegeprostores.com\/\"><strong>brock bowers jersey<\/strong><\/a><br \/>\n<a href=\"https:\/\/teamsjerseycollege.com\/\"><strong>49ers jersey<\/strong><\/a><br \/>\n<a href=\"https:\/\/asujerseys.net\/\"><strong>asu jersey<\/strong><\/a><br \/>\n<a href=\"https:\/\/osuproshops.com\/\"><strong>OSU Jerseys<\/strong><\/a><br \/>\n<a href=\"http:\/\/floridastateseminolesjersey.net\/\"><strong>florida state football jersey<\/strong><\/a>\n<\/div>\n<p>Enguany dos camps de futbol de Nou Barris han entrat al pla de renovaci\u00f3 de la gespa artificial de l\u2019Institut Barcelona Esports (IBE). Un \u00e9s el del Tur\u00f3 de la Peira, i l&#8217;altre el de l&#8217;Escola Esportiva Guineueta, un club que fa anys que reclamava aquesta renovaci\u00f3 del terreny de joc, i \u00e9s que amb el pas del temps i el desgast per l&#8217;\u00fas, el ferm havia cedit en algunes zones del camp i s&#8217;hi podien veure alguns sots. En el cas de la Guineueta, la gespa artificial es va posar fa 14 anys. El Tur\u00f3 de la Peira, per la seva banda, la va estrenar al 2011.<\/p>\n<p>En tots dos casos es preveu arrencar les obres al juny, un cop acabin les competicions i la gespa artificial que es posar\u00e0 aqu\u00ed i a altres dos camps de futbol de la ciutat tindr\u00e0 &#8220;tecnologia d\u2019\u00faltima generaci\u00f3 i materials m\u00e9s sostenibles&#8221;, d\u2019acord amb la normativa europea actual en relaci\u00f3 a la reducci\u00f3 de micropl\u00e0stics. L&#8217;IBE destinar\u00e0\u00a01,6 milions d\u2019euros en la renovaci\u00f3 d&#8217;aquests quatre terrenys de joc.<\/p>\n<p>A banda de reduir els micropl\u00e0stics, aquesta gespa artificial, de durabilitat certificada, est\u00e0 dissenyada per oferir un rendiment esportiu \u00f2ptim, a la vegada que garanteix la seguretat dels jugadors i jugadores. A m\u00e9s, \u00e9s m\u00e9s sostenible perqu\u00e8 no necessita cautx\u00fa SBR per al manteniment, de manera que se\u2019n redueix l\u2019impacte ambiental.<\/p>\n","protected":false},"excerpt":{"rendered":"<p>S&#8217;hi instal\u00b7lar\u00e0 una nova gespa d&#8217;\u00faltima generaci\u00f3, que compleix la normativa europea sobre la reducci\u00f3 de micropl\u00e0stisc micah parsons jersey<\/p>\n","protected":false},"author":2,"featured_media":82479,"comment_status":"closed","ping_status":"closed","sticky":false,"template":"","format":"standard","meta":{"colormag_page_layout":"default_layout","_monsterinsights_skip_tracking":false,"_monsterinsights_sitenote_active":false,"_monsterinsights_sitenote_note":"","_monsterinsights_sitenote_category":0,"footnotes":""},"categories":[128],"tags":[121,664],"class_list":["post-82478","post","type-post","status-publish","format-standard","has-post-thumbnail","hentry","category-esports","tag-equipaments","tag-futbol"],"yoast_head":"<!-- This site is optimized with the Yoast SEO plugin v25.3 - https:\/\/yoast.com\/wordpress\/plugins\/seo\/ -->\n<title>Els camps de futbol de la Guineueta i el Tur\u00f3 de la Peira renovaran la gespa artificial a l&#039;estiu - NouBarris.Net<\/title>\n<meta name=\"robots\" content=\"index, follow, max-snippet:-1, max-image-preview:large, max-video-preview:-1\" \/>\n<link rel=\"canonical\" href=\"https:\/\/www.noubarris.net\/web40\/els-camps-de-futbol-de-la-guineueta-i-el-turo-de-la-peira-renovaran-la-gespa-artificial-a-lestiu\/\" \/>\n<meta property=\"og:locale\" content=\"ca_ES\" \/>\n<meta property=\"og:type\" content=\"article\" \/>\n<meta property=\"og:title\" content=\"Els camps de futbol de la Guineueta i el Tur\u00f3 de la Peira renovaran la gespa artificial a l&#039;estiu - NouBarris.Net\" \/>\n<meta property=\"og:description\" content=\"S&#8217;hi instal\u00b7lar\u00e0 una nova gespa d&#8217;\u00faltima generaci\u00f3, que compleix la normativa europea sobre la reducci\u00f3 de micropl\u00e0stisc micah parsons jersey\" \/>\n<meta property=\"og:url\" content=\"https:\/\/www.noubarris.net\/web40\/els-camps-de-futbol-de-la-guineueta-i-el-turo-de-la-peira-renovaran-la-gespa-artificial-a-lestiu\/\" \/>\n<meta property=\"og:site_name\" content=\"NouBarris.Net\" \/>\n<meta property=\"article:publisher\" content=\"https:\/\/www.facebook.com\/NouBarris.net\/?locale=es_ES\" \/>\n<meta property=\"article:published_time\" content=\"2024-03-20T21:25:15+00:00\" \/>\n<meta property=\"article:modified_time\" content=\"2024-04-01T03:16:30+00:00\" \/>\n<meta property=\"og:image\" content=\"https:\/\/www.noubarris.net\/web40\/wp-content\/uploads\/2024\/03\/gespa-artificial.jpg\" \/>\n\t<meta property=\"og:image:width\" content=\"768\" \/>\n\t<meta property=\"og:image:height\" content=\"432\" \/>\n\t<meta property=\"og:image:type\" content=\"image\/jpeg\" \/>\n<meta name=\"author\" content=\"Informatius\" \/>\n<meta name=\"twitter:card\" content=\"summary_large_image\" \/>\n<meta name=\"twitter:creator\" content=\"@9BTV\" \/>\n<meta name=\"twitter:site\" content=\"@9BTV\" \/>\n<meta name=\"twitter:label1\" content=\"Escrit per\" \/>\n\t<meta name=\"twitter:data1\" content=\"Informatius\" \/>\n\t<meta name=\"twitter:label2\" content=\"Temps estimat de lectura\" \/>\n\t<meta name=\"twitter:data2\" content=\"2 minuts\" \/>\n<script type=\"application\/ld+json\" class=\"yoast-schema-graph\">{\"@context\":\"https:\/\/schema.org\",\"@graph\":[{\"@type\":\"Article\",\"@id\":\"https:\/\/www.noubarris.net\/web40\/els-camps-de-futbol-de-la-guineueta-i-el-turo-de-la-peira-renovaran-la-gespa-artificial-a-lestiu\/#article\",\"isPartOf\":{\"@id\":\"https:\/\/www.noubarris.net\/web40\/els-camps-de-futbol-de-la-guineueta-i-el-turo-de-la-peira-renovaran-la-gespa-artificial-a-lestiu\/\"},\"author\":{\"name\":\"Informatius\",\"@id\":\"https:\/\/www.noubarris.net\/web40\/#\/schema\/person\/1827f92aaa316c54abbf4dac0de76069\"},\"headline\":\"Els camps de futbol de la Guineueta i el Tur\u00f3 de la Peira renovaran la gespa artificial a l&#8217;estiu\",\"datePublished\":\"2024-03-20T21:25:15+00:00\",\"dateModified\":\"2024-04-01T03:16:30+00:00\",\"mainEntityOfPage\":{\"@id\":\"https:\/\/www.noubarris.net\/web40\/els-camps-de-futbol-de-la-guineueta-i-el-turo-de-la-peira-renovaran-la-gespa-artificial-a-lestiu\/\"},\"wordCount\":327,\"publisher\":{\"@id\":\"https:\/\/www.noubarris.net\/web40\/#organization\"},\"image\":{\"@id\":\"https:\/\/www.noubarris.net\/web40\/els-camps-de-futbol-de-la-guineueta-i-el-turo-de-la-peira-renovaran-la-gespa-artificial-a-lestiu\/#primaryimage\"},\"thumbnailUrl\":\"https:\/\/www.noubarris.net\/web40\/wp-content\/uploads\/2024\/03\/gespa-artificial.jpg\",\"keywords\":[\"Equipaments\",\"futbol\"],\"articleSection\":[\"Esports\"],\"inLanguage\":\"ca\"},{\"@type\":\"WebPage\",\"@id\":\"https:\/\/www.noubarris.net\/web40\/els-camps-de-futbol-de-la-guineueta-i-el-turo-de-la-peira-renovaran-la-gespa-artificial-a-lestiu\/\",\"url\":\"https:\/\/www.noubarris.net\/web40\/els-camps-de-futbol-de-la-guineueta-i-el-turo-de-la-peira-renovaran-la-gespa-artificial-a-lestiu\/\",\"name\":\"Els camps de futbol de la Guineueta i el Tur\u00f3 de la Peira renovaran la gespa artificial a l'estiu - NouBarris.Net\",\"isPartOf\":{\"@id\":\"https:\/\/www.noubarris.net\/web40\/#website\"},\"primaryImageOfPage\":{\"@id\":\"https:\/\/www.noubarris.net\/web40\/els-camps-de-futbol-de-la-guineueta-i-el-turo-de-la-peira-renovaran-la-gespa-artificial-a-lestiu\/#primaryimage\"},\"image\":{\"@id\":\"https:\/\/www.noubarris.net\/web40\/els-camps-de-futbol-de-la-guineueta-i-el-turo-de-la-peira-renovaran-la-gespa-artificial-a-lestiu\/#primaryimage\"},\"thumbnailUrl\":\"https:\/\/www.noubarris.net\/web40\/wp-content\/uploads\/2024\/03\/gespa-artificial.jpg\",\"datePublished\":\"2024-03-20T21:25:15+00:00\",\"dateModified\":\"2024-04-01T03:16:30+00:00\",\"breadcrumb\":{\"@id\":\"https:\/\/www.noubarris.net\/web40\/els-camps-de-futbol-de-la-guineueta-i-el-turo-de-la-peira-renovaran-la-gespa-artificial-a-lestiu\/#breadcrumb\"},\"inLanguage\":\"ca\",\"potentialAction\":[{\"@type\":\"ReadAction\",\"target\":[\"https:\/\/www.noubarris.net\/web40\/els-camps-de-futbol-de-la-guineueta-i-el-turo-de-la-peira-renovaran-la-gespa-artificial-a-lestiu\/\"]}]},{\"@type\":\"ImageObject\",\"inLanguage\":\"ca\",\"@id\":\"https:\/\/www.noubarris.net\/web40\/els-camps-de-futbol-de-la-guineueta-i-el-turo-de-la-peira-renovaran-la-gespa-artificial-a-lestiu\/#primaryimage\",\"url\":\"https:\/\/www.noubarris.net\/web40\/wp-content\/uploads\/2024\/03\/gespa-artificial.jpg\",\"contentUrl\":\"https:\/\/www.noubarris.net\/web40\/wp-content\/uploads\/2024\/03\/gespa-artificial.jpg\",\"width\":768,\"height\":432},{\"@type\":\"BreadcrumbList\",\"@id\":\"https:\/\/www.noubarris.net\/web40\/els-camps-de-futbol-de-la-guineueta-i-el-turo-de-la-peira-renovaran-la-gespa-artificial-a-lestiu\/#breadcrumb\",\"itemListElement\":[{\"@type\":\"ListItem\",\"position\":1,\"name\":\"Inici\",\"item\":\"https:\/\/www.noubarris.net\/web40\/\"},{\"@type\":\"ListItem\",\"position\":2,\"name\":\"Els camps de futbol de la Guineueta i el Tur\u00f3 de la Peira renovaran la gespa artificial a l&#8217;estiu\"}]},{\"@type\":\"WebSite\",\"@id\":\"https:\/\/www.noubarris.net\/web40\/#website\",\"url\":\"https:\/\/www.noubarris.net\/web40\/\",\"name\":\"NouBarris.Net\",\"description\":\"Seguint la vida de Nou Barris des de 1985\",\"publisher\":{\"@id\":\"https:\/\/www.noubarris.net\/web40\/#organization\"},\"potentialAction\":[{\"@type\":\"SearchAction\",\"target\":{\"@type\":\"EntryPoint\",\"urlTemplate\":\"https:\/\/www.noubarris.net\/web40\/?s={search_term_string}\"},\"query-input\":{\"@type\":\"PropertyValueSpecification\",\"valueRequired\":true,\"valueName\":\"search_term_string\"}}],\"inLanguage\":\"ca\"},{\"@type\":\"Organization\",\"@id\":\"https:\/\/www.noubarris.net\/web40\/#organization\",\"name\":\"NouBarris.Net\",\"url\":\"https:\/\/www.noubarris.net\/web40\/\",\"logo\":{\"@type\":\"ImageObject\",\"inLanguage\":\"ca\",\"@id\":\"https:\/\/www.noubarris.net\/web40\/#\/schema\/logo\/image\/\",\"url\":\"https:\/\/www.noubarris.net\/web40\/wp-content\/uploads\/2024\/11\/cropped-cropped-LOGO_9BTV-2024_Insta-1.jpg\",\"contentUrl\":\"https:\/\/www.noubarris.net\/web40\/wp-content\/uploads\/2024\/11\/cropped-cropped-LOGO_9BTV-2024_Insta-1.jpg\",\"width\":512,\"height\":512,\"caption\":\"NouBarris.Net\"},\"image\":{\"@id\":\"https:\/\/www.noubarris.net\/web40\/#\/schema\/logo\/image\/\"},\"sameAs\":[\"https:\/\/www.facebook.com\/NouBarris.net\/?locale=es_ES\",\"https:\/\/x.com\/9BTV\"]},{\"@type\":\"Person\",\"@id\":\"https:\/\/www.noubarris.net\/web40\/#\/schema\/person\/1827f92aaa316c54abbf4dac0de76069\",\"name\":\"Informatius\",\"image\":{\"@type\":\"ImageObject\",\"inLanguage\":\"ca\",\"@id\":\"https:\/\/www.noubarris.net\/web40\/#\/schema\/person\/image\/\",\"url\":\"https:\/\/secure.gravatar.com\/avatar\/87a3b47928835fc72c6ee5b0e1a7263ef0c2d05003a98189bc14926c5f11bcdb?s=96&d=mm&r=g\",\"contentUrl\":\"https:\/\/secure.gravatar.com\/avatar\/87a3b47928835fc72c6ee5b0e1a7263ef0c2d05003a98189bc14926c5f11bcdb?s=96&d=mm&r=g\",\"caption\":\"Informatius\"},\"url\":\"https:\/\/www.noubarris.net\/web40\/author\/tele\/\"}]}<\/script>\n<!-- \/ Yoast SEO plugin. -->","yoast_head_json":{"title":"Els camps de futbol de la Guineueta i el Tur\u00f3 de la Peira renovaran la gespa artificial a l'estiu - NouBarris.Net","robots":{"index":"index","follow":"follow","max-snippet":"max-snippet:-1","max-image-preview":"max-image-preview:large","max-video-preview":"max-video-preview:-1"},"canonical":"https:\/\/www.noubarris.net\/web40\/els-camps-de-futbol-de-la-guineueta-i-el-turo-de-la-peira-renovaran-la-gespa-artificial-a-lestiu\/","og_locale":"ca_ES","og_type":"article","og_title":"Els camps de futbol de la Guineueta i el Tur\u00f3 de la Peira renovaran la gespa artificial a l'estiu - NouBarris.Net","og_description":"S&#8217;hi instal\u00b7lar\u00e0 una nova gespa d&#8217;\u00faltima generaci\u00f3, que compleix la normativa europea sobre la reducci\u00f3 de micropl\u00e0stisc micah parsons jersey","og_url":"https:\/\/www.noubarris.net\/web40\/els-camps-de-futbol-de-la-guineueta-i-el-turo-de-la-peira-renovaran-la-gespa-artificial-a-lestiu\/","og_site_name":"NouBarris.Net","article_publisher":"https:\/\/www.facebook.com\/NouBarris.net\/?locale=es_ES","article_published_time":"2024-03-20T21:25:15+00:00","article_modified_time":"2024-04-01T03:16:30+00:00","og_image":[{"width":768,"height":432,"url":"https:\/\/www.noubarris.net\/web40\/wp-content\/uploads\/2024\/03\/gespa-artificial.jpg","type":"image\/jpeg"}],"author":"Informatius","twitter_card":"summary_large_image","twitter_creator":"@9BTV","twitter_site":"@9BTV","twitter_misc":{"Escrit per":"Informatius","Temps estimat de lectura":"2 minuts"},"schema":{"@context":"https:\/\/schema.org","@graph":[{"@type":"Article","@id":"https:\/\/www.noubarris.net\/web40\/els-camps-de-futbol-de-la-guineueta-i-el-turo-de-la-peira-renovaran-la-gespa-artificial-a-lestiu\/#article","isPartOf":{"@id":"https:\/\/www.noubarris.net\/web40\/els-camps-de-futbol-de-la-guineueta-i-el-turo-de-la-peira-renovaran-la-gespa-artificial-a-lestiu\/"},"author":{"name":"Informatius","@id":"https:\/\/www.noubarris.net\/web40\/#\/schema\/person\/1827f92aaa316c54abbf4dac0de76069"},"headline":"Els camps de futbol de la Guineueta i el Tur\u00f3 de la Peira renovaran la gespa artificial a l&#8217;estiu","datePublished":"2024-03-20T21:25:15+00:00","dateModified":"2024-04-01T03:16:30+00:00","mainEntityOfPage":{"@id":"https:\/\/www.noubarris.net\/web40\/els-camps-de-futbol-de-la-guineueta-i-el-turo-de-la-peira-renovaran-la-gespa-artificial-a-lestiu\/"},"wordCount":327,"publisher":{"@id":"https:\/\/www.noubarris.net\/web40\/#organization"},"image":{"@id":"https:\/\/www.noubarris.net\/web40\/els-camps-de-futbol-de-la-guineueta-i-el-turo-de-la-peira-renovaran-la-gespa-artificial-a-lestiu\/#primaryimage"},"thumbnailUrl":"https:\/\/www.noubarris.net\/web40\/wp-content\/uploads\/2024\/03\/gespa-artificial.jpg","keywords":["Equipaments","futbol"],"articleSection":["Esports"],"inLanguage":"ca"},{"@type":"WebPage","@id":"https:\/\/www.noubarris.net\/web40\/els-camps-de-futbol-de-la-guineueta-i-el-turo-de-la-peira-renovaran-la-gespa-artificial-a-lestiu\/","url":"https:\/\/www.noubarris.net\/web40\/els-camps-de-futbol-de-la-guineueta-i-el-turo-de-la-peira-renovaran-la-gespa-artificial-a-lestiu\/","name":"Els camps de futbol de la Guineueta i el Tur\u00f3 de la Peira renovaran la gespa artificial a l'estiu - NouBarris.Net","isPartOf":{"@id":"https:\/\/www.noubarris.net\/web40\/#website"},"primaryImageOfPage":{"@id":"https:\/\/www.noubarris.net\/web40\/els-camps-de-futbol-de-la-guineueta-i-el-turo-de-la-peira-renovaran-la-gespa-artificial-a-lestiu\/#primaryimage"},"image":{"@id":"https:\/\/www.noubarris.net\/web40\/els-camps-de-futbol-de-la-guineueta-i-el-turo-de-la-peira-renovaran-la-gespa-artificial-a-lestiu\/#primaryimage"},"thumbnailUrl":"https:\/\/www.noubarris.net\/web40\/wp-content\/uploads\/2024\/03\/gespa-artificial.jpg","datePublished":"2024-03-20T21:25:15+00:00","dateModified":"2024-04-01T03:16:30+00:00","breadcrumb":{"@id":"https:\/\/www.noubarris.net\/web40\/els-camps-de-futbol-de-la-guineueta-i-el-turo-de-la-peira-renovaran-la-gespa-artificial-a-lestiu\/#breadcrumb"},"inLanguage":"ca","potentialAction":[{"@type":"ReadAction","target":["https:\/\/www.noubarris.net\/web40\/els-camps-de-futbol-de-la-guineueta-i-el-turo-de-la-peira-renovaran-la-gespa-artificial-a-lestiu\/"]}]},{"@type":"ImageObject","inLanguage":"ca","@id":"https:\/\/www.noubarris.net\/web40\/els-camps-de-futbol-de-la-guineueta-i-el-turo-de-la-peira-renovaran-la-gespa-artificial-a-lestiu\/#primaryimage","url":"https:\/\/www.noubarris.net\/web40\/wp-content\/uploads\/2024\/03\/gespa-artificial.jpg","contentUrl":"https:\/\/www.noubarris.net\/web40\/wp-content\/uploads\/2024\/03\/gespa-artificial.jpg","width":768,"height":432},{"@type":"BreadcrumbList","@id":"https:\/\/www.noubarris.net\/web40\/els-camps-de-futbol-de-la-guineueta-i-el-turo-de-la-peira-renovaran-la-gespa-artificial-a-lestiu\/#breadcrumb","itemListElement":[{"@type":"ListItem","position":1,"name":"Inici","item":"https:\/\/www.noubarris.net\/web40\/"},{"@type":"ListItem","position":2,"name":"Els camps de futbol de la Guineueta i el Tur\u00f3 de la Peira renovaran la gespa artificial a l&#8217;estiu"}]},{"@type":"WebSite","@id":"https:\/\/www.noubarris.net\/web40\/#website","url":"https:\/\/www.noubarris.net\/web40\/","name":"NouBarris.Net","description":"Seguint la vida de Nou Barris des de 1985","publisher":{"@id":"https:\/\/www.noubarris.net\/web40\/#organization"},"potentialAction":[{"@type":"SearchAction","target":{"@type":"EntryPoint","urlTemplate":"https:\/\/www.noubarris.net\/web40\/?s={search_term_string}"},"query-input":{"@type":"PropertyValueSpecification","valueRequired":true,"valueName":"search_term_string"}}],"inLanguage":"ca"},{"@type":"Organization","@id":"https:\/\/www.noubarris.net\/web40\/#organization","name":"NouBarris.Net","url":"https:\/\/www.noubarris.net\/web40\/","logo":{"@type":"ImageObject","inLanguage":"ca","@id":"https:\/\/www.noubarris.net\/web40\/#\/schema\/logo\/image\/","url":"https:\/\/www.noubarris.net\/web40\/wp-content\/uploads\/2024\/11\/cropped-cropped-LOGO_9BTV-2024_Insta-1.jpg","contentUrl":"https:\/\/www.noubarris.net\/web40\/wp-content\/uploads\/2024\/11\/cropped-cropped-LOGO_9BTV-2024_Insta-1.jpg","width":512,"height":512,"caption":"NouBarris.Net"},"image":{"@id":"https:\/\/www.noubarris.net\/web40\/#\/schema\/logo\/image\/"},"sameAs":["https:\/\/www.facebook.com\/NouBarris.net\/?locale=es_ES","https:\/\/x.com\/9BTV"]},{"@type":"Person","@id":"https:\/\/www.noubarris.net\/web40\/#\/schema\/person\/1827f92aaa316c54abbf4dac0de76069","name":"Informatius","image":{"@type":"ImageObject","inLanguage":"ca","@id":"https:\/\/www.noubarris.net\/web40\/#\/schema\/person\/image\/","url":"https:\/\/secure.gravatar.com\/avatar\/87a3b47928835fc72c6ee5b0e1a7263ef0c2d05003a98189bc14926c5f11bcdb?s=96&d=mm&r=g","contentUrl":"https:\/\/secure.gravatar.com\/avatar\/87a3b47928835fc72c6ee5b0e1a7263ef0c2d05003a98189bc14926c5f11bcdb?s=96&d=mm&r=g","caption":"Informatius"},"url":"https:\/\/www.noubarris.net\/web40\/author\/tele\/"}]}},"_links":{"self":[{"href":"https:\/\/www.noubarris.net\/web40\/wp-json\/wp\/v2\/posts\/82478","targetHints":{"allow":["GET"]}}],"collection":[{"href":"https:\/\/www.noubarris.net\/web40\/wp-json\/wp\/v2\/posts"}],"about":[{"href":"https:\/\/www.noubarris.net\/web40\/wp-json\/wp\/v2\/types\/post"}],"author":[{"embeddable":true,"href":"https:\/\/www.noubarris.net\/web40\/wp-json\/wp\/v2\/users\/2"}],"replies":[{"embeddable":true,"href":"https:\/\/www.noubarris.net\/web40\/wp-json\/wp\/v2\/comments?post=82478"}],"version-history":[{"count":2,"href":"https:\/\/www.noubarris.net\/web40\/wp-json\/wp\/v2\/posts\/82478\/revisions"}],"predecessor-version":[{"id":82527,"href":"https:\/\/www.noubarris.net\/web40\/wp-json\/wp\/v2\/posts\/82478\/revisions\/82527"}],"wp:featuredmedia":[{"embeddable":true,"href":"https:\/\/www.noubarris.net\/web40\/wp-json\/wp\/v2\/media\/82479"}],"wp:attachment":[{"href":"https:\/\/www.noubarris.net\/web40\/wp-json\/wp\/v2\/media?parent=82478"}],"wp:term":[{"taxonomy":"category","embeddable":true,"href":"https:\/\/www.noubarris.net\/web40\/wp-json\/wp\/v2\/categories?post=82478"},{"taxonomy":"post_tag","embeddable":true,"href":"https:\/\/www.noubarris.net\/web40\/wp-json\/wp\/v2\/tags?post=82478"}],"curies":[{"name":"wp","href":"https:\/\/api.w.org\/{rel}","templated":true}]}}