{"id":82483,"date":"2024-03-23T00:14:38","date_gmt":"2024-03-22T22:14:38","guid":{"rendered":"http:\/\/www.noubarris.net\/web40\/?p=82483"},"modified":"2024-04-01T05:16:19","modified_gmt":"2024-04-01T03:16:19","slug":"les-queixes-per-soroll-centren-part-de-latencio-de-laudiencia-publica","status":"publish","type":"post","link":"https:\/\/www.noubarris.net\/web40\/les-queixes-per-soroll-centren-part-de-latencio-de-laudiencia-publica\/","title":{"rendered":"Les queixes per soroll centren part de l&#8217;atenci\u00f3 de l&#8217;Audi\u00e8ncia P\u00fablica"},"content":{"rendered":"<p><strong>Els carrils bici de passeig de Valldaura o d&#8217;Arnau d&#8217;Oms, o els aparcaments pendents de comercialitzar, entre altres temes<\/strong><\/p>\n<p>La primera Audi\u00e8ncia P\u00fablica de l&#8217;any a Nou Barris ha tingut un tema que va sorgir diversos cops per\u00f2 des de diversos punts de vista. Des de la Guineueta una ve\u00efna es va queixar del soroll que es genera des del Casal de Joves de la Guineueta, sobretot les nits del cap de setmana en qu\u00e8 els joves organizen festes. Va reclamar que des de Districte se&#8217;le retiri el perm\u00eds per fer festes i utilitzar el pati del casal a les nits. El regidor va dirigir la ve\u00efna cap a les entitats del barri per tractar el tema, tot recordant que el casal est\u00e0 gestionat des de la gesti\u00f3 c\u00edvica.<\/p>\n<div style=\"height: 10px;overflow: hidden;\"><a href=\"https:\/\/collegeapparelfan.net\/\"><strong>ohio state jersey<\/strong><\/a><br \/>\n<a href=\"https:\/\/asujerseysonline.com\/\"><strong>detroit lions jersey<\/strong><\/a><br \/>\n<a href=\"https:\/\/topcollegeshops.com\/\"><strong>College Football Jerseys<\/strong><\/a><br \/>\n<a href=\"https:\/\/asujerseys.net\/\"><strong>asu football jersey<\/strong><\/a><br \/>\n<a href=\"https:\/\/teamsjerseycollege.com\/\"><strong>49ers jersey<\/strong><\/a><br \/>\n<a href=\"https:\/\/topcollegeshops.com\/\"><strong>College Football Jerseys<\/strong><\/a><br \/>\n<a href=\"https:\/\/teamsjerseycollege.com\/\"><strong>49ers jersey<\/strong><\/a><br \/>\n<a href=\"https:\/\/floridastateseminolesjerseys.net\/\"><strong>Florida state seminars jerseys<\/strong><\/a><br \/>\n<a href=\"http:\/\/floridastateseminolesjersey.net\/\"><strong>florida state football jersey<\/strong><\/a><br \/>\n<a href=\"https:\/\/osuproshops.com\/\"><strong>OSU Jerseys<\/strong><\/a><br \/>\n<a href=\"https:\/\/collegeprostoreonline.com\/\"><strong>custom made football jerseys<\/strong><\/a><br \/>\n<a href=\"https:\/\/collegeprostores.com\/\"><strong>ohio state jersey<\/strong><\/a><br \/>\n<a href=\"https:\/\/floridastateseminolesjerseys.net\/\"><strong>Florida state seminars jerseys<\/strong><\/a><br \/>\n<a href=\"https:\/\/floridastateseminolesjerseys.net\/\"><strong>Florida state seminars jerseys<\/strong><\/a><br \/>\n<a href=\"https:\/\/topcollegeshops.com\/\"><strong>College Football Jerseys<\/strong><\/a>\n<\/div>\n<p>Una altra vessant del soroll \u00e9s la que van denunciar uns ve\u00efns del carrer de Viladrosa, a Verdum: la d&#8217;un pis tur\u00edstic dins una escala de ve\u00efns i ve\u00efnes ben farts dels sorolls, de maletes colpejant els graons de l&#8217;escala i altres mol\u00e8sties. Segons els ve\u00efns, aquest pist t\u00e9 llic\u00e8ncia emesa per la Generalitat al 2015. Aix\u00f2, els va explicar el regidor Xavier Marc\u00e9, deixava aquest cas fora de la morat\u00f2ria de 2017, per\u00f2 si s&#8217;aplica el darrer acord sobre pisos tur\u00edstics els ve\u00efns podrien tenir l&#8217;esperan\u00e7a que la caducitat de les llic\u00e8ncies en cinc anys puguin resoldre la situaci\u00f3. En tot cas, els va convidar a parlar amb el propietari o b\u00e9 emprendre accions legals.<\/p>\n<p>I un altre cas de soroll \u00e9s l&#8217;exposat per uns ve\u00efns de Porta. Van reclamar solucions per al soroll que, diuen, es genera a les instal\u00b7lacions de la petanca Alc\u00fadia. Van explicar que s\u00f3n fins a dotze hores de mol\u00e8sties per la m\u00fasica, les converses o el so de les boles de petanca. En aquest cas des de Districte es va respondre que ja s&#8217;havien reunit amb el club despr\u00e9s que ja s&#8217;express\u00e9s aquesta queixa al darrer plenari i que la versi\u00f3 del club \u00e9s ben diferent. Sigui com sigui, els han imposat tres actuacions per minvar les mol\u00e8sties ve\u00efnals: definir en un cartell l&#8217;horari d&#8217;\u00fas de les instal\u00b7lacions; limitar a una a l&#8217;any les barbacoes; i que el bar nom\u00e9s el puguin utilitzar els socis i s\u00f2cies.<\/p>\n<p>Els mateixos ve\u00efns tamb\u00e9 es van queixar dels lladrucs a les nits del gossos que corren deslligats a la pla\u00e7a del costat d&#8217;aquestes pistes de petanca. I tamb\u00e9 de la gent que participa als botellots al mateix espai.<\/p>\n<p>A banda dels soroll, tamb\u00e9 es va parlar de diversos punts de la Guineueta. L&#8217;associaci\u00f3 ve\u00efnal va tornar a reclamar un pla espec\u00edfic per al barri, va insistir en la reurbanitzaci\u00f3 de la fase 4 (que segons Districte ara n&#8217;iniciar\u00e0 la realitzaci\u00f3 de l&#8217;avantprojecte, previ al projecte executiu i es preveu comen\u00e7ar les obres aquest mandat) i els problemes amb les canonades i l&#8217;aigua.\u00a0Tamb\u00e9 es van queixar dels perills del carril bici del passeig de Valldaura perqu\u00e8 circula per sobre de la vorera i van afirmar que havien documentat alguns accidents. El regidor Marc\u00e9 va acceptar la queixa i va explicar que tant en aquest cas com en el del carrer d&#8217;Arnau d&#8217;Oms i el de Piferrer estan en espera de con\u00e8ixer els criteris de Mobilitat, per\u00f2 que presenten molts factors que fan complexa la soluci\u00f3, a causa del carril bus, contenidors, aparcaments&#8230;<\/p>\n<p>Va sorgir tamb\u00e9 el problema dels aparcaments buits, tant de Torre Bar\u00f3 com els de la Trinitat Nova. Aquests darrers fa vuit anys que estan bloquejats perqu\u00e8 pertanyien a Regesa i aquesta empresa p\u00fablica va desapare\u00e8ixer; per\u00f2 el gerent Gabriel Duarte i el regidor Xavier Marc\u00e9 van demanar un parell de setmane per comprovar si poden resoldre el problema que ara rau en el preu de les places. Per problemes burocr\u00e0tics no s&#8217;ha pogut tramitat un acord que respect\u00e9s el preu conveniat amb el ve\u00efnat quan va arrencar la remodelaci\u00f3 de la Trinitat Nova, l&#8217;any 2006.<\/p>\n<p>A m\u00e9s, tamb\u00e9 hi van haver queixes sobre defici\u00e8ncies i problemes a l&#8217;illa F, un edifici d&#8217;habitatges de lloguer lliurat fa un any a Torre Bar\u00f3. Segons la inquilina que va parlar a l&#8217;audi\u00e8ncia, a m\u00e9s dels problemes, encara no han pogut notar els beneficis de les plaque fotovoltaiques o l&#8217;aerot\u00e8rmia. &#8220;En moments de pics de temperatura, no n&#8217;hi ha prou&#8221;, va assegurar la ve\u00efna.<\/p>\n","protected":false},"excerpt":{"rendered":"<p>Els carrils bici de passeig de Valldaura o d&#8217;Arnau d&#8217;Oms, o els aparcaments pendents de comercialitzar, entre altres temes La<\/p>\n","protected":false},"author":2,"featured_media":82484,"comment_status":"closed","ping_status":"closed","sticky":false,"template":"","format":"standard","meta":{"colormag_page_layout":"default_layout","_monsterinsights_skip_tracking":false,"_monsterinsights_sitenote_active":false,"_monsterinsights_sitenote_note":"","_monsterinsights_sitenote_category":0,"footnotes":""},"categories":[447,1],"tags":[703,327],"class_list":["post-82483","post","type-post","status-publish","format-standard","has-post-thumbnail","hentry","category-audiencia-publica-i-plenari","category-nou-barris","tag-audiencia-publica","tag-participacio"],"yoast_head":"<!-- This site is optimized with the Yoast SEO plugin v25.3 - https:\/\/yoast.com\/wordpress\/plugins\/seo\/ -->\n<title>Les queixes per soroll centren part de l&#039;atenci\u00f3 de l&#039;Audi\u00e8ncia P\u00fablica - NouBarris.Net<\/title>\n<meta name=\"robots\" content=\"index, follow, max-snippet:-1, max-image-preview:large, max-video-preview:-1\" \/>\n<link rel=\"canonical\" href=\"https:\/\/www.noubarris.net\/web40\/les-queixes-per-soroll-centren-part-de-latencio-de-laudiencia-publica\/\" \/>\n<meta property=\"og:locale\" content=\"ca_ES\" \/>\n<meta property=\"og:type\" content=\"article\" \/>\n<meta property=\"og:title\" content=\"Les queixes per soroll centren part de l&#039;atenci\u00f3 de l&#039;Audi\u00e8ncia P\u00fablica - NouBarris.Net\" \/>\n<meta property=\"og:description\" content=\"Els carrils bici de passeig de Valldaura o d&#8217;Arnau d&#8217;Oms, o els aparcaments pendents de comercialitzar, entre altres temes La\" \/>\n<meta property=\"og:url\" content=\"https:\/\/www.noubarris.net\/web40\/les-queixes-per-soroll-centren-part-de-latencio-de-laudiencia-publica\/\" \/>\n<meta property=\"og:site_name\" content=\"NouBarris.Net\" \/>\n<meta property=\"article:publisher\" content=\"https:\/\/www.facebook.com\/NouBarris.net\/?locale=es_ES\" \/>\n<meta property=\"article:published_time\" content=\"2024-03-22T22:14:38+00:00\" \/>\n<meta property=\"article:modified_time\" content=\"2024-04-01T03:16:19+00:00\" \/>\n<meta property=\"og:image\" content=\"https:\/\/www.noubarris.net\/web40\/wp-content\/uploads\/2024\/03\/audiencia-publica-0324.jpg\" \/>\n\t<meta property=\"og:image:width\" content=\"768\" \/>\n\t<meta property=\"og:image:height\" content=\"432\" \/>\n\t<meta property=\"og:image:type\" content=\"image\/jpeg\" \/>\n<meta name=\"author\" content=\"Informatius\" \/>\n<meta name=\"twitter:card\" content=\"summary_large_image\" \/>\n<meta name=\"twitter:creator\" content=\"@9BTV\" \/>\n<meta name=\"twitter:site\" content=\"@9BTV\" \/>\n<meta name=\"twitter:label1\" content=\"Escrit per\" \/>\n\t<meta name=\"twitter:data1\" content=\"Informatius\" \/>\n\t<meta name=\"twitter:label2\" content=\"Temps estimat de lectura\" \/>\n\t<meta name=\"twitter:data2\" content=\"5 minuts\" \/>\n<script type=\"application\/ld+json\" class=\"yoast-schema-graph\">{\"@context\":\"https:\/\/schema.org\",\"@graph\":[{\"@type\":\"Article\",\"@id\":\"https:\/\/www.noubarris.net\/web40\/les-queixes-per-soroll-centren-part-de-latencio-de-laudiencia-publica\/#article\",\"isPartOf\":{\"@id\":\"https:\/\/www.noubarris.net\/web40\/les-queixes-per-soroll-centren-part-de-latencio-de-laudiencia-publica\/\"},\"author\":{\"name\":\"Informatius\",\"@id\":\"https:\/\/www.noubarris.net\/web40\/#\/schema\/person\/1827f92aaa316c54abbf4dac0de76069\"},\"headline\":\"Les queixes per soroll centren part de l&#8217;atenci\u00f3 de l&#8217;Audi\u00e8ncia P\u00fablica\",\"datePublished\":\"2024-03-22T22:14:38+00:00\",\"dateModified\":\"2024-04-01T03:16:19+00:00\",\"mainEntityOfPage\":{\"@id\":\"https:\/\/www.noubarris.net\/web40\/les-queixes-per-soroll-centren-part-de-latencio-de-laudiencia-publica\/\"},\"wordCount\":850,\"publisher\":{\"@id\":\"https:\/\/www.noubarris.net\/web40\/#organization\"},\"image\":{\"@id\":\"https:\/\/www.noubarris.net\/web40\/les-queixes-per-soroll-centren-part-de-latencio-de-laudiencia-publica\/#primaryimage\"},\"thumbnailUrl\":\"https:\/\/www.noubarris.net\/web40\/wp-content\/uploads\/2024\/03\/audiencia-publica-0324.jpg\",\"keywords\":[\"audi\u00e8ncia p\u00fablica\",\"Participaci\u00f3\"],\"articleSection\":[\"Audi\u00e8ncia p\u00fablica i Plenari\",\"Nou Barris\"],\"inLanguage\":\"ca\"},{\"@type\":\"WebPage\",\"@id\":\"https:\/\/www.noubarris.net\/web40\/les-queixes-per-soroll-centren-part-de-latencio-de-laudiencia-publica\/\",\"url\":\"https:\/\/www.noubarris.net\/web40\/les-queixes-per-soroll-centren-part-de-latencio-de-laudiencia-publica\/\",\"name\":\"Les queixes per soroll centren part de l'atenci\u00f3 de l'Audi\u00e8ncia P\u00fablica - NouBarris.Net\",\"isPartOf\":{\"@id\":\"https:\/\/www.noubarris.net\/web40\/#website\"},\"primaryImageOfPage\":{\"@id\":\"https:\/\/www.noubarris.net\/web40\/les-queixes-per-soroll-centren-part-de-latencio-de-laudiencia-publica\/#primaryimage\"},\"image\":{\"@id\":\"https:\/\/www.noubarris.net\/web40\/les-queixes-per-soroll-centren-part-de-latencio-de-laudiencia-publica\/#primaryimage\"},\"thumbnailUrl\":\"https:\/\/www.noubarris.net\/web40\/wp-content\/uploads\/2024\/03\/audiencia-publica-0324.jpg\",\"datePublished\":\"2024-03-22T22:14:38+00:00\",\"dateModified\":\"2024-04-01T03:16:19+00:00\",\"breadcrumb\":{\"@id\":\"https:\/\/www.noubarris.net\/web40\/les-queixes-per-soroll-centren-part-de-latencio-de-laudiencia-publica\/#breadcrumb\"},\"inLanguage\":\"ca\",\"potentialAction\":[{\"@type\":\"ReadAction\",\"target\":[\"https:\/\/www.noubarris.net\/web40\/les-queixes-per-soroll-centren-part-de-latencio-de-laudiencia-publica\/\"]}]},{\"@type\":\"ImageObject\",\"inLanguage\":\"ca\",\"@id\":\"https:\/\/www.noubarris.net\/web40\/les-queixes-per-soroll-centren-part-de-latencio-de-laudiencia-publica\/#primaryimage\",\"url\":\"https:\/\/www.noubarris.net\/web40\/wp-content\/uploads\/2024\/03\/audiencia-publica-0324.jpg\",\"contentUrl\":\"https:\/\/www.noubarris.net\/web40\/wp-content\/uploads\/2024\/03\/audiencia-publica-0324.jpg\",\"width\":768,\"height\":432},{\"@type\":\"BreadcrumbList\",\"@id\":\"https:\/\/www.noubarris.net\/web40\/les-queixes-per-soroll-centren-part-de-latencio-de-laudiencia-publica\/#breadcrumb\",\"itemListElement\":[{\"@type\":\"ListItem\",\"position\":1,\"name\":\"Inici\",\"item\":\"https:\/\/www.noubarris.net\/web40\/\"},{\"@type\":\"ListItem\",\"position\":2,\"name\":\"Les queixes per soroll centren part de l&#8217;atenci\u00f3 de l&#8217;Audi\u00e8ncia P\u00fablica\"}]},{\"@type\":\"WebSite\",\"@id\":\"https:\/\/www.noubarris.net\/web40\/#website\",\"url\":\"https:\/\/www.noubarris.net\/web40\/\",\"name\":\"NouBarris.Net\",\"description\":\"Seguint la vida de Nou Barris des de 1985\",\"publisher\":{\"@id\":\"https:\/\/www.noubarris.net\/web40\/#organization\"},\"potentialAction\":[{\"@type\":\"SearchAction\",\"target\":{\"@type\":\"EntryPoint\",\"urlTemplate\":\"https:\/\/www.noubarris.net\/web40\/?s={search_term_string}\"},\"query-input\":{\"@type\":\"PropertyValueSpecification\",\"valueRequired\":true,\"valueName\":\"search_term_string\"}}],\"inLanguage\":\"ca\"},{\"@type\":\"Organization\",\"@id\":\"https:\/\/www.noubarris.net\/web40\/#organization\",\"name\":\"NouBarris.Net\",\"url\":\"https:\/\/www.noubarris.net\/web40\/\",\"logo\":{\"@type\":\"ImageObject\",\"inLanguage\":\"ca\",\"@id\":\"https:\/\/www.noubarris.net\/web40\/#\/schema\/logo\/image\/\",\"url\":\"https:\/\/www.noubarris.net\/web40\/wp-content\/uploads\/2024\/11\/cropped-cropped-LOGO_9BTV-2024_Insta-1.jpg\",\"contentUrl\":\"https:\/\/www.noubarris.net\/web40\/wp-content\/uploads\/2024\/11\/cropped-cropped-LOGO_9BTV-2024_Insta-1.jpg\",\"width\":512,\"height\":512,\"caption\":\"NouBarris.Net\"},\"image\":{\"@id\":\"https:\/\/www.noubarris.net\/web40\/#\/schema\/logo\/image\/\"},\"sameAs\":[\"https:\/\/www.facebook.com\/NouBarris.net\/?locale=es_ES\",\"https:\/\/x.com\/9BTV\"]},{\"@type\":\"Person\",\"@id\":\"https:\/\/www.noubarris.net\/web40\/#\/schema\/person\/1827f92aaa316c54abbf4dac0de76069\",\"name\":\"Informatius\",\"image\":{\"@type\":\"ImageObject\",\"inLanguage\":\"ca\",\"@id\":\"https:\/\/www.noubarris.net\/web40\/#\/schema\/person\/image\/\",\"url\":\"https:\/\/secure.gravatar.com\/avatar\/87a3b47928835fc72c6ee5b0e1a7263ef0c2d05003a98189bc14926c5f11bcdb?s=96&d=mm&r=g\",\"contentUrl\":\"https:\/\/secure.gravatar.com\/avatar\/87a3b47928835fc72c6ee5b0e1a7263ef0c2d05003a98189bc14926c5f11bcdb?s=96&d=mm&r=g\",\"caption\":\"Informatius\"},\"url\":\"https:\/\/www.noubarris.net\/web40\/author\/tele\/\"}]}<\/script>\n<!-- \/ Yoast SEO plugin. -->","yoast_head_json":{"title":"Les queixes per soroll centren part de l'atenci\u00f3 de l'Audi\u00e8ncia P\u00fablica - NouBarris.Net","robots":{"index":"index","follow":"follow","max-snippet":"max-snippet:-1","max-image-preview":"max-image-preview:large","max-video-preview":"max-video-preview:-1"},"canonical":"https:\/\/www.noubarris.net\/web40\/les-queixes-per-soroll-centren-part-de-latencio-de-laudiencia-publica\/","og_locale":"ca_ES","og_type":"article","og_title":"Les queixes per soroll centren part de l'atenci\u00f3 de l'Audi\u00e8ncia P\u00fablica - NouBarris.Net","og_description":"Els carrils bici de passeig de Valldaura o d&#8217;Arnau d&#8217;Oms, o els aparcaments pendents de comercialitzar, entre altres temes La","og_url":"https:\/\/www.noubarris.net\/web40\/les-queixes-per-soroll-centren-part-de-latencio-de-laudiencia-publica\/","og_site_name":"NouBarris.Net","article_publisher":"https:\/\/www.facebook.com\/NouBarris.net\/?locale=es_ES","article_published_time":"2024-03-22T22:14:38+00:00","article_modified_time":"2024-04-01T03:16:19+00:00","og_image":[{"width":768,"height":432,"url":"https:\/\/www.noubarris.net\/web40\/wp-content\/uploads\/2024\/03\/audiencia-publica-0324.jpg","type":"image\/jpeg"}],"author":"Informatius","twitter_card":"summary_large_image","twitter_creator":"@9BTV","twitter_site":"@9BTV","twitter_misc":{"Escrit per":"Informatius","Temps estimat de lectura":"5 minuts"},"schema":{"@context":"https:\/\/schema.org","@graph":[{"@type":"Article","@id":"https:\/\/www.noubarris.net\/web40\/les-queixes-per-soroll-centren-part-de-latencio-de-laudiencia-publica\/#article","isPartOf":{"@id":"https:\/\/www.noubarris.net\/web40\/les-queixes-per-soroll-centren-part-de-latencio-de-laudiencia-publica\/"},"author":{"name":"Informatius","@id":"https:\/\/www.noubarris.net\/web40\/#\/schema\/person\/1827f92aaa316c54abbf4dac0de76069"},"headline":"Les queixes per soroll centren part de l&#8217;atenci\u00f3 de l&#8217;Audi\u00e8ncia P\u00fablica","datePublished":"2024-03-22T22:14:38+00:00","dateModified":"2024-04-01T03:16:19+00:00","mainEntityOfPage":{"@id":"https:\/\/www.noubarris.net\/web40\/les-queixes-per-soroll-centren-part-de-latencio-de-laudiencia-publica\/"},"wordCount":850,"publisher":{"@id":"https:\/\/www.noubarris.net\/web40\/#organization"},"image":{"@id":"https:\/\/www.noubarris.net\/web40\/les-queixes-per-soroll-centren-part-de-latencio-de-laudiencia-publica\/#primaryimage"},"thumbnailUrl":"https:\/\/www.noubarris.net\/web40\/wp-content\/uploads\/2024\/03\/audiencia-publica-0324.jpg","keywords":["audi\u00e8ncia p\u00fablica","Participaci\u00f3"],"articleSection":["Audi\u00e8ncia p\u00fablica i Plenari","Nou Barris"],"inLanguage":"ca"},{"@type":"WebPage","@id":"https:\/\/www.noubarris.net\/web40\/les-queixes-per-soroll-centren-part-de-latencio-de-laudiencia-publica\/","url":"https:\/\/www.noubarris.net\/web40\/les-queixes-per-soroll-centren-part-de-latencio-de-laudiencia-publica\/","name":"Les queixes per soroll centren part de l'atenci\u00f3 de l'Audi\u00e8ncia P\u00fablica - NouBarris.Net","isPartOf":{"@id":"https:\/\/www.noubarris.net\/web40\/#website"},"primaryImageOfPage":{"@id":"https:\/\/www.noubarris.net\/web40\/les-queixes-per-soroll-centren-part-de-latencio-de-laudiencia-publica\/#primaryimage"},"image":{"@id":"https:\/\/www.noubarris.net\/web40\/les-queixes-per-soroll-centren-part-de-latencio-de-laudiencia-publica\/#primaryimage"},"thumbnailUrl":"https:\/\/www.noubarris.net\/web40\/wp-content\/uploads\/2024\/03\/audiencia-publica-0324.jpg","datePublished":"2024-03-22T22:14:38+00:00","dateModified":"2024-04-01T03:16:19+00:00","breadcrumb":{"@id":"https:\/\/www.noubarris.net\/web40\/les-queixes-per-soroll-centren-part-de-latencio-de-laudiencia-publica\/#breadcrumb"},"inLanguage":"ca","potentialAction":[{"@type":"ReadAction","target":["https:\/\/www.noubarris.net\/web40\/les-queixes-per-soroll-centren-part-de-latencio-de-laudiencia-publica\/"]}]},{"@type":"ImageObject","inLanguage":"ca","@id":"https:\/\/www.noubarris.net\/web40\/les-queixes-per-soroll-centren-part-de-latencio-de-laudiencia-publica\/#primaryimage","url":"https:\/\/www.noubarris.net\/web40\/wp-content\/uploads\/2024\/03\/audiencia-publica-0324.jpg","contentUrl":"https:\/\/www.noubarris.net\/web40\/wp-content\/uploads\/2024\/03\/audiencia-publica-0324.jpg","width":768,"height":432},{"@type":"BreadcrumbList","@id":"https:\/\/www.noubarris.net\/web40\/les-queixes-per-soroll-centren-part-de-latencio-de-laudiencia-publica\/#breadcrumb","itemListElement":[{"@type":"ListItem","position":1,"name":"Inici","item":"https:\/\/www.noubarris.net\/web40\/"},{"@type":"ListItem","position":2,"name":"Les queixes per soroll centren part de l&#8217;atenci\u00f3 de l&#8217;Audi\u00e8ncia P\u00fablica"}]},{"@type":"WebSite","@id":"https:\/\/www.noubarris.net\/web40\/#website","url":"https:\/\/www.noubarris.net\/web40\/","name":"NouBarris.Net","description":"Seguint la vida de Nou Barris des de 1985","publisher":{"@id":"https:\/\/www.noubarris.net\/web40\/#organization"},"potentialAction":[{"@type":"SearchAction","target":{"@type":"EntryPoint","urlTemplate":"https:\/\/www.noubarris.net\/web40\/?s={search_term_string}"},"query-input":{"@type":"PropertyValueSpecification","valueRequired":true,"valueName":"search_term_string"}}],"inLanguage":"ca"},{"@type":"Organization","@id":"https:\/\/www.noubarris.net\/web40\/#organization","name":"NouBarris.Net","url":"https:\/\/www.noubarris.net\/web40\/","logo":{"@type":"ImageObject","inLanguage":"ca","@id":"https:\/\/www.noubarris.net\/web40\/#\/schema\/logo\/image\/","url":"https:\/\/www.noubarris.net\/web40\/wp-content\/uploads\/2024\/11\/cropped-cropped-LOGO_9BTV-2024_Insta-1.jpg","contentUrl":"https:\/\/www.noubarris.net\/web40\/wp-content\/uploads\/2024\/11\/cropped-cropped-LOGO_9BTV-2024_Insta-1.jpg","width":512,"height":512,"caption":"NouBarris.Net"},"image":{"@id":"https:\/\/www.noubarris.net\/web40\/#\/schema\/logo\/image\/"},"sameAs":["https:\/\/www.facebook.com\/NouBarris.net\/?locale=es_ES","https:\/\/x.com\/9BTV"]},{"@type":"Person","@id":"https:\/\/www.noubarris.net\/web40\/#\/schema\/person\/1827f92aaa316c54abbf4dac0de76069","name":"Informatius","image":{"@type":"ImageObject","inLanguage":"ca","@id":"https:\/\/www.noubarris.net\/web40\/#\/schema\/person\/image\/","url":"https:\/\/secure.gravatar.com\/avatar\/87a3b47928835fc72c6ee5b0e1a7263ef0c2d05003a98189bc14926c5f11bcdb?s=96&d=mm&r=g","contentUrl":"https:\/\/secure.gravatar.com\/avatar\/87a3b47928835fc72c6ee5b0e1a7263ef0c2d05003a98189bc14926c5f11bcdb?s=96&d=mm&r=g","caption":"Informatius"},"url":"https:\/\/www.noubarris.net\/web40\/author\/tele\/"}]}},"_links":{"self":[{"href":"https:\/\/www.noubarris.net\/web40\/wp-json\/wp\/v2\/posts\/82483","targetHints":{"allow":["GET"]}}],"collection":[{"href":"https:\/\/www.noubarris.net\/web40\/wp-json\/wp\/v2\/posts"}],"about":[{"href":"https:\/\/www.noubarris.net\/web40\/wp-json\/wp\/v2\/types\/post"}],"author":[{"embeddable":true,"href":"https:\/\/www.noubarris.net\/web40\/wp-json\/wp\/v2\/users\/2"}],"replies":[{"embeddable":true,"href":"https:\/\/www.noubarris.net\/web40\/wp-json\/wp\/v2\/comments?post=82483"}],"version-history":[{"count":5,"href":"https:\/\/www.noubarris.net\/web40\/wp-json\/wp\/v2\/posts\/82483\/revisions"}],"predecessor-version":[{"id":82530,"href":"https:\/\/www.noubarris.net\/web40\/wp-json\/wp\/v2\/posts\/82483\/revisions\/82530"}],"wp:featuredmedia":[{"embeddable":true,"href":"https:\/\/www.noubarris.net\/web40\/wp-json\/wp\/v2\/media\/82484"}],"wp:attachment":[{"href":"https:\/\/www.noubarris.net\/web40\/wp-json\/wp\/v2\/media?parent=82483"}],"wp:term":[{"taxonomy":"category","embeddable":true,"href":"https:\/\/www.noubarris.net\/web40\/wp-json\/wp\/v2\/categories?post=82483"},{"taxonomy":"post_tag","embeddable":true,"href":"https:\/\/www.noubarris.net\/web40\/wp-json\/wp\/v2\/tags?post=82483"}],"curies":[{"name":"wp","href":"https:\/\/api.w.org\/{rel}","templated":true}]}}