{"id":82489,"date":"2024-03-25T00:00:32","date_gmt":"2024-03-24T22:00:32","guid":{"rendered":"http:\/\/www.noubarris.net\/web40\/?p=82489"},"modified":"2024-04-01T05:16:16","modified_gmt":"2024-04-01T03:16:16","slug":"date-una-huerta-demana-temps-i-un-nou-espai-video","status":"publish","type":"post","link":"https:\/\/www.noubarris.net\/web40\/date-una-huerta-demana-temps-i-un-nou-espai-video\/","title":{"rendered":"(VIDEO) Date una Huerta demana temps i un nou espai"},"content":{"rendered":"<p><strong>Caducada la cessi\u00f3 d&#8217;\u00fas, confien en moure&#8217;s al solar dels barracons del Casal de Joves de la Prosperitat un cop desmantellats<\/strong><\/p>\n<div style=\"height: 10px;overflow: hidden;\"><a href=\"https:\/\/topcollegeshops.com\/\"><strong>College Football Jerseys<\/strong><\/a><br \/>\n<a href=\"https:\/\/teamsjerseycollege.com\/\"><strong>49ers jersey<\/strong><\/a><br \/>\n<a href=\"https:\/\/floridastateseminolesjerseys.net\/\"><strong>Florida state seminars jerseys<\/strong><\/a><br \/>\n<a href=\"https:\/\/teamsjerseycollege.com\/\"><strong>49ers jersey<\/strong><\/a><br \/>\n<a href=\"https:\/\/teamsjerseycollege.com\/\"><strong>49ers jersey<\/strong><\/a><br \/>\n<a href=\"https:\/\/collegeprostores.com\/\"><strong>ohio state jersey<\/strong><\/a><br \/>\n<a href=\"https:\/\/asujerseysonline.com\/\"><strong>detroit lions jersey<\/strong><\/a><br \/>\n<a href=\"https:\/\/collegeapparelfan.net\/\"><strong>johnny manziel jersey<\/strong><\/a><br \/>\n<a href=\"https:\/\/floridastateseminolesjerseys.net\/\"><strong>Florida state seminars jerseys<\/strong><\/a><br \/>\n<a href=\"https:\/\/collegeapparelfan.net\/\"><strong>johnny manziel jersey<\/strong><\/a><br \/>\n<a href=\"https:\/\/ohiostateshoponline.com\/\"><strong>Ohio State Team Jersey<\/strong><\/a><br \/>\n<a href=\"https:\/\/collegeprostoreonline.com\/\"><strong>custom made football jerseys<\/strong><\/a><br \/>\n<a href=\"https:\/\/asujerseys.net\/\"><strong>asu jersey<\/strong><\/a><br \/>\n<a href=\"http:\/\/floridastateseminolesjersey.net\/\"><strong>florida state football jersey<\/strong><\/a><br \/>\n<a href=\"https:\/\/floridastateseminolesjerseys.net\/\"><strong>Florida state seminars jerseys<\/strong><\/a>\n<\/div>\n<p><iframe loading=\"lazy\" title=\"&quot;Date una Huerta&quot; demana temps i un nou espai.\" width=\"800\" height=\"450\" src=\"https:\/\/www.youtube.com\/embed\/zTEtyWhQRNA?feature=oembed\" frameborder=\"0\" allow=\"accelerometer; autoplay; clipboard-write; encrypted-media; gyroscope; picture-in-picture; web-share\" referrerpolicy=\"strict-origin-when-cross-origin\" allowfullscreen><\/iframe><\/p>\n<p>L&#8217;hort jard\u00ed Date una Huerta, a la Prosperitat, es troba ara en un &#8220;impass&#8221;. La cessi\u00f3 d&#8217;\u00fas aconseguida despr\u00e9s d&#8217;una s\u00e8rie d&#8217;intents de desnonament i de la mediaci\u00f3 de l&#8217;Ajuntament va acabar l&#8217;1 de gener i la propietat ja ha dit que no es prorrogar\u00e0. Aix\u00ed les coses, el col\u00b7lectiu t\u00e9 coll avall que ha de marxar del solar de Joaquim Valls, per\u00f2 t\u00e9 dues peticions. La primera \u00e9s poder moure el projecte al solar que deixaran els barracons que fins ara s\u00f3n el Casal de Joves de la Prosperitat, que es troba en ple proc\u00e9s de trasllat al nou equipament, tot just al costat. La segona, \u00e9s temps perqu\u00e8 aquest trasllat culmini i es pugui condicionar l&#8217;espai per plantar-hi.<\/p>\n<p>Al darrer plenari de Nou Barris el govern de Xavier Marc\u00e9 es va posicionar a favor d&#8217;intentar mediar de nou amb la propietat, un fons voltor, per aconseguir m\u00e9s temps. Van dir intentar, ja que la darrera paraula ser\u00e0 d&#8217;aquesta propietat.<\/p>\n<p>I tot reconeixent la tasca del projecte. El solar es va ocupar fa uns vuit anys, amb la intenci\u00f3 de posar remei a la brut\u00edcia i les rates que havien sorgit despr\u00e9s que, un cop comprada i enderrocada la caseta que s&#8217;al\u00e7ava al terreny, es deix\u00e9s abandonat el solar. El van netejar, hi van crear un jard\u00ed, un hort i un lloc de trobada intergeneracional on s&#8217;hi fan actes culturals i tamb\u00e9 activitats amb grups d&#8217;infants o persones amb diversitat funcional.\u00a0 A l&#8217;estiu el tros serveix de refugi clim\u00e0tic.<\/p>\n","protected":false},"excerpt":{"rendered":"<p>Caducada la cessi\u00f3 d&#8217;\u00fas, confien en moure&#8217;s al solar dels barracons del Casal de Joves de la Prosperitat un cop<\/p>\n","protected":false},"author":2,"featured_media":82490,"comment_status":"closed","ping_status":"closed","sticky":false,"template":"","format":"standard","meta":{"colormag_page_layout":"default_layout","_monsterinsights_skip_tracking":false,"_monsterinsights_sitenote_active":false,"_monsterinsights_sitenote_note":"","_monsterinsights_sitenote_category":0,"footnotes":""},"categories":[135],"tags":[621],"class_list":["post-82489","post","type-post","status-publish","format-standard","has-post-thumbnail","hentry","category-la-prosperitat","tag-date-una-huerta"],"yoast_head":"<!-- This site is optimized with the Yoast SEO plugin v25.3 - https:\/\/yoast.com\/wordpress\/plugins\/seo\/ -->\n<title>(VIDEO) Date una Huerta demana temps i un nou espai - NouBarris.Net<\/title>\n<meta name=\"robots\" content=\"index, follow, max-snippet:-1, max-image-preview:large, max-video-preview:-1\" \/>\n<link rel=\"canonical\" href=\"https:\/\/www.noubarris.net\/web40\/date-una-huerta-demana-temps-i-un-nou-espai-video\/\" \/>\n<meta property=\"og:locale\" content=\"ca_ES\" \/>\n<meta property=\"og:type\" content=\"article\" \/>\n<meta property=\"og:title\" content=\"(VIDEO) Date una Huerta demana temps i un nou espai - NouBarris.Net\" \/>\n<meta property=\"og:description\" content=\"Caducada la cessi\u00f3 d&#8217;\u00fas, confien en moure&#8217;s al solar dels barracons del Casal de Joves de la Prosperitat un cop\" \/>\n<meta property=\"og:url\" content=\"https:\/\/www.noubarris.net\/web40\/date-una-huerta-demana-temps-i-un-nou-espai-video\/\" \/>\n<meta property=\"og:site_name\" content=\"NouBarris.Net\" \/>\n<meta property=\"article:publisher\" content=\"https:\/\/www.facebook.com\/NouBarris.net\/?locale=es_ES\" \/>\n<meta property=\"article:published_time\" content=\"2024-03-24T22:00:32+00:00\" \/>\n<meta property=\"article:modified_time\" content=\"2024-04-01T03:16:16+00:00\" \/>\n<meta property=\"og:image\" content=\"https:\/\/www.noubarris.net\/web40\/wp-content\/uploads\/2024\/03\/date-huerta-24.jpg\" \/>\n\t<meta property=\"og:image:width\" content=\"768\" \/>\n\t<meta property=\"og:image:height\" content=\"432\" \/>\n\t<meta property=\"og:image:type\" content=\"image\/jpeg\" \/>\n<meta name=\"author\" content=\"Informatius\" \/>\n<meta name=\"twitter:card\" content=\"summary_large_image\" \/>\n<meta name=\"twitter:creator\" content=\"@9BTV\" \/>\n<meta name=\"twitter:site\" content=\"@9BTV\" \/>\n<meta name=\"twitter:label1\" content=\"Escrit per\" \/>\n\t<meta name=\"twitter:data1\" content=\"Informatius\" \/>\n\t<meta name=\"twitter:label2\" content=\"Temps estimat de lectura\" \/>\n\t<meta name=\"twitter:data2\" content=\"2 minuts\" \/>\n<script type=\"application\/ld+json\" class=\"yoast-schema-graph\">{\"@context\":\"https:\/\/schema.org\",\"@graph\":[{\"@type\":\"Article\",\"@id\":\"https:\/\/www.noubarris.net\/web40\/date-una-huerta-demana-temps-i-un-nou-espai-video\/#article\",\"isPartOf\":{\"@id\":\"https:\/\/www.noubarris.net\/web40\/date-una-huerta-demana-temps-i-un-nou-espai-video\/\"},\"author\":{\"name\":\"Informatius\",\"@id\":\"https:\/\/www.noubarris.net\/web40\/#\/schema\/person\/1827f92aaa316c54abbf4dac0de76069\"},\"headline\":\"(VIDEO) Date una Huerta demana temps i un nou espai\",\"datePublished\":\"2024-03-24T22:00:32+00:00\",\"dateModified\":\"2024-04-01T03:16:16+00:00\",\"mainEntityOfPage\":{\"@id\":\"https:\/\/www.noubarris.net\/web40\/date-una-huerta-demana-temps-i-un-nou-espai-video\/\"},\"wordCount\":357,\"publisher\":{\"@id\":\"https:\/\/www.noubarris.net\/web40\/#organization\"},\"image\":{\"@id\":\"https:\/\/www.noubarris.net\/web40\/date-una-huerta-demana-temps-i-un-nou-espai-video\/#primaryimage\"},\"thumbnailUrl\":\"https:\/\/www.noubarris.net\/web40\/wp-content\/uploads\/2024\/03\/date-huerta-24.jpg\",\"keywords\":[\"Date una huerta\"],\"articleSection\":[\"La Prosperitat\"],\"inLanguage\":\"ca\"},{\"@type\":\"WebPage\",\"@id\":\"https:\/\/www.noubarris.net\/web40\/date-una-huerta-demana-temps-i-un-nou-espai-video\/\",\"url\":\"https:\/\/www.noubarris.net\/web40\/date-una-huerta-demana-temps-i-un-nou-espai-video\/\",\"name\":\"(VIDEO) Date una Huerta demana temps i un nou espai - NouBarris.Net\",\"isPartOf\":{\"@id\":\"https:\/\/www.noubarris.net\/web40\/#website\"},\"primaryImageOfPage\":{\"@id\":\"https:\/\/www.noubarris.net\/web40\/date-una-huerta-demana-temps-i-un-nou-espai-video\/#primaryimage\"},\"image\":{\"@id\":\"https:\/\/www.noubarris.net\/web40\/date-una-huerta-demana-temps-i-un-nou-espai-video\/#primaryimage\"},\"thumbnailUrl\":\"https:\/\/www.noubarris.net\/web40\/wp-content\/uploads\/2024\/03\/date-huerta-24.jpg\",\"datePublished\":\"2024-03-24T22:00:32+00:00\",\"dateModified\":\"2024-04-01T03:16:16+00:00\",\"breadcrumb\":{\"@id\":\"https:\/\/www.noubarris.net\/web40\/date-una-huerta-demana-temps-i-un-nou-espai-video\/#breadcrumb\"},\"inLanguage\":\"ca\",\"potentialAction\":[{\"@type\":\"ReadAction\",\"target\":[\"https:\/\/www.noubarris.net\/web40\/date-una-huerta-demana-temps-i-un-nou-espai-video\/\"]}]},{\"@type\":\"ImageObject\",\"inLanguage\":\"ca\",\"@id\":\"https:\/\/www.noubarris.net\/web40\/date-una-huerta-demana-temps-i-un-nou-espai-video\/#primaryimage\",\"url\":\"https:\/\/www.noubarris.net\/web40\/wp-content\/uploads\/2024\/03\/date-huerta-24.jpg\",\"contentUrl\":\"https:\/\/www.noubarris.net\/web40\/wp-content\/uploads\/2024\/03\/date-huerta-24.jpg\",\"width\":768,\"height\":432,\"caption\":\"date una huerta\"},{\"@type\":\"BreadcrumbList\",\"@id\":\"https:\/\/www.noubarris.net\/web40\/date-una-huerta-demana-temps-i-un-nou-espai-video\/#breadcrumb\",\"itemListElement\":[{\"@type\":\"ListItem\",\"position\":1,\"name\":\"Inici\",\"item\":\"https:\/\/www.noubarris.net\/web40\/\"},{\"@type\":\"ListItem\",\"position\":2,\"name\":\"(VIDEO) Date una Huerta demana temps i un nou espai\"}]},{\"@type\":\"WebSite\",\"@id\":\"https:\/\/www.noubarris.net\/web40\/#website\",\"url\":\"https:\/\/www.noubarris.net\/web40\/\",\"name\":\"NouBarris.Net\",\"description\":\"Seguint la vida de Nou Barris des de 1985\",\"publisher\":{\"@id\":\"https:\/\/www.noubarris.net\/web40\/#organization\"},\"potentialAction\":[{\"@type\":\"SearchAction\",\"target\":{\"@type\":\"EntryPoint\",\"urlTemplate\":\"https:\/\/www.noubarris.net\/web40\/?s={search_term_string}\"},\"query-input\":{\"@type\":\"PropertyValueSpecification\",\"valueRequired\":true,\"valueName\":\"search_term_string\"}}],\"inLanguage\":\"ca\"},{\"@type\":\"Organization\",\"@id\":\"https:\/\/www.noubarris.net\/web40\/#organization\",\"name\":\"NouBarris.Net\",\"url\":\"https:\/\/www.noubarris.net\/web40\/\",\"logo\":{\"@type\":\"ImageObject\",\"inLanguage\":\"ca\",\"@id\":\"https:\/\/www.noubarris.net\/web40\/#\/schema\/logo\/image\/\",\"url\":\"https:\/\/www.noubarris.net\/web40\/wp-content\/uploads\/2024\/11\/cropped-cropped-LOGO_9BTV-2024_Insta-1.jpg\",\"contentUrl\":\"https:\/\/www.noubarris.net\/web40\/wp-content\/uploads\/2024\/11\/cropped-cropped-LOGO_9BTV-2024_Insta-1.jpg\",\"width\":512,\"height\":512,\"caption\":\"NouBarris.Net\"},\"image\":{\"@id\":\"https:\/\/www.noubarris.net\/web40\/#\/schema\/logo\/image\/\"},\"sameAs\":[\"https:\/\/www.facebook.com\/NouBarris.net\/?locale=es_ES\",\"https:\/\/x.com\/9BTV\"]},{\"@type\":\"Person\",\"@id\":\"https:\/\/www.noubarris.net\/web40\/#\/schema\/person\/1827f92aaa316c54abbf4dac0de76069\",\"name\":\"Informatius\",\"image\":{\"@type\":\"ImageObject\",\"inLanguage\":\"ca\",\"@id\":\"https:\/\/www.noubarris.net\/web40\/#\/schema\/person\/image\/\",\"url\":\"https:\/\/secure.gravatar.com\/avatar\/87a3b47928835fc72c6ee5b0e1a7263ef0c2d05003a98189bc14926c5f11bcdb?s=96&d=mm&r=g\",\"contentUrl\":\"https:\/\/secure.gravatar.com\/avatar\/87a3b47928835fc72c6ee5b0e1a7263ef0c2d05003a98189bc14926c5f11bcdb?s=96&d=mm&r=g\",\"caption\":\"Informatius\"},\"url\":\"https:\/\/www.noubarris.net\/web40\/author\/tele\/\"}]}<\/script>\n<!-- \/ Yoast SEO plugin. -->","yoast_head_json":{"title":"(VIDEO) Date una Huerta demana temps i un nou espai - NouBarris.Net","robots":{"index":"index","follow":"follow","max-snippet":"max-snippet:-1","max-image-preview":"max-image-preview:large","max-video-preview":"max-video-preview:-1"},"canonical":"https:\/\/www.noubarris.net\/web40\/date-una-huerta-demana-temps-i-un-nou-espai-video\/","og_locale":"ca_ES","og_type":"article","og_title":"(VIDEO) Date una Huerta demana temps i un nou espai - NouBarris.Net","og_description":"Caducada la cessi\u00f3 d&#8217;\u00fas, confien en moure&#8217;s al solar dels barracons del Casal de Joves de la Prosperitat un cop","og_url":"https:\/\/www.noubarris.net\/web40\/date-una-huerta-demana-temps-i-un-nou-espai-video\/","og_site_name":"NouBarris.Net","article_publisher":"https:\/\/www.facebook.com\/NouBarris.net\/?locale=es_ES","article_published_time":"2024-03-24T22:00:32+00:00","article_modified_time":"2024-04-01T03:16:16+00:00","og_image":[{"width":768,"height":432,"url":"https:\/\/www.noubarris.net\/web40\/wp-content\/uploads\/2024\/03\/date-huerta-24.jpg","type":"image\/jpeg"}],"author":"Informatius","twitter_card":"summary_large_image","twitter_creator":"@9BTV","twitter_site":"@9BTV","twitter_misc":{"Escrit per":"Informatius","Temps estimat de lectura":"2 minuts"},"schema":{"@context":"https:\/\/schema.org","@graph":[{"@type":"Article","@id":"https:\/\/www.noubarris.net\/web40\/date-una-huerta-demana-temps-i-un-nou-espai-video\/#article","isPartOf":{"@id":"https:\/\/www.noubarris.net\/web40\/date-una-huerta-demana-temps-i-un-nou-espai-video\/"},"author":{"name":"Informatius","@id":"https:\/\/www.noubarris.net\/web40\/#\/schema\/person\/1827f92aaa316c54abbf4dac0de76069"},"headline":"(VIDEO) Date una Huerta demana temps i un nou espai","datePublished":"2024-03-24T22:00:32+00:00","dateModified":"2024-04-01T03:16:16+00:00","mainEntityOfPage":{"@id":"https:\/\/www.noubarris.net\/web40\/date-una-huerta-demana-temps-i-un-nou-espai-video\/"},"wordCount":357,"publisher":{"@id":"https:\/\/www.noubarris.net\/web40\/#organization"},"image":{"@id":"https:\/\/www.noubarris.net\/web40\/date-una-huerta-demana-temps-i-un-nou-espai-video\/#primaryimage"},"thumbnailUrl":"https:\/\/www.noubarris.net\/web40\/wp-content\/uploads\/2024\/03\/date-huerta-24.jpg","keywords":["Date una huerta"],"articleSection":["La Prosperitat"],"inLanguage":"ca"},{"@type":"WebPage","@id":"https:\/\/www.noubarris.net\/web40\/date-una-huerta-demana-temps-i-un-nou-espai-video\/","url":"https:\/\/www.noubarris.net\/web40\/date-una-huerta-demana-temps-i-un-nou-espai-video\/","name":"(VIDEO) Date una Huerta demana temps i un nou espai - NouBarris.Net","isPartOf":{"@id":"https:\/\/www.noubarris.net\/web40\/#website"},"primaryImageOfPage":{"@id":"https:\/\/www.noubarris.net\/web40\/date-una-huerta-demana-temps-i-un-nou-espai-video\/#primaryimage"},"image":{"@id":"https:\/\/www.noubarris.net\/web40\/date-una-huerta-demana-temps-i-un-nou-espai-video\/#primaryimage"},"thumbnailUrl":"https:\/\/www.noubarris.net\/web40\/wp-content\/uploads\/2024\/03\/date-huerta-24.jpg","datePublished":"2024-03-24T22:00:32+00:00","dateModified":"2024-04-01T03:16:16+00:00","breadcrumb":{"@id":"https:\/\/www.noubarris.net\/web40\/date-una-huerta-demana-temps-i-un-nou-espai-video\/#breadcrumb"},"inLanguage":"ca","potentialAction":[{"@type":"ReadAction","target":["https:\/\/www.noubarris.net\/web40\/date-una-huerta-demana-temps-i-un-nou-espai-video\/"]}]},{"@type":"ImageObject","inLanguage":"ca","@id":"https:\/\/www.noubarris.net\/web40\/date-una-huerta-demana-temps-i-un-nou-espai-video\/#primaryimage","url":"https:\/\/www.noubarris.net\/web40\/wp-content\/uploads\/2024\/03\/date-huerta-24.jpg","contentUrl":"https:\/\/www.noubarris.net\/web40\/wp-content\/uploads\/2024\/03\/date-huerta-24.jpg","width":768,"height":432,"caption":"date una huerta"},{"@type":"BreadcrumbList","@id":"https:\/\/www.noubarris.net\/web40\/date-una-huerta-demana-temps-i-un-nou-espai-video\/#breadcrumb","itemListElement":[{"@type":"ListItem","position":1,"name":"Inici","item":"https:\/\/www.noubarris.net\/web40\/"},{"@type":"ListItem","position":2,"name":"(VIDEO) Date una Huerta demana temps i un nou espai"}]},{"@type":"WebSite","@id":"https:\/\/www.noubarris.net\/web40\/#website","url":"https:\/\/www.noubarris.net\/web40\/","name":"NouBarris.Net","description":"Seguint la vida de Nou Barris des de 1985","publisher":{"@id":"https:\/\/www.noubarris.net\/web40\/#organization"},"potentialAction":[{"@type":"SearchAction","target":{"@type":"EntryPoint","urlTemplate":"https:\/\/www.noubarris.net\/web40\/?s={search_term_string}"},"query-input":{"@type":"PropertyValueSpecification","valueRequired":true,"valueName":"search_term_string"}}],"inLanguage":"ca"},{"@type":"Organization","@id":"https:\/\/www.noubarris.net\/web40\/#organization","name":"NouBarris.Net","url":"https:\/\/www.noubarris.net\/web40\/","logo":{"@type":"ImageObject","inLanguage":"ca","@id":"https:\/\/www.noubarris.net\/web40\/#\/schema\/logo\/image\/","url":"https:\/\/www.noubarris.net\/web40\/wp-content\/uploads\/2024\/11\/cropped-cropped-LOGO_9BTV-2024_Insta-1.jpg","contentUrl":"https:\/\/www.noubarris.net\/web40\/wp-content\/uploads\/2024\/11\/cropped-cropped-LOGO_9BTV-2024_Insta-1.jpg","width":512,"height":512,"caption":"NouBarris.Net"},"image":{"@id":"https:\/\/www.noubarris.net\/web40\/#\/schema\/logo\/image\/"},"sameAs":["https:\/\/www.facebook.com\/NouBarris.net\/?locale=es_ES","https:\/\/x.com\/9BTV"]},{"@type":"Person","@id":"https:\/\/www.noubarris.net\/web40\/#\/schema\/person\/1827f92aaa316c54abbf4dac0de76069","name":"Informatius","image":{"@type":"ImageObject","inLanguage":"ca","@id":"https:\/\/www.noubarris.net\/web40\/#\/schema\/person\/image\/","url":"https:\/\/secure.gravatar.com\/avatar\/87a3b47928835fc72c6ee5b0e1a7263ef0c2d05003a98189bc14926c5f11bcdb?s=96&d=mm&r=g","contentUrl":"https:\/\/secure.gravatar.com\/avatar\/87a3b47928835fc72c6ee5b0e1a7263ef0c2d05003a98189bc14926c5f11bcdb?s=96&d=mm&r=g","caption":"Informatius"},"url":"https:\/\/www.noubarris.net\/web40\/author\/tele\/"}]}},"_links":{"self":[{"href":"https:\/\/www.noubarris.net\/web40\/wp-json\/wp\/v2\/posts\/82489","targetHints":{"allow":["GET"]}}],"collection":[{"href":"https:\/\/www.noubarris.net\/web40\/wp-json\/wp\/v2\/posts"}],"about":[{"href":"https:\/\/www.noubarris.net\/web40\/wp-json\/wp\/v2\/types\/post"}],"author":[{"embeddable":true,"href":"https:\/\/www.noubarris.net\/web40\/wp-json\/wp\/v2\/users\/2"}],"replies":[{"embeddable":true,"href":"https:\/\/www.noubarris.net\/web40\/wp-json\/wp\/v2\/comments?post=82489"}],"version-history":[{"count":6,"href":"https:\/\/www.noubarris.net\/web40\/wp-json\/wp\/v2\/posts\/82489\/revisions"}],"predecessor-version":[{"id":82529,"href":"https:\/\/www.noubarris.net\/web40\/wp-json\/wp\/v2\/posts\/82489\/revisions\/82529"}],"wp:featuredmedia":[{"embeddable":true,"href":"https:\/\/www.noubarris.net\/web40\/wp-json\/wp\/v2\/media\/82490"}],"wp:attachment":[{"href":"https:\/\/www.noubarris.net\/web40\/wp-json\/wp\/v2\/media?parent=82489"}],"wp:term":[{"taxonomy":"category","embeddable":true,"href":"https:\/\/www.noubarris.net\/web40\/wp-json\/wp\/v2\/categories?post=82489"},{"taxonomy":"post_tag","embeddable":true,"href":"https:\/\/www.noubarris.net\/web40\/wp-json\/wp\/v2\/tags?post=82489"}],"curies":[{"name":"wp","href":"https:\/\/api.w.org\/{rel}","templated":true}]}}