{"id":82502,"date":"2024-03-31T13:55:56","date_gmt":"2024-03-31T11:55:56","guid":{"rendered":"http:\/\/www.noubarris.net\/web40\/?p=82502"},"modified":"2024-03-31T13:55:56","modified_gmt":"2024-03-31T11:55:56","slug":"acaben-les-obres-per-fer-mes-amable-la-placa-verdum-i-els-seus-entorns","status":"publish","type":"post","link":"https:\/\/www.noubarris.net\/web40\/acaben-les-obres-per-fer-mes-amable-la-placa-verdum-i-els-seus-entorns\/","title":{"rendered":"Acaben les obres per fer m\u00e9s amable la pla\u00e7a Verdum i els seus entorns"},"content":{"rendered":"<p><strong>La sequera impedeix compleix una de les demandes ve\u00efnals m\u00e9s importants, el de plantar verd, que haur\u00e0 d&#8217;esperar<\/strong><\/p>\n<p>Els ve\u00efns i ve\u00efnes ja han estrenat la pla\u00e7a de Verdum despr\u00e9s d&#8217;unes obres que han volgut transformar l&#8217;aspecte i din\u00e0mica tant de la pla\u00e7a com dels entorns: el carrer de Robert Robert i el paral\u00b7lel, sense nom. L&#8217;objectiu era convertir la zona en un espai de trobada, descans i joc. Per aix\u00f2 s&#8217;ha renovat el mobiliari urb\u00e0 i s&#8217;ha creat una colorida zona de jocs infantils.<\/p>\n<p>A m\u00e9s, a la pla\u00e7a en si, s&#8217;han constru\u00eft grans jardineres a la mena de grades que salven el gran desnivell de la pla\u00e7a. I \u00e9s que entre les idees sorgides entre el ve\u00efnat per reformar aquest indret i fer-lo m\u00e9s amable, hi havia la de tenir m\u00e9s verd. Malauradament, la sequera persistent que patim ha impedit que es pugui plantar res, i caldr\u00e0 esperar a que la situaci\u00f3 millori i s&#8217;abandoni la situaci\u00f3 d&#8217;emerg\u00e8ncia.<\/p>\n<p>Pel que fa al carrer de Robert Robert s\u2019ha projectat com un espai vers\u00e0til per a la vida del barri i per celebrar-hi esdeveniments de petit format. El carrer paral\u00b7lel s\u2019ha consolidat com un carrer de joc inclusiu i accessible amb la instal\u00b7laci\u00f3, tamb\u00e9, de mobiliari d\u2019estada i acompanyament.<\/p>\n<p><strong>La pla\u00e7a reconstru\u00efda l&#8217;any 2005 dels enderrocs de les Cases del Governador<\/strong><\/p>\n<p>Aquests canvis s&#8217;han fet en el marc del Pla de Barris de Roquetes-Verdun, i neix d\u2019una reivindicaci\u00f3 ve\u00efnal per adequar l\u2019espai a les din\u00e0miques de conviv\u00e8ncia del ve\u00efnat i per millorar-ne la percepci\u00f3 urbana de falta de civisme en aquest espai. <a href=\"https:\/\/www.noubarris.net\/web40\/?p=60604\"><strong>La pla\u00e7a data de 2005<\/strong><\/a>, quan es va contruir despr\u00e9s que el proc\u00e9s d&#8217;<a href=\"https:\/\/www.noubarris.net\/relligantnb\/?p=1343\"><strong>enderroc i substituci\u00f3 de les Cases del Governador<\/strong><\/a> fes desapar\u00e8ixer la pla\u00e7a de Verdum original, una pla\u00e7a envoltada d&#8217;habitatges que era el cor del barri. La nova pla\u00e7a, per\u00f2, mai ha aconseguit convertir-se en el punt de trobada i relaci\u00f3 de Verdum. En bona part degut al disseny, en forma de petites terrasses, que impedeix la realitzaci\u00f3 d&#8217;actes.<\/p>\n<p>Primer es va fer un proc\u00e9s participatiu per recollir totes les propostes ve\u00efnals per millorar la pla\u00e7a i els seus voltants i l&#8217;octubre passat van arrencar les obres amb un pressupost de gaireb\u00e9 600.000 euros.<\/p>\n<p>&nbsp;<\/p>\n<p>&nbsp;<\/p>\n","protected":false},"excerpt":{"rendered":"<p>La sequera impedeix compleix una de les demandes ve\u00efnals m\u00e9s importants, el de plantar verd, que haur\u00e0 d&#8217;esperar Els ve\u00efns<\/p>\n","protected":false},"author":2,"featured_media":82503,"comment_status":"closed","ping_status":"closed","sticky":false,"template":"","format":"standard","meta":{"colormag_page_layout":"default_layout","_monsterinsights_skip_tracking":false,"_monsterinsights_sitenote_active":false,"_monsterinsights_sitenote_note":"","_monsterinsights_sitenote_category":0,"footnotes":""},"categories":[302,141],"tags":[360,530],"class_list":["post-82502","post","type-post","status-publish","format-standard","has-post-thumbnail","hentry","category-urbanisme","category-verdum","tag-obres","tag-pla-de-barris"],"yoast_head":"<!-- This site is optimized with the Yoast SEO plugin v25.3 - https:\/\/yoast.com\/wordpress\/plugins\/seo\/ -->\n<title>Acaben les obres per fer m\u00e9s amable la pla\u00e7a Verdum i els seus entorns - NouBarris.Net<\/title>\n<meta name=\"robots\" content=\"index, follow, max-snippet:-1, max-image-preview:large, max-video-preview:-1\" \/>\n<link rel=\"canonical\" href=\"https:\/\/www.noubarris.net\/web40\/acaben-les-obres-per-fer-mes-amable-la-placa-verdum-i-els-seus-entorns\/\" \/>\n<meta property=\"og:locale\" content=\"ca_ES\" \/>\n<meta property=\"og:type\" content=\"article\" \/>\n<meta property=\"og:title\" content=\"Acaben les obres per fer m\u00e9s amable la pla\u00e7a Verdum i els seus entorns - NouBarris.Net\" \/>\n<meta property=\"og:description\" content=\"La sequera impedeix compleix una de les demandes ve\u00efnals m\u00e9s importants, el de plantar verd, que haur\u00e0 d&#8217;esperar Els ve\u00efns\" \/>\n<meta property=\"og:url\" content=\"https:\/\/www.noubarris.net\/web40\/acaben-les-obres-per-fer-mes-amable-la-placa-verdum-i-els-seus-entorns\/\" \/>\n<meta property=\"og:site_name\" content=\"NouBarris.Net\" \/>\n<meta property=\"article:publisher\" content=\"https:\/\/www.facebook.com\/NouBarris.net\/?locale=es_ES\" \/>\n<meta property=\"article:published_time\" content=\"2024-03-31T11:55:56+00:00\" \/>\n<meta property=\"og:image\" content=\"https:\/\/www.noubarris.net\/web40\/wp-content\/uploads\/2024\/03\/placa-verdum.jpg\" \/>\n\t<meta property=\"og:image:width\" content=\"768\" \/>\n\t<meta property=\"og:image:height\" content=\"432\" \/>\n\t<meta property=\"og:image:type\" content=\"image\/jpeg\" \/>\n<meta name=\"author\" content=\"Informatius\" \/>\n<meta name=\"twitter:card\" content=\"summary_large_image\" \/>\n<meta name=\"twitter:creator\" content=\"@9BTV\" \/>\n<meta name=\"twitter:site\" content=\"@9BTV\" \/>\n<meta name=\"twitter:label1\" content=\"Escrit per\" \/>\n\t<meta name=\"twitter:data1\" content=\"Informatius\" \/>\n\t<meta name=\"twitter:label2\" content=\"Temps estimat de lectura\" \/>\n\t<meta name=\"twitter:data2\" content=\"3 minuts\" \/>\n<script type=\"application\/ld+json\" class=\"yoast-schema-graph\">{\"@context\":\"https:\/\/schema.org\",\"@graph\":[{\"@type\":\"Article\",\"@id\":\"https:\/\/www.noubarris.net\/web40\/acaben-les-obres-per-fer-mes-amable-la-placa-verdum-i-els-seus-entorns\/#article\",\"isPartOf\":{\"@id\":\"https:\/\/www.noubarris.net\/web40\/acaben-les-obres-per-fer-mes-amable-la-placa-verdum-i-els-seus-entorns\/\"},\"author\":{\"name\":\"Informatius\",\"@id\":\"https:\/\/www.noubarris.net\/web40\/#\/schema\/person\/1827f92aaa316c54abbf4dac0de76069\"},\"headline\":\"Acaben les obres per fer m\u00e9s amable la pla\u00e7a Verdum i els seus entorns\",\"datePublished\":\"2024-03-31T11:55:56+00:00\",\"mainEntityOfPage\":{\"@id\":\"https:\/\/www.noubarris.net\/web40\/acaben-les-obres-per-fer-mes-amable-la-placa-verdum-i-els-seus-entorns\/\"},\"wordCount\":439,\"publisher\":{\"@id\":\"https:\/\/www.noubarris.net\/web40\/#organization\"},\"image\":{\"@id\":\"https:\/\/www.noubarris.net\/web40\/acaben-les-obres-per-fer-mes-amable-la-placa-verdum-i-els-seus-entorns\/#primaryimage\"},\"thumbnailUrl\":\"https:\/\/www.noubarris.net\/web40\/wp-content\/uploads\/2024\/03\/placa-verdum.jpg\",\"keywords\":[\"Obres\",\"pla de barris\"],\"articleSection\":[\"Urbanisme\",\"Verdum\"],\"inLanguage\":\"ca\"},{\"@type\":\"WebPage\",\"@id\":\"https:\/\/www.noubarris.net\/web40\/acaben-les-obres-per-fer-mes-amable-la-placa-verdum-i-els-seus-entorns\/\",\"url\":\"https:\/\/www.noubarris.net\/web40\/acaben-les-obres-per-fer-mes-amable-la-placa-verdum-i-els-seus-entorns\/\",\"name\":\"Acaben les obres per fer m\u00e9s amable la pla\u00e7a Verdum i els seus entorns - NouBarris.Net\",\"isPartOf\":{\"@id\":\"https:\/\/www.noubarris.net\/web40\/#website\"},\"primaryImageOfPage\":{\"@id\":\"https:\/\/www.noubarris.net\/web40\/acaben-les-obres-per-fer-mes-amable-la-placa-verdum-i-els-seus-entorns\/#primaryimage\"},\"image\":{\"@id\":\"https:\/\/www.noubarris.net\/web40\/acaben-les-obres-per-fer-mes-amable-la-placa-verdum-i-els-seus-entorns\/#primaryimage\"},\"thumbnailUrl\":\"https:\/\/www.noubarris.net\/web40\/wp-content\/uploads\/2024\/03\/placa-verdum.jpg\",\"datePublished\":\"2024-03-31T11:55:56+00:00\",\"breadcrumb\":{\"@id\":\"https:\/\/www.noubarris.net\/web40\/acaben-les-obres-per-fer-mes-amable-la-placa-verdum-i-els-seus-entorns\/#breadcrumb\"},\"inLanguage\":\"ca\",\"potentialAction\":[{\"@type\":\"ReadAction\",\"target\":[\"https:\/\/www.noubarris.net\/web40\/acaben-les-obres-per-fer-mes-amable-la-placa-verdum-i-els-seus-entorns\/\"]}]},{\"@type\":\"ImageObject\",\"inLanguage\":\"ca\",\"@id\":\"https:\/\/www.noubarris.net\/web40\/acaben-les-obres-per-fer-mes-amable-la-placa-verdum-i-els-seus-entorns\/#primaryimage\",\"url\":\"https:\/\/www.noubarris.net\/web40\/wp-content\/uploads\/2024\/03\/placa-verdum.jpg\",\"contentUrl\":\"https:\/\/www.noubarris.net\/web40\/wp-content\/uploads\/2024\/03\/placa-verdum.jpg\",\"width\":768,\"height\":432},{\"@type\":\"BreadcrumbList\",\"@id\":\"https:\/\/www.noubarris.net\/web40\/acaben-les-obres-per-fer-mes-amable-la-placa-verdum-i-els-seus-entorns\/#breadcrumb\",\"itemListElement\":[{\"@type\":\"ListItem\",\"position\":1,\"name\":\"Inici\",\"item\":\"https:\/\/www.noubarris.net\/web40\/\"},{\"@type\":\"ListItem\",\"position\":2,\"name\":\"Acaben les obres per fer m\u00e9s amable la pla\u00e7a Verdum i els seus entorns\"}]},{\"@type\":\"WebSite\",\"@id\":\"https:\/\/www.noubarris.net\/web40\/#website\",\"url\":\"https:\/\/www.noubarris.net\/web40\/\",\"name\":\"NouBarris.Net\",\"description\":\"Seguint la vida de Nou Barris des de 1985\",\"publisher\":{\"@id\":\"https:\/\/www.noubarris.net\/web40\/#organization\"},\"potentialAction\":[{\"@type\":\"SearchAction\",\"target\":{\"@type\":\"EntryPoint\",\"urlTemplate\":\"https:\/\/www.noubarris.net\/web40\/?s={search_term_string}\"},\"query-input\":{\"@type\":\"PropertyValueSpecification\",\"valueRequired\":true,\"valueName\":\"search_term_string\"}}],\"inLanguage\":\"ca\"},{\"@type\":\"Organization\",\"@id\":\"https:\/\/www.noubarris.net\/web40\/#organization\",\"name\":\"NouBarris.Net\",\"url\":\"https:\/\/www.noubarris.net\/web40\/\",\"logo\":{\"@type\":\"ImageObject\",\"inLanguage\":\"ca\",\"@id\":\"https:\/\/www.noubarris.net\/web40\/#\/schema\/logo\/image\/\",\"url\":\"https:\/\/www.noubarris.net\/web40\/wp-content\/uploads\/2024\/11\/cropped-cropped-LOGO_9BTV-2024_Insta-1.jpg\",\"contentUrl\":\"https:\/\/www.noubarris.net\/web40\/wp-content\/uploads\/2024\/11\/cropped-cropped-LOGO_9BTV-2024_Insta-1.jpg\",\"width\":512,\"height\":512,\"caption\":\"NouBarris.Net\"},\"image\":{\"@id\":\"https:\/\/www.noubarris.net\/web40\/#\/schema\/logo\/image\/\"},\"sameAs\":[\"https:\/\/www.facebook.com\/NouBarris.net\/?locale=es_ES\",\"https:\/\/x.com\/9BTV\"]},{\"@type\":\"Person\",\"@id\":\"https:\/\/www.noubarris.net\/web40\/#\/schema\/person\/1827f92aaa316c54abbf4dac0de76069\",\"name\":\"Informatius\",\"image\":{\"@type\":\"ImageObject\",\"inLanguage\":\"ca\",\"@id\":\"https:\/\/www.noubarris.net\/web40\/#\/schema\/person\/image\/\",\"url\":\"https:\/\/secure.gravatar.com\/avatar\/87a3b47928835fc72c6ee5b0e1a7263ef0c2d05003a98189bc14926c5f11bcdb?s=96&d=mm&r=g\",\"contentUrl\":\"https:\/\/secure.gravatar.com\/avatar\/87a3b47928835fc72c6ee5b0e1a7263ef0c2d05003a98189bc14926c5f11bcdb?s=96&d=mm&r=g\",\"caption\":\"Informatius\"},\"url\":\"https:\/\/www.noubarris.net\/web40\/author\/tele\/\"}]}<\/script>\n<!-- \/ Yoast SEO plugin. -->","yoast_head_json":{"title":"Acaben les obres per fer m\u00e9s amable la pla\u00e7a Verdum i els seus entorns - NouBarris.Net","robots":{"index":"index","follow":"follow","max-snippet":"max-snippet:-1","max-image-preview":"max-image-preview:large","max-video-preview":"max-video-preview:-1"},"canonical":"https:\/\/www.noubarris.net\/web40\/acaben-les-obres-per-fer-mes-amable-la-placa-verdum-i-els-seus-entorns\/","og_locale":"ca_ES","og_type":"article","og_title":"Acaben les obres per fer m\u00e9s amable la pla\u00e7a Verdum i els seus entorns - NouBarris.Net","og_description":"La sequera impedeix compleix una de les demandes ve\u00efnals m\u00e9s importants, el de plantar verd, que haur\u00e0 d&#8217;esperar Els ve\u00efns","og_url":"https:\/\/www.noubarris.net\/web40\/acaben-les-obres-per-fer-mes-amable-la-placa-verdum-i-els-seus-entorns\/","og_site_name":"NouBarris.Net","article_publisher":"https:\/\/www.facebook.com\/NouBarris.net\/?locale=es_ES","article_published_time":"2024-03-31T11:55:56+00:00","og_image":[{"width":768,"height":432,"url":"https:\/\/www.noubarris.net\/web40\/wp-content\/uploads\/2024\/03\/placa-verdum.jpg","type":"image\/jpeg"}],"author":"Informatius","twitter_card":"summary_large_image","twitter_creator":"@9BTV","twitter_site":"@9BTV","twitter_misc":{"Escrit per":"Informatius","Temps estimat de lectura":"3 minuts"},"schema":{"@context":"https:\/\/schema.org","@graph":[{"@type":"Article","@id":"https:\/\/www.noubarris.net\/web40\/acaben-les-obres-per-fer-mes-amable-la-placa-verdum-i-els-seus-entorns\/#article","isPartOf":{"@id":"https:\/\/www.noubarris.net\/web40\/acaben-les-obres-per-fer-mes-amable-la-placa-verdum-i-els-seus-entorns\/"},"author":{"name":"Informatius","@id":"https:\/\/www.noubarris.net\/web40\/#\/schema\/person\/1827f92aaa316c54abbf4dac0de76069"},"headline":"Acaben les obres per fer m\u00e9s amable la pla\u00e7a Verdum i els seus entorns","datePublished":"2024-03-31T11:55:56+00:00","mainEntityOfPage":{"@id":"https:\/\/www.noubarris.net\/web40\/acaben-les-obres-per-fer-mes-amable-la-placa-verdum-i-els-seus-entorns\/"},"wordCount":439,"publisher":{"@id":"https:\/\/www.noubarris.net\/web40\/#organization"},"image":{"@id":"https:\/\/www.noubarris.net\/web40\/acaben-les-obres-per-fer-mes-amable-la-placa-verdum-i-els-seus-entorns\/#primaryimage"},"thumbnailUrl":"https:\/\/www.noubarris.net\/web40\/wp-content\/uploads\/2024\/03\/placa-verdum.jpg","keywords":["Obres","pla de barris"],"articleSection":["Urbanisme","Verdum"],"inLanguage":"ca"},{"@type":"WebPage","@id":"https:\/\/www.noubarris.net\/web40\/acaben-les-obres-per-fer-mes-amable-la-placa-verdum-i-els-seus-entorns\/","url":"https:\/\/www.noubarris.net\/web40\/acaben-les-obres-per-fer-mes-amable-la-placa-verdum-i-els-seus-entorns\/","name":"Acaben les obres per fer m\u00e9s amable la pla\u00e7a Verdum i els seus entorns - NouBarris.Net","isPartOf":{"@id":"https:\/\/www.noubarris.net\/web40\/#website"},"primaryImageOfPage":{"@id":"https:\/\/www.noubarris.net\/web40\/acaben-les-obres-per-fer-mes-amable-la-placa-verdum-i-els-seus-entorns\/#primaryimage"},"image":{"@id":"https:\/\/www.noubarris.net\/web40\/acaben-les-obres-per-fer-mes-amable-la-placa-verdum-i-els-seus-entorns\/#primaryimage"},"thumbnailUrl":"https:\/\/www.noubarris.net\/web40\/wp-content\/uploads\/2024\/03\/placa-verdum.jpg","datePublished":"2024-03-31T11:55:56+00:00","breadcrumb":{"@id":"https:\/\/www.noubarris.net\/web40\/acaben-les-obres-per-fer-mes-amable-la-placa-verdum-i-els-seus-entorns\/#breadcrumb"},"inLanguage":"ca","potentialAction":[{"@type":"ReadAction","target":["https:\/\/www.noubarris.net\/web40\/acaben-les-obres-per-fer-mes-amable-la-placa-verdum-i-els-seus-entorns\/"]}]},{"@type":"ImageObject","inLanguage":"ca","@id":"https:\/\/www.noubarris.net\/web40\/acaben-les-obres-per-fer-mes-amable-la-placa-verdum-i-els-seus-entorns\/#primaryimage","url":"https:\/\/www.noubarris.net\/web40\/wp-content\/uploads\/2024\/03\/placa-verdum.jpg","contentUrl":"https:\/\/www.noubarris.net\/web40\/wp-content\/uploads\/2024\/03\/placa-verdum.jpg","width":768,"height":432},{"@type":"BreadcrumbList","@id":"https:\/\/www.noubarris.net\/web40\/acaben-les-obres-per-fer-mes-amable-la-placa-verdum-i-els-seus-entorns\/#breadcrumb","itemListElement":[{"@type":"ListItem","position":1,"name":"Inici","item":"https:\/\/www.noubarris.net\/web40\/"},{"@type":"ListItem","position":2,"name":"Acaben les obres per fer m\u00e9s amable la pla\u00e7a Verdum i els seus entorns"}]},{"@type":"WebSite","@id":"https:\/\/www.noubarris.net\/web40\/#website","url":"https:\/\/www.noubarris.net\/web40\/","name":"NouBarris.Net","description":"Seguint la vida de Nou Barris des de 1985","publisher":{"@id":"https:\/\/www.noubarris.net\/web40\/#organization"},"potentialAction":[{"@type":"SearchAction","target":{"@type":"EntryPoint","urlTemplate":"https:\/\/www.noubarris.net\/web40\/?s={search_term_string}"},"query-input":{"@type":"PropertyValueSpecification","valueRequired":true,"valueName":"search_term_string"}}],"inLanguage":"ca"},{"@type":"Organization","@id":"https:\/\/www.noubarris.net\/web40\/#organization","name":"NouBarris.Net","url":"https:\/\/www.noubarris.net\/web40\/","logo":{"@type":"ImageObject","inLanguage":"ca","@id":"https:\/\/www.noubarris.net\/web40\/#\/schema\/logo\/image\/","url":"https:\/\/www.noubarris.net\/web40\/wp-content\/uploads\/2024\/11\/cropped-cropped-LOGO_9BTV-2024_Insta-1.jpg","contentUrl":"https:\/\/www.noubarris.net\/web40\/wp-content\/uploads\/2024\/11\/cropped-cropped-LOGO_9BTV-2024_Insta-1.jpg","width":512,"height":512,"caption":"NouBarris.Net"},"image":{"@id":"https:\/\/www.noubarris.net\/web40\/#\/schema\/logo\/image\/"},"sameAs":["https:\/\/www.facebook.com\/NouBarris.net\/?locale=es_ES","https:\/\/x.com\/9BTV"]},{"@type":"Person","@id":"https:\/\/www.noubarris.net\/web40\/#\/schema\/person\/1827f92aaa316c54abbf4dac0de76069","name":"Informatius","image":{"@type":"ImageObject","inLanguage":"ca","@id":"https:\/\/www.noubarris.net\/web40\/#\/schema\/person\/image\/","url":"https:\/\/secure.gravatar.com\/avatar\/87a3b47928835fc72c6ee5b0e1a7263ef0c2d05003a98189bc14926c5f11bcdb?s=96&d=mm&r=g","contentUrl":"https:\/\/secure.gravatar.com\/avatar\/87a3b47928835fc72c6ee5b0e1a7263ef0c2d05003a98189bc14926c5f11bcdb?s=96&d=mm&r=g","caption":"Informatius"},"url":"https:\/\/www.noubarris.net\/web40\/author\/tele\/"}]}},"_links":{"self":[{"href":"https:\/\/www.noubarris.net\/web40\/wp-json\/wp\/v2\/posts\/82502","targetHints":{"allow":["GET"]}}],"collection":[{"href":"https:\/\/www.noubarris.net\/web40\/wp-json\/wp\/v2\/posts"}],"about":[{"href":"https:\/\/www.noubarris.net\/web40\/wp-json\/wp\/v2\/types\/post"}],"author":[{"embeddable":true,"href":"https:\/\/www.noubarris.net\/web40\/wp-json\/wp\/v2\/users\/2"}],"replies":[{"embeddable":true,"href":"https:\/\/www.noubarris.net\/web40\/wp-json\/wp\/v2\/comments?post=82502"}],"version-history":[{"count":2,"href":"https:\/\/www.noubarris.net\/web40\/wp-json\/wp\/v2\/posts\/82502\/revisions"}],"predecessor-version":[{"id":82515,"href":"https:\/\/www.noubarris.net\/web40\/wp-json\/wp\/v2\/posts\/82502\/revisions\/82515"}],"wp:featuredmedia":[{"embeddable":true,"href":"https:\/\/www.noubarris.net\/web40\/wp-json\/wp\/v2\/media\/82503"}],"wp:attachment":[{"href":"https:\/\/www.noubarris.net\/web40\/wp-json\/wp\/v2\/media?parent=82502"}],"wp:term":[{"taxonomy":"category","embeddable":true,"href":"https:\/\/www.noubarris.net\/web40\/wp-json\/wp\/v2\/categories?post=82502"},{"taxonomy":"post_tag","embeddable":true,"href":"https:\/\/www.noubarris.net\/web40\/wp-json\/wp\/v2\/tags?post=82502"}],"curies":[{"name":"wp","href":"https:\/\/api.w.org\/{rel}","templated":true}]}}