{"id":82602,"date":"2024-04-20T00:00:17","date_gmt":"2024-04-19T22:00:17","guid":{"rendered":"http:\/\/www.noubarris.net\/web40\/?p=82602"},"modified":"2024-04-17T20:54:12","modified_gmt":"2024-04-17T18:54:12","slug":"lateneu-popular-de-9-barris-celebra-el-dia-mundial-del-circ-amb-una-tarda-despectacles","status":"publish","type":"post","link":"https:\/\/www.noubarris.net\/web40\/lateneu-popular-de-9-barris-celebra-el-dia-mundial-del-circ-amb-una-tarda-despectacles\/","title":{"rendered":"L&#8217;Ateneu Popular de 9 Barris celebra el Dia Mundial del Circ amb una tarda d&#8217;espectacles"},"content":{"rendered":"<p><strong>L&#8217;equipament dedica la jornada a reivindicar el circ com a eina de transformaci\u00f3 social<\/strong><\/p>\n<p>El Dia Mundial del Circ se celebra el tercer dissabte del mes d&#8217;abril com una efem\u00e8ride promoguda per la Federation Mondiale du Cirque, amb la intenci\u00f3 de recon\u00e8ixer, preservar i promoure el valor del circ i la seva aportaci\u00f3 cultural. A Nou Barris tenim una de les grans refer\u00e8ncies nacionals en circ: l&#8217;Ateneu Popular de 9 Barris, que enguany dedica la diada a reivindicar la import\u00e0ncia del circ com a eina de transformaci\u00f3 social. &#8220;Des de les seves formes m\u00e9s tradicionals i de carrer fins a les propostes de sala i circ contemporani, el circ ens connecta i ens fa reflexionar sobre temes universals&#8221;, diuen al seu web.<\/p>\n<p>Recorden que l\u2019Ateneu, pioner en la pr\u00e0ctica i ensenyament de l&#8217;anomenat circ social, promou la participaci\u00f3 i l&#8217;accessibilitat del circ a la gent del barri, apostant per la inclusi\u00f3 i la diversitat: l\u2019escola de circ infantil i juvenil, el taller del Gran Circ (per a persones majors de 60 anys) o el taller de circ i diversitat funcional, s\u00f3n alguns exemples. Defensen que el circ social i comunitari pot contribuir al desenvolupament personal i col\u00b7lectiu, fomentant valors com la cooperaci\u00f3, la toler\u00e0ncia i la creativitat.<\/p>\n<p>Aprofitant la diada, a m\u00e9s, reivindiquen una q\u00fcesti\u00f3 que preocupa des de fa temps tant a l&#8217;Ateneu com a l&#8217;Escola de les Arts del Circ Rogelio Rivel: la import\u00e0ncia d&#8217;aconseguir incorporar el circ com art esc\u00e8nic dins de la nova Llei d&#8217;ensenyaments art\u00edstics, que homologa els estudis art\u00edstics superiors a l&#8217;Espai Europeu de l&#8217;Educaci\u00f3 Superior i els equipara als estudis universitaris. Ara mteix el circ queda en terra de ning\u00fa i consideren que mereix el mateix nivell de reconeixement que qualsevol altra de les arts esc\u00e8niques.<\/p>\n<p>Reivindicacions a banda, proposen una jornada amb 4 espais i 4 propostes:<\/p>\n<p>&#8211; 18h | CIRQUE ENTRE NOUS \u2018Borderline\u2019 | Pl. de les Dones | Gratu\u00eft<br \/>\n4 personatges que no tenen res a perdre, ja que ho han perdut tot. Amb m\u00e0stils, perxes xineses i m\u00fasica en directe, ens endinsarem en l&#8217;inesperat.<\/p>\n<p>-19h15 | C.A.C. ROGELIO RIVEL \u2018Ficant el nas\u2019 | Rogelio Rivel | Gratu\u00eft<br \/>\n-20h | LOS INFORMALLS \u2018Esb\u00f3s d&#8217;alguna cosa\u2019 | Lokal | Gratu\u00eft<br \/>\nEnmig del proc\u00e9s de la seva segona producci\u00f3 per a sala neix &#8216;Esb\u00f3s d&#8217;alguna cosa&#8217; com un espai performatiu cru i po\u00e8tic on Los Informalls revelen fragments de la seva exploraci\u00f3 art\u00edstica. Un lloc intangible on el concret s&#8217;entrella\u00e7a amb l&#8217;incert, provocant un estat general de dubte i repte envers l&#8217;acte esc\u00e8nic. Us\u00a0ateneu\u00a0a les conseq\u00fc\u00e8ncies?<\/p>\n<p>-21h | COMBINAT DE CIRC 60 | Teatre | 6\u20ac\/4\u20ac<br \/>\nEnguany, sota la direcci\u00f3 de Gina Vila, torna el Combinat de Circ! Un laboratori de creaci\u00f3 en 5 dies a l\u2019Ateneu amb 6 artistes: \u00a0Amer Kabanni (portor), Violeta Mart\u00ednez (acrobacia), Daniel Maci\u00e0 (acrodansa), Cristina Cig\u00fcela (c\u00e8rcol aeri i suspensi\u00f3 capil\u00b7lar), Emilia Guti\u00e9rrez (corda llisa i buf\u00f2) i Fernando Torres (malabars).<\/p>\n","protected":false},"excerpt":{"rendered":"<p>L&#8217;equipament dedica la jornada a reivindicar el circ com a eina de transformaci\u00f3 social El Dia Mundial del Circ se<\/p>\n","protected":false},"author":2,"featured_media":82603,"comment_status":"closed","ping_status":"closed","sticky":false,"template":"","format":"standard","meta":{"colormag_page_layout":"default_layout","_monsterinsights_skip_tracking":false,"_monsterinsights_sitenote_active":false,"_monsterinsights_sitenote_note":"","_monsterinsights_sitenote_category":0,"footnotes":""},"categories":[129,138],"tags":[77,340],"class_list":["post-82602","post","type-post","status-publish","format-standard","has-post-thumbnail","hentry","category-cultura","category-la-trinitat-nova","tag-ateneu-popular-de-nou-barris","tag-circ"],"yoast_head":"<!-- This site is optimized with the Yoast SEO plugin v25.3 - https:\/\/yoast.com\/wordpress\/plugins\/seo\/ -->\n<title>L&#039;Ateneu Popular de 9 Barris celebra el Dia Mundial del Circ amb una tarda d&#039;espectacles - NouBarris.Net<\/title>\n<meta name=\"robots\" content=\"index, follow, max-snippet:-1, max-image-preview:large, max-video-preview:-1\" \/>\n<link rel=\"canonical\" href=\"https:\/\/www.noubarris.net\/web40\/lateneu-popular-de-9-barris-celebra-el-dia-mundial-del-circ-amb-una-tarda-despectacles\/\" \/>\n<meta property=\"og:locale\" content=\"ca_ES\" \/>\n<meta property=\"og:type\" content=\"article\" \/>\n<meta property=\"og:title\" content=\"L&#039;Ateneu Popular de 9 Barris celebra el Dia Mundial del Circ amb una tarda d&#039;espectacles - NouBarris.Net\" \/>\n<meta property=\"og:description\" content=\"L&#8217;equipament dedica la jornada a reivindicar el circ com a eina de transformaci\u00f3 social El Dia Mundial del Circ se\" \/>\n<meta property=\"og:url\" content=\"https:\/\/www.noubarris.net\/web40\/lateneu-popular-de-9-barris-celebra-el-dia-mundial-del-circ-amb-una-tarda-despectacles\/\" \/>\n<meta property=\"og:site_name\" content=\"NouBarris.Net\" \/>\n<meta property=\"article:publisher\" content=\"https:\/\/www.facebook.com\/NouBarris.net\/?locale=es_ES\" \/>\n<meta property=\"article:published_time\" content=\"2024-04-19T22:00:17+00:00\" \/>\n<meta property=\"og:image\" content=\"https:\/\/www.noubarris.net\/web40\/wp-content\/uploads\/2024\/04\/200424.jpg\" \/>\n\t<meta property=\"og:image:width\" content=\"768\" \/>\n\t<meta property=\"og:image:height\" content=\"432\" \/>\n\t<meta property=\"og:image:type\" content=\"image\/jpeg\" \/>\n<meta name=\"author\" content=\"Informatius\" \/>\n<meta name=\"twitter:card\" content=\"summary_large_image\" \/>\n<meta name=\"twitter:creator\" content=\"@9BTV\" \/>\n<meta name=\"twitter:site\" content=\"@9BTV\" \/>\n<meta name=\"twitter:label1\" content=\"Escrit per\" \/>\n\t<meta name=\"twitter:data1\" content=\"Informatius\" \/>\n\t<meta name=\"twitter:label2\" content=\"Temps estimat de lectura\" \/>\n\t<meta name=\"twitter:data2\" content=\"3 minuts\" \/>\n<script type=\"application\/ld+json\" class=\"yoast-schema-graph\">{\"@context\":\"https:\/\/schema.org\",\"@graph\":[{\"@type\":\"Article\",\"@id\":\"https:\/\/www.noubarris.net\/web40\/lateneu-popular-de-9-barris-celebra-el-dia-mundial-del-circ-amb-una-tarda-despectacles\/#article\",\"isPartOf\":{\"@id\":\"https:\/\/www.noubarris.net\/web40\/lateneu-popular-de-9-barris-celebra-el-dia-mundial-del-circ-amb-una-tarda-despectacles\/\"},\"author\":{\"name\":\"Informatius\",\"@id\":\"https:\/\/www.noubarris.net\/web40\/#\/schema\/person\/1827f92aaa316c54abbf4dac0de76069\"},\"headline\":\"L&#8217;Ateneu Popular de 9 Barris celebra el Dia Mundial del Circ amb una tarda d&#8217;espectacles\",\"datePublished\":\"2024-04-19T22:00:17+00:00\",\"mainEntityOfPage\":{\"@id\":\"https:\/\/www.noubarris.net\/web40\/lateneu-popular-de-9-barris-celebra-el-dia-mundial-del-circ-amb-una-tarda-despectacles\/\"},\"wordCount\":540,\"publisher\":{\"@id\":\"https:\/\/www.noubarris.net\/web40\/#organization\"},\"image\":{\"@id\":\"https:\/\/www.noubarris.net\/web40\/lateneu-popular-de-9-barris-celebra-el-dia-mundial-del-circ-amb-una-tarda-despectacles\/#primaryimage\"},\"thumbnailUrl\":\"https:\/\/www.noubarris.net\/web40\/wp-content\/uploads\/2024\/04\/200424.jpg\",\"keywords\":[\"Ateneu Popular de Nou Barris\",\"Circ\"],\"articleSection\":[\"Cultura\",\"La Trinitat Nova\"],\"inLanguage\":\"ca\"},{\"@type\":\"WebPage\",\"@id\":\"https:\/\/www.noubarris.net\/web40\/lateneu-popular-de-9-barris-celebra-el-dia-mundial-del-circ-amb-una-tarda-despectacles\/\",\"url\":\"https:\/\/www.noubarris.net\/web40\/lateneu-popular-de-9-barris-celebra-el-dia-mundial-del-circ-amb-una-tarda-despectacles\/\",\"name\":\"L'Ateneu Popular de 9 Barris celebra el Dia Mundial del Circ amb una tarda d'espectacles - NouBarris.Net\",\"isPartOf\":{\"@id\":\"https:\/\/www.noubarris.net\/web40\/#website\"},\"primaryImageOfPage\":{\"@id\":\"https:\/\/www.noubarris.net\/web40\/lateneu-popular-de-9-barris-celebra-el-dia-mundial-del-circ-amb-una-tarda-despectacles\/#primaryimage\"},\"image\":{\"@id\":\"https:\/\/www.noubarris.net\/web40\/lateneu-popular-de-9-barris-celebra-el-dia-mundial-del-circ-amb-una-tarda-despectacles\/#primaryimage\"},\"thumbnailUrl\":\"https:\/\/www.noubarris.net\/web40\/wp-content\/uploads\/2024\/04\/200424.jpg\",\"datePublished\":\"2024-04-19T22:00:17+00:00\",\"breadcrumb\":{\"@id\":\"https:\/\/www.noubarris.net\/web40\/lateneu-popular-de-9-barris-celebra-el-dia-mundial-del-circ-amb-una-tarda-despectacles\/#breadcrumb\"},\"inLanguage\":\"ca\",\"potentialAction\":[{\"@type\":\"ReadAction\",\"target\":[\"https:\/\/www.noubarris.net\/web40\/lateneu-popular-de-9-barris-celebra-el-dia-mundial-del-circ-amb-una-tarda-despectacles\/\"]}]},{\"@type\":\"ImageObject\",\"inLanguage\":\"ca\",\"@id\":\"https:\/\/www.noubarris.net\/web40\/lateneu-popular-de-9-barris-celebra-el-dia-mundial-del-circ-amb-una-tarda-despectacles\/#primaryimage\",\"url\":\"https:\/\/www.noubarris.net\/web40\/wp-content\/uploads\/2024\/04\/200424.jpg\",\"contentUrl\":\"https:\/\/www.noubarris.net\/web40\/wp-content\/uploads\/2024\/04\/200424.jpg\",\"width\":768,\"height\":432},{\"@type\":\"BreadcrumbList\",\"@id\":\"https:\/\/www.noubarris.net\/web40\/lateneu-popular-de-9-barris-celebra-el-dia-mundial-del-circ-amb-una-tarda-despectacles\/#breadcrumb\",\"itemListElement\":[{\"@type\":\"ListItem\",\"position\":1,\"name\":\"Inici\",\"item\":\"https:\/\/www.noubarris.net\/web40\/\"},{\"@type\":\"ListItem\",\"position\":2,\"name\":\"L&#8217;Ateneu Popular de 9 Barris celebra el Dia Mundial del Circ amb una tarda d&#8217;espectacles\"}]},{\"@type\":\"WebSite\",\"@id\":\"https:\/\/www.noubarris.net\/web40\/#website\",\"url\":\"https:\/\/www.noubarris.net\/web40\/\",\"name\":\"NouBarris.Net\",\"description\":\"Seguint la vida de Nou Barris des de 1985\",\"publisher\":{\"@id\":\"https:\/\/www.noubarris.net\/web40\/#organization\"},\"potentialAction\":[{\"@type\":\"SearchAction\",\"target\":{\"@type\":\"EntryPoint\",\"urlTemplate\":\"https:\/\/www.noubarris.net\/web40\/?s={search_term_string}\"},\"query-input\":{\"@type\":\"PropertyValueSpecification\",\"valueRequired\":true,\"valueName\":\"search_term_string\"}}],\"inLanguage\":\"ca\"},{\"@type\":\"Organization\",\"@id\":\"https:\/\/www.noubarris.net\/web40\/#organization\",\"name\":\"NouBarris.Net\",\"url\":\"https:\/\/www.noubarris.net\/web40\/\",\"logo\":{\"@type\":\"ImageObject\",\"inLanguage\":\"ca\",\"@id\":\"https:\/\/www.noubarris.net\/web40\/#\/schema\/logo\/image\/\",\"url\":\"https:\/\/www.noubarris.net\/web40\/wp-content\/uploads\/2024\/11\/cropped-cropped-LOGO_9BTV-2024_Insta-1.jpg\",\"contentUrl\":\"https:\/\/www.noubarris.net\/web40\/wp-content\/uploads\/2024\/11\/cropped-cropped-LOGO_9BTV-2024_Insta-1.jpg\",\"width\":512,\"height\":512,\"caption\":\"NouBarris.Net\"},\"image\":{\"@id\":\"https:\/\/www.noubarris.net\/web40\/#\/schema\/logo\/image\/\"},\"sameAs\":[\"https:\/\/www.facebook.com\/NouBarris.net\/?locale=es_ES\",\"https:\/\/x.com\/9BTV\"]},{\"@type\":\"Person\",\"@id\":\"https:\/\/www.noubarris.net\/web40\/#\/schema\/person\/1827f92aaa316c54abbf4dac0de76069\",\"name\":\"Informatius\",\"image\":{\"@type\":\"ImageObject\",\"inLanguage\":\"ca\",\"@id\":\"https:\/\/www.noubarris.net\/web40\/#\/schema\/person\/image\/\",\"url\":\"https:\/\/secure.gravatar.com\/avatar\/87a3b47928835fc72c6ee5b0e1a7263ef0c2d05003a98189bc14926c5f11bcdb?s=96&d=mm&r=g\",\"contentUrl\":\"https:\/\/secure.gravatar.com\/avatar\/87a3b47928835fc72c6ee5b0e1a7263ef0c2d05003a98189bc14926c5f11bcdb?s=96&d=mm&r=g\",\"caption\":\"Informatius\"},\"url\":\"https:\/\/www.noubarris.net\/web40\/author\/tele\/\"}]}<\/script>\n<!-- \/ Yoast SEO plugin. -->","yoast_head_json":{"title":"L'Ateneu Popular de 9 Barris celebra el Dia Mundial del Circ amb una tarda d'espectacles - NouBarris.Net","robots":{"index":"index","follow":"follow","max-snippet":"max-snippet:-1","max-image-preview":"max-image-preview:large","max-video-preview":"max-video-preview:-1"},"canonical":"https:\/\/www.noubarris.net\/web40\/lateneu-popular-de-9-barris-celebra-el-dia-mundial-del-circ-amb-una-tarda-despectacles\/","og_locale":"ca_ES","og_type":"article","og_title":"L'Ateneu Popular de 9 Barris celebra el Dia Mundial del Circ amb una tarda d'espectacles - NouBarris.Net","og_description":"L&#8217;equipament dedica la jornada a reivindicar el circ com a eina de transformaci\u00f3 social El Dia Mundial del Circ se","og_url":"https:\/\/www.noubarris.net\/web40\/lateneu-popular-de-9-barris-celebra-el-dia-mundial-del-circ-amb-una-tarda-despectacles\/","og_site_name":"NouBarris.Net","article_publisher":"https:\/\/www.facebook.com\/NouBarris.net\/?locale=es_ES","article_published_time":"2024-04-19T22:00:17+00:00","og_image":[{"width":768,"height":432,"url":"https:\/\/www.noubarris.net\/web40\/wp-content\/uploads\/2024\/04\/200424.jpg","type":"image\/jpeg"}],"author":"Informatius","twitter_card":"summary_large_image","twitter_creator":"@9BTV","twitter_site":"@9BTV","twitter_misc":{"Escrit per":"Informatius","Temps estimat de lectura":"3 minuts"},"schema":{"@context":"https:\/\/schema.org","@graph":[{"@type":"Article","@id":"https:\/\/www.noubarris.net\/web40\/lateneu-popular-de-9-barris-celebra-el-dia-mundial-del-circ-amb-una-tarda-despectacles\/#article","isPartOf":{"@id":"https:\/\/www.noubarris.net\/web40\/lateneu-popular-de-9-barris-celebra-el-dia-mundial-del-circ-amb-una-tarda-despectacles\/"},"author":{"name":"Informatius","@id":"https:\/\/www.noubarris.net\/web40\/#\/schema\/person\/1827f92aaa316c54abbf4dac0de76069"},"headline":"L&#8217;Ateneu Popular de 9 Barris celebra el Dia Mundial del Circ amb una tarda d&#8217;espectacles","datePublished":"2024-04-19T22:00:17+00:00","mainEntityOfPage":{"@id":"https:\/\/www.noubarris.net\/web40\/lateneu-popular-de-9-barris-celebra-el-dia-mundial-del-circ-amb-una-tarda-despectacles\/"},"wordCount":540,"publisher":{"@id":"https:\/\/www.noubarris.net\/web40\/#organization"},"image":{"@id":"https:\/\/www.noubarris.net\/web40\/lateneu-popular-de-9-barris-celebra-el-dia-mundial-del-circ-amb-una-tarda-despectacles\/#primaryimage"},"thumbnailUrl":"https:\/\/www.noubarris.net\/web40\/wp-content\/uploads\/2024\/04\/200424.jpg","keywords":["Ateneu Popular de Nou Barris","Circ"],"articleSection":["Cultura","La Trinitat Nova"],"inLanguage":"ca"},{"@type":"WebPage","@id":"https:\/\/www.noubarris.net\/web40\/lateneu-popular-de-9-barris-celebra-el-dia-mundial-del-circ-amb-una-tarda-despectacles\/","url":"https:\/\/www.noubarris.net\/web40\/lateneu-popular-de-9-barris-celebra-el-dia-mundial-del-circ-amb-una-tarda-despectacles\/","name":"L'Ateneu Popular de 9 Barris celebra el Dia Mundial del Circ amb una tarda d'espectacles - NouBarris.Net","isPartOf":{"@id":"https:\/\/www.noubarris.net\/web40\/#website"},"primaryImageOfPage":{"@id":"https:\/\/www.noubarris.net\/web40\/lateneu-popular-de-9-barris-celebra-el-dia-mundial-del-circ-amb-una-tarda-despectacles\/#primaryimage"},"image":{"@id":"https:\/\/www.noubarris.net\/web40\/lateneu-popular-de-9-barris-celebra-el-dia-mundial-del-circ-amb-una-tarda-despectacles\/#primaryimage"},"thumbnailUrl":"https:\/\/www.noubarris.net\/web40\/wp-content\/uploads\/2024\/04\/200424.jpg","datePublished":"2024-04-19T22:00:17+00:00","breadcrumb":{"@id":"https:\/\/www.noubarris.net\/web40\/lateneu-popular-de-9-barris-celebra-el-dia-mundial-del-circ-amb-una-tarda-despectacles\/#breadcrumb"},"inLanguage":"ca","potentialAction":[{"@type":"ReadAction","target":["https:\/\/www.noubarris.net\/web40\/lateneu-popular-de-9-barris-celebra-el-dia-mundial-del-circ-amb-una-tarda-despectacles\/"]}]},{"@type":"ImageObject","inLanguage":"ca","@id":"https:\/\/www.noubarris.net\/web40\/lateneu-popular-de-9-barris-celebra-el-dia-mundial-del-circ-amb-una-tarda-despectacles\/#primaryimage","url":"https:\/\/www.noubarris.net\/web40\/wp-content\/uploads\/2024\/04\/200424.jpg","contentUrl":"https:\/\/www.noubarris.net\/web40\/wp-content\/uploads\/2024\/04\/200424.jpg","width":768,"height":432},{"@type":"BreadcrumbList","@id":"https:\/\/www.noubarris.net\/web40\/lateneu-popular-de-9-barris-celebra-el-dia-mundial-del-circ-amb-una-tarda-despectacles\/#breadcrumb","itemListElement":[{"@type":"ListItem","position":1,"name":"Inici","item":"https:\/\/www.noubarris.net\/web40\/"},{"@type":"ListItem","position":2,"name":"L&#8217;Ateneu Popular de 9 Barris celebra el Dia Mundial del Circ amb una tarda d&#8217;espectacles"}]},{"@type":"WebSite","@id":"https:\/\/www.noubarris.net\/web40\/#website","url":"https:\/\/www.noubarris.net\/web40\/","name":"NouBarris.Net","description":"Seguint la vida de Nou Barris des de 1985","publisher":{"@id":"https:\/\/www.noubarris.net\/web40\/#organization"},"potentialAction":[{"@type":"SearchAction","target":{"@type":"EntryPoint","urlTemplate":"https:\/\/www.noubarris.net\/web40\/?s={search_term_string}"},"query-input":{"@type":"PropertyValueSpecification","valueRequired":true,"valueName":"search_term_string"}}],"inLanguage":"ca"},{"@type":"Organization","@id":"https:\/\/www.noubarris.net\/web40\/#organization","name":"NouBarris.Net","url":"https:\/\/www.noubarris.net\/web40\/","logo":{"@type":"ImageObject","inLanguage":"ca","@id":"https:\/\/www.noubarris.net\/web40\/#\/schema\/logo\/image\/","url":"https:\/\/www.noubarris.net\/web40\/wp-content\/uploads\/2024\/11\/cropped-cropped-LOGO_9BTV-2024_Insta-1.jpg","contentUrl":"https:\/\/www.noubarris.net\/web40\/wp-content\/uploads\/2024\/11\/cropped-cropped-LOGO_9BTV-2024_Insta-1.jpg","width":512,"height":512,"caption":"NouBarris.Net"},"image":{"@id":"https:\/\/www.noubarris.net\/web40\/#\/schema\/logo\/image\/"},"sameAs":["https:\/\/www.facebook.com\/NouBarris.net\/?locale=es_ES","https:\/\/x.com\/9BTV"]},{"@type":"Person","@id":"https:\/\/www.noubarris.net\/web40\/#\/schema\/person\/1827f92aaa316c54abbf4dac0de76069","name":"Informatius","image":{"@type":"ImageObject","inLanguage":"ca","@id":"https:\/\/www.noubarris.net\/web40\/#\/schema\/person\/image\/","url":"https:\/\/secure.gravatar.com\/avatar\/87a3b47928835fc72c6ee5b0e1a7263ef0c2d05003a98189bc14926c5f11bcdb?s=96&d=mm&r=g","contentUrl":"https:\/\/secure.gravatar.com\/avatar\/87a3b47928835fc72c6ee5b0e1a7263ef0c2d05003a98189bc14926c5f11bcdb?s=96&d=mm&r=g","caption":"Informatius"},"url":"https:\/\/www.noubarris.net\/web40\/author\/tele\/"}]}},"_links":{"self":[{"href":"https:\/\/www.noubarris.net\/web40\/wp-json\/wp\/v2\/posts\/82602","targetHints":{"allow":["GET"]}}],"collection":[{"href":"https:\/\/www.noubarris.net\/web40\/wp-json\/wp\/v2\/posts"}],"about":[{"href":"https:\/\/www.noubarris.net\/web40\/wp-json\/wp\/v2\/types\/post"}],"author":[{"embeddable":true,"href":"https:\/\/www.noubarris.net\/web40\/wp-json\/wp\/v2\/users\/2"}],"replies":[{"embeddable":true,"href":"https:\/\/www.noubarris.net\/web40\/wp-json\/wp\/v2\/comments?post=82602"}],"version-history":[{"count":2,"href":"https:\/\/www.noubarris.net\/web40\/wp-json\/wp\/v2\/posts\/82602\/revisions"}],"predecessor-version":[{"id":82605,"href":"https:\/\/www.noubarris.net\/web40\/wp-json\/wp\/v2\/posts\/82602\/revisions\/82605"}],"wp:featuredmedia":[{"embeddable":true,"href":"https:\/\/www.noubarris.net\/web40\/wp-json\/wp\/v2\/media\/82603"}],"wp:attachment":[{"href":"https:\/\/www.noubarris.net\/web40\/wp-json\/wp\/v2\/media?parent=82602"}],"wp:term":[{"taxonomy":"category","embeddable":true,"href":"https:\/\/www.noubarris.net\/web40\/wp-json\/wp\/v2\/categories?post=82602"},{"taxonomy":"post_tag","embeddable":true,"href":"https:\/\/www.noubarris.net\/web40\/wp-json\/wp\/v2\/tags?post=82602"}],"curies":[{"name":"wp","href":"https:\/\/api.w.org\/{rel}","templated":true}]}}