{"id":82870,"date":"2024-06-22T00:00:54","date_gmt":"2024-06-21T22:00:54","guid":{"rendered":"http:\/\/www.noubarris.net\/web40\/?p=82870"},"modified":"2024-06-21T20:10:24","modified_gmt":"2024-06-21T18:10:24","slug":"el-parc-del-turo-de-la-peira-tornara-a-tancar-per-la-revetlla-de-sant-joan","status":"publish","type":"post","link":"https:\/\/www.noubarris.net\/web40\/el-parc-del-turo-de-la-peira-tornara-a-tancar-per-la-revetlla-de-sant-joan\/","title":{"rendered":"Els parcs del Tur\u00f3 de la Peira i de l&#8217;Aq\u00fceducte tancaran per la revetlla de Sant Joan"},"content":{"rendered":"<p><strong>Districte de Nou Barris tamb\u00e9 va anunciar dispositiu policial als barris per evitar festes il\u00b7legals al carrer<\/strong><\/p>\n<p>La revetlla de Sant Joan \u00e9s una festa amb dues cares: combina l&#8217;alegria i la disbauxa amb el risc i el perill. No cal dir que cal anar en compte a l&#8217;hora de llen\u00e7ar petards i coets per no cremar-se, ferir alg\u00fa altre o cremar algun mobiliari, vehicle o, en el pitjor dels casos, algun habitatge. Tampoc Collserola ni les zones verdes. Per aquesta ra\u00f3 ja fa alguns anys que l&#8217;Ajuntament tanca el recinte del Parc del Tur\u00f3 de la Peira, com a precauci\u00f3 davant possibles incendis. Aquest any se li afegeix el parc de l&#8217;Aq\u00fceducte, a Ciutat Meridiana, que limita amb la serra de Collserola.<\/p>\n<p>En el cas del parc del Tur\u00f3 de la Peira, les gaireb\u00e9 vuit hect\u00e0ries de pineda tancaran des de les 20h del dia 23 fins a l&#8217;endem\u00e0, dia 24, a les 7h del mat\u00ed. El recinte de Ciutat Meridiana tancar\u00e0 abans, a les 12h del migdia del 23, i tamb\u00e9 reobrir\u00e0 a les 7h del dia 24.<\/p>\n<p>A m\u00e9s del risc d&#8217;incendi tamb\u00e9 es vol evitar festes il\u00b7legals que puguin molestar al ve\u00efnat. Tamb\u00e9 per aquesta ra\u00f3, el regidor de Nou Barris va anunciar al darrer ple que es refor\u00e7ar\u00e0 la vigil\u00e0ncia als dos barris, on els darrers anys s&#8217;ha produ\u00eft alguna festa il\u00b7legal enmig del passeig de la Peira (fa un parell d&#8217;anys) i a la pla\u00e7a del metro de Ciutat Meridiana que es van allargar\u00a0 tota la nit.<\/p>\n","protected":false},"excerpt":{"rendered":"<p>Districte de Nou Barris tamb\u00e9 va anunciar dispositiu policial als barris per evitar festes il\u00b7legals al carrer La revetlla de<\/p>\n","protected":false},"author":2,"featured_media":82871,"comment_status":"closed","ping_status":"closed","sticky":false,"template":"","format":"standard","meta":{"colormag_page_layout":"default_layout","_monsterinsights_skip_tracking":false,"_monsterinsights_sitenote_active":false,"_monsterinsights_sitenote_note":"","_monsterinsights_sitenote_category":0,"footnotes":""},"categories":[139],"tags":[470],"class_list":["post-82870","post","type-post","status-publish","format-standard","has-post-thumbnail","hentry","category-el-turo-de-la-peira","tag-sant-joan"],"yoast_head":"<!-- This site is optimized with the Yoast SEO plugin v25.3 - https:\/\/yoast.com\/wordpress\/plugins\/seo\/ -->\n<title>Els parcs del Tur\u00f3 de la Peira i de l&#039;Aq\u00fceducte tancaran per la revetlla de Sant Joan - NouBarris.Net<\/title>\n<meta name=\"robots\" content=\"index, follow, max-snippet:-1, max-image-preview:large, max-video-preview:-1\" \/>\n<link rel=\"canonical\" href=\"https:\/\/www.noubarris.net\/web40\/el-parc-del-turo-de-la-peira-tornara-a-tancar-per-la-revetlla-de-sant-joan\/\" \/>\n<meta property=\"og:locale\" content=\"ca_ES\" \/>\n<meta property=\"og:type\" content=\"article\" \/>\n<meta property=\"og:title\" content=\"Els parcs del Tur\u00f3 de la Peira i de l&#039;Aq\u00fceducte tancaran per la revetlla de Sant Joan - NouBarris.Net\" \/>\n<meta property=\"og:description\" content=\"Districte de Nou Barris tamb\u00e9 va anunciar dispositiu policial als barris per evitar festes il\u00b7legals al carrer La revetlla de\" \/>\n<meta property=\"og:url\" content=\"https:\/\/www.noubarris.net\/web40\/el-parc-del-turo-de-la-peira-tornara-a-tancar-per-la-revetlla-de-sant-joan\/\" \/>\n<meta property=\"og:site_name\" content=\"NouBarris.Net\" \/>\n<meta property=\"article:publisher\" content=\"https:\/\/www.facebook.com\/NouBarris.net\/?locale=es_ES\" \/>\n<meta property=\"article:published_time\" content=\"2024-06-21T22:00:54+00:00\" \/>\n<meta property=\"og:image\" content=\"https:\/\/www.noubarris.net\/web40\/wp-content\/uploads\/2024\/06\/220624_turo_peira.jpg\" \/>\n\t<meta property=\"og:image:width\" content=\"768\" \/>\n\t<meta property=\"og:image:height\" content=\"432\" \/>\n\t<meta property=\"og:image:type\" content=\"image\/jpeg\" \/>\n<meta name=\"author\" content=\"Informatius\" \/>\n<meta name=\"twitter:card\" content=\"summary_large_image\" \/>\n<meta name=\"twitter:creator\" content=\"@9BTV\" \/>\n<meta name=\"twitter:site\" content=\"@9BTV\" \/>\n<meta name=\"twitter:label1\" content=\"Escrit per\" \/>\n\t<meta name=\"twitter:data1\" content=\"Informatius\" \/>\n\t<meta name=\"twitter:label2\" content=\"Temps estimat de lectura\" \/>\n\t<meta name=\"twitter:data2\" content=\"2 minuts\" \/>\n<script type=\"application\/ld+json\" class=\"yoast-schema-graph\">{\"@context\":\"https:\/\/schema.org\",\"@graph\":[{\"@type\":\"Article\",\"@id\":\"https:\/\/www.noubarris.net\/web40\/el-parc-del-turo-de-la-peira-tornara-a-tancar-per-la-revetlla-de-sant-joan\/#article\",\"isPartOf\":{\"@id\":\"https:\/\/www.noubarris.net\/web40\/el-parc-del-turo-de-la-peira-tornara-a-tancar-per-la-revetlla-de-sant-joan\/\"},\"author\":{\"name\":\"Informatius\",\"@id\":\"https:\/\/www.noubarris.net\/web40\/#\/schema\/person\/1827f92aaa316c54abbf4dac0de76069\"},\"headline\":\"Els parcs del Tur\u00f3 de la Peira i de l&#8217;Aq\u00fceducte tancaran per la revetlla de Sant Joan\",\"datePublished\":\"2024-06-21T22:00:54+00:00\",\"mainEntityOfPage\":{\"@id\":\"https:\/\/www.noubarris.net\/web40\/el-parc-del-turo-de-la-peira-tornara-a-tancar-per-la-revetlla-de-sant-joan\/\"},\"wordCount\":288,\"publisher\":{\"@id\":\"https:\/\/www.noubarris.net\/web40\/#organization\"},\"image\":{\"@id\":\"https:\/\/www.noubarris.net\/web40\/el-parc-del-turo-de-la-peira-tornara-a-tancar-per-la-revetlla-de-sant-joan\/#primaryimage\"},\"thumbnailUrl\":\"https:\/\/www.noubarris.net\/web40\/wp-content\/uploads\/2024\/06\/220624_turo_peira.jpg\",\"keywords\":[\"Sant Joan\"],\"articleSection\":[\"El Tur\u00f3 de la Peira\"],\"inLanguage\":\"ca\"},{\"@type\":\"WebPage\",\"@id\":\"https:\/\/www.noubarris.net\/web40\/el-parc-del-turo-de-la-peira-tornara-a-tancar-per-la-revetlla-de-sant-joan\/\",\"url\":\"https:\/\/www.noubarris.net\/web40\/el-parc-del-turo-de-la-peira-tornara-a-tancar-per-la-revetlla-de-sant-joan\/\",\"name\":\"Els parcs del Tur\u00f3 de la Peira i de l'Aq\u00fceducte tancaran per la revetlla de Sant Joan - NouBarris.Net\",\"isPartOf\":{\"@id\":\"https:\/\/www.noubarris.net\/web40\/#website\"},\"primaryImageOfPage\":{\"@id\":\"https:\/\/www.noubarris.net\/web40\/el-parc-del-turo-de-la-peira-tornara-a-tancar-per-la-revetlla-de-sant-joan\/#primaryimage\"},\"image\":{\"@id\":\"https:\/\/www.noubarris.net\/web40\/el-parc-del-turo-de-la-peira-tornara-a-tancar-per-la-revetlla-de-sant-joan\/#primaryimage\"},\"thumbnailUrl\":\"https:\/\/www.noubarris.net\/web40\/wp-content\/uploads\/2024\/06\/220624_turo_peira.jpg\",\"datePublished\":\"2024-06-21T22:00:54+00:00\",\"breadcrumb\":{\"@id\":\"https:\/\/www.noubarris.net\/web40\/el-parc-del-turo-de-la-peira-tornara-a-tancar-per-la-revetlla-de-sant-joan\/#breadcrumb\"},\"inLanguage\":\"ca\",\"potentialAction\":[{\"@type\":\"ReadAction\",\"target\":[\"https:\/\/www.noubarris.net\/web40\/el-parc-del-turo-de-la-peira-tornara-a-tancar-per-la-revetlla-de-sant-joan\/\"]}]},{\"@type\":\"ImageObject\",\"inLanguage\":\"ca\",\"@id\":\"https:\/\/www.noubarris.net\/web40\/el-parc-del-turo-de-la-peira-tornara-a-tancar-per-la-revetlla-de-sant-joan\/#primaryimage\",\"url\":\"https:\/\/www.noubarris.net\/web40\/wp-content\/uploads\/2024\/06\/220624_turo_peira.jpg\",\"contentUrl\":\"https:\/\/www.noubarris.net\/web40\/wp-content\/uploads\/2024\/06\/220624_turo_peira.jpg\",\"width\":768,\"height\":432},{\"@type\":\"BreadcrumbList\",\"@id\":\"https:\/\/www.noubarris.net\/web40\/el-parc-del-turo-de-la-peira-tornara-a-tancar-per-la-revetlla-de-sant-joan\/#breadcrumb\",\"itemListElement\":[{\"@type\":\"ListItem\",\"position\":1,\"name\":\"Inici\",\"item\":\"https:\/\/www.noubarris.net\/web40\/\"},{\"@type\":\"ListItem\",\"position\":2,\"name\":\"Els parcs del Tur\u00f3 de la Peira i de l&#8217;Aq\u00fceducte tancaran per la revetlla de Sant Joan\"}]},{\"@type\":\"WebSite\",\"@id\":\"https:\/\/www.noubarris.net\/web40\/#website\",\"url\":\"https:\/\/www.noubarris.net\/web40\/\",\"name\":\"NouBarris.Net\",\"description\":\"Seguint la vida de Nou Barris des de 1985\",\"publisher\":{\"@id\":\"https:\/\/www.noubarris.net\/web40\/#organization\"},\"potentialAction\":[{\"@type\":\"SearchAction\",\"target\":{\"@type\":\"EntryPoint\",\"urlTemplate\":\"https:\/\/www.noubarris.net\/web40\/?s={search_term_string}\"},\"query-input\":{\"@type\":\"PropertyValueSpecification\",\"valueRequired\":true,\"valueName\":\"search_term_string\"}}],\"inLanguage\":\"ca\"},{\"@type\":\"Organization\",\"@id\":\"https:\/\/www.noubarris.net\/web40\/#organization\",\"name\":\"NouBarris.Net\",\"url\":\"https:\/\/www.noubarris.net\/web40\/\",\"logo\":{\"@type\":\"ImageObject\",\"inLanguage\":\"ca\",\"@id\":\"https:\/\/www.noubarris.net\/web40\/#\/schema\/logo\/image\/\",\"url\":\"https:\/\/www.noubarris.net\/web40\/wp-content\/uploads\/2024\/11\/cropped-cropped-LOGO_9BTV-2024_Insta-1.jpg\",\"contentUrl\":\"https:\/\/www.noubarris.net\/web40\/wp-content\/uploads\/2024\/11\/cropped-cropped-LOGO_9BTV-2024_Insta-1.jpg\",\"width\":512,\"height\":512,\"caption\":\"NouBarris.Net\"},\"image\":{\"@id\":\"https:\/\/www.noubarris.net\/web40\/#\/schema\/logo\/image\/\"},\"sameAs\":[\"https:\/\/www.facebook.com\/NouBarris.net\/?locale=es_ES\",\"https:\/\/x.com\/9BTV\"]},{\"@type\":\"Person\",\"@id\":\"https:\/\/www.noubarris.net\/web40\/#\/schema\/person\/1827f92aaa316c54abbf4dac0de76069\",\"name\":\"Informatius\",\"image\":{\"@type\":\"ImageObject\",\"inLanguage\":\"ca\",\"@id\":\"https:\/\/www.noubarris.net\/web40\/#\/schema\/person\/image\/\",\"url\":\"https:\/\/secure.gravatar.com\/avatar\/87a3b47928835fc72c6ee5b0e1a7263ef0c2d05003a98189bc14926c5f11bcdb?s=96&d=mm&r=g\",\"contentUrl\":\"https:\/\/secure.gravatar.com\/avatar\/87a3b47928835fc72c6ee5b0e1a7263ef0c2d05003a98189bc14926c5f11bcdb?s=96&d=mm&r=g\",\"caption\":\"Informatius\"},\"url\":\"https:\/\/www.noubarris.net\/web40\/author\/tele\/\"}]}<\/script>\n<!-- \/ Yoast SEO plugin. -->","yoast_head_json":{"title":"Els parcs del Tur\u00f3 de la Peira i de l'Aq\u00fceducte tancaran per la revetlla de Sant Joan - NouBarris.Net","robots":{"index":"index","follow":"follow","max-snippet":"max-snippet:-1","max-image-preview":"max-image-preview:large","max-video-preview":"max-video-preview:-1"},"canonical":"https:\/\/www.noubarris.net\/web40\/el-parc-del-turo-de-la-peira-tornara-a-tancar-per-la-revetlla-de-sant-joan\/","og_locale":"ca_ES","og_type":"article","og_title":"Els parcs del Tur\u00f3 de la Peira i de l'Aq\u00fceducte tancaran per la revetlla de Sant Joan - NouBarris.Net","og_description":"Districte de Nou Barris tamb\u00e9 va anunciar dispositiu policial als barris per evitar festes il\u00b7legals al carrer La revetlla de","og_url":"https:\/\/www.noubarris.net\/web40\/el-parc-del-turo-de-la-peira-tornara-a-tancar-per-la-revetlla-de-sant-joan\/","og_site_name":"NouBarris.Net","article_publisher":"https:\/\/www.facebook.com\/NouBarris.net\/?locale=es_ES","article_published_time":"2024-06-21T22:00:54+00:00","og_image":[{"width":768,"height":432,"url":"https:\/\/www.noubarris.net\/web40\/wp-content\/uploads\/2024\/06\/220624_turo_peira.jpg","type":"image\/jpeg"}],"author":"Informatius","twitter_card":"summary_large_image","twitter_creator":"@9BTV","twitter_site":"@9BTV","twitter_misc":{"Escrit per":"Informatius","Temps estimat de lectura":"2 minuts"},"schema":{"@context":"https:\/\/schema.org","@graph":[{"@type":"Article","@id":"https:\/\/www.noubarris.net\/web40\/el-parc-del-turo-de-la-peira-tornara-a-tancar-per-la-revetlla-de-sant-joan\/#article","isPartOf":{"@id":"https:\/\/www.noubarris.net\/web40\/el-parc-del-turo-de-la-peira-tornara-a-tancar-per-la-revetlla-de-sant-joan\/"},"author":{"name":"Informatius","@id":"https:\/\/www.noubarris.net\/web40\/#\/schema\/person\/1827f92aaa316c54abbf4dac0de76069"},"headline":"Els parcs del Tur\u00f3 de la Peira i de l&#8217;Aq\u00fceducte tancaran per la revetlla de Sant Joan","datePublished":"2024-06-21T22:00:54+00:00","mainEntityOfPage":{"@id":"https:\/\/www.noubarris.net\/web40\/el-parc-del-turo-de-la-peira-tornara-a-tancar-per-la-revetlla-de-sant-joan\/"},"wordCount":288,"publisher":{"@id":"https:\/\/www.noubarris.net\/web40\/#organization"},"image":{"@id":"https:\/\/www.noubarris.net\/web40\/el-parc-del-turo-de-la-peira-tornara-a-tancar-per-la-revetlla-de-sant-joan\/#primaryimage"},"thumbnailUrl":"https:\/\/www.noubarris.net\/web40\/wp-content\/uploads\/2024\/06\/220624_turo_peira.jpg","keywords":["Sant Joan"],"articleSection":["El Tur\u00f3 de la Peira"],"inLanguage":"ca"},{"@type":"WebPage","@id":"https:\/\/www.noubarris.net\/web40\/el-parc-del-turo-de-la-peira-tornara-a-tancar-per-la-revetlla-de-sant-joan\/","url":"https:\/\/www.noubarris.net\/web40\/el-parc-del-turo-de-la-peira-tornara-a-tancar-per-la-revetlla-de-sant-joan\/","name":"Els parcs del Tur\u00f3 de la Peira i de l'Aq\u00fceducte tancaran per la revetlla de Sant Joan - NouBarris.Net","isPartOf":{"@id":"https:\/\/www.noubarris.net\/web40\/#website"},"primaryImageOfPage":{"@id":"https:\/\/www.noubarris.net\/web40\/el-parc-del-turo-de-la-peira-tornara-a-tancar-per-la-revetlla-de-sant-joan\/#primaryimage"},"image":{"@id":"https:\/\/www.noubarris.net\/web40\/el-parc-del-turo-de-la-peira-tornara-a-tancar-per-la-revetlla-de-sant-joan\/#primaryimage"},"thumbnailUrl":"https:\/\/www.noubarris.net\/web40\/wp-content\/uploads\/2024\/06\/220624_turo_peira.jpg","datePublished":"2024-06-21T22:00:54+00:00","breadcrumb":{"@id":"https:\/\/www.noubarris.net\/web40\/el-parc-del-turo-de-la-peira-tornara-a-tancar-per-la-revetlla-de-sant-joan\/#breadcrumb"},"inLanguage":"ca","potentialAction":[{"@type":"ReadAction","target":["https:\/\/www.noubarris.net\/web40\/el-parc-del-turo-de-la-peira-tornara-a-tancar-per-la-revetlla-de-sant-joan\/"]}]},{"@type":"ImageObject","inLanguage":"ca","@id":"https:\/\/www.noubarris.net\/web40\/el-parc-del-turo-de-la-peira-tornara-a-tancar-per-la-revetlla-de-sant-joan\/#primaryimage","url":"https:\/\/www.noubarris.net\/web40\/wp-content\/uploads\/2024\/06\/220624_turo_peira.jpg","contentUrl":"https:\/\/www.noubarris.net\/web40\/wp-content\/uploads\/2024\/06\/220624_turo_peira.jpg","width":768,"height":432},{"@type":"BreadcrumbList","@id":"https:\/\/www.noubarris.net\/web40\/el-parc-del-turo-de-la-peira-tornara-a-tancar-per-la-revetlla-de-sant-joan\/#breadcrumb","itemListElement":[{"@type":"ListItem","position":1,"name":"Inici","item":"https:\/\/www.noubarris.net\/web40\/"},{"@type":"ListItem","position":2,"name":"Els parcs del Tur\u00f3 de la Peira i de l&#8217;Aq\u00fceducte tancaran per la revetlla de Sant Joan"}]},{"@type":"WebSite","@id":"https:\/\/www.noubarris.net\/web40\/#website","url":"https:\/\/www.noubarris.net\/web40\/","name":"NouBarris.Net","description":"Seguint la vida de Nou Barris des de 1985","publisher":{"@id":"https:\/\/www.noubarris.net\/web40\/#organization"},"potentialAction":[{"@type":"SearchAction","target":{"@type":"EntryPoint","urlTemplate":"https:\/\/www.noubarris.net\/web40\/?s={search_term_string}"},"query-input":{"@type":"PropertyValueSpecification","valueRequired":true,"valueName":"search_term_string"}}],"inLanguage":"ca"},{"@type":"Organization","@id":"https:\/\/www.noubarris.net\/web40\/#organization","name":"NouBarris.Net","url":"https:\/\/www.noubarris.net\/web40\/","logo":{"@type":"ImageObject","inLanguage":"ca","@id":"https:\/\/www.noubarris.net\/web40\/#\/schema\/logo\/image\/","url":"https:\/\/www.noubarris.net\/web40\/wp-content\/uploads\/2024\/11\/cropped-cropped-LOGO_9BTV-2024_Insta-1.jpg","contentUrl":"https:\/\/www.noubarris.net\/web40\/wp-content\/uploads\/2024\/11\/cropped-cropped-LOGO_9BTV-2024_Insta-1.jpg","width":512,"height":512,"caption":"NouBarris.Net"},"image":{"@id":"https:\/\/www.noubarris.net\/web40\/#\/schema\/logo\/image\/"},"sameAs":["https:\/\/www.facebook.com\/NouBarris.net\/?locale=es_ES","https:\/\/x.com\/9BTV"]},{"@type":"Person","@id":"https:\/\/www.noubarris.net\/web40\/#\/schema\/person\/1827f92aaa316c54abbf4dac0de76069","name":"Informatius","image":{"@type":"ImageObject","inLanguage":"ca","@id":"https:\/\/www.noubarris.net\/web40\/#\/schema\/person\/image\/","url":"https:\/\/secure.gravatar.com\/avatar\/87a3b47928835fc72c6ee5b0e1a7263ef0c2d05003a98189bc14926c5f11bcdb?s=96&d=mm&r=g","contentUrl":"https:\/\/secure.gravatar.com\/avatar\/87a3b47928835fc72c6ee5b0e1a7263ef0c2d05003a98189bc14926c5f11bcdb?s=96&d=mm&r=g","caption":"Informatius"},"url":"https:\/\/www.noubarris.net\/web40\/author\/tele\/"}]}},"_links":{"self":[{"href":"https:\/\/www.noubarris.net\/web40\/wp-json\/wp\/v2\/posts\/82870","targetHints":{"allow":["GET"]}}],"collection":[{"href":"https:\/\/www.noubarris.net\/web40\/wp-json\/wp\/v2\/posts"}],"about":[{"href":"https:\/\/www.noubarris.net\/web40\/wp-json\/wp\/v2\/types\/post"}],"author":[{"embeddable":true,"href":"https:\/\/www.noubarris.net\/web40\/wp-json\/wp\/v2\/users\/2"}],"replies":[{"embeddable":true,"href":"https:\/\/www.noubarris.net\/web40\/wp-json\/wp\/v2\/comments?post=82870"}],"version-history":[{"count":2,"href":"https:\/\/www.noubarris.net\/web40\/wp-json\/wp\/v2\/posts\/82870\/revisions"}],"predecessor-version":[{"id":82874,"href":"https:\/\/www.noubarris.net\/web40\/wp-json\/wp\/v2\/posts\/82870\/revisions\/82874"}],"wp:featuredmedia":[{"embeddable":true,"href":"https:\/\/www.noubarris.net\/web40\/wp-json\/wp\/v2\/media\/82871"}],"wp:attachment":[{"href":"https:\/\/www.noubarris.net\/web40\/wp-json\/wp\/v2\/media?parent=82870"}],"wp:term":[{"taxonomy":"category","embeddable":true,"href":"https:\/\/www.noubarris.net\/web40\/wp-json\/wp\/v2\/categories?post=82870"},{"taxonomy":"post_tag","embeddable":true,"href":"https:\/\/www.noubarris.net\/web40\/wp-json\/wp\/v2\/tags?post=82870"}],"curies":[{"name":"wp","href":"https:\/\/api.w.org\/{rel}","templated":true}]}}