{"id":82875,"date":"2024-06-24T00:00:34","date_gmt":"2024-06-23T22:00:34","guid":{"rendered":"http:\/\/www.noubarris.net\/web40\/?p=82875"},"modified":"2024-06-21T21:09:24","modified_gmt":"2024-06-21T19:09:24","slug":"9-barris-acull-plega-despres-de-23-anys-de-feina-per-la-convivencia-i-la-integracio","status":"publish","type":"post","link":"https:\/\/www.noubarris.net\/web40\/9-barris-acull-plega-despres-de-23-anys-de-feina-per-la-convivencia-i-la-integracio\/","title":{"rendered":"9 Barris Acull plega despr\u00e9s de 23 anys de feina per la conviv\u00e8ncia i la integraci\u00f3"},"content":{"rendered":"<p><strong>Els problemes de finan\u00e7ament aboquen l&#8217;entitat a tancar les portes aquesta setmana<\/strong><\/p>\n<p>Nou Barris perd aquesta setmana una de les entitats que ha fet m\u00e9s per integrar el nou ve\u00efnat arribat als nostres barris. 9 Barris Acull tanca les seves portes oficialment el 30 de juny. Un mal tr\u00e0ngol per a les tres treballadores (dues administratives i l&#8217;advocada) i tot el voluntariat que ha contribu\u00eft a fer possible els tallers de cultura general o de castell\u00e0, les Jornades de 9 Barris Acull, o una de les activitats m\u00e9s conegudes, l&#8217;organitzaci\u00f3 del Festival de Sopes del M\u00f3n Mundial. \u00c9s, per\u00f2, sobretot una mala not\u00edcia per a tots els ve\u00efns i ve\u00efnes migrades que passen per l&#8217;oficina de 9 Barris Acull, a l&#8217;Espai via Fav\u00e8ncia per rebre assessorament sobre temes legals, per fer reagrupacions familiars, renovar papers o legalitzar la seva situaci\u00f3. Nom\u00e9s l&#8217;any 2023 van rebre suport jur\u00eddic 1.426 persones.<\/p>\n<p><a href=\"https:\/\/www.noubarris.net\/web40\/?p=82654\"><strong> Fa mes i mig, 9 Barris Acull ja va alertar que es trobava en una situaci\u00f3 cr\u00edtica<\/strong><\/a>, amb un deute de m\u00e9s de 20.000 euros que no podia afrontar. Segons van explicar, aquest deute s\u00f3n els diners que l&#8217;Ajuntament els reclama que han de tornar de la subvenci\u00f3 de 2023, ja que el conveni cobreix un percentatge m\u00e0xim del pressupost total de l&#8217;activitat de l&#8217;associaci\u00f3. El problema rau en qu\u00e8 aquest pressupost total comptava amb 40.000 euros d&#8217;altres ajudes que no van arribar. 9 Barris Acull va celebrar com un triomf poder ajustar-se als recursos que havien aconseguit&#8230; per\u00f2 van rebre la sorpresa que havien de retornar aquests prop de 20.000 euros. Un fet que els ha acabat enfonsant. Han presentat al\u00b7legacion, recursos i demanat ajuda a les administracions per\u00f2 sense \u00e8xit.<\/p>\n<p><strong>Una hist\u00f2ria que es va iniciar el maig de 2001<\/strong><\/p>\n<p>La xarxa 9 Barris Acull<a href=\"https:\/\/www.noubarris.net\/web40\/?p=59302\" target=\"_blank\" rel=\"noopener\"><strong> es va presentar oficialment el 18 de maig de 2001<\/strong> <\/a>al Casal de Barri de la Prosperitat. Es va crear enmig del moviment dels sense paper, que s&#8217;havien tancat a l&#8217;Esgl\u00e9sia del Pi, per\u00f2<a href=\"https:\/\/www.noubarris.net\/web40\/?p=59210\"><strong> tamb\u00e9 a la parr\u00f2quia de Santa Engr\u00e0cia de la Prosperitat<\/strong><\/a>. El ve\u00efnat va passar de donar suport al moviment, a crear aquesta entitat, amb l&#8217;especial empenta i energia de Lourdes Ponce &#8220;Pitu&#8221;. Sempre han dut per bandera el lema que bona part del ve\u00efnat de Nou Barris tamb\u00e9 va ser emigrant als anys seixanta, i que aquests nous ve\u00efns encara tenen m\u00e9s obstacles per salvar.<\/p>\n<p>Van comen\u00e7ar primer al Casal de Barri de la Prosperitat. Un cop el projecte es va fer m\u00e9s gran, es van traslladar a un altre local del barri. I finalment fa uns deu anys, van arribar a l&#8217;Espai Via Fav\u00e8ncia. En aquest temps, han treballat en xarxa amb desenes d&#8217;entitats del districte per millorar la conviv\u00e8ncia i la integraci\u00f3. Tot a partir d\u2019activitats l\u00fadiques, com el Festival de Sopes del M\u00f3n, els tastets de t\u00e9, la celebraci\u00f3 de l&#8217;Any Nou Xin\u00e8s o la fi del Ramad\u00e0. Tamb\u00e9 amb\u00a0 campanyes informatives (un exemple, les que combatien els falsos rumors), cursos formatius i assessorament a immigrants.<\/p>\n<p><strong>Un paper fonamental en el cas d&#8217;assetjament a la mesquita del carrer del Jap\u00f3<\/strong><\/p>\n<p>A banda de tota aquesta activitat quotidiana al llarg de l&#8217;any, tamb\u00e9 queda en el llegat de 9 Barris Acull la seva tasca durant l&#8217;assetjament que va rebre la comunitat isl\u00e0mica que va aconseguir obrir un oratori al carrer del Jap\u00f3, a la Prosperitat. Les persianes del local van rebre guixades, van ser malmeses, es van convocar manifestacions en contra de la esquita amb pres\u00e8ncia de reconeguts feixistes&#8230; i 9 Barris Acull va donar suport a la comunitat, va col\u00b7laborar en la mediaci\u00f3 amb el ve\u00efnat del carrer i va organitzar juntament amb entitats de la Prosperitat i Nou Barris, <a href=\"https:\/\/www.noubarris.net\/web40\/?p=72327\" target=\"_blank\" rel=\"noopener\"><strong>una gran cercavila per donar la benvinguda a l&#8217;equipament<\/strong><\/a>. A m\u00e9s, van organitzar cursets per combatre la islamof\u00f2bia. Tot plegat es va allargar mesos per\u00f2 finalment <strong><a href=\"https:\/\/www.noubarris.net\/web40\/?p=71794\" target=\"_blank\" rel=\"noopener\">es va recuperar la pau al carrer del Jap\u00f3<\/a><\/strong>. Pel que fa als hostigadors, <strong><a href=\"https:\/\/www.noubarris.net\/web40\/?p=77180\" target=\"_blank\" rel=\"noopener\">van ser denunciats.\u00a0<\/a><\/strong><\/p>\n<p>9 Barris Acull va plasmar tot aquest proc\u00e9s en un documental:<\/p>\n<p><iframe loading=\"lazy\" title=\"La mesquita del carrer Jap\u00f3: una experi\u00e8ncia col.lectiva cap a la conviv\u00e8ncia en la diversitat.\" width=\"800\" height=\"450\" src=\"https:\/\/www.youtube.com\/embed\/jqsuY96JIQI?feature=oembed\" frameborder=\"0\" allow=\"accelerometer; autoplay; clipboard-write; encrypted-media; gyroscope; picture-in-picture; web-share\" referrerpolicy=\"strict-origin-when-cross-origin\" allowfullscreen><\/iframe><\/p>\n<p>&nbsp;<\/p>\n<p>&nbsp;<\/p>\n","protected":false},"excerpt":{"rendered":"<p>Els problemes de finan\u00e7ament aboquen l&#8217;entitat a tancar les portes aquesta setmana Nou Barris perd aquesta setmana una de les<\/p>\n","protected":false},"author":2,"featured_media":82877,"comment_status":"closed","ping_status":"closed","sticky":false,"template":"","format":"standard","meta":{"colormag_page_layout":"default_layout","_monsterinsights_skip_tracking":false,"_monsterinsights_sitenote_active":false,"_monsterinsights_sitenote_note":"","_monsterinsights_sitenote_category":0,"footnotes":""},"categories":[1],"tags":[702],"class_list":["post-82875","post","type-post","status-publish","format-standard","has-post-thumbnail","hentry","category-nou-barris","tag-9-barris-acull"],"yoast_head":"<!-- This site is optimized with the Yoast SEO plugin v25.3 - https:\/\/yoast.com\/wordpress\/plugins\/seo\/ -->\n<title>9 Barris Acull plega despr\u00e9s de 23 anys de feina per la conviv\u00e8ncia i la integraci\u00f3 - NouBarris.Net<\/title>\n<meta name=\"robots\" content=\"index, follow, max-snippet:-1, max-image-preview:large, max-video-preview:-1\" \/>\n<link rel=\"canonical\" href=\"https:\/\/www.noubarris.net\/web40\/9-barris-acull-plega-despres-de-23-anys-de-feina-per-la-convivencia-i-la-integracio\/\" \/>\n<meta property=\"og:locale\" content=\"ca_ES\" \/>\n<meta property=\"og:type\" content=\"article\" \/>\n<meta property=\"og:title\" content=\"9 Barris Acull plega despr\u00e9s de 23 anys de feina per la conviv\u00e8ncia i la integraci\u00f3 - NouBarris.Net\" \/>\n<meta property=\"og:description\" content=\"Els problemes de finan\u00e7ament aboquen l&#8217;entitat a tancar les portes aquesta setmana Nou Barris perd aquesta setmana una de les\" \/>\n<meta property=\"og:url\" content=\"https:\/\/www.noubarris.net\/web40\/9-barris-acull-plega-despres-de-23-anys-de-feina-per-la-convivencia-i-la-integracio\/\" \/>\n<meta property=\"og:site_name\" content=\"NouBarris.Net\" \/>\n<meta property=\"article:publisher\" content=\"https:\/\/www.facebook.com\/NouBarris.net\/?locale=es_ES\" \/>\n<meta property=\"article:published_time\" content=\"2024-06-23T22:00:34+00:00\" \/>\n<meta property=\"og:image\" content=\"https:\/\/www.noubarris.net\/web40\/wp-content\/uploads\/2024\/06\/9bacull-100524.jpg\" \/>\n\t<meta property=\"og:image:width\" content=\"768\" \/>\n\t<meta property=\"og:image:height\" content=\"432\" \/>\n\t<meta property=\"og:image:type\" content=\"image\/jpeg\" \/>\n<meta name=\"author\" content=\"Informatius\" \/>\n<meta name=\"twitter:card\" content=\"summary_large_image\" \/>\n<meta name=\"twitter:creator\" content=\"@9BTV\" \/>\n<meta name=\"twitter:site\" content=\"@9BTV\" \/>\n<meta name=\"twitter:label1\" content=\"Escrit per\" \/>\n\t<meta name=\"twitter:data1\" content=\"Informatius\" \/>\n\t<meta name=\"twitter:label2\" content=\"Temps estimat de lectura\" \/>\n\t<meta name=\"twitter:data2\" content=\"4 minuts\" \/>\n<script type=\"application\/ld+json\" class=\"yoast-schema-graph\">{\"@context\":\"https:\/\/schema.org\",\"@graph\":[{\"@type\":\"Article\",\"@id\":\"https:\/\/www.noubarris.net\/web40\/9-barris-acull-plega-despres-de-23-anys-de-feina-per-la-convivencia-i-la-integracio\/#article\",\"isPartOf\":{\"@id\":\"https:\/\/www.noubarris.net\/web40\/9-barris-acull-plega-despres-de-23-anys-de-feina-per-la-convivencia-i-la-integracio\/\"},\"author\":{\"name\":\"Informatius\",\"@id\":\"https:\/\/www.noubarris.net\/web40\/#\/schema\/person\/1827f92aaa316c54abbf4dac0de76069\"},\"headline\":\"9 Barris Acull plega despr\u00e9s de 23 anys de feina per la conviv\u00e8ncia i la integraci\u00f3\",\"datePublished\":\"2024-06-23T22:00:34+00:00\",\"mainEntityOfPage\":{\"@id\":\"https:\/\/www.noubarris.net\/web40\/9-barris-acull-plega-despres-de-23-anys-de-feina-per-la-convivencia-i-la-integracio\/\"},\"wordCount\":735,\"publisher\":{\"@id\":\"https:\/\/www.noubarris.net\/web40\/#organization\"},\"image\":{\"@id\":\"https:\/\/www.noubarris.net\/web40\/9-barris-acull-plega-despres-de-23-anys-de-feina-per-la-convivencia-i-la-integracio\/#primaryimage\"},\"thumbnailUrl\":\"https:\/\/www.noubarris.net\/web40\/wp-content\/uploads\/2024\/06\/9bacull-100524.jpg\",\"keywords\":[\"9 barris acull\"],\"articleSection\":[\"Nou Barris\"],\"inLanguage\":\"ca\"},{\"@type\":\"WebPage\",\"@id\":\"https:\/\/www.noubarris.net\/web40\/9-barris-acull-plega-despres-de-23-anys-de-feina-per-la-convivencia-i-la-integracio\/\",\"url\":\"https:\/\/www.noubarris.net\/web40\/9-barris-acull-plega-despres-de-23-anys-de-feina-per-la-convivencia-i-la-integracio\/\",\"name\":\"9 Barris Acull plega despr\u00e9s de 23 anys de feina per la conviv\u00e8ncia i la integraci\u00f3 - NouBarris.Net\",\"isPartOf\":{\"@id\":\"https:\/\/www.noubarris.net\/web40\/#website\"},\"primaryImageOfPage\":{\"@id\":\"https:\/\/www.noubarris.net\/web40\/9-barris-acull-plega-despres-de-23-anys-de-feina-per-la-convivencia-i-la-integracio\/#primaryimage\"},\"image\":{\"@id\":\"https:\/\/www.noubarris.net\/web40\/9-barris-acull-plega-despres-de-23-anys-de-feina-per-la-convivencia-i-la-integracio\/#primaryimage\"},\"thumbnailUrl\":\"https:\/\/www.noubarris.net\/web40\/wp-content\/uploads\/2024\/06\/9bacull-100524.jpg\",\"datePublished\":\"2024-06-23T22:00:34+00:00\",\"breadcrumb\":{\"@id\":\"https:\/\/www.noubarris.net\/web40\/9-barris-acull-plega-despres-de-23-anys-de-feina-per-la-convivencia-i-la-integracio\/#breadcrumb\"},\"inLanguage\":\"ca\",\"potentialAction\":[{\"@type\":\"ReadAction\",\"target\":[\"https:\/\/www.noubarris.net\/web40\/9-barris-acull-plega-despres-de-23-anys-de-feina-per-la-convivencia-i-la-integracio\/\"]}]},{\"@type\":\"ImageObject\",\"inLanguage\":\"ca\",\"@id\":\"https:\/\/www.noubarris.net\/web40\/9-barris-acull-plega-despres-de-23-anys-de-feina-per-la-convivencia-i-la-integracio\/#primaryimage\",\"url\":\"https:\/\/www.noubarris.net\/web40\/wp-content\/uploads\/2024\/06\/9bacull-100524.jpg\",\"contentUrl\":\"https:\/\/www.noubarris.net\/web40\/wp-content\/uploads\/2024\/06\/9bacull-100524.jpg\",\"width\":768,\"height\":432},{\"@type\":\"BreadcrumbList\",\"@id\":\"https:\/\/www.noubarris.net\/web40\/9-barris-acull-plega-despres-de-23-anys-de-feina-per-la-convivencia-i-la-integracio\/#breadcrumb\",\"itemListElement\":[{\"@type\":\"ListItem\",\"position\":1,\"name\":\"Inici\",\"item\":\"https:\/\/www.noubarris.net\/web40\/\"},{\"@type\":\"ListItem\",\"position\":2,\"name\":\"9 Barris Acull plega despr\u00e9s de 23 anys de feina per la conviv\u00e8ncia i la integraci\u00f3\"}]},{\"@type\":\"WebSite\",\"@id\":\"https:\/\/www.noubarris.net\/web40\/#website\",\"url\":\"https:\/\/www.noubarris.net\/web40\/\",\"name\":\"NouBarris.Net\",\"description\":\"Seguint la vida de Nou Barris des de 1985\",\"publisher\":{\"@id\":\"https:\/\/www.noubarris.net\/web40\/#organization\"},\"potentialAction\":[{\"@type\":\"SearchAction\",\"target\":{\"@type\":\"EntryPoint\",\"urlTemplate\":\"https:\/\/www.noubarris.net\/web40\/?s={search_term_string}\"},\"query-input\":{\"@type\":\"PropertyValueSpecification\",\"valueRequired\":true,\"valueName\":\"search_term_string\"}}],\"inLanguage\":\"ca\"},{\"@type\":\"Organization\",\"@id\":\"https:\/\/www.noubarris.net\/web40\/#organization\",\"name\":\"NouBarris.Net\",\"url\":\"https:\/\/www.noubarris.net\/web40\/\",\"logo\":{\"@type\":\"ImageObject\",\"inLanguage\":\"ca\",\"@id\":\"https:\/\/www.noubarris.net\/web40\/#\/schema\/logo\/image\/\",\"url\":\"https:\/\/www.noubarris.net\/web40\/wp-content\/uploads\/2024\/11\/cropped-cropped-LOGO_9BTV-2024_Insta-1.jpg\",\"contentUrl\":\"https:\/\/www.noubarris.net\/web40\/wp-content\/uploads\/2024\/11\/cropped-cropped-LOGO_9BTV-2024_Insta-1.jpg\",\"width\":512,\"height\":512,\"caption\":\"NouBarris.Net\"},\"image\":{\"@id\":\"https:\/\/www.noubarris.net\/web40\/#\/schema\/logo\/image\/\"},\"sameAs\":[\"https:\/\/www.facebook.com\/NouBarris.net\/?locale=es_ES\",\"https:\/\/x.com\/9BTV\"]},{\"@type\":\"Person\",\"@id\":\"https:\/\/www.noubarris.net\/web40\/#\/schema\/person\/1827f92aaa316c54abbf4dac0de76069\",\"name\":\"Informatius\",\"image\":{\"@type\":\"ImageObject\",\"inLanguage\":\"ca\",\"@id\":\"https:\/\/www.noubarris.net\/web40\/#\/schema\/person\/image\/\",\"url\":\"https:\/\/secure.gravatar.com\/avatar\/87a3b47928835fc72c6ee5b0e1a7263ef0c2d05003a98189bc14926c5f11bcdb?s=96&d=mm&r=g\",\"contentUrl\":\"https:\/\/secure.gravatar.com\/avatar\/87a3b47928835fc72c6ee5b0e1a7263ef0c2d05003a98189bc14926c5f11bcdb?s=96&d=mm&r=g\",\"caption\":\"Informatius\"},\"url\":\"https:\/\/www.noubarris.net\/web40\/author\/tele\/\"}]}<\/script>\n<!-- \/ Yoast SEO plugin. -->","yoast_head_json":{"title":"9 Barris Acull plega despr\u00e9s de 23 anys de feina per la conviv\u00e8ncia i la integraci\u00f3 - NouBarris.Net","robots":{"index":"index","follow":"follow","max-snippet":"max-snippet:-1","max-image-preview":"max-image-preview:large","max-video-preview":"max-video-preview:-1"},"canonical":"https:\/\/www.noubarris.net\/web40\/9-barris-acull-plega-despres-de-23-anys-de-feina-per-la-convivencia-i-la-integracio\/","og_locale":"ca_ES","og_type":"article","og_title":"9 Barris Acull plega despr\u00e9s de 23 anys de feina per la conviv\u00e8ncia i la integraci\u00f3 - NouBarris.Net","og_description":"Els problemes de finan\u00e7ament aboquen l&#8217;entitat a tancar les portes aquesta setmana Nou Barris perd aquesta setmana una de les","og_url":"https:\/\/www.noubarris.net\/web40\/9-barris-acull-plega-despres-de-23-anys-de-feina-per-la-convivencia-i-la-integracio\/","og_site_name":"NouBarris.Net","article_publisher":"https:\/\/www.facebook.com\/NouBarris.net\/?locale=es_ES","article_published_time":"2024-06-23T22:00:34+00:00","og_image":[{"width":768,"height":432,"url":"https:\/\/www.noubarris.net\/web40\/wp-content\/uploads\/2024\/06\/9bacull-100524.jpg","type":"image\/jpeg"}],"author":"Informatius","twitter_card":"summary_large_image","twitter_creator":"@9BTV","twitter_site":"@9BTV","twitter_misc":{"Escrit per":"Informatius","Temps estimat de lectura":"4 minuts"},"schema":{"@context":"https:\/\/schema.org","@graph":[{"@type":"Article","@id":"https:\/\/www.noubarris.net\/web40\/9-barris-acull-plega-despres-de-23-anys-de-feina-per-la-convivencia-i-la-integracio\/#article","isPartOf":{"@id":"https:\/\/www.noubarris.net\/web40\/9-barris-acull-plega-despres-de-23-anys-de-feina-per-la-convivencia-i-la-integracio\/"},"author":{"name":"Informatius","@id":"https:\/\/www.noubarris.net\/web40\/#\/schema\/person\/1827f92aaa316c54abbf4dac0de76069"},"headline":"9 Barris Acull plega despr\u00e9s de 23 anys de feina per la conviv\u00e8ncia i la integraci\u00f3","datePublished":"2024-06-23T22:00:34+00:00","mainEntityOfPage":{"@id":"https:\/\/www.noubarris.net\/web40\/9-barris-acull-plega-despres-de-23-anys-de-feina-per-la-convivencia-i-la-integracio\/"},"wordCount":735,"publisher":{"@id":"https:\/\/www.noubarris.net\/web40\/#organization"},"image":{"@id":"https:\/\/www.noubarris.net\/web40\/9-barris-acull-plega-despres-de-23-anys-de-feina-per-la-convivencia-i-la-integracio\/#primaryimage"},"thumbnailUrl":"https:\/\/www.noubarris.net\/web40\/wp-content\/uploads\/2024\/06\/9bacull-100524.jpg","keywords":["9 barris acull"],"articleSection":["Nou Barris"],"inLanguage":"ca"},{"@type":"WebPage","@id":"https:\/\/www.noubarris.net\/web40\/9-barris-acull-plega-despres-de-23-anys-de-feina-per-la-convivencia-i-la-integracio\/","url":"https:\/\/www.noubarris.net\/web40\/9-barris-acull-plega-despres-de-23-anys-de-feina-per-la-convivencia-i-la-integracio\/","name":"9 Barris Acull plega despr\u00e9s de 23 anys de feina per la conviv\u00e8ncia i la integraci\u00f3 - NouBarris.Net","isPartOf":{"@id":"https:\/\/www.noubarris.net\/web40\/#website"},"primaryImageOfPage":{"@id":"https:\/\/www.noubarris.net\/web40\/9-barris-acull-plega-despres-de-23-anys-de-feina-per-la-convivencia-i-la-integracio\/#primaryimage"},"image":{"@id":"https:\/\/www.noubarris.net\/web40\/9-barris-acull-plega-despres-de-23-anys-de-feina-per-la-convivencia-i-la-integracio\/#primaryimage"},"thumbnailUrl":"https:\/\/www.noubarris.net\/web40\/wp-content\/uploads\/2024\/06\/9bacull-100524.jpg","datePublished":"2024-06-23T22:00:34+00:00","breadcrumb":{"@id":"https:\/\/www.noubarris.net\/web40\/9-barris-acull-plega-despres-de-23-anys-de-feina-per-la-convivencia-i-la-integracio\/#breadcrumb"},"inLanguage":"ca","potentialAction":[{"@type":"ReadAction","target":["https:\/\/www.noubarris.net\/web40\/9-barris-acull-plega-despres-de-23-anys-de-feina-per-la-convivencia-i-la-integracio\/"]}]},{"@type":"ImageObject","inLanguage":"ca","@id":"https:\/\/www.noubarris.net\/web40\/9-barris-acull-plega-despres-de-23-anys-de-feina-per-la-convivencia-i-la-integracio\/#primaryimage","url":"https:\/\/www.noubarris.net\/web40\/wp-content\/uploads\/2024\/06\/9bacull-100524.jpg","contentUrl":"https:\/\/www.noubarris.net\/web40\/wp-content\/uploads\/2024\/06\/9bacull-100524.jpg","width":768,"height":432},{"@type":"BreadcrumbList","@id":"https:\/\/www.noubarris.net\/web40\/9-barris-acull-plega-despres-de-23-anys-de-feina-per-la-convivencia-i-la-integracio\/#breadcrumb","itemListElement":[{"@type":"ListItem","position":1,"name":"Inici","item":"https:\/\/www.noubarris.net\/web40\/"},{"@type":"ListItem","position":2,"name":"9 Barris Acull plega despr\u00e9s de 23 anys de feina per la conviv\u00e8ncia i la integraci\u00f3"}]},{"@type":"WebSite","@id":"https:\/\/www.noubarris.net\/web40\/#website","url":"https:\/\/www.noubarris.net\/web40\/","name":"NouBarris.Net","description":"Seguint la vida de Nou Barris des de 1985","publisher":{"@id":"https:\/\/www.noubarris.net\/web40\/#organization"},"potentialAction":[{"@type":"SearchAction","target":{"@type":"EntryPoint","urlTemplate":"https:\/\/www.noubarris.net\/web40\/?s={search_term_string}"},"query-input":{"@type":"PropertyValueSpecification","valueRequired":true,"valueName":"search_term_string"}}],"inLanguage":"ca"},{"@type":"Organization","@id":"https:\/\/www.noubarris.net\/web40\/#organization","name":"NouBarris.Net","url":"https:\/\/www.noubarris.net\/web40\/","logo":{"@type":"ImageObject","inLanguage":"ca","@id":"https:\/\/www.noubarris.net\/web40\/#\/schema\/logo\/image\/","url":"https:\/\/www.noubarris.net\/web40\/wp-content\/uploads\/2024\/11\/cropped-cropped-LOGO_9BTV-2024_Insta-1.jpg","contentUrl":"https:\/\/www.noubarris.net\/web40\/wp-content\/uploads\/2024\/11\/cropped-cropped-LOGO_9BTV-2024_Insta-1.jpg","width":512,"height":512,"caption":"NouBarris.Net"},"image":{"@id":"https:\/\/www.noubarris.net\/web40\/#\/schema\/logo\/image\/"},"sameAs":["https:\/\/www.facebook.com\/NouBarris.net\/?locale=es_ES","https:\/\/x.com\/9BTV"]},{"@type":"Person","@id":"https:\/\/www.noubarris.net\/web40\/#\/schema\/person\/1827f92aaa316c54abbf4dac0de76069","name":"Informatius","image":{"@type":"ImageObject","inLanguage":"ca","@id":"https:\/\/www.noubarris.net\/web40\/#\/schema\/person\/image\/","url":"https:\/\/secure.gravatar.com\/avatar\/87a3b47928835fc72c6ee5b0e1a7263ef0c2d05003a98189bc14926c5f11bcdb?s=96&d=mm&r=g","contentUrl":"https:\/\/secure.gravatar.com\/avatar\/87a3b47928835fc72c6ee5b0e1a7263ef0c2d05003a98189bc14926c5f11bcdb?s=96&d=mm&r=g","caption":"Informatius"},"url":"https:\/\/www.noubarris.net\/web40\/author\/tele\/"}]}},"_links":{"self":[{"href":"https:\/\/www.noubarris.net\/web40\/wp-json\/wp\/v2\/posts\/82875","targetHints":{"allow":["GET"]}}],"collection":[{"href":"https:\/\/www.noubarris.net\/web40\/wp-json\/wp\/v2\/posts"}],"about":[{"href":"https:\/\/www.noubarris.net\/web40\/wp-json\/wp\/v2\/types\/post"}],"author":[{"embeddable":true,"href":"https:\/\/www.noubarris.net\/web40\/wp-json\/wp\/v2\/users\/2"}],"replies":[{"embeddable":true,"href":"https:\/\/www.noubarris.net\/web40\/wp-json\/wp\/v2\/comments?post=82875"}],"version-history":[{"count":2,"href":"https:\/\/www.noubarris.net\/web40\/wp-json\/wp\/v2\/posts\/82875\/revisions"}],"predecessor-version":[{"id":82878,"href":"https:\/\/www.noubarris.net\/web40\/wp-json\/wp\/v2\/posts\/82875\/revisions\/82878"}],"wp:featuredmedia":[{"embeddable":true,"href":"https:\/\/www.noubarris.net\/web40\/wp-json\/wp\/v2\/media\/82877"}],"wp:attachment":[{"href":"https:\/\/www.noubarris.net\/web40\/wp-json\/wp\/v2\/media?parent=82875"}],"wp:term":[{"taxonomy":"category","embeddable":true,"href":"https:\/\/www.noubarris.net\/web40\/wp-json\/wp\/v2\/categories?post=82875"},{"taxonomy":"post_tag","embeddable":true,"href":"https:\/\/www.noubarris.net\/web40\/wp-json\/wp\/v2\/tags?post=82875"}],"curies":[{"name":"wp","href":"https:\/\/api.w.org\/{rel}","templated":true}]}}