{"id":82910,"date":"2024-07-02T00:00:33","date_gmt":"2024-07-01T22:00:33","guid":{"rendered":"http:\/\/www.noubarris.net\/web40\/?p=82910"},"modified":"2024-06-29T20:08:38","modified_gmt":"2024-06-29T18:08:38","slug":"es-renoven-els-sis-pla-de-barris-per-a-aquest-mandat","status":"publish","type":"post","link":"https:\/\/www.noubarris.net\/web40\/es-renoven-els-sis-pla-de-barris-per-a-aquest-mandat\/","title":{"rendered":"Es renoven els sis Pla de Barris per a aquest mandat"},"content":{"rendered":"<p><strong>Continuaran actius a la Zona Nord, Can Peguera i el Tur\u00f3 de la Peira, la Prosperitat, la Trinitat Nova i les Roquetes i Verdum<\/strong><\/p>\n<p>L\u2019Ajuntament de Barcelona ha anunciat que destinar\u00e0 300 M\u20ac als barris del Pla de Barris, en una convocat\u00f2ria que amplia el nombre de barris inclosos. No \u00e9s el cas de Nou Barris. Tot i les demandes de la Guineueta per acollir-se a aquestes inversions extra, queda fora, tal com ja els havia avan\u00e7at Districte. A Nou Barris es mantenen els sis plans actuals: el que engloba els tres barris de la Zona Nord, el que comparteixen Can Peguera i el Tur\u00f3 de la Peira, el de la Prosperitat, el de la Trinitat Nova i el tamb\u00e9 compartit entre les Roquetes i Verdum.<\/p>\n<p>Segons el comunicat de l&#8217;Ajuntament el nou Pla de Barris preveu gastar 113 M\u20ac en la millora de l\u2019espai p\u00fablic i equipaments, 35 M\u20ac en escoles i projectes educatius, 32 M\u20ac en projectes socials, i 20 M\u20ac en rehabilitaci\u00f3 d\u2019habitatges. A aquests projectes se sumaran altres actuacions que s\u2019hi complementaran i que superaran els 100 M\u20ac d\u2019inversi\u00f3 en aquests mateixos barris.<\/p>\n<p>L&#8217;objectiu ara del Pla de Barris \u00e9s consolidar &#8220;algunes de les pol\u00edtiques ja iniciades i es proposa intervenir de manera m\u00e9s focalitzada i intensiva en els barris que ja formaven part de les edicions anteriors. Centra la intervenci\u00f3 en aquells \u00e0mbits que s\u00f3n els causants m\u00e9s directes de la desigualtat i focalitza la mirada en aquells col\u00b7lectius que m\u00e9s pateixen els efectes i les conseq\u00fc\u00e8ncies d\u2019estar en situaci\u00f3 de vulnerabilitat, com s\u00f3n les dones, les persones grans, els adolescents o les persones migrades&#8221;.<\/p>\n<p>Cal recordar que ambla finalitzaci\u00f3 del mandat van quedar projectes a mitges, com ara la reforma del parc del Tur\u00f3 de la Peira o la segona fase del Balc\u00f3 d&#8217;Equipaments de Can Peguera, entre moltes altres q\u00fcestions que han reivindicat els ve\u00efnats. S\u00ed que s&#8217;han aconseguit altres fites, sobretot el l&#8217;\u00e0mbit educatiu, com per exemple els programes musicals educatius o la conversi\u00f3 d&#8217;escoles en institut escola. Com el cas del Mol\u00ed a la Prosperitat, a la imatge.<\/p>\n<p>El Pla de Barris 2025-2028 vol reorganitzar els \u00e0mbits d\u2019intervenci\u00f3 en tres grans eixos principals a on a m\u00e9s es focalitzar\u00e0 bona part de la inversi\u00f3:<\/p>\n<p>Educaci\u00f3 i cultura<br \/>\nEspai p\u00fablic i accessibilitat<br \/>\nHabitatge i rehabilitaci\u00f3<\/p>\n<p>Per altra banda, expliquen que es vol centrar els esfor\u00e7os en desenvolupar pol\u00edtiques p\u00fabliques que acompanyen a les inversions i en eines per &#8220;revertir les desigualtats en un marc que no es pot oblidar que \u00e9s el de l\u2019emerg\u00e8ncia clim\u00e0tica&#8221;. La salut, i en especial la salut mental, preocuparan i ocuparan en aquesta nova edici\u00f3.<\/p>\n<p>&nbsp;<\/p>\n","protected":false},"excerpt":{"rendered":"<p>Continuaran actius a la Zona Nord, Can Peguera i el Tur\u00f3 de la Peira, la Prosperitat, la Trinitat Nova i<\/p>\n","protected":false},"author":2,"featured_media":82911,"comment_status":"closed","ping_status":"closed","sticky":false,"template":"","format":"standard","meta":{"colormag_page_layout":"default_layout","_monsterinsights_skip_tracking":false,"_monsterinsights_sitenote_active":false,"_monsterinsights_sitenote_note":"","_monsterinsights_sitenote_category":0,"footnotes":""},"categories":[1],"tags":[],"class_list":["post-82910","post","type-post","status-publish","format-standard","has-post-thumbnail","hentry","category-nou-barris"],"yoast_head":"<!-- This site is optimized with the Yoast SEO plugin v25.3 - https:\/\/yoast.com\/wordpress\/plugins\/seo\/ -->\n<title>Es renoven els sis Pla de Barris per a aquest mandat - NouBarris.Net<\/title>\n<meta name=\"robots\" content=\"index, follow, max-snippet:-1, max-image-preview:large, max-video-preview:-1\" \/>\n<link rel=\"canonical\" href=\"https:\/\/www.noubarris.net\/web40\/es-renoven-els-sis-pla-de-barris-per-a-aquest-mandat\/\" \/>\n<meta property=\"og:locale\" content=\"ca_ES\" \/>\n<meta property=\"og:type\" content=\"article\" \/>\n<meta property=\"og:title\" content=\"Es renoven els sis Pla de Barris per a aquest mandat - NouBarris.Net\" \/>\n<meta property=\"og:description\" content=\"Continuaran actius a la Zona Nord, Can Peguera i el Tur\u00f3 de la Peira, la Prosperitat, la Trinitat Nova i\" \/>\n<meta property=\"og:url\" content=\"https:\/\/www.noubarris.net\/web40\/es-renoven-els-sis-pla-de-barris-per-a-aquest-mandat\/\" \/>\n<meta property=\"og:site_name\" content=\"NouBarris.Net\" \/>\n<meta property=\"article:publisher\" content=\"https:\/\/www.facebook.com\/NouBarris.net\/?locale=es_ES\" \/>\n<meta property=\"article:published_time\" content=\"2024-07-01T22:00:33+00:00\" \/>\n<meta property=\"og:image\" content=\"https:\/\/www.noubarris.net\/web40\/wp-content\/uploads\/2024\/06\/institu-escola-moli-020724.jpg\" \/>\n\t<meta property=\"og:image:width\" content=\"768\" \/>\n\t<meta property=\"og:image:height\" content=\"432\" \/>\n\t<meta property=\"og:image:type\" content=\"image\/jpeg\" \/>\n<meta name=\"author\" content=\"Informatius\" \/>\n<meta name=\"twitter:card\" content=\"summary_large_image\" \/>\n<meta name=\"twitter:creator\" content=\"@9BTV\" \/>\n<meta name=\"twitter:site\" content=\"@9BTV\" \/>\n<meta name=\"twitter:label1\" content=\"Escrit per\" \/>\n\t<meta name=\"twitter:data1\" content=\"Informatius\" \/>\n\t<meta name=\"twitter:label2\" content=\"Temps estimat de lectura\" \/>\n\t<meta name=\"twitter:data2\" content=\"3 minuts\" \/>\n<script type=\"application\/ld+json\" class=\"yoast-schema-graph\">{\"@context\":\"https:\/\/schema.org\",\"@graph\":[{\"@type\":\"Article\",\"@id\":\"https:\/\/www.noubarris.net\/web40\/es-renoven-els-sis-pla-de-barris-per-a-aquest-mandat\/#article\",\"isPartOf\":{\"@id\":\"https:\/\/www.noubarris.net\/web40\/es-renoven-els-sis-pla-de-barris-per-a-aquest-mandat\/\"},\"author\":{\"name\":\"Informatius\",\"@id\":\"https:\/\/www.noubarris.net\/web40\/#\/schema\/person\/1827f92aaa316c54abbf4dac0de76069\"},\"headline\":\"Es renoven els sis Pla de Barris per a aquest mandat\",\"datePublished\":\"2024-07-01T22:00:33+00:00\",\"mainEntityOfPage\":{\"@id\":\"https:\/\/www.noubarris.net\/web40\/es-renoven-els-sis-pla-de-barris-per-a-aquest-mandat\/\"},\"wordCount\":478,\"publisher\":{\"@id\":\"https:\/\/www.noubarris.net\/web40\/#organization\"},\"image\":{\"@id\":\"https:\/\/www.noubarris.net\/web40\/es-renoven-els-sis-pla-de-barris-per-a-aquest-mandat\/#primaryimage\"},\"thumbnailUrl\":\"https:\/\/www.noubarris.net\/web40\/wp-content\/uploads\/2024\/06\/institu-escola-moli-020724.jpg\",\"articleSection\":[\"Nou Barris\"],\"inLanguage\":\"ca\"},{\"@type\":\"WebPage\",\"@id\":\"https:\/\/www.noubarris.net\/web40\/es-renoven-els-sis-pla-de-barris-per-a-aquest-mandat\/\",\"url\":\"https:\/\/www.noubarris.net\/web40\/es-renoven-els-sis-pla-de-barris-per-a-aquest-mandat\/\",\"name\":\"Es renoven els sis Pla de Barris per a aquest mandat - NouBarris.Net\",\"isPartOf\":{\"@id\":\"https:\/\/www.noubarris.net\/web40\/#website\"},\"primaryImageOfPage\":{\"@id\":\"https:\/\/www.noubarris.net\/web40\/es-renoven-els-sis-pla-de-barris-per-a-aquest-mandat\/#primaryimage\"},\"image\":{\"@id\":\"https:\/\/www.noubarris.net\/web40\/es-renoven-els-sis-pla-de-barris-per-a-aquest-mandat\/#primaryimage\"},\"thumbnailUrl\":\"https:\/\/www.noubarris.net\/web40\/wp-content\/uploads\/2024\/06\/institu-escola-moli-020724.jpg\",\"datePublished\":\"2024-07-01T22:00:33+00:00\",\"breadcrumb\":{\"@id\":\"https:\/\/www.noubarris.net\/web40\/es-renoven-els-sis-pla-de-barris-per-a-aquest-mandat\/#breadcrumb\"},\"inLanguage\":\"ca\",\"potentialAction\":[{\"@type\":\"ReadAction\",\"target\":[\"https:\/\/www.noubarris.net\/web40\/es-renoven-els-sis-pla-de-barris-per-a-aquest-mandat\/\"]}]},{\"@type\":\"ImageObject\",\"inLanguage\":\"ca\",\"@id\":\"https:\/\/www.noubarris.net\/web40\/es-renoven-els-sis-pla-de-barris-per-a-aquest-mandat\/#primaryimage\",\"url\":\"https:\/\/www.noubarris.net\/web40\/wp-content\/uploads\/2024\/06\/institu-escola-moli-020724.jpg\",\"contentUrl\":\"https:\/\/www.noubarris.net\/web40\/wp-content\/uploads\/2024\/06\/institu-escola-moli-020724.jpg\",\"width\":768,\"height\":432},{\"@type\":\"BreadcrumbList\",\"@id\":\"https:\/\/www.noubarris.net\/web40\/es-renoven-els-sis-pla-de-barris-per-a-aquest-mandat\/#breadcrumb\",\"itemListElement\":[{\"@type\":\"ListItem\",\"position\":1,\"name\":\"Inici\",\"item\":\"https:\/\/www.noubarris.net\/web40\/\"},{\"@type\":\"ListItem\",\"position\":2,\"name\":\"Es renoven els sis Pla de Barris per a aquest mandat\"}]},{\"@type\":\"WebSite\",\"@id\":\"https:\/\/www.noubarris.net\/web40\/#website\",\"url\":\"https:\/\/www.noubarris.net\/web40\/\",\"name\":\"NouBarris.Net\",\"description\":\"Seguint la vida de Nou Barris des de 1985\",\"publisher\":{\"@id\":\"https:\/\/www.noubarris.net\/web40\/#organization\"},\"potentialAction\":[{\"@type\":\"SearchAction\",\"target\":{\"@type\":\"EntryPoint\",\"urlTemplate\":\"https:\/\/www.noubarris.net\/web40\/?s={search_term_string}\"},\"query-input\":{\"@type\":\"PropertyValueSpecification\",\"valueRequired\":true,\"valueName\":\"search_term_string\"}}],\"inLanguage\":\"ca\"},{\"@type\":\"Organization\",\"@id\":\"https:\/\/www.noubarris.net\/web40\/#organization\",\"name\":\"NouBarris.Net\",\"url\":\"https:\/\/www.noubarris.net\/web40\/\",\"logo\":{\"@type\":\"ImageObject\",\"inLanguage\":\"ca\",\"@id\":\"https:\/\/www.noubarris.net\/web40\/#\/schema\/logo\/image\/\",\"url\":\"https:\/\/www.noubarris.net\/web40\/wp-content\/uploads\/2024\/11\/cropped-cropped-LOGO_9BTV-2024_Insta-1.jpg\",\"contentUrl\":\"https:\/\/www.noubarris.net\/web40\/wp-content\/uploads\/2024\/11\/cropped-cropped-LOGO_9BTV-2024_Insta-1.jpg\",\"width\":512,\"height\":512,\"caption\":\"NouBarris.Net\"},\"image\":{\"@id\":\"https:\/\/www.noubarris.net\/web40\/#\/schema\/logo\/image\/\"},\"sameAs\":[\"https:\/\/www.facebook.com\/NouBarris.net\/?locale=es_ES\",\"https:\/\/x.com\/9BTV\"]},{\"@type\":\"Person\",\"@id\":\"https:\/\/www.noubarris.net\/web40\/#\/schema\/person\/1827f92aaa316c54abbf4dac0de76069\",\"name\":\"Informatius\",\"image\":{\"@type\":\"ImageObject\",\"inLanguage\":\"ca\",\"@id\":\"https:\/\/www.noubarris.net\/web40\/#\/schema\/person\/image\/\",\"url\":\"https:\/\/secure.gravatar.com\/avatar\/87a3b47928835fc72c6ee5b0e1a7263ef0c2d05003a98189bc14926c5f11bcdb?s=96&d=mm&r=g\",\"contentUrl\":\"https:\/\/secure.gravatar.com\/avatar\/87a3b47928835fc72c6ee5b0e1a7263ef0c2d05003a98189bc14926c5f11bcdb?s=96&d=mm&r=g\",\"caption\":\"Informatius\"},\"url\":\"https:\/\/www.noubarris.net\/web40\/author\/tele\/\"}]}<\/script>\n<!-- \/ Yoast SEO plugin. -->","yoast_head_json":{"title":"Es renoven els sis Pla de Barris per a aquest mandat - NouBarris.Net","robots":{"index":"index","follow":"follow","max-snippet":"max-snippet:-1","max-image-preview":"max-image-preview:large","max-video-preview":"max-video-preview:-1"},"canonical":"https:\/\/www.noubarris.net\/web40\/es-renoven-els-sis-pla-de-barris-per-a-aquest-mandat\/","og_locale":"ca_ES","og_type":"article","og_title":"Es renoven els sis Pla de Barris per a aquest mandat - NouBarris.Net","og_description":"Continuaran actius a la Zona Nord, Can Peguera i el Tur\u00f3 de la Peira, la Prosperitat, la Trinitat Nova i","og_url":"https:\/\/www.noubarris.net\/web40\/es-renoven-els-sis-pla-de-barris-per-a-aquest-mandat\/","og_site_name":"NouBarris.Net","article_publisher":"https:\/\/www.facebook.com\/NouBarris.net\/?locale=es_ES","article_published_time":"2024-07-01T22:00:33+00:00","og_image":[{"width":768,"height":432,"url":"https:\/\/www.noubarris.net\/web40\/wp-content\/uploads\/2024\/06\/institu-escola-moli-020724.jpg","type":"image\/jpeg"}],"author":"Informatius","twitter_card":"summary_large_image","twitter_creator":"@9BTV","twitter_site":"@9BTV","twitter_misc":{"Escrit per":"Informatius","Temps estimat de lectura":"3 minuts"},"schema":{"@context":"https:\/\/schema.org","@graph":[{"@type":"Article","@id":"https:\/\/www.noubarris.net\/web40\/es-renoven-els-sis-pla-de-barris-per-a-aquest-mandat\/#article","isPartOf":{"@id":"https:\/\/www.noubarris.net\/web40\/es-renoven-els-sis-pla-de-barris-per-a-aquest-mandat\/"},"author":{"name":"Informatius","@id":"https:\/\/www.noubarris.net\/web40\/#\/schema\/person\/1827f92aaa316c54abbf4dac0de76069"},"headline":"Es renoven els sis Pla de Barris per a aquest mandat","datePublished":"2024-07-01T22:00:33+00:00","mainEntityOfPage":{"@id":"https:\/\/www.noubarris.net\/web40\/es-renoven-els-sis-pla-de-barris-per-a-aquest-mandat\/"},"wordCount":478,"publisher":{"@id":"https:\/\/www.noubarris.net\/web40\/#organization"},"image":{"@id":"https:\/\/www.noubarris.net\/web40\/es-renoven-els-sis-pla-de-barris-per-a-aquest-mandat\/#primaryimage"},"thumbnailUrl":"https:\/\/www.noubarris.net\/web40\/wp-content\/uploads\/2024\/06\/institu-escola-moli-020724.jpg","articleSection":["Nou Barris"],"inLanguage":"ca"},{"@type":"WebPage","@id":"https:\/\/www.noubarris.net\/web40\/es-renoven-els-sis-pla-de-barris-per-a-aquest-mandat\/","url":"https:\/\/www.noubarris.net\/web40\/es-renoven-els-sis-pla-de-barris-per-a-aquest-mandat\/","name":"Es renoven els sis Pla de Barris per a aquest mandat - NouBarris.Net","isPartOf":{"@id":"https:\/\/www.noubarris.net\/web40\/#website"},"primaryImageOfPage":{"@id":"https:\/\/www.noubarris.net\/web40\/es-renoven-els-sis-pla-de-barris-per-a-aquest-mandat\/#primaryimage"},"image":{"@id":"https:\/\/www.noubarris.net\/web40\/es-renoven-els-sis-pla-de-barris-per-a-aquest-mandat\/#primaryimage"},"thumbnailUrl":"https:\/\/www.noubarris.net\/web40\/wp-content\/uploads\/2024\/06\/institu-escola-moli-020724.jpg","datePublished":"2024-07-01T22:00:33+00:00","breadcrumb":{"@id":"https:\/\/www.noubarris.net\/web40\/es-renoven-els-sis-pla-de-barris-per-a-aquest-mandat\/#breadcrumb"},"inLanguage":"ca","potentialAction":[{"@type":"ReadAction","target":["https:\/\/www.noubarris.net\/web40\/es-renoven-els-sis-pla-de-barris-per-a-aquest-mandat\/"]}]},{"@type":"ImageObject","inLanguage":"ca","@id":"https:\/\/www.noubarris.net\/web40\/es-renoven-els-sis-pla-de-barris-per-a-aquest-mandat\/#primaryimage","url":"https:\/\/www.noubarris.net\/web40\/wp-content\/uploads\/2024\/06\/institu-escola-moli-020724.jpg","contentUrl":"https:\/\/www.noubarris.net\/web40\/wp-content\/uploads\/2024\/06\/institu-escola-moli-020724.jpg","width":768,"height":432},{"@type":"BreadcrumbList","@id":"https:\/\/www.noubarris.net\/web40\/es-renoven-els-sis-pla-de-barris-per-a-aquest-mandat\/#breadcrumb","itemListElement":[{"@type":"ListItem","position":1,"name":"Inici","item":"https:\/\/www.noubarris.net\/web40\/"},{"@type":"ListItem","position":2,"name":"Es renoven els sis Pla de Barris per a aquest mandat"}]},{"@type":"WebSite","@id":"https:\/\/www.noubarris.net\/web40\/#website","url":"https:\/\/www.noubarris.net\/web40\/","name":"NouBarris.Net","description":"Seguint la vida de Nou Barris des de 1985","publisher":{"@id":"https:\/\/www.noubarris.net\/web40\/#organization"},"potentialAction":[{"@type":"SearchAction","target":{"@type":"EntryPoint","urlTemplate":"https:\/\/www.noubarris.net\/web40\/?s={search_term_string}"},"query-input":{"@type":"PropertyValueSpecification","valueRequired":true,"valueName":"search_term_string"}}],"inLanguage":"ca"},{"@type":"Organization","@id":"https:\/\/www.noubarris.net\/web40\/#organization","name":"NouBarris.Net","url":"https:\/\/www.noubarris.net\/web40\/","logo":{"@type":"ImageObject","inLanguage":"ca","@id":"https:\/\/www.noubarris.net\/web40\/#\/schema\/logo\/image\/","url":"https:\/\/www.noubarris.net\/web40\/wp-content\/uploads\/2024\/11\/cropped-cropped-LOGO_9BTV-2024_Insta-1.jpg","contentUrl":"https:\/\/www.noubarris.net\/web40\/wp-content\/uploads\/2024\/11\/cropped-cropped-LOGO_9BTV-2024_Insta-1.jpg","width":512,"height":512,"caption":"NouBarris.Net"},"image":{"@id":"https:\/\/www.noubarris.net\/web40\/#\/schema\/logo\/image\/"},"sameAs":["https:\/\/www.facebook.com\/NouBarris.net\/?locale=es_ES","https:\/\/x.com\/9BTV"]},{"@type":"Person","@id":"https:\/\/www.noubarris.net\/web40\/#\/schema\/person\/1827f92aaa316c54abbf4dac0de76069","name":"Informatius","image":{"@type":"ImageObject","inLanguage":"ca","@id":"https:\/\/www.noubarris.net\/web40\/#\/schema\/person\/image\/","url":"https:\/\/secure.gravatar.com\/avatar\/87a3b47928835fc72c6ee5b0e1a7263ef0c2d05003a98189bc14926c5f11bcdb?s=96&d=mm&r=g","contentUrl":"https:\/\/secure.gravatar.com\/avatar\/87a3b47928835fc72c6ee5b0e1a7263ef0c2d05003a98189bc14926c5f11bcdb?s=96&d=mm&r=g","caption":"Informatius"},"url":"https:\/\/www.noubarris.net\/web40\/author\/tele\/"}]}},"_links":{"self":[{"href":"https:\/\/www.noubarris.net\/web40\/wp-json\/wp\/v2\/posts\/82910","targetHints":{"allow":["GET"]}}],"collection":[{"href":"https:\/\/www.noubarris.net\/web40\/wp-json\/wp\/v2\/posts"}],"about":[{"href":"https:\/\/www.noubarris.net\/web40\/wp-json\/wp\/v2\/types\/post"}],"author":[{"embeddable":true,"href":"https:\/\/www.noubarris.net\/web40\/wp-json\/wp\/v2\/users\/2"}],"replies":[{"embeddable":true,"href":"https:\/\/www.noubarris.net\/web40\/wp-json\/wp\/v2\/comments?post=82910"}],"version-history":[{"count":1,"href":"https:\/\/www.noubarris.net\/web40\/wp-json\/wp\/v2\/posts\/82910\/revisions"}],"predecessor-version":[{"id":82912,"href":"https:\/\/www.noubarris.net\/web40\/wp-json\/wp\/v2\/posts\/82910\/revisions\/82912"}],"wp:featuredmedia":[{"embeddable":true,"href":"https:\/\/www.noubarris.net\/web40\/wp-json\/wp\/v2\/media\/82911"}],"wp:attachment":[{"href":"https:\/\/www.noubarris.net\/web40\/wp-json\/wp\/v2\/media?parent=82910"}],"wp:term":[{"taxonomy":"category","embeddable":true,"href":"https:\/\/www.noubarris.net\/web40\/wp-json\/wp\/v2\/categories?post=82910"},{"taxonomy":"post_tag","embeddable":true,"href":"https:\/\/www.noubarris.net\/web40\/wp-json\/wp\/v2\/tags?post=82910"}],"curies":[{"name":"wp","href":"https:\/\/api.w.org\/{rel}","templated":true}]}}