{"id":82913,"date":"2024-07-03T00:00:42","date_gmt":"2024-07-02T22:00:42","guid":{"rendered":"http:\/\/www.noubarris.net\/web40\/?p=82913"},"modified":"2024-06-29T20:55:52","modified_gmt":"2024-06-29T18:55:52","slug":"arrenca-la-programacio-de-lestiu-al-pati","status":"publish","type":"post","link":"https:\/\/www.noubarris.net\/web40\/arrenca-la-programacio-de-lestiu-al-pati\/","title":{"rendered":"Arrenca la programaci\u00f3 de L\u2019Estiu, al Pati!"},"content":{"rendered":"<p><strong>El Pati de la Seu del Districte acollir\u00e0 del 3 al 28 de juliol, el Festival de Blues, Curts en Femen\u00ed, Funk &amp; Folk, Desvar\u00edo i Nits de Brasil<\/strong><\/p>\n<p>El Pati de la Seu del Districte de Nou Barris \u00e9s un gran escenari on prendre la fresca (o tota la fresca que hi hagi) mentre es gaudeix d&#8217;un bon espectacle. I per aix\u00f2 tots els juliol s&#8217;hi concentren un munt de propostes diferents dins el cicle\u00a0<a href=\"https:\/\/media-edg.barcelona.cat\/wp-content\/uploads\/2024\/06\/20110908\/Programa-Estiu-al-Pati-2024.pdf\"><span style=\"font-size: 14pt;\"><strong>L\u2019Estiu, al Pati!<\/strong> <\/span><\/a>Fins al 28 de juliol, cada setmana es dedica a un estil o activitat diferent. I l&#8217;entrada \u00e9s gratu\u00efta a excepci\u00f3 d&#8217;una de les nits del Festival de Blues i en el festival de flamenc, anomenat Desvar\u00edo.<\/p>\n<p>L&#8217;Estiu al Pati arrenca amb <strong>Curts en Femen\u00ed.<\/strong> Avui dimecres,\u00a0a les 21.45 h es projectaran\u00a0cinc peces curtes, dirigides per dones, fruit de la convocat\u00f2ria anual de TRAMA \u2013 Coordinadora de Muestras y Festivales de cine, v\u00eddeo y multimedia realizados por mujeres. La sessi\u00f3 comptar\u00e0 amb la presentaci\u00f3 d\u2019algunes directores.<\/p>\n<p>Per al cap de setmana ja prepara motors el\u00a0<a href=\"https:\/\/entradium.com\/events\/festival-de-blues-de-barcelona-2024\"><span style=\"font-size: 14pt;\"><strong>Festival de Blues.\u00a0<\/strong><\/span><\/a><\/p>\n<p>Divendres 5 amb entrada gratu\u00efta hi actuar\u00e0 la banda de Billy Branch, un ambaixador del Chicago Blues.<\/p>\n<p>Dissabte 6 de juliol, amb entrada a 15 euros: el plat fort amb Noa &amp; The Hell Drinkers, banda donostiarra que el setembre de 2023 va treure el darrer disc, Hell\u2019s The New Heaven, considerat el disc del mes al Regne Unit per la UK Independent Blues Broadcasters Association.<\/p>\n<p>Despr\u00e9s ser\u00e0 el torn del soul, blues, poder i passi\u00f3 de Tia Carroll Band. I acabarem amb l\u2019harmonista, cantant i compositor nord-americ\u00e0 de blues el\u00e8ctric i soul, John Nemeth.<\/p>\n<p>La setmana vinent, el dissabte 13 i diumenge 14 de juliol, ser\u00e0 el torn de\u00a0 Funk &amp; Folk:\u00a0propostes que barregen la m\u00fasica i el ball. El funk i el folk, les danses urbanes i els cl\u00e0ssics dels Pogues, la m\u00fasica tradicional o el hip-hop. Estils molt diferents, per\u00f2 amb esperit comunitari i de festa compartits.<\/p>\n<p>Del 18 al 20 de juliol arribar\u00e0 un cl\u00e0ssic, el <strong>festival de flamenc de Nou Barris, Desvar\u00edo, <\/strong>amb una mostra del flamenc contemporani, divers, i fidel al sentit de viure el seu temps per\u00f2 que, al mateix temps, vol posar una \u00e0ncora en l\u2019origen, quan l\u2019any 2000 va iniciar el cam\u00ed sota el nom de Flamenco a Nou Barris. Aquest any es podr\u00e0 gaudir de les actuacions de Chano Dom\u00ednguez, Anna Brenes, la Compa\u00f1\u00eda d&#8217;Alfonso Losa amb Patricia Guerrero, i Antonio El Turry entre altres artistes. <a href=\"https:\/\/www.desvarioflamenco.com\/ca\/\"><span style=\"font-size: 14pt;\"><strong>Podeu consultar el programa i comprar les entrades en aquest enlla\u00e7<\/strong><\/span><\/a><br \/>\n(15 euros p\u00fablic general, 10 euros ve\u00efnat de Nou Barris i socis de El Dorado).<\/p>\n<p>I per acabar la festa de la <strong>Nits de Brasil<\/strong> dissabte 27 i diumenge 28 de juliol,\u00a0amb la Barcelona Junina, que trasllada a Barcelona el ritme, la cultura, els colors i sabors del Brasil, en el que vol ser una r\u00e8plica de la celebraci\u00f3 del S\u00e3o Jo\u00e3o brasiler.<\/p>\n<p>&nbsp;<\/p>\n<p>&nbsp;<\/p>\n","protected":false},"excerpt":{"rendered":"<p>El Pati de la Seu del Districte acollir\u00e0 del 3 al 28 de juliol, el Festival de Blues, Curts en<\/p>\n","protected":false},"author":2,"featured_media":82916,"comment_status":"closed","ping_status":"closed","sticky":false,"template":"","format":"standard","meta":{"colormag_page_layout":"default_layout","_monsterinsights_skip_tracking":false,"_monsterinsights_sitenote_active":false,"_monsterinsights_sitenote_note":"","_monsterinsights_sitenote_category":0,"footnotes":""},"categories":[129,1],"tags":[629,517,727,529],"class_list":["post-82913","post","type-post","status-publish","format-standard","has-post-thumbnail","hentry","category-cultura","category-nou-barris","tag-concerts","tag-estiu","tag-pati-de-la-seu-del-districte","tag-seu-del-districte"],"yoast_head":"<!-- This site is optimized with the Yoast SEO plugin v25.3 - https:\/\/yoast.com\/wordpress\/plugins\/seo\/ -->\n<title>Arrenca la programaci\u00f3 de L\u2019Estiu, al Pati! - NouBarris.Net<\/title>\n<meta name=\"robots\" content=\"index, follow, max-snippet:-1, max-image-preview:large, max-video-preview:-1\" \/>\n<link rel=\"canonical\" href=\"https:\/\/www.noubarris.net\/web40\/arrenca-la-programacio-de-lestiu-al-pati\/\" \/>\n<meta property=\"og:locale\" content=\"ca_ES\" \/>\n<meta property=\"og:type\" content=\"article\" \/>\n<meta property=\"og:title\" content=\"Arrenca la programaci\u00f3 de L\u2019Estiu, al Pati! - NouBarris.Net\" \/>\n<meta property=\"og:description\" content=\"El Pati de la Seu del Districte acollir\u00e0 del 3 al 28 de juliol, el Festival de Blues, Curts en\" \/>\n<meta property=\"og:url\" content=\"https:\/\/www.noubarris.net\/web40\/arrenca-la-programacio-de-lestiu-al-pati\/\" \/>\n<meta property=\"og:site_name\" content=\"NouBarris.Net\" \/>\n<meta property=\"article:publisher\" content=\"https:\/\/www.facebook.com\/NouBarris.net\/?locale=es_ES\" \/>\n<meta property=\"article:published_time\" content=\"2024-07-02T22:00:42+00:00\" \/>\n<meta property=\"og:image\" content=\"https:\/\/www.noubarris.net\/web40\/wp-content\/uploads\/2024\/07\/estiu_pati_030724.jpg\" \/>\n\t<meta property=\"og:image:width\" content=\"768\" \/>\n\t<meta property=\"og:image:height\" content=\"432\" \/>\n\t<meta property=\"og:image:type\" content=\"image\/jpeg\" \/>\n<meta name=\"author\" content=\"Informatius\" \/>\n<meta name=\"twitter:card\" content=\"summary_large_image\" \/>\n<meta name=\"twitter:creator\" content=\"@9BTV\" \/>\n<meta name=\"twitter:site\" content=\"@9BTV\" \/>\n<meta name=\"twitter:label1\" content=\"Escrit per\" \/>\n\t<meta name=\"twitter:data1\" content=\"Informatius\" \/>\n\t<meta name=\"twitter:label2\" content=\"Temps estimat de lectura\" \/>\n\t<meta name=\"twitter:data2\" content=\"3 minuts\" \/>\n<script type=\"application\/ld+json\" class=\"yoast-schema-graph\">{\"@context\":\"https:\/\/schema.org\",\"@graph\":[{\"@type\":\"Article\",\"@id\":\"https:\/\/www.noubarris.net\/web40\/arrenca-la-programacio-de-lestiu-al-pati\/#article\",\"isPartOf\":{\"@id\":\"https:\/\/www.noubarris.net\/web40\/arrenca-la-programacio-de-lestiu-al-pati\/\"},\"author\":{\"name\":\"Informatius\",\"@id\":\"https:\/\/www.noubarris.net\/web40\/#\/schema\/person\/1827f92aaa316c54abbf4dac0de76069\"},\"headline\":\"Arrenca la programaci\u00f3 de L\u2019Estiu, al Pati!\",\"datePublished\":\"2024-07-02T22:00:42+00:00\",\"mainEntityOfPage\":{\"@id\":\"https:\/\/www.noubarris.net\/web40\/arrenca-la-programacio-de-lestiu-al-pati\/\"},\"wordCount\":515,\"publisher\":{\"@id\":\"https:\/\/www.noubarris.net\/web40\/#organization\"},\"image\":{\"@id\":\"https:\/\/www.noubarris.net\/web40\/arrenca-la-programacio-de-lestiu-al-pati\/#primaryimage\"},\"thumbnailUrl\":\"https:\/\/www.noubarris.net\/web40\/wp-content\/uploads\/2024\/07\/estiu_pati_030724.jpg\",\"keywords\":[\"concerts\",\"estiu\",\"pati de la seu del districte\",\"seu del districte\"],\"articleSection\":[\"Cultura\",\"Nou Barris\"],\"inLanguage\":\"ca\"},{\"@type\":\"WebPage\",\"@id\":\"https:\/\/www.noubarris.net\/web40\/arrenca-la-programacio-de-lestiu-al-pati\/\",\"url\":\"https:\/\/www.noubarris.net\/web40\/arrenca-la-programacio-de-lestiu-al-pati\/\",\"name\":\"Arrenca la programaci\u00f3 de L\u2019Estiu, al Pati! - NouBarris.Net\",\"isPartOf\":{\"@id\":\"https:\/\/www.noubarris.net\/web40\/#website\"},\"primaryImageOfPage\":{\"@id\":\"https:\/\/www.noubarris.net\/web40\/arrenca-la-programacio-de-lestiu-al-pati\/#primaryimage\"},\"image\":{\"@id\":\"https:\/\/www.noubarris.net\/web40\/arrenca-la-programacio-de-lestiu-al-pati\/#primaryimage\"},\"thumbnailUrl\":\"https:\/\/www.noubarris.net\/web40\/wp-content\/uploads\/2024\/07\/estiu_pati_030724.jpg\",\"datePublished\":\"2024-07-02T22:00:42+00:00\",\"breadcrumb\":{\"@id\":\"https:\/\/www.noubarris.net\/web40\/arrenca-la-programacio-de-lestiu-al-pati\/#breadcrumb\"},\"inLanguage\":\"ca\",\"potentialAction\":[{\"@type\":\"ReadAction\",\"target\":[\"https:\/\/www.noubarris.net\/web40\/arrenca-la-programacio-de-lestiu-al-pati\/\"]}]},{\"@type\":\"ImageObject\",\"inLanguage\":\"ca\",\"@id\":\"https:\/\/www.noubarris.net\/web40\/arrenca-la-programacio-de-lestiu-al-pati\/#primaryimage\",\"url\":\"https:\/\/www.noubarris.net\/web40\/wp-content\/uploads\/2024\/07\/estiu_pati_030724.jpg\",\"contentUrl\":\"https:\/\/www.noubarris.net\/web40\/wp-content\/uploads\/2024\/07\/estiu_pati_030724.jpg\",\"width\":768,\"height\":432},{\"@type\":\"BreadcrumbList\",\"@id\":\"https:\/\/www.noubarris.net\/web40\/arrenca-la-programacio-de-lestiu-al-pati\/#breadcrumb\",\"itemListElement\":[{\"@type\":\"ListItem\",\"position\":1,\"name\":\"Inici\",\"item\":\"https:\/\/www.noubarris.net\/web40\/\"},{\"@type\":\"ListItem\",\"position\":2,\"name\":\"Arrenca la programaci\u00f3 de L\u2019Estiu, al Pati!\"}]},{\"@type\":\"WebSite\",\"@id\":\"https:\/\/www.noubarris.net\/web40\/#website\",\"url\":\"https:\/\/www.noubarris.net\/web40\/\",\"name\":\"NouBarris.Net\",\"description\":\"Seguint la vida de Nou Barris des de 1985\",\"publisher\":{\"@id\":\"https:\/\/www.noubarris.net\/web40\/#organization\"},\"potentialAction\":[{\"@type\":\"SearchAction\",\"target\":{\"@type\":\"EntryPoint\",\"urlTemplate\":\"https:\/\/www.noubarris.net\/web40\/?s={search_term_string}\"},\"query-input\":{\"@type\":\"PropertyValueSpecification\",\"valueRequired\":true,\"valueName\":\"search_term_string\"}}],\"inLanguage\":\"ca\"},{\"@type\":\"Organization\",\"@id\":\"https:\/\/www.noubarris.net\/web40\/#organization\",\"name\":\"NouBarris.Net\",\"url\":\"https:\/\/www.noubarris.net\/web40\/\",\"logo\":{\"@type\":\"ImageObject\",\"inLanguage\":\"ca\",\"@id\":\"https:\/\/www.noubarris.net\/web40\/#\/schema\/logo\/image\/\",\"url\":\"https:\/\/www.noubarris.net\/web40\/wp-content\/uploads\/2024\/11\/cropped-cropped-LOGO_9BTV-2024_Insta-1.jpg\",\"contentUrl\":\"https:\/\/www.noubarris.net\/web40\/wp-content\/uploads\/2024\/11\/cropped-cropped-LOGO_9BTV-2024_Insta-1.jpg\",\"width\":512,\"height\":512,\"caption\":\"NouBarris.Net\"},\"image\":{\"@id\":\"https:\/\/www.noubarris.net\/web40\/#\/schema\/logo\/image\/\"},\"sameAs\":[\"https:\/\/www.facebook.com\/NouBarris.net\/?locale=es_ES\",\"https:\/\/x.com\/9BTV\"]},{\"@type\":\"Person\",\"@id\":\"https:\/\/www.noubarris.net\/web40\/#\/schema\/person\/1827f92aaa316c54abbf4dac0de76069\",\"name\":\"Informatius\",\"image\":{\"@type\":\"ImageObject\",\"inLanguage\":\"ca\",\"@id\":\"https:\/\/www.noubarris.net\/web40\/#\/schema\/person\/image\/\",\"url\":\"https:\/\/secure.gravatar.com\/avatar\/87a3b47928835fc72c6ee5b0e1a7263ef0c2d05003a98189bc14926c5f11bcdb?s=96&d=mm&r=g\",\"contentUrl\":\"https:\/\/secure.gravatar.com\/avatar\/87a3b47928835fc72c6ee5b0e1a7263ef0c2d05003a98189bc14926c5f11bcdb?s=96&d=mm&r=g\",\"caption\":\"Informatius\"},\"url\":\"https:\/\/www.noubarris.net\/web40\/author\/tele\/\"}]}<\/script>\n<!-- \/ Yoast SEO plugin. -->","yoast_head_json":{"title":"Arrenca la programaci\u00f3 de L\u2019Estiu, al Pati! - NouBarris.Net","robots":{"index":"index","follow":"follow","max-snippet":"max-snippet:-1","max-image-preview":"max-image-preview:large","max-video-preview":"max-video-preview:-1"},"canonical":"https:\/\/www.noubarris.net\/web40\/arrenca-la-programacio-de-lestiu-al-pati\/","og_locale":"ca_ES","og_type":"article","og_title":"Arrenca la programaci\u00f3 de L\u2019Estiu, al Pati! - NouBarris.Net","og_description":"El Pati de la Seu del Districte acollir\u00e0 del 3 al 28 de juliol, el Festival de Blues, Curts en","og_url":"https:\/\/www.noubarris.net\/web40\/arrenca-la-programacio-de-lestiu-al-pati\/","og_site_name":"NouBarris.Net","article_publisher":"https:\/\/www.facebook.com\/NouBarris.net\/?locale=es_ES","article_published_time":"2024-07-02T22:00:42+00:00","og_image":[{"width":768,"height":432,"url":"https:\/\/www.noubarris.net\/web40\/wp-content\/uploads\/2024\/07\/estiu_pati_030724.jpg","type":"image\/jpeg"}],"author":"Informatius","twitter_card":"summary_large_image","twitter_creator":"@9BTV","twitter_site":"@9BTV","twitter_misc":{"Escrit per":"Informatius","Temps estimat de lectura":"3 minuts"},"schema":{"@context":"https:\/\/schema.org","@graph":[{"@type":"Article","@id":"https:\/\/www.noubarris.net\/web40\/arrenca-la-programacio-de-lestiu-al-pati\/#article","isPartOf":{"@id":"https:\/\/www.noubarris.net\/web40\/arrenca-la-programacio-de-lestiu-al-pati\/"},"author":{"name":"Informatius","@id":"https:\/\/www.noubarris.net\/web40\/#\/schema\/person\/1827f92aaa316c54abbf4dac0de76069"},"headline":"Arrenca la programaci\u00f3 de L\u2019Estiu, al Pati!","datePublished":"2024-07-02T22:00:42+00:00","mainEntityOfPage":{"@id":"https:\/\/www.noubarris.net\/web40\/arrenca-la-programacio-de-lestiu-al-pati\/"},"wordCount":515,"publisher":{"@id":"https:\/\/www.noubarris.net\/web40\/#organization"},"image":{"@id":"https:\/\/www.noubarris.net\/web40\/arrenca-la-programacio-de-lestiu-al-pati\/#primaryimage"},"thumbnailUrl":"https:\/\/www.noubarris.net\/web40\/wp-content\/uploads\/2024\/07\/estiu_pati_030724.jpg","keywords":["concerts","estiu","pati de la seu del districte","seu del districte"],"articleSection":["Cultura","Nou Barris"],"inLanguage":"ca"},{"@type":"WebPage","@id":"https:\/\/www.noubarris.net\/web40\/arrenca-la-programacio-de-lestiu-al-pati\/","url":"https:\/\/www.noubarris.net\/web40\/arrenca-la-programacio-de-lestiu-al-pati\/","name":"Arrenca la programaci\u00f3 de L\u2019Estiu, al Pati! - NouBarris.Net","isPartOf":{"@id":"https:\/\/www.noubarris.net\/web40\/#website"},"primaryImageOfPage":{"@id":"https:\/\/www.noubarris.net\/web40\/arrenca-la-programacio-de-lestiu-al-pati\/#primaryimage"},"image":{"@id":"https:\/\/www.noubarris.net\/web40\/arrenca-la-programacio-de-lestiu-al-pati\/#primaryimage"},"thumbnailUrl":"https:\/\/www.noubarris.net\/web40\/wp-content\/uploads\/2024\/07\/estiu_pati_030724.jpg","datePublished":"2024-07-02T22:00:42+00:00","breadcrumb":{"@id":"https:\/\/www.noubarris.net\/web40\/arrenca-la-programacio-de-lestiu-al-pati\/#breadcrumb"},"inLanguage":"ca","potentialAction":[{"@type":"ReadAction","target":["https:\/\/www.noubarris.net\/web40\/arrenca-la-programacio-de-lestiu-al-pati\/"]}]},{"@type":"ImageObject","inLanguage":"ca","@id":"https:\/\/www.noubarris.net\/web40\/arrenca-la-programacio-de-lestiu-al-pati\/#primaryimage","url":"https:\/\/www.noubarris.net\/web40\/wp-content\/uploads\/2024\/07\/estiu_pati_030724.jpg","contentUrl":"https:\/\/www.noubarris.net\/web40\/wp-content\/uploads\/2024\/07\/estiu_pati_030724.jpg","width":768,"height":432},{"@type":"BreadcrumbList","@id":"https:\/\/www.noubarris.net\/web40\/arrenca-la-programacio-de-lestiu-al-pati\/#breadcrumb","itemListElement":[{"@type":"ListItem","position":1,"name":"Inici","item":"https:\/\/www.noubarris.net\/web40\/"},{"@type":"ListItem","position":2,"name":"Arrenca la programaci\u00f3 de L\u2019Estiu, al Pati!"}]},{"@type":"WebSite","@id":"https:\/\/www.noubarris.net\/web40\/#website","url":"https:\/\/www.noubarris.net\/web40\/","name":"NouBarris.Net","description":"Seguint la vida de Nou Barris des de 1985","publisher":{"@id":"https:\/\/www.noubarris.net\/web40\/#organization"},"potentialAction":[{"@type":"SearchAction","target":{"@type":"EntryPoint","urlTemplate":"https:\/\/www.noubarris.net\/web40\/?s={search_term_string}"},"query-input":{"@type":"PropertyValueSpecification","valueRequired":true,"valueName":"search_term_string"}}],"inLanguage":"ca"},{"@type":"Organization","@id":"https:\/\/www.noubarris.net\/web40\/#organization","name":"NouBarris.Net","url":"https:\/\/www.noubarris.net\/web40\/","logo":{"@type":"ImageObject","inLanguage":"ca","@id":"https:\/\/www.noubarris.net\/web40\/#\/schema\/logo\/image\/","url":"https:\/\/www.noubarris.net\/web40\/wp-content\/uploads\/2024\/11\/cropped-cropped-LOGO_9BTV-2024_Insta-1.jpg","contentUrl":"https:\/\/www.noubarris.net\/web40\/wp-content\/uploads\/2024\/11\/cropped-cropped-LOGO_9BTV-2024_Insta-1.jpg","width":512,"height":512,"caption":"NouBarris.Net"},"image":{"@id":"https:\/\/www.noubarris.net\/web40\/#\/schema\/logo\/image\/"},"sameAs":["https:\/\/www.facebook.com\/NouBarris.net\/?locale=es_ES","https:\/\/x.com\/9BTV"]},{"@type":"Person","@id":"https:\/\/www.noubarris.net\/web40\/#\/schema\/person\/1827f92aaa316c54abbf4dac0de76069","name":"Informatius","image":{"@type":"ImageObject","inLanguage":"ca","@id":"https:\/\/www.noubarris.net\/web40\/#\/schema\/person\/image\/","url":"https:\/\/secure.gravatar.com\/avatar\/87a3b47928835fc72c6ee5b0e1a7263ef0c2d05003a98189bc14926c5f11bcdb?s=96&d=mm&r=g","contentUrl":"https:\/\/secure.gravatar.com\/avatar\/87a3b47928835fc72c6ee5b0e1a7263ef0c2d05003a98189bc14926c5f11bcdb?s=96&d=mm&r=g","caption":"Informatius"},"url":"https:\/\/www.noubarris.net\/web40\/author\/tele\/"}]}},"_links":{"self":[{"href":"https:\/\/www.noubarris.net\/web40\/wp-json\/wp\/v2\/posts\/82913","targetHints":{"allow":["GET"]}}],"collection":[{"href":"https:\/\/www.noubarris.net\/web40\/wp-json\/wp\/v2\/posts"}],"about":[{"href":"https:\/\/www.noubarris.net\/web40\/wp-json\/wp\/v2\/types\/post"}],"author":[{"embeddable":true,"href":"https:\/\/www.noubarris.net\/web40\/wp-json\/wp\/v2\/users\/2"}],"replies":[{"embeddable":true,"href":"https:\/\/www.noubarris.net\/web40\/wp-json\/wp\/v2\/comments?post=82913"}],"version-history":[{"count":2,"href":"https:\/\/www.noubarris.net\/web40\/wp-json\/wp\/v2\/posts\/82913\/revisions"}],"predecessor-version":[{"id":82917,"href":"https:\/\/www.noubarris.net\/web40\/wp-json\/wp\/v2\/posts\/82913\/revisions\/82917"}],"wp:featuredmedia":[{"embeddable":true,"href":"https:\/\/www.noubarris.net\/web40\/wp-json\/wp\/v2\/media\/82916"}],"wp:attachment":[{"href":"https:\/\/www.noubarris.net\/web40\/wp-json\/wp\/v2\/media?parent=82913"}],"wp:term":[{"taxonomy":"category","embeddable":true,"href":"https:\/\/www.noubarris.net\/web40\/wp-json\/wp\/v2\/categories?post=82913"},{"taxonomy":"post_tag","embeddable":true,"href":"https:\/\/www.noubarris.net\/web40\/wp-json\/wp\/v2\/tags?post=82913"}],"curies":[{"name":"wp","href":"https:\/\/api.w.org\/{rel}","templated":true}]}}