{"id":82970,"date":"2024-07-18T00:00:30","date_gmt":"2024-07-17T22:00:30","guid":{"rendered":"http:\/\/www.noubarris.net\/web40\/?p=82970"},"modified":"2024-07-18T00:02:31","modified_gmt":"2024-07-17T22:02:31","slug":"trasllat-obligat-de-lassociacio-comunitaria-de-verdum","status":"publish","type":"post","link":"https:\/\/www.noubarris.net\/web40\/trasllat-obligat-de-lassociacio-comunitaria-de-verdum\/","title":{"rendered":"(VIDEO) Trasllat obligat de l&#8217;Associaci\u00f3 Comunit\u00e0ria de Verdum"},"content":{"rendered":"<p><strong>Per decisi\u00f3 de la Generalitat, han hagut d&#8217;abandonar l&#8217;Hotel d&#8217;Entitats i traslladar-se temporalment al local de l&#8217;AV Verdum<\/strong><\/p>\n<p>Aquest dimecres caixes i carretons han desfilat entre el fins ara Hotel d&#8217;Entitats de Verdum i la seu de l&#8217;AV Verdum. Eren els estris de l&#8217;Associaci\u00f3 Comunit\u00e0ria de Verdum, que han hagut de deixar el local on fa 20 anys que desenvolupen la seva tasca en favor del teixit social del barri, arran, diuen, de la decisi\u00f3 de la Generalitat de Catalunya de canviar el model d&#8217;Hotel d&#8217;entitats. Ara s&#8217;aposta per un casal c\u00edvic i comunitari, un model que ja no inclou espais de depatx per a entitats. Una decisi\u00f3 que els ha enganxat per sorpresa i que han criticat durament per no tenir en compte la realitat del barri, ni haver consultat amb les entitats del territori sobre aquest canvi de rumb.<\/p>\n<p>L&#8217;associaci\u00f3 ve\u00efnal ha ofert el seu local a l&#8217;entitat que porta a terme el Pla Comunitari de Verdum. Ser\u00e0 un acolliment temporal, ja que hi ha previst que tot just al costat, al carrer de Robert Robert, es condicionin uns locals municipals. Tan bon punt estiguin enllestits, el pla comunitari s&#8217;hi traslladar\u00e0.<\/p>\n<p><iframe loading=\"lazy\" title=\"Trasllat Pla comunitari Verdum   HD 720p\" width=\"800\" height=\"450\" src=\"https:\/\/www.youtube.com\/embed\/TB9-j4lAVZM?feature=oembed\" frameborder=\"0\" allow=\"accelerometer; autoplay; clipboard-write; encrypted-media; gyroscope; picture-in-picture; web-share\" referrerpolicy=\"strict-origin-when-cross-origin\" allowfullscreen><\/iframe><\/p>\n","protected":false},"excerpt":{"rendered":"<p>Per decisi\u00f3 de la Generalitat, han hagut d&#8217;abandonar l&#8217;Hotel d&#8217;Entitats i traslladar-se temporalment al local de l&#8217;AV Verdum Aquest dimecres<\/p>\n","protected":false},"author":2,"featured_media":82972,"comment_status":"closed","ping_status":"closed","sticky":false,"template":"","format":"standard","meta":{"colormag_page_layout":"default_layout","_monsterinsights_skip_tracking":false,"_monsterinsights_sitenote_active":false,"_monsterinsights_sitenote_note":"","_monsterinsights_sitenote_category":0,"footnotes":""},"categories":[124,141],"tags":[],"class_list":["post-82970","post","type-post","status-publish","format-standard","has-post-thumbnail","hentry","category-societat","category-verdum"],"yoast_head":"<!-- This site is optimized with the Yoast SEO plugin v25.3 - https:\/\/yoast.com\/wordpress\/plugins\/seo\/ -->\n<title>(VIDEO) Trasllat obligat de l&#039;Associaci\u00f3 Comunit\u00e0ria de Verdum - NouBarris.Net<\/title>\n<meta name=\"robots\" content=\"index, follow, max-snippet:-1, max-image-preview:large, max-video-preview:-1\" \/>\n<link rel=\"canonical\" href=\"https:\/\/www.noubarris.net\/web40\/trasllat-obligat-de-lassociacio-comunitaria-de-verdum\/\" \/>\n<meta property=\"og:locale\" content=\"ca_ES\" \/>\n<meta property=\"og:type\" content=\"article\" \/>\n<meta property=\"og:title\" content=\"(VIDEO) Trasllat obligat de l&#039;Associaci\u00f3 Comunit\u00e0ria de Verdum - NouBarris.Net\" \/>\n<meta property=\"og:description\" content=\"Per decisi\u00f3 de la Generalitat, han hagut d&#8217;abandonar l&#8217;Hotel d&#8217;Entitats i traslladar-se temporalment al local de l&#8217;AV Verdum Aquest dimecres\" \/>\n<meta property=\"og:url\" content=\"https:\/\/www.noubarris.net\/web40\/trasllat-obligat-de-lassociacio-comunitaria-de-verdum\/\" \/>\n<meta property=\"og:site_name\" content=\"NouBarris.Net\" \/>\n<meta property=\"article:publisher\" content=\"https:\/\/www.facebook.com\/NouBarris.net\/?locale=es_ES\" \/>\n<meta property=\"article:published_time\" content=\"2024-07-17T22:00:30+00:00\" \/>\n<meta property=\"article:modified_time\" content=\"2024-07-17T22:02:31+00:00\" \/>\n<meta property=\"og:image\" content=\"https:\/\/www.noubarris.net\/web40\/wp-content\/uploads\/2024\/07\/180724.jpg\" \/>\n\t<meta property=\"og:image:width\" content=\"768\" \/>\n\t<meta property=\"og:image:height\" content=\"432\" \/>\n\t<meta property=\"og:image:type\" content=\"image\/jpeg\" \/>\n<meta name=\"author\" content=\"Informatius\" \/>\n<meta name=\"twitter:card\" content=\"summary_large_image\" \/>\n<meta name=\"twitter:creator\" content=\"@9BTV\" \/>\n<meta name=\"twitter:site\" content=\"@9BTV\" \/>\n<meta name=\"twitter:label1\" content=\"Escrit per\" \/>\n\t<meta name=\"twitter:data1\" content=\"Informatius\" \/>\n\t<meta name=\"twitter:label2\" content=\"Temps estimat de lectura\" \/>\n\t<meta name=\"twitter:data2\" content=\"2 minuts\" \/>\n<script type=\"application\/ld+json\" class=\"yoast-schema-graph\">{\"@context\":\"https:\/\/schema.org\",\"@graph\":[{\"@type\":\"Article\",\"@id\":\"https:\/\/www.noubarris.net\/web40\/trasllat-obligat-de-lassociacio-comunitaria-de-verdum\/#article\",\"isPartOf\":{\"@id\":\"https:\/\/www.noubarris.net\/web40\/trasllat-obligat-de-lassociacio-comunitaria-de-verdum\/\"},\"author\":{\"name\":\"Informatius\",\"@id\":\"https:\/\/www.noubarris.net\/web40\/#\/schema\/person\/1827f92aaa316c54abbf4dac0de76069\"},\"headline\":\"(VIDEO) Trasllat obligat de l&#8217;Associaci\u00f3 Comunit\u00e0ria de Verdum\",\"datePublished\":\"2024-07-17T22:00:30+00:00\",\"dateModified\":\"2024-07-17T22:02:31+00:00\",\"mainEntityOfPage\":{\"@id\":\"https:\/\/www.noubarris.net\/web40\/trasllat-obligat-de-lassociacio-comunitaria-de-verdum\/\"},\"wordCount\":227,\"publisher\":{\"@id\":\"https:\/\/www.noubarris.net\/web40\/#organization\"},\"image\":{\"@id\":\"https:\/\/www.noubarris.net\/web40\/trasllat-obligat-de-lassociacio-comunitaria-de-verdum\/#primaryimage\"},\"thumbnailUrl\":\"https:\/\/www.noubarris.net\/web40\/wp-content\/uploads\/2024\/07\/180724.jpg\",\"articleSection\":[\"Societat\",\"Verdum\"],\"inLanguage\":\"ca\"},{\"@type\":\"WebPage\",\"@id\":\"https:\/\/www.noubarris.net\/web40\/trasllat-obligat-de-lassociacio-comunitaria-de-verdum\/\",\"url\":\"https:\/\/www.noubarris.net\/web40\/trasllat-obligat-de-lassociacio-comunitaria-de-verdum\/\",\"name\":\"(VIDEO) Trasllat obligat de l'Associaci\u00f3 Comunit\u00e0ria de Verdum - NouBarris.Net\",\"isPartOf\":{\"@id\":\"https:\/\/www.noubarris.net\/web40\/#website\"},\"primaryImageOfPage\":{\"@id\":\"https:\/\/www.noubarris.net\/web40\/trasllat-obligat-de-lassociacio-comunitaria-de-verdum\/#primaryimage\"},\"image\":{\"@id\":\"https:\/\/www.noubarris.net\/web40\/trasllat-obligat-de-lassociacio-comunitaria-de-verdum\/#primaryimage\"},\"thumbnailUrl\":\"https:\/\/www.noubarris.net\/web40\/wp-content\/uploads\/2024\/07\/180724.jpg\",\"datePublished\":\"2024-07-17T22:00:30+00:00\",\"dateModified\":\"2024-07-17T22:02:31+00:00\",\"breadcrumb\":{\"@id\":\"https:\/\/www.noubarris.net\/web40\/trasllat-obligat-de-lassociacio-comunitaria-de-verdum\/#breadcrumb\"},\"inLanguage\":\"ca\",\"potentialAction\":[{\"@type\":\"ReadAction\",\"target\":[\"https:\/\/www.noubarris.net\/web40\/trasllat-obligat-de-lassociacio-comunitaria-de-verdum\/\"]}]},{\"@type\":\"ImageObject\",\"inLanguage\":\"ca\",\"@id\":\"https:\/\/www.noubarris.net\/web40\/trasllat-obligat-de-lassociacio-comunitaria-de-verdum\/#primaryimage\",\"url\":\"https:\/\/www.noubarris.net\/web40\/wp-content\/uploads\/2024\/07\/180724.jpg\",\"contentUrl\":\"https:\/\/www.noubarris.net\/web40\/wp-content\/uploads\/2024\/07\/180724.jpg\",\"width\":768,\"height\":432},{\"@type\":\"BreadcrumbList\",\"@id\":\"https:\/\/www.noubarris.net\/web40\/trasllat-obligat-de-lassociacio-comunitaria-de-verdum\/#breadcrumb\",\"itemListElement\":[{\"@type\":\"ListItem\",\"position\":1,\"name\":\"Inici\",\"item\":\"https:\/\/www.noubarris.net\/web40\/\"},{\"@type\":\"ListItem\",\"position\":2,\"name\":\"(VIDEO) Trasllat obligat de l&#8217;Associaci\u00f3 Comunit\u00e0ria de Verdum\"}]},{\"@type\":\"WebSite\",\"@id\":\"https:\/\/www.noubarris.net\/web40\/#website\",\"url\":\"https:\/\/www.noubarris.net\/web40\/\",\"name\":\"NouBarris.Net\",\"description\":\"Seguint la vida de Nou Barris des de 1985\",\"publisher\":{\"@id\":\"https:\/\/www.noubarris.net\/web40\/#organization\"},\"potentialAction\":[{\"@type\":\"SearchAction\",\"target\":{\"@type\":\"EntryPoint\",\"urlTemplate\":\"https:\/\/www.noubarris.net\/web40\/?s={search_term_string}\"},\"query-input\":{\"@type\":\"PropertyValueSpecification\",\"valueRequired\":true,\"valueName\":\"search_term_string\"}}],\"inLanguage\":\"ca\"},{\"@type\":\"Organization\",\"@id\":\"https:\/\/www.noubarris.net\/web40\/#organization\",\"name\":\"NouBarris.Net\",\"url\":\"https:\/\/www.noubarris.net\/web40\/\",\"logo\":{\"@type\":\"ImageObject\",\"inLanguage\":\"ca\",\"@id\":\"https:\/\/www.noubarris.net\/web40\/#\/schema\/logo\/image\/\",\"url\":\"https:\/\/www.noubarris.net\/web40\/wp-content\/uploads\/2024\/11\/cropped-cropped-LOGO_9BTV-2024_Insta-1.jpg\",\"contentUrl\":\"https:\/\/www.noubarris.net\/web40\/wp-content\/uploads\/2024\/11\/cropped-cropped-LOGO_9BTV-2024_Insta-1.jpg\",\"width\":512,\"height\":512,\"caption\":\"NouBarris.Net\"},\"image\":{\"@id\":\"https:\/\/www.noubarris.net\/web40\/#\/schema\/logo\/image\/\"},\"sameAs\":[\"https:\/\/www.facebook.com\/NouBarris.net\/?locale=es_ES\",\"https:\/\/x.com\/9BTV\"]},{\"@type\":\"Person\",\"@id\":\"https:\/\/www.noubarris.net\/web40\/#\/schema\/person\/1827f92aaa316c54abbf4dac0de76069\",\"name\":\"Informatius\",\"image\":{\"@type\":\"ImageObject\",\"inLanguage\":\"ca\",\"@id\":\"https:\/\/www.noubarris.net\/web40\/#\/schema\/person\/image\/\",\"url\":\"https:\/\/secure.gravatar.com\/avatar\/87a3b47928835fc72c6ee5b0e1a7263ef0c2d05003a98189bc14926c5f11bcdb?s=96&d=mm&r=g\",\"contentUrl\":\"https:\/\/secure.gravatar.com\/avatar\/87a3b47928835fc72c6ee5b0e1a7263ef0c2d05003a98189bc14926c5f11bcdb?s=96&d=mm&r=g\",\"caption\":\"Informatius\"},\"url\":\"https:\/\/www.noubarris.net\/web40\/author\/tele\/\"}]}<\/script>\n<!-- \/ Yoast SEO plugin. -->","yoast_head_json":{"title":"(VIDEO) Trasllat obligat de l'Associaci\u00f3 Comunit\u00e0ria de Verdum - NouBarris.Net","robots":{"index":"index","follow":"follow","max-snippet":"max-snippet:-1","max-image-preview":"max-image-preview:large","max-video-preview":"max-video-preview:-1"},"canonical":"https:\/\/www.noubarris.net\/web40\/trasllat-obligat-de-lassociacio-comunitaria-de-verdum\/","og_locale":"ca_ES","og_type":"article","og_title":"(VIDEO) Trasllat obligat de l'Associaci\u00f3 Comunit\u00e0ria de Verdum - NouBarris.Net","og_description":"Per decisi\u00f3 de la Generalitat, han hagut d&#8217;abandonar l&#8217;Hotel d&#8217;Entitats i traslladar-se temporalment al local de l&#8217;AV Verdum Aquest dimecres","og_url":"https:\/\/www.noubarris.net\/web40\/trasllat-obligat-de-lassociacio-comunitaria-de-verdum\/","og_site_name":"NouBarris.Net","article_publisher":"https:\/\/www.facebook.com\/NouBarris.net\/?locale=es_ES","article_published_time":"2024-07-17T22:00:30+00:00","article_modified_time":"2024-07-17T22:02:31+00:00","og_image":[{"width":768,"height":432,"url":"https:\/\/www.noubarris.net\/web40\/wp-content\/uploads\/2024\/07\/180724.jpg","type":"image\/jpeg"}],"author":"Informatius","twitter_card":"summary_large_image","twitter_creator":"@9BTV","twitter_site":"@9BTV","twitter_misc":{"Escrit per":"Informatius","Temps estimat de lectura":"2 minuts"},"schema":{"@context":"https:\/\/schema.org","@graph":[{"@type":"Article","@id":"https:\/\/www.noubarris.net\/web40\/trasllat-obligat-de-lassociacio-comunitaria-de-verdum\/#article","isPartOf":{"@id":"https:\/\/www.noubarris.net\/web40\/trasllat-obligat-de-lassociacio-comunitaria-de-verdum\/"},"author":{"name":"Informatius","@id":"https:\/\/www.noubarris.net\/web40\/#\/schema\/person\/1827f92aaa316c54abbf4dac0de76069"},"headline":"(VIDEO) Trasllat obligat de l&#8217;Associaci\u00f3 Comunit\u00e0ria de Verdum","datePublished":"2024-07-17T22:00:30+00:00","dateModified":"2024-07-17T22:02:31+00:00","mainEntityOfPage":{"@id":"https:\/\/www.noubarris.net\/web40\/trasllat-obligat-de-lassociacio-comunitaria-de-verdum\/"},"wordCount":227,"publisher":{"@id":"https:\/\/www.noubarris.net\/web40\/#organization"},"image":{"@id":"https:\/\/www.noubarris.net\/web40\/trasllat-obligat-de-lassociacio-comunitaria-de-verdum\/#primaryimage"},"thumbnailUrl":"https:\/\/www.noubarris.net\/web40\/wp-content\/uploads\/2024\/07\/180724.jpg","articleSection":["Societat","Verdum"],"inLanguage":"ca"},{"@type":"WebPage","@id":"https:\/\/www.noubarris.net\/web40\/trasllat-obligat-de-lassociacio-comunitaria-de-verdum\/","url":"https:\/\/www.noubarris.net\/web40\/trasllat-obligat-de-lassociacio-comunitaria-de-verdum\/","name":"(VIDEO) Trasllat obligat de l'Associaci\u00f3 Comunit\u00e0ria de Verdum - NouBarris.Net","isPartOf":{"@id":"https:\/\/www.noubarris.net\/web40\/#website"},"primaryImageOfPage":{"@id":"https:\/\/www.noubarris.net\/web40\/trasllat-obligat-de-lassociacio-comunitaria-de-verdum\/#primaryimage"},"image":{"@id":"https:\/\/www.noubarris.net\/web40\/trasllat-obligat-de-lassociacio-comunitaria-de-verdum\/#primaryimage"},"thumbnailUrl":"https:\/\/www.noubarris.net\/web40\/wp-content\/uploads\/2024\/07\/180724.jpg","datePublished":"2024-07-17T22:00:30+00:00","dateModified":"2024-07-17T22:02:31+00:00","breadcrumb":{"@id":"https:\/\/www.noubarris.net\/web40\/trasllat-obligat-de-lassociacio-comunitaria-de-verdum\/#breadcrumb"},"inLanguage":"ca","potentialAction":[{"@type":"ReadAction","target":["https:\/\/www.noubarris.net\/web40\/trasllat-obligat-de-lassociacio-comunitaria-de-verdum\/"]}]},{"@type":"ImageObject","inLanguage":"ca","@id":"https:\/\/www.noubarris.net\/web40\/trasllat-obligat-de-lassociacio-comunitaria-de-verdum\/#primaryimage","url":"https:\/\/www.noubarris.net\/web40\/wp-content\/uploads\/2024\/07\/180724.jpg","contentUrl":"https:\/\/www.noubarris.net\/web40\/wp-content\/uploads\/2024\/07\/180724.jpg","width":768,"height":432},{"@type":"BreadcrumbList","@id":"https:\/\/www.noubarris.net\/web40\/trasllat-obligat-de-lassociacio-comunitaria-de-verdum\/#breadcrumb","itemListElement":[{"@type":"ListItem","position":1,"name":"Inici","item":"https:\/\/www.noubarris.net\/web40\/"},{"@type":"ListItem","position":2,"name":"(VIDEO) Trasllat obligat de l&#8217;Associaci\u00f3 Comunit\u00e0ria de Verdum"}]},{"@type":"WebSite","@id":"https:\/\/www.noubarris.net\/web40\/#website","url":"https:\/\/www.noubarris.net\/web40\/","name":"NouBarris.Net","description":"Seguint la vida de Nou Barris des de 1985","publisher":{"@id":"https:\/\/www.noubarris.net\/web40\/#organization"},"potentialAction":[{"@type":"SearchAction","target":{"@type":"EntryPoint","urlTemplate":"https:\/\/www.noubarris.net\/web40\/?s={search_term_string}"},"query-input":{"@type":"PropertyValueSpecification","valueRequired":true,"valueName":"search_term_string"}}],"inLanguage":"ca"},{"@type":"Organization","@id":"https:\/\/www.noubarris.net\/web40\/#organization","name":"NouBarris.Net","url":"https:\/\/www.noubarris.net\/web40\/","logo":{"@type":"ImageObject","inLanguage":"ca","@id":"https:\/\/www.noubarris.net\/web40\/#\/schema\/logo\/image\/","url":"https:\/\/www.noubarris.net\/web40\/wp-content\/uploads\/2024\/11\/cropped-cropped-LOGO_9BTV-2024_Insta-1.jpg","contentUrl":"https:\/\/www.noubarris.net\/web40\/wp-content\/uploads\/2024\/11\/cropped-cropped-LOGO_9BTV-2024_Insta-1.jpg","width":512,"height":512,"caption":"NouBarris.Net"},"image":{"@id":"https:\/\/www.noubarris.net\/web40\/#\/schema\/logo\/image\/"},"sameAs":["https:\/\/www.facebook.com\/NouBarris.net\/?locale=es_ES","https:\/\/x.com\/9BTV"]},{"@type":"Person","@id":"https:\/\/www.noubarris.net\/web40\/#\/schema\/person\/1827f92aaa316c54abbf4dac0de76069","name":"Informatius","image":{"@type":"ImageObject","inLanguage":"ca","@id":"https:\/\/www.noubarris.net\/web40\/#\/schema\/person\/image\/","url":"https:\/\/secure.gravatar.com\/avatar\/87a3b47928835fc72c6ee5b0e1a7263ef0c2d05003a98189bc14926c5f11bcdb?s=96&d=mm&r=g","contentUrl":"https:\/\/secure.gravatar.com\/avatar\/87a3b47928835fc72c6ee5b0e1a7263ef0c2d05003a98189bc14926c5f11bcdb?s=96&d=mm&r=g","caption":"Informatius"},"url":"https:\/\/www.noubarris.net\/web40\/author\/tele\/"}]}},"_links":{"self":[{"href":"https:\/\/www.noubarris.net\/web40\/wp-json\/wp\/v2\/posts\/82970","targetHints":{"allow":["GET"]}}],"collection":[{"href":"https:\/\/www.noubarris.net\/web40\/wp-json\/wp\/v2\/posts"}],"about":[{"href":"https:\/\/www.noubarris.net\/web40\/wp-json\/wp\/v2\/types\/post"}],"author":[{"embeddable":true,"href":"https:\/\/www.noubarris.net\/web40\/wp-json\/wp\/v2\/users\/2"}],"replies":[{"embeddable":true,"href":"https:\/\/www.noubarris.net\/web40\/wp-json\/wp\/v2\/comments?post=82970"}],"version-history":[{"count":2,"href":"https:\/\/www.noubarris.net\/web40\/wp-json\/wp\/v2\/posts\/82970\/revisions"}],"predecessor-version":[{"id":82977,"href":"https:\/\/www.noubarris.net\/web40\/wp-json\/wp\/v2\/posts\/82970\/revisions\/82977"}],"wp:featuredmedia":[{"embeddable":true,"href":"https:\/\/www.noubarris.net\/web40\/wp-json\/wp\/v2\/media\/82972"}],"wp:attachment":[{"href":"https:\/\/www.noubarris.net\/web40\/wp-json\/wp\/v2\/media?parent=82970"}],"wp:term":[{"taxonomy":"category","embeddable":true,"href":"https:\/\/www.noubarris.net\/web40\/wp-json\/wp\/v2\/categories?post=82970"},{"taxonomy":"post_tag","embeddable":true,"href":"https:\/\/www.noubarris.net\/web40\/wp-json\/wp\/v2\/tags?post=82970"}],"curies":[{"name":"wp","href":"https:\/\/api.w.org\/{rel}","templated":true}]}}