{"id":82982,"date":"2024-07-22T00:00:25","date_gmt":"2024-07-21T22:00:25","guid":{"rendered":"http:\/\/www.noubarris.net\/web40\/?p=82982"},"modified":"2024-07-21T22:39:25","modified_gmt":"2024-07-21T20:39:25","slug":"repassem-alguns-dels-temes-tractats-al-darrer-ple-de-nou-barris","status":"publish","type":"post","link":"https:\/\/www.noubarris.net\/web40\/repassem-alguns-dels-temes-tractats-al-darrer-ple-de-nou-barris\/","title":{"rendered":"Repassem alguns dels temes tractats al darrer Ple de Nou Barris"},"content":{"rendered":"<p><strong>A la sessi\u00f3 hi va sortir, entre molts altres punts, la gesti\u00f3 comunit\u00e0ria, la neteja dels abocadors il\u00b7legals de Collserola o el retard del Mercat de Montserrat<\/strong><\/p>\n<p>El darrer Consell Plenari de Nou Barris va venir, com \u00e9s habitual, plagat de temes. Per comen\u00e7ar, a l&#8217;informe del regidor, Xavier Marc\u00e9 va anunciar que el <a href=\"https:\/\/www.noubarris.net\/web40\/?p=82723\"><span style=\"font-size: 14pt;\">pla per netejar els abocadors il\u00b7legals detectats a la Collserola<\/span> <\/a>noubarrienca avan\u00e7a. De la vintena de punts negres localitzats i denunciats per la campanya Collserola sense abocadors, va explicar que s&#8217;han netejat dos; en altres tres s&#8217;hi ha actuat ja per\u00f2 encara queda fer-hi alguna actuaci\u00f3; i despr\u00e9s, va assegurar, queden una s\u00e8rie de punts &#8220;complicats perqu\u00e8 s\u00f3n privats&#8221; i, per tant, t\u00e9 &#8220;un entramet jur\u00eddic complex&#8221;. A m\u00e9s, Marc\u00e9 va dir que n&#8217;hi ha que requereixen inversions m\u00e9s importants perqu\u00e8 no no n&#8217;hi haur\u00e0 prou ambuna neteja superficial, sin\u00f3 que caldr\u00e0 un treball de m\u00e9s complexitat per esborrar tants anys d&#8217;acumulaci\u00f3 de deixalles. Va tancar el cap\u00edtol apuntant que a m\u00e9s de la neteja, les preocupa &#8220;que no torni a passar&#8221; i que caldr\u00e0 fer acci\u00f3 preventiva.<\/p>\n<p>La plataforma Collserola sense abocadors est\u00e0 fent seguiment de prop de les actuacions i ja s&#8217;han felicitat a les xarxes.<\/p>\n<blockquote class=\"twitter-tweet\" data-width=\"550\" data-dnt=\"true\">\n<p lang=\"ca\" dir=\"ltr\">Despr\u00e9s de molts anys de &quot;incivisme institucional&quot; la campanya est\u00e0 aconseguint els seus objectius. <a href=\"https:\/\/t.co\/RDtkiAAzdd\">pic.twitter.com\/RDtkiAAzdd<\/a><\/p>\n<p>&mdash; CollserolaSenseAbocadors (@9B_No_abocadors) <a href=\"https:\/\/twitter.com\/9B_No_abocadors\/status\/1814223568504303931?ref_src=twsrc%5Etfw\">July 19, 2024<\/a><\/p><\/blockquote>\n<p><script async src=\"https:\/\/platform.twitter.com\/widgets.js\" charset=\"utf-8\"><\/script><\/p>\n<p>Tot i aix\u00f2, tamb\u00e9 ha fet una valoraci\u00f3, amb aspectes positius i negatius:<\/p>\n<blockquote class=\"twitter-tweet\" data-width=\"550\" data-dnt=\"true\">\n<p lang=\"ca\" dir=\"ltr\">Aspectes positius<\/p>\n<p>1\u20e3 Continua sent un tema prioritari. (Primer punt de l&#39;informe del regidor)<br \/>2\u20e3 Ens reconeix p\u00fablicament com interlocutors (!!)<br \/>3\u20e3 Comprom\u00eds p\u00fablic de continu\u00eftat<br \/>4\u20e3 Han ampliat a 20 els abocadors quan en el nostre informe n&#39;indic\u00e0vem 17.<\/p>\n<p>&mdash; CollserolaSenseAbocadors (@9B_No_abocadors) <a href=\"https:\/\/twitter.com\/9B_No_abocadors\/status\/1814676652007239768?ref_src=twsrc%5Etfw\">July 20, 2024<\/a><\/p><\/blockquote>\n<p><script async src=\"https:\/\/platform.twitter.com\/widgets.js\" charset=\"utf-8\"><\/script><\/p>\n<p>Va ser un dels punts de l&#8217;informe del regidor, on tamb\u00e9 va repassar l&#8217;estat d&#8217;algunes obres i projectes. Com l&#8217;illa Q e<\/p>\n<p>Per la banda de l&#8217;oposici\u00f3, es va lamentar que <a href=\"https:\/\/www.noubarris.net\/web40\/?p=82910\"><strong>la Guineueta no hagi entrat en el Pla de Barris<\/strong><\/a> i es va instar a incorporar-la per garantir que es fa front a totes les mancances del barri, com ara la reurbanitzaci\u00f3 de la fase 4 per acabar amb les barreres arquitect\u00f2niques, les humitats dels baixos o els problemes el\u00e8ctrics. En aquest punt, el regidor va replicar que el Pla de Barris ja no \u00e9s l&#8217;original, amb inversi\u00f3 de la Generalitat, i que les reivindicacions de la Guineueta estan pressupostats, i comptaran amb una inversi\u00f3de 21 mili\u00f3 d&#8217;euros.<\/p>\n<p>Es va criticar temes de manteniment, sobretot d&#8217;ascensors, i de neteja. Tamb\u00e9 es va portar al debat la gesti\u00f3 comunit\u00e0ria. Aquesta setmana <a href=\"https:\/\/www.noubarris.net\/web40\/?p=82963\"><strong>uns trenta equipaments de la ciutat, bona part de Nou Barris, ja han protestat contra un pressupost que no recull, diuen, l&#8217;increment de l&#8217;IPC<\/strong> <\/a>i que pot posar en problemes la gesti\u00f3 dels equipaments a mans d&#8217;entitats ve\u00efnals. Com a exemple, Yoyi, de l&#8217;AV Verdum, <a href=\"https:\/\/www.noubarris.net\/web40\/?p=82875\"><strong>va recordar que ha tancat 9 Barris Acull<\/strong> <\/a>per problemes de finan\u00e7ament i que hi ha altres projectes en perill com el Tastet d&#8217;oficis. Per aix\u00f2 es va demanar responsabilitat i &#8220;pol\u00edtiques valentes&#8221; per donar suport a uns projectes comunitaris que ajuden a cohesionars els barris.<\/p>\n<p>Per la seva banda, el regidor de Nou Barris va afirmar que, respecte a 9 Barris Acull\u00a0 &#8220;l&#8217;esfor\u00e7 que ha fet el Districte \u00e9s inenarrable. L&#8217;ha fet acompanyament en el conflicte administratiu, hem demanat o ofert les millors condicions&#8221; en un conflicte que no es pot saltar ning\u00fa. A m\u00e9s, va anunciar que treballen per saltar el Festival de Sopes del M\u00f3n, que ja t\u00e9 pressupost. Sobre la gesti\u00f3 c\u00edvica, assegrua que es prioritzar\u00e0 i que ha fet un esfor\u00e7 per dotar al m\u00e0xim de pressupost aquests projectes i han incrementat fins a un 18% en aquells projectes que tenen molts m\u00e9s metres quadrats de l&#8217;habitual. Per\u00f2 , va dir, que no es pot saltar el pressupost municipal.<\/p>\n<p>Pel que fa al Mercat de Montserrat, es va rebutjar la proposta d&#8217;ERC d&#8217;ajudar els paradistes del Mercat de Montserrat amb l&#8217;exempci\u00f3 de pagar el c\u00e0non, perqu\u00e8 puguin afrontar millor el nou retard de les obres del nou edifici: havia d&#8217;estar enllestit despr\u00e9s de l&#8217;estiu, per\u00f2 no podran treballar en les parades i el trasllat fins a la primavera. Aquesta situaci\u00f3 fa que molts paradistes estiguin molt preocupats. Districte va rebutjar la proposta per\u00f2 va assenyalar que l&#8217;Institut de Mercats ja t\u00e9 altres vies d&#8217;ajuts.<\/p>\n<p>&nbsp;<\/p>\n","protected":false},"excerpt":{"rendered":"<p>A la sessi\u00f3 hi va sortir, entre molts altres punts, la gesti\u00f3 comunit\u00e0ria, la neteja dels abocadors il\u00b7legals de Collserola<\/p>\n","protected":false},"author":2,"featured_media":82986,"comment_status":"closed","ping_status":"closed","sticky":false,"template":"","format":"standard","meta":{"colormag_page_layout":"default_layout","_monsterinsights_skip_tracking":false,"_monsterinsights_sitenote_active":false,"_monsterinsights_sitenote_note":"","_monsterinsights_sitenote_category":0,"footnotes":""},"categories":[1],"tags":[],"class_list":["post-82982","post","type-post","status-publish","format-standard","has-post-thumbnail","hentry","category-nou-barris"],"yoast_head":"<!-- This site is optimized with the Yoast SEO plugin v25.3 - https:\/\/yoast.com\/wordpress\/plugins\/seo\/ -->\n<title>Repassem alguns dels temes tractats al darrer Ple de Nou Barris - NouBarris.Net<\/title>\n<meta name=\"robots\" content=\"index, follow, max-snippet:-1, max-image-preview:large, max-video-preview:-1\" \/>\n<link rel=\"canonical\" href=\"https:\/\/www.noubarris.net\/web40\/repassem-alguns-dels-temes-tractats-al-darrer-ple-de-nou-barris\/\" \/>\n<meta property=\"og:locale\" content=\"ca_ES\" \/>\n<meta property=\"og:type\" content=\"article\" \/>\n<meta property=\"og:title\" content=\"Repassem alguns dels temes tractats al darrer Ple de Nou Barris - NouBarris.Net\" \/>\n<meta property=\"og:description\" content=\"A la sessi\u00f3 hi va sortir, entre molts altres punts, la gesti\u00f3 comunit\u00e0ria, la neteja dels abocadors il\u00b7legals de Collserola\" \/>\n<meta property=\"og:url\" content=\"https:\/\/www.noubarris.net\/web40\/repassem-alguns-dels-temes-tractats-al-darrer-ple-de-nou-barris\/\" \/>\n<meta property=\"og:site_name\" content=\"NouBarris.Net\" \/>\n<meta property=\"article:publisher\" content=\"https:\/\/www.facebook.com\/NouBarris.net\/?locale=es_ES\" \/>\n<meta property=\"article:published_time\" content=\"2024-07-21T22:00:25+00:00\" \/>\n<meta property=\"og:image\" content=\"https:\/\/www.noubarris.net\/web40\/wp-content\/uploads\/2024\/07\/220724.jpg\" \/>\n\t<meta property=\"og:image:width\" content=\"768\" \/>\n\t<meta property=\"og:image:height\" content=\"432\" \/>\n\t<meta property=\"og:image:type\" content=\"image\/jpeg\" \/>\n<meta name=\"author\" content=\"Informatius\" \/>\n<meta name=\"twitter:card\" content=\"summary_large_image\" \/>\n<meta name=\"twitter:creator\" content=\"@9BTV\" \/>\n<meta name=\"twitter:site\" content=\"@9BTV\" \/>\n<meta name=\"twitter:label1\" content=\"Escrit per\" \/>\n\t<meta name=\"twitter:data1\" content=\"Informatius\" \/>\n\t<meta name=\"twitter:label2\" content=\"Temps estimat de lectura\" \/>\n\t<meta name=\"twitter:data2\" content=\"4 minuts\" \/>\n<script type=\"application\/ld+json\" class=\"yoast-schema-graph\">{\"@context\":\"https:\/\/schema.org\",\"@graph\":[{\"@type\":\"Article\",\"@id\":\"https:\/\/www.noubarris.net\/web40\/repassem-alguns-dels-temes-tractats-al-darrer-ple-de-nou-barris\/#article\",\"isPartOf\":{\"@id\":\"https:\/\/www.noubarris.net\/web40\/repassem-alguns-dels-temes-tractats-al-darrer-ple-de-nou-barris\/\"},\"author\":{\"name\":\"Informatius\",\"@id\":\"https:\/\/www.noubarris.net\/web40\/#\/schema\/person\/1827f92aaa316c54abbf4dac0de76069\"},\"headline\":\"Repassem alguns dels temes tractats al darrer Ple de Nou Barris\",\"datePublished\":\"2024-07-21T22:00:25+00:00\",\"mainEntityOfPage\":{\"@id\":\"https:\/\/www.noubarris.net\/web40\/repassem-alguns-dels-temes-tractats-al-darrer-ple-de-nou-barris\/\"},\"wordCount\":728,\"publisher\":{\"@id\":\"https:\/\/www.noubarris.net\/web40\/#organization\"},\"image\":{\"@id\":\"https:\/\/www.noubarris.net\/web40\/repassem-alguns-dels-temes-tractats-al-darrer-ple-de-nou-barris\/#primaryimage\"},\"thumbnailUrl\":\"https:\/\/www.noubarris.net\/web40\/wp-content\/uploads\/2024\/07\/220724.jpg\",\"articleSection\":[\"Nou Barris\"],\"inLanguage\":\"ca\"},{\"@type\":\"WebPage\",\"@id\":\"https:\/\/www.noubarris.net\/web40\/repassem-alguns-dels-temes-tractats-al-darrer-ple-de-nou-barris\/\",\"url\":\"https:\/\/www.noubarris.net\/web40\/repassem-alguns-dels-temes-tractats-al-darrer-ple-de-nou-barris\/\",\"name\":\"Repassem alguns dels temes tractats al darrer Ple de Nou Barris - NouBarris.Net\",\"isPartOf\":{\"@id\":\"https:\/\/www.noubarris.net\/web40\/#website\"},\"primaryImageOfPage\":{\"@id\":\"https:\/\/www.noubarris.net\/web40\/repassem-alguns-dels-temes-tractats-al-darrer-ple-de-nou-barris\/#primaryimage\"},\"image\":{\"@id\":\"https:\/\/www.noubarris.net\/web40\/repassem-alguns-dels-temes-tractats-al-darrer-ple-de-nou-barris\/#primaryimage\"},\"thumbnailUrl\":\"https:\/\/www.noubarris.net\/web40\/wp-content\/uploads\/2024\/07\/220724.jpg\",\"datePublished\":\"2024-07-21T22:00:25+00:00\",\"breadcrumb\":{\"@id\":\"https:\/\/www.noubarris.net\/web40\/repassem-alguns-dels-temes-tractats-al-darrer-ple-de-nou-barris\/#breadcrumb\"},\"inLanguage\":\"ca\",\"potentialAction\":[{\"@type\":\"ReadAction\",\"target\":[\"https:\/\/www.noubarris.net\/web40\/repassem-alguns-dels-temes-tractats-al-darrer-ple-de-nou-barris\/\"]}]},{\"@type\":\"ImageObject\",\"inLanguage\":\"ca\",\"@id\":\"https:\/\/www.noubarris.net\/web40\/repassem-alguns-dels-temes-tractats-al-darrer-ple-de-nou-barris\/#primaryimage\",\"url\":\"https:\/\/www.noubarris.net\/web40\/wp-content\/uploads\/2024\/07\/220724.jpg\",\"contentUrl\":\"https:\/\/www.noubarris.net\/web40\/wp-content\/uploads\/2024\/07\/220724.jpg\",\"width\":768,\"height\":432},{\"@type\":\"BreadcrumbList\",\"@id\":\"https:\/\/www.noubarris.net\/web40\/repassem-alguns-dels-temes-tractats-al-darrer-ple-de-nou-barris\/#breadcrumb\",\"itemListElement\":[{\"@type\":\"ListItem\",\"position\":1,\"name\":\"Inici\",\"item\":\"https:\/\/www.noubarris.net\/web40\/\"},{\"@type\":\"ListItem\",\"position\":2,\"name\":\"Repassem alguns dels temes tractats al darrer Ple de Nou Barris\"}]},{\"@type\":\"WebSite\",\"@id\":\"https:\/\/www.noubarris.net\/web40\/#website\",\"url\":\"https:\/\/www.noubarris.net\/web40\/\",\"name\":\"NouBarris.Net\",\"description\":\"Seguint la vida de Nou Barris des de 1985\",\"publisher\":{\"@id\":\"https:\/\/www.noubarris.net\/web40\/#organization\"},\"potentialAction\":[{\"@type\":\"SearchAction\",\"target\":{\"@type\":\"EntryPoint\",\"urlTemplate\":\"https:\/\/www.noubarris.net\/web40\/?s={search_term_string}\"},\"query-input\":{\"@type\":\"PropertyValueSpecification\",\"valueRequired\":true,\"valueName\":\"search_term_string\"}}],\"inLanguage\":\"ca\"},{\"@type\":\"Organization\",\"@id\":\"https:\/\/www.noubarris.net\/web40\/#organization\",\"name\":\"NouBarris.Net\",\"url\":\"https:\/\/www.noubarris.net\/web40\/\",\"logo\":{\"@type\":\"ImageObject\",\"inLanguage\":\"ca\",\"@id\":\"https:\/\/www.noubarris.net\/web40\/#\/schema\/logo\/image\/\",\"url\":\"https:\/\/www.noubarris.net\/web40\/wp-content\/uploads\/2024\/11\/cropped-cropped-LOGO_9BTV-2024_Insta-1.jpg\",\"contentUrl\":\"https:\/\/www.noubarris.net\/web40\/wp-content\/uploads\/2024\/11\/cropped-cropped-LOGO_9BTV-2024_Insta-1.jpg\",\"width\":512,\"height\":512,\"caption\":\"NouBarris.Net\"},\"image\":{\"@id\":\"https:\/\/www.noubarris.net\/web40\/#\/schema\/logo\/image\/\"},\"sameAs\":[\"https:\/\/www.facebook.com\/NouBarris.net\/?locale=es_ES\",\"https:\/\/x.com\/9BTV\"]},{\"@type\":\"Person\",\"@id\":\"https:\/\/www.noubarris.net\/web40\/#\/schema\/person\/1827f92aaa316c54abbf4dac0de76069\",\"name\":\"Informatius\",\"image\":{\"@type\":\"ImageObject\",\"inLanguage\":\"ca\",\"@id\":\"https:\/\/www.noubarris.net\/web40\/#\/schema\/person\/image\/\",\"url\":\"https:\/\/secure.gravatar.com\/avatar\/87a3b47928835fc72c6ee5b0e1a7263ef0c2d05003a98189bc14926c5f11bcdb?s=96&d=mm&r=g\",\"contentUrl\":\"https:\/\/secure.gravatar.com\/avatar\/87a3b47928835fc72c6ee5b0e1a7263ef0c2d05003a98189bc14926c5f11bcdb?s=96&d=mm&r=g\",\"caption\":\"Informatius\"},\"url\":\"https:\/\/www.noubarris.net\/web40\/author\/tele\/\"}]}<\/script>\n<!-- \/ Yoast SEO plugin. -->","yoast_head_json":{"title":"Repassem alguns dels temes tractats al darrer Ple de Nou Barris - NouBarris.Net","robots":{"index":"index","follow":"follow","max-snippet":"max-snippet:-1","max-image-preview":"max-image-preview:large","max-video-preview":"max-video-preview:-1"},"canonical":"https:\/\/www.noubarris.net\/web40\/repassem-alguns-dels-temes-tractats-al-darrer-ple-de-nou-barris\/","og_locale":"ca_ES","og_type":"article","og_title":"Repassem alguns dels temes tractats al darrer Ple de Nou Barris - NouBarris.Net","og_description":"A la sessi\u00f3 hi va sortir, entre molts altres punts, la gesti\u00f3 comunit\u00e0ria, la neteja dels abocadors il\u00b7legals de Collserola","og_url":"https:\/\/www.noubarris.net\/web40\/repassem-alguns-dels-temes-tractats-al-darrer-ple-de-nou-barris\/","og_site_name":"NouBarris.Net","article_publisher":"https:\/\/www.facebook.com\/NouBarris.net\/?locale=es_ES","article_published_time":"2024-07-21T22:00:25+00:00","og_image":[{"width":768,"height":432,"url":"https:\/\/www.noubarris.net\/web40\/wp-content\/uploads\/2024\/07\/220724.jpg","type":"image\/jpeg"}],"author":"Informatius","twitter_card":"summary_large_image","twitter_creator":"@9BTV","twitter_site":"@9BTV","twitter_misc":{"Escrit per":"Informatius","Temps estimat de lectura":"4 minuts"},"schema":{"@context":"https:\/\/schema.org","@graph":[{"@type":"Article","@id":"https:\/\/www.noubarris.net\/web40\/repassem-alguns-dels-temes-tractats-al-darrer-ple-de-nou-barris\/#article","isPartOf":{"@id":"https:\/\/www.noubarris.net\/web40\/repassem-alguns-dels-temes-tractats-al-darrer-ple-de-nou-barris\/"},"author":{"name":"Informatius","@id":"https:\/\/www.noubarris.net\/web40\/#\/schema\/person\/1827f92aaa316c54abbf4dac0de76069"},"headline":"Repassem alguns dels temes tractats al darrer Ple de Nou Barris","datePublished":"2024-07-21T22:00:25+00:00","mainEntityOfPage":{"@id":"https:\/\/www.noubarris.net\/web40\/repassem-alguns-dels-temes-tractats-al-darrer-ple-de-nou-barris\/"},"wordCount":728,"publisher":{"@id":"https:\/\/www.noubarris.net\/web40\/#organization"},"image":{"@id":"https:\/\/www.noubarris.net\/web40\/repassem-alguns-dels-temes-tractats-al-darrer-ple-de-nou-barris\/#primaryimage"},"thumbnailUrl":"https:\/\/www.noubarris.net\/web40\/wp-content\/uploads\/2024\/07\/220724.jpg","articleSection":["Nou Barris"],"inLanguage":"ca"},{"@type":"WebPage","@id":"https:\/\/www.noubarris.net\/web40\/repassem-alguns-dels-temes-tractats-al-darrer-ple-de-nou-barris\/","url":"https:\/\/www.noubarris.net\/web40\/repassem-alguns-dels-temes-tractats-al-darrer-ple-de-nou-barris\/","name":"Repassem alguns dels temes tractats al darrer Ple de Nou Barris - NouBarris.Net","isPartOf":{"@id":"https:\/\/www.noubarris.net\/web40\/#website"},"primaryImageOfPage":{"@id":"https:\/\/www.noubarris.net\/web40\/repassem-alguns-dels-temes-tractats-al-darrer-ple-de-nou-barris\/#primaryimage"},"image":{"@id":"https:\/\/www.noubarris.net\/web40\/repassem-alguns-dels-temes-tractats-al-darrer-ple-de-nou-barris\/#primaryimage"},"thumbnailUrl":"https:\/\/www.noubarris.net\/web40\/wp-content\/uploads\/2024\/07\/220724.jpg","datePublished":"2024-07-21T22:00:25+00:00","breadcrumb":{"@id":"https:\/\/www.noubarris.net\/web40\/repassem-alguns-dels-temes-tractats-al-darrer-ple-de-nou-barris\/#breadcrumb"},"inLanguage":"ca","potentialAction":[{"@type":"ReadAction","target":["https:\/\/www.noubarris.net\/web40\/repassem-alguns-dels-temes-tractats-al-darrer-ple-de-nou-barris\/"]}]},{"@type":"ImageObject","inLanguage":"ca","@id":"https:\/\/www.noubarris.net\/web40\/repassem-alguns-dels-temes-tractats-al-darrer-ple-de-nou-barris\/#primaryimage","url":"https:\/\/www.noubarris.net\/web40\/wp-content\/uploads\/2024\/07\/220724.jpg","contentUrl":"https:\/\/www.noubarris.net\/web40\/wp-content\/uploads\/2024\/07\/220724.jpg","width":768,"height":432},{"@type":"BreadcrumbList","@id":"https:\/\/www.noubarris.net\/web40\/repassem-alguns-dels-temes-tractats-al-darrer-ple-de-nou-barris\/#breadcrumb","itemListElement":[{"@type":"ListItem","position":1,"name":"Inici","item":"https:\/\/www.noubarris.net\/web40\/"},{"@type":"ListItem","position":2,"name":"Repassem alguns dels temes tractats al darrer Ple de Nou Barris"}]},{"@type":"WebSite","@id":"https:\/\/www.noubarris.net\/web40\/#website","url":"https:\/\/www.noubarris.net\/web40\/","name":"NouBarris.Net","description":"Seguint la vida de Nou Barris des de 1985","publisher":{"@id":"https:\/\/www.noubarris.net\/web40\/#organization"},"potentialAction":[{"@type":"SearchAction","target":{"@type":"EntryPoint","urlTemplate":"https:\/\/www.noubarris.net\/web40\/?s={search_term_string}"},"query-input":{"@type":"PropertyValueSpecification","valueRequired":true,"valueName":"search_term_string"}}],"inLanguage":"ca"},{"@type":"Organization","@id":"https:\/\/www.noubarris.net\/web40\/#organization","name":"NouBarris.Net","url":"https:\/\/www.noubarris.net\/web40\/","logo":{"@type":"ImageObject","inLanguage":"ca","@id":"https:\/\/www.noubarris.net\/web40\/#\/schema\/logo\/image\/","url":"https:\/\/www.noubarris.net\/web40\/wp-content\/uploads\/2024\/11\/cropped-cropped-LOGO_9BTV-2024_Insta-1.jpg","contentUrl":"https:\/\/www.noubarris.net\/web40\/wp-content\/uploads\/2024\/11\/cropped-cropped-LOGO_9BTV-2024_Insta-1.jpg","width":512,"height":512,"caption":"NouBarris.Net"},"image":{"@id":"https:\/\/www.noubarris.net\/web40\/#\/schema\/logo\/image\/"},"sameAs":["https:\/\/www.facebook.com\/NouBarris.net\/?locale=es_ES","https:\/\/x.com\/9BTV"]},{"@type":"Person","@id":"https:\/\/www.noubarris.net\/web40\/#\/schema\/person\/1827f92aaa316c54abbf4dac0de76069","name":"Informatius","image":{"@type":"ImageObject","inLanguage":"ca","@id":"https:\/\/www.noubarris.net\/web40\/#\/schema\/person\/image\/","url":"https:\/\/secure.gravatar.com\/avatar\/87a3b47928835fc72c6ee5b0e1a7263ef0c2d05003a98189bc14926c5f11bcdb?s=96&d=mm&r=g","contentUrl":"https:\/\/secure.gravatar.com\/avatar\/87a3b47928835fc72c6ee5b0e1a7263ef0c2d05003a98189bc14926c5f11bcdb?s=96&d=mm&r=g","caption":"Informatius"},"url":"https:\/\/www.noubarris.net\/web40\/author\/tele\/"}]}},"_links":{"self":[{"href":"https:\/\/www.noubarris.net\/web40\/wp-json\/wp\/v2\/posts\/82982","targetHints":{"allow":["GET"]}}],"collection":[{"href":"https:\/\/www.noubarris.net\/web40\/wp-json\/wp\/v2\/posts"}],"about":[{"href":"https:\/\/www.noubarris.net\/web40\/wp-json\/wp\/v2\/types\/post"}],"author":[{"embeddable":true,"href":"https:\/\/www.noubarris.net\/web40\/wp-json\/wp\/v2\/users\/2"}],"replies":[{"embeddable":true,"href":"https:\/\/www.noubarris.net\/web40\/wp-json\/wp\/v2\/comments?post=82982"}],"version-history":[{"count":6,"href":"https:\/\/www.noubarris.net\/web40\/wp-json\/wp\/v2\/posts\/82982\/revisions"}],"predecessor-version":[{"id":83008,"href":"https:\/\/www.noubarris.net\/web40\/wp-json\/wp\/v2\/posts\/82982\/revisions\/83008"}],"wp:featuredmedia":[{"embeddable":true,"href":"https:\/\/www.noubarris.net\/web40\/wp-json\/wp\/v2\/media\/82986"}],"wp:attachment":[{"href":"https:\/\/www.noubarris.net\/web40\/wp-json\/wp\/v2\/media?parent=82982"}],"wp:term":[{"taxonomy":"category","embeddable":true,"href":"https:\/\/www.noubarris.net\/web40\/wp-json\/wp\/v2\/categories?post=82982"},{"taxonomy":"post_tag","embeddable":true,"href":"https:\/\/www.noubarris.net\/web40\/wp-json\/wp\/v2\/tags?post=82982"}],"curies":[{"name":"wp","href":"https:\/\/api.w.org\/{rel}","templated":true}]}}