{"id":82988,"date":"2024-07-23T00:00:56","date_gmt":"2024-07-22T22:00:56","guid":{"rendered":"http:\/\/www.noubarris.net\/web40\/?p=82988"},"modified":"2024-07-21T22:44:08","modified_gmt":"2024-07-21T20:44:08","slug":"vallbona-es-prepara-per-rebre-els-anys-dobres-pel-soterrament-de-les-vies-de-la-r2","status":"publish","type":"post","link":"https:\/\/www.noubarris.net\/web40\/vallbona-es-prepara-per-rebre-els-anys-dobres-pel-soterrament-de-les-vies-de-la-r2\/","title":{"rendered":"Comen\u00e7a a construir-se el camp de futbol provisional del R\u00e0cing de Vallbona a pocs mesos de les obres pel soterrament de la R2"},"content":{"rendered":"<p><strong>Al barri ja s\u00f3n visibles les tanques i tasques pr\u00e8vies d&#8217;unes obres que s&#8217;allargaran uns cinc anys<\/strong><\/p>\n<p>A Vallbona se li ve a sobre uns cinc anys d&#8217;obres que trasbalsaran el barri: les del soterrament de les vies de la R2, entre Montcada i part de Vallbona. De moment, fa uns dies van arrencar les obres que han de construir un camp de futbol provisional, amb els seus vestidors i espais, davant de la Granja del Ritz. I \u00e9s que a l&#8217;octubre, <a href=\"https:\/\/www.noubarris.net\/web40\/?p=78491\"><strong>el R\u00e0cing Vallbona s&#8217;ha de traslladar i el seu camp ser\u00e0 convertit en un espai d&#8217;emmagatzematge d&#8217;Adif.<\/strong><\/a> En un primer moment el R\u00e0cing marxar\u00e0 a les instal\u00b7lacions del Ciutat Meridiana, cosa que el club lamenta i els preocupa. Feia anys que insistien en qu\u00e8 el camp provisional estigu\u00e9s a punt quan arribessin les obres. Per\u00f2 aquest camp ef\u00edmer no l&#8217;estrenaran fins al gener. Tant aquest com el condicionament de l&#8217;original seran costejats per Adif.<\/p>\n<p>Un cop arranquin les obres, els camions accediran i sortiran de la zona d&#8217;obres a trav\u00e9s del barri, cap a la C17 i\u00a0 estrenaran<span style=\"font-size: 14pt;\"><a href=\"https:\/\/www.noubarris.net\/web40\/?p=82587\"><strong> el nou pont que havia de ser per als vianants<\/strong><\/a><\/span>. El fet \u00e9s que, per l&#8217;actual <a href=\"https:\/\/www.noubarris.net\/web40\/?p=78953\"><strong>pont dels Dos Ulls<\/strong><\/a>, alguns pot ser que no hi c\u00e0piguen. Les m\u00e0quines arribaran despr\u00e9s de l&#8217;estiu per\u00f2 ja fa mesos que s&#8217;han instal\u00b7lat les tanques que precinten l&#8217;espai d&#8217;obres, a tot el llarg del barri a tocar de les vies. S&#8217;hi poden veure ja tamb\u00e9 algunes casetes i cartells que anuncien que han de desapar\u00e8ixer alguns arbres. D&#8217;altres ja no hi s\u00f3n.<\/p>\n<p>Davant de tot aix\u00f2, al plenari el grup de BeC havia portat la proposta d&#8217;oferir als ve\u00efns i ve\u00efnes de Vallbona un punt d&#8217;informaci\u00f3 on fer-hi preguntes i resoldre dubtes, tal com s&#8217;ha fet a Montcada. La mesura va ser rebutjada, per\u00f2 es va assegurar que\u00a0 s&#8217;informar\u00e0 al barri a trav\u00e9s de reunions espec\u00edfiques, com la que es va fer el 28 de maig passat per exemple, o b\u00e9 als consells de barri.<\/p>\n","protected":false},"excerpt":{"rendered":"<p>Al barri ja s\u00f3n visibles les tanques i tasques pr\u00e8vies d&#8217;unes obres que s&#8217;allargaran uns cinc anys A Vallbona se<\/p>\n","protected":false},"author":2,"featured_media":82989,"comment_status":"closed","ping_status":"closed","sticky":false,"template":"","format":"standard","meta":{"colormag_page_layout":"default_layout","_monsterinsights_skip_tracking":false,"_monsterinsights_sitenote_active":false,"_monsterinsights_sitenote_note":"","_monsterinsights_sitenote_category":0,"footnotes":""},"categories":[302,140],"tags":[743,599],"class_list":["post-82988","post","type-post","status-publish","format-standard","has-post-thumbnail","hentry","category-urbanisme","category-vallbona","tag-adif","tag-racing-vallbona"],"yoast_head":"<!-- This site is optimized with the Yoast SEO plugin v25.3 - https:\/\/yoast.com\/wordpress\/plugins\/seo\/ -->\n<title>Comen\u00e7a a construir-se el camp de futbol provisional del R\u00e0cing de Vallbona a pocs mesos de les obres pel soterrament de la R2 - NouBarris.Net<\/title>\n<meta name=\"robots\" content=\"index, follow, max-snippet:-1, max-image-preview:large, max-video-preview:-1\" \/>\n<link rel=\"canonical\" href=\"https:\/\/www.noubarris.net\/web40\/vallbona-es-prepara-per-rebre-els-anys-dobres-pel-soterrament-de-les-vies-de-la-r2\/\" \/>\n<meta property=\"og:locale\" content=\"ca_ES\" \/>\n<meta property=\"og:type\" content=\"article\" \/>\n<meta property=\"og:title\" content=\"Comen\u00e7a a construir-se el camp de futbol provisional del R\u00e0cing de Vallbona a pocs mesos de les obres pel soterrament de la R2 - NouBarris.Net\" \/>\n<meta property=\"og:description\" content=\"Al barri ja s\u00f3n visibles les tanques i tasques pr\u00e8vies d&#8217;unes obres que s&#8217;allargaran uns cinc anys A Vallbona se\" \/>\n<meta property=\"og:url\" content=\"https:\/\/www.noubarris.net\/web40\/vallbona-es-prepara-per-rebre-els-anys-dobres-pel-soterrament-de-les-vies-de-la-r2\/\" \/>\n<meta property=\"og:site_name\" content=\"NouBarris.Net\" \/>\n<meta property=\"article:publisher\" content=\"https:\/\/www.facebook.com\/NouBarris.net\/?locale=es_ES\" \/>\n<meta property=\"article:published_time\" content=\"2024-07-22T22:00:56+00:00\" \/>\n<meta property=\"og:image\" content=\"https:\/\/www.noubarris.net\/web40\/wp-content\/uploads\/2024\/07\/020617.jpg\" \/>\n\t<meta property=\"og:image:width\" content=\"787\" \/>\n\t<meta property=\"og:image:height\" content=\"445\" \/>\n\t<meta property=\"og:image:type\" content=\"image\/jpeg\" \/>\n<meta name=\"author\" content=\"Informatius\" \/>\n<meta name=\"twitter:card\" content=\"summary_large_image\" \/>\n<meta name=\"twitter:creator\" content=\"@9BTV\" \/>\n<meta name=\"twitter:site\" content=\"@9BTV\" \/>\n<meta name=\"twitter:label1\" content=\"Escrit per\" \/>\n\t<meta name=\"twitter:data1\" content=\"Informatius\" \/>\n\t<meta name=\"twitter:label2\" content=\"Temps estimat de lectura\" \/>\n\t<meta name=\"twitter:data2\" content=\"3 minuts\" \/>\n<script type=\"application\/ld+json\" class=\"yoast-schema-graph\">{\"@context\":\"https:\/\/schema.org\",\"@graph\":[{\"@type\":\"Article\",\"@id\":\"https:\/\/www.noubarris.net\/web40\/vallbona-es-prepara-per-rebre-els-anys-dobres-pel-soterrament-de-les-vies-de-la-r2\/#article\",\"isPartOf\":{\"@id\":\"https:\/\/www.noubarris.net\/web40\/vallbona-es-prepara-per-rebre-els-anys-dobres-pel-soterrament-de-les-vies-de-la-r2\/\"},\"author\":{\"name\":\"Informatius\",\"@id\":\"https:\/\/www.noubarris.net\/web40\/#\/schema\/person\/1827f92aaa316c54abbf4dac0de76069\"},\"headline\":\"Comen\u00e7a a construir-se el camp de futbol provisional del R\u00e0cing de Vallbona a pocs mesos de les obres pel soterrament de la R2\",\"datePublished\":\"2024-07-22T22:00:56+00:00\",\"mainEntityOfPage\":{\"@id\":\"https:\/\/www.noubarris.net\/web40\/vallbona-es-prepara-per-rebre-els-anys-dobres-pel-soterrament-de-les-vies-de-la-r2\/\"},\"wordCount\":395,\"publisher\":{\"@id\":\"https:\/\/www.noubarris.net\/web40\/#organization\"},\"image\":{\"@id\":\"https:\/\/www.noubarris.net\/web40\/vallbona-es-prepara-per-rebre-els-anys-dobres-pel-soterrament-de-les-vies-de-la-r2\/#primaryimage\"},\"thumbnailUrl\":\"https:\/\/www.noubarris.net\/web40\/wp-content\/uploads\/2024\/07\/020617.jpg\",\"keywords\":[\"adif\",\"racing vallbona\"],\"articleSection\":[\"Urbanisme\",\"Vallbona\"],\"inLanguage\":\"ca\"},{\"@type\":\"WebPage\",\"@id\":\"https:\/\/www.noubarris.net\/web40\/vallbona-es-prepara-per-rebre-els-anys-dobres-pel-soterrament-de-les-vies-de-la-r2\/\",\"url\":\"https:\/\/www.noubarris.net\/web40\/vallbona-es-prepara-per-rebre-els-anys-dobres-pel-soterrament-de-les-vies-de-la-r2\/\",\"name\":\"Comen\u00e7a a construir-se el camp de futbol provisional del R\u00e0cing de Vallbona a pocs mesos de les obres pel soterrament de la R2 - NouBarris.Net\",\"isPartOf\":{\"@id\":\"https:\/\/www.noubarris.net\/web40\/#website\"},\"primaryImageOfPage\":{\"@id\":\"https:\/\/www.noubarris.net\/web40\/vallbona-es-prepara-per-rebre-els-anys-dobres-pel-soterrament-de-les-vies-de-la-r2\/#primaryimage\"},\"image\":{\"@id\":\"https:\/\/www.noubarris.net\/web40\/vallbona-es-prepara-per-rebre-els-anys-dobres-pel-soterrament-de-les-vies-de-la-r2\/#primaryimage\"},\"thumbnailUrl\":\"https:\/\/www.noubarris.net\/web40\/wp-content\/uploads\/2024\/07\/020617.jpg\",\"datePublished\":\"2024-07-22T22:00:56+00:00\",\"breadcrumb\":{\"@id\":\"https:\/\/www.noubarris.net\/web40\/vallbona-es-prepara-per-rebre-els-anys-dobres-pel-soterrament-de-les-vies-de-la-r2\/#breadcrumb\"},\"inLanguage\":\"ca\",\"potentialAction\":[{\"@type\":\"ReadAction\",\"target\":[\"https:\/\/www.noubarris.net\/web40\/vallbona-es-prepara-per-rebre-els-anys-dobres-pel-soterrament-de-les-vies-de-la-r2\/\"]}]},{\"@type\":\"ImageObject\",\"inLanguage\":\"ca\",\"@id\":\"https:\/\/www.noubarris.net\/web40\/vallbona-es-prepara-per-rebre-els-anys-dobres-pel-soterrament-de-les-vies-de-la-r2\/#primaryimage\",\"url\":\"https:\/\/www.noubarris.net\/web40\/wp-content\/uploads\/2024\/07\/020617.jpg\",\"contentUrl\":\"https:\/\/www.noubarris.net\/web40\/wp-content\/uploads\/2024\/07\/020617.jpg\",\"width\":787,\"height\":445},{\"@type\":\"BreadcrumbList\",\"@id\":\"https:\/\/www.noubarris.net\/web40\/vallbona-es-prepara-per-rebre-els-anys-dobres-pel-soterrament-de-les-vies-de-la-r2\/#breadcrumb\",\"itemListElement\":[{\"@type\":\"ListItem\",\"position\":1,\"name\":\"Inici\",\"item\":\"https:\/\/www.noubarris.net\/web40\/\"},{\"@type\":\"ListItem\",\"position\":2,\"name\":\"Comen\u00e7a a construir-se el camp de futbol provisional del R\u00e0cing de Vallbona a pocs mesos de les obres pel soterrament de la R2\"}]},{\"@type\":\"WebSite\",\"@id\":\"https:\/\/www.noubarris.net\/web40\/#website\",\"url\":\"https:\/\/www.noubarris.net\/web40\/\",\"name\":\"NouBarris.Net\",\"description\":\"Seguint la vida de Nou Barris des de 1985\",\"publisher\":{\"@id\":\"https:\/\/www.noubarris.net\/web40\/#organization\"},\"potentialAction\":[{\"@type\":\"SearchAction\",\"target\":{\"@type\":\"EntryPoint\",\"urlTemplate\":\"https:\/\/www.noubarris.net\/web40\/?s={search_term_string}\"},\"query-input\":{\"@type\":\"PropertyValueSpecification\",\"valueRequired\":true,\"valueName\":\"search_term_string\"}}],\"inLanguage\":\"ca\"},{\"@type\":\"Organization\",\"@id\":\"https:\/\/www.noubarris.net\/web40\/#organization\",\"name\":\"NouBarris.Net\",\"url\":\"https:\/\/www.noubarris.net\/web40\/\",\"logo\":{\"@type\":\"ImageObject\",\"inLanguage\":\"ca\",\"@id\":\"https:\/\/www.noubarris.net\/web40\/#\/schema\/logo\/image\/\",\"url\":\"https:\/\/www.noubarris.net\/web40\/wp-content\/uploads\/2024\/11\/cropped-cropped-LOGO_9BTV-2024_Insta-1.jpg\",\"contentUrl\":\"https:\/\/www.noubarris.net\/web40\/wp-content\/uploads\/2024\/11\/cropped-cropped-LOGO_9BTV-2024_Insta-1.jpg\",\"width\":512,\"height\":512,\"caption\":\"NouBarris.Net\"},\"image\":{\"@id\":\"https:\/\/www.noubarris.net\/web40\/#\/schema\/logo\/image\/\"},\"sameAs\":[\"https:\/\/www.facebook.com\/NouBarris.net\/?locale=es_ES\",\"https:\/\/x.com\/9BTV\"]},{\"@type\":\"Person\",\"@id\":\"https:\/\/www.noubarris.net\/web40\/#\/schema\/person\/1827f92aaa316c54abbf4dac0de76069\",\"name\":\"Informatius\",\"image\":{\"@type\":\"ImageObject\",\"inLanguage\":\"ca\",\"@id\":\"https:\/\/www.noubarris.net\/web40\/#\/schema\/person\/image\/\",\"url\":\"https:\/\/secure.gravatar.com\/avatar\/87a3b47928835fc72c6ee5b0e1a7263ef0c2d05003a98189bc14926c5f11bcdb?s=96&d=mm&r=g\",\"contentUrl\":\"https:\/\/secure.gravatar.com\/avatar\/87a3b47928835fc72c6ee5b0e1a7263ef0c2d05003a98189bc14926c5f11bcdb?s=96&d=mm&r=g\",\"caption\":\"Informatius\"},\"url\":\"https:\/\/www.noubarris.net\/web40\/author\/tele\/\"}]}<\/script>\n<!-- \/ Yoast SEO plugin. -->","yoast_head_json":{"title":"Comen\u00e7a a construir-se el camp de futbol provisional del R\u00e0cing de Vallbona a pocs mesos de les obres pel soterrament de la R2 - NouBarris.Net","robots":{"index":"index","follow":"follow","max-snippet":"max-snippet:-1","max-image-preview":"max-image-preview:large","max-video-preview":"max-video-preview:-1"},"canonical":"https:\/\/www.noubarris.net\/web40\/vallbona-es-prepara-per-rebre-els-anys-dobres-pel-soterrament-de-les-vies-de-la-r2\/","og_locale":"ca_ES","og_type":"article","og_title":"Comen\u00e7a a construir-se el camp de futbol provisional del R\u00e0cing de Vallbona a pocs mesos de les obres pel soterrament de la R2 - NouBarris.Net","og_description":"Al barri ja s\u00f3n visibles les tanques i tasques pr\u00e8vies d&#8217;unes obres que s&#8217;allargaran uns cinc anys A Vallbona se","og_url":"https:\/\/www.noubarris.net\/web40\/vallbona-es-prepara-per-rebre-els-anys-dobres-pel-soterrament-de-les-vies-de-la-r2\/","og_site_name":"NouBarris.Net","article_publisher":"https:\/\/www.facebook.com\/NouBarris.net\/?locale=es_ES","article_published_time":"2024-07-22T22:00:56+00:00","og_image":[{"width":787,"height":445,"url":"https:\/\/www.noubarris.net\/web40\/wp-content\/uploads\/2024\/07\/020617.jpg","type":"image\/jpeg"}],"author":"Informatius","twitter_card":"summary_large_image","twitter_creator":"@9BTV","twitter_site":"@9BTV","twitter_misc":{"Escrit per":"Informatius","Temps estimat de lectura":"3 minuts"},"schema":{"@context":"https:\/\/schema.org","@graph":[{"@type":"Article","@id":"https:\/\/www.noubarris.net\/web40\/vallbona-es-prepara-per-rebre-els-anys-dobres-pel-soterrament-de-les-vies-de-la-r2\/#article","isPartOf":{"@id":"https:\/\/www.noubarris.net\/web40\/vallbona-es-prepara-per-rebre-els-anys-dobres-pel-soterrament-de-les-vies-de-la-r2\/"},"author":{"name":"Informatius","@id":"https:\/\/www.noubarris.net\/web40\/#\/schema\/person\/1827f92aaa316c54abbf4dac0de76069"},"headline":"Comen\u00e7a a construir-se el camp de futbol provisional del R\u00e0cing de Vallbona a pocs mesos de les obres pel soterrament de la R2","datePublished":"2024-07-22T22:00:56+00:00","mainEntityOfPage":{"@id":"https:\/\/www.noubarris.net\/web40\/vallbona-es-prepara-per-rebre-els-anys-dobres-pel-soterrament-de-les-vies-de-la-r2\/"},"wordCount":395,"publisher":{"@id":"https:\/\/www.noubarris.net\/web40\/#organization"},"image":{"@id":"https:\/\/www.noubarris.net\/web40\/vallbona-es-prepara-per-rebre-els-anys-dobres-pel-soterrament-de-les-vies-de-la-r2\/#primaryimage"},"thumbnailUrl":"https:\/\/www.noubarris.net\/web40\/wp-content\/uploads\/2024\/07\/020617.jpg","keywords":["adif","racing vallbona"],"articleSection":["Urbanisme","Vallbona"],"inLanguage":"ca"},{"@type":"WebPage","@id":"https:\/\/www.noubarris.net\/web40\/vallbona-es-prepara-per-rebre-els-anys-dobres-pel-soterrament-de-les-vies-de-la-r2\/","url":"https:\/\/www.noubarris.net\/web40\/vallbona-es-prepara-per-rebre-els-anys-dobres-pel-soterrament-de-les-vies-de-la-r2\/","name":"Comen\u00e7a a construir-se el camp de futbol provisional del R\u00e0cing de Vallbona a pocs mesos de les obres pel soterrament de la R2 - NouBarris.Net","isPartOf":{"@id":"https:\/\/www.noubarris.net\/web40\/#website"},"primaryImageOfPage":{"@id":"https:\/\/www.noubarris.net\/web40\/vallbona-es-prepara-per-rebre-els-anys-dobres-pel-soterrament-de-les-vies-de-la-r2\/#primaryimage"},"image":{"@id":"https:\/\/www.noubarris.net\/web40\/vallbona-es-prepara-per-rebre-els-anys-dobres-pel-soterrament-de-les-vies-de-la-r2\/#primaryimage"},"thumbnailUrl":"https:\/\/www.noubarris.net\/web40\/wp-content\/uploads\/2024\/07\/020617.jpg","datePublished":"2024-07-22T22:00:56+00:00","breadcrumb":{"@id":"https:\/\/www.noubarris.net\/web40\/vallbona-es-prepara-per-rebre-els-anys-dobres-pel-soterrament-de-les-vies-de-la-r2\/#breadcrumb"},"inLanguage":"ca","potentialAction":[{"@type":"ReadAction","target":["https:\/\/www.noubarris.net\/web40\/vallbona-es-prepara-per-rebre-els-anys-dobres-pel-soterrament-de-les-vies-de-la-r2\/"]}]},{"@type":"ImageObject","inLanguage":"ca","@id":"https:\/\/www.noubarris.net\/web40\/vallbona-es-prepara-per-rebre-els-anys-dobres-pel-soterrament-de-les-vies-de-la-r2\/#primaryimage","url":"https:\/\/www.noubarris.net\/web40\/wp-content\/uploads\/2024\/07\/020617.jpg","contentUrl":"https:\/\/www.noubarris.net\/web40\/wp-content\/uploads\/2024\/07\/020617.jpg","width":787,"height":445},{"@type":"BreadcrumbList","@id":"https:\/\/www.noubarris.net\/web40\/vallbona-es-prepara-per-rebre-els-anys-dobres-pel-soterrament-de-les-vies-de-la-r2\/#breadcrumb","itemListElement":[{"@type":"ListItem","position":1,"name":"Inici","item":"https:\/\/www.noubarris.net\/web40\/"},{"@type":"ListItem","position":2,"name":"Comen\u00e7a a construir-se el camp de futbol provisional del R\u00e0cing de Vallbona a pocs mesos de les obres pel soterrament de la R2"}]},{"@type":"WebSite","@id":"https:\/\/www.noubarris.net\/web40\/#website","url":"https:\/\/www.noubarris.net\/web40\/","name":"NouBarris.Net","description":"Seguint la vida de Nou Barris des de 1985","publisher":{"@id":"https:\/\/www.noubarris.net\/web40\/#organization"},"potentialAction":[{"@type":"SearchAction","target":{"@type":"EntryPoint","urlTemplate":"https:\/\/www.noubarris.net\/web40\/?s={search_term_string}"},"query-input":{"@type":"PropertyValueSpecification","valueRequired":true,"valueName":"search_term_string"}}],"inLanguage":"ca"},{"@type":"Organization","@id":"https:\/\/www.noubarris.net\/web40\/#organization","name":"NouBarris.Net","url":"https:\/\/www.noubarris.net\/web40\/","logo":{"@type":"ImageObject","inLanguage":"ca","@id":"https:\/\/www.noubarris.net\/web40\/#\/schema\/logo\/image\/","url":"https:\/\/www.noubarris.net\/web40\/wp-content\/uploads\/2024\/11\/cropped-cropped-LOGO_9BTV-2024_Insta-1.jpg","contentUrl":"https:\/\/www.noubarris.net\/web40\/wp-content\/uploads\/2024\/11\/cropped-cropped-LOGO_9BTV-2024_Insta-1.jpg","width":512,"height":512,"caption":"NouBarris.Net"},"image":{"@id":"https:\/\/www.noubarris.net\/web40\/#\/schema\/logo\/image\/"},"sameAs":["https:\/\/www.facebook.com\/NouBarris.net\/?locale=es_ES","https:\/\/x.com\/9BTV"]},{"@type":"Person","@id":"https:\/\/www.noubarris.net\/web40\/#\/schema\/person\/1827f92aaa316c54abbf4dac0de76069","name":"Informatius","image":{"@type":"ImageObject","inLanguage":"ca","@id":"https:\/\/www.noubarris.net\/web40\/#\/schema\/person\/image\/","url":"https:\/\/secure.gravatar.com\/avatar\/87a3b47928835fc72c6ee5b0e1a7263ef0c2d05003a98189bc14926c5f11bcdb?s=96&d=mm&r=g","contentUrl":"https:\/\/secure.gravatar.com\/avatar\/87a3b47928835fc72c6ee5b0e1a7263ef0c2d05003a98189bc14926c5f11bcdb?s=96&d=mm&r=g","caption":"Informatius"},"url":"https:\/\/www.noubarris.net\/web40\/author\/tele\/"}]}},"_links":{"self":[{"href":"https:\/\/www.noubarris.net\/web40\/wp-json\/wp\/v2\/posts\/82988","targetHints":{"allow":["GET"]}}],"collection":[{"href":"https:\/\/www.noubarris.net\/web40\/wp-json\/wp\/v2\/posts"}],"about":[{"href":"https:\/\/www.noubarris.net\/web40\/wp-json\/wp\/v2\/types\/post"}],"author":[{"embeddable":true,"href":"https:\/\/www.noubarris.net\/web40\/wp-json\/wp\/v2\/users\/2"}],"replies":[{"embeddable":true,"href":"https:\/\/www.noubarris.net\/web40\/wp-json\/wp\/v2\/comments?post=82988"}],"version-history":[{"count":4,"href":"https:\/\/www.noubarris.net\/web40\/wp-json\/wp\/v2\/posts\/82988\/revisions"}],"predecessor-version":[{"id":83010,"href":"https:\/\/www.noubarris.net\/web40\/wp-json\/wp\/v2\/posts\/82988\/revisions\/83010"}],"wp:featuredmedia":[{"embeddable":true,"href":"https:\/\/www.noubarris.net\/web40\/wp-json\/wp\/v2\/media\/82989"}],"wp:attachment":[{"href":"https:\/\/www.noubarris.net\/web40\/wp-json\/wp\/v2\/media?parent=82988"}],"wp:term":[{"taxonomy":"category","embeddable":true,"href":"https:\/\/www.noubarris.net\/web40\/wp-json\/wp\/v2\/categories?post=82988"},{"taxonomy":"post_tag","embeddable":true,"href":"https:\/\/www.noubarris.net\/web40\/wp-json\/wp\/v2\/tags?post=82988"}],"curies":[{"name":"wp","href":"https:\/\/api.w.org\/{rel}","templated":true}]}}