{"id":83022,"date":"2024-07-30T21:29:05","date_gmt":"2024-07-30T19:29:05","guid":{"rendered":"http:\/\/www.noubarris.net\/web40\/?p=83022"},"modified":"2024-07-30T21:29:05","modified_gmt":"2024-07-30T19:29:05","slug":"el-parc-de-laqueducte-estrena-tres-estructures-dombra-temporals","status":"publish","type":"post","link":"https:\/\/www.noubarris.net\/web40\/el-parc-de-laqueducte-estrena-tres-estructures-dombra-temporals\/","title":{"rendered":"El parc de l\u2019Aq\u00fceducte estrena tres estructures d\u2019ombra temporals"},"content":{"rendered":"<p><strong>Les estructures es mantindran fins a finals d&#8217;estiu, quan es retiraran<\/strong><\/p>\n<p>El Parc de l&#8217;Aq\u00fceducte, a Ciutat Meridiana, t\u00e9 una gran extensi\u00f3 i els arbres encara s\u00f3n petits. Per aix\u00f2, Districte de Nou Barris ha instal\u00b7lat, a petici\u00f3 de l&#8217;AV Ciutat Meridiana, aquest mes de juliol tres estructures d\u2019ombra en punts estrat\u00e8gics del recinte: una \u00e9s a sobre d&#8217;una zona d&#8217;estada, amb cadires; una altra damunt d\u2019un espai de jocs infantils i la darrera \u00e9s damunt un sorral de jocs infantils i dona continu\u00eftat a l&#8217;ombra d&#8217;un arbre i on hi ha un sorral perqu\u00e8 els infants puguin jugar.<\/p>\n<p>Segons han explicat al web municipal, aquestes estructures hi romandran fins al final del mes de setembre, coincidint amb la finalitzaci\u00f3 de l\u2019estiu, ja que s\u00f3n de lloguer. El cost ha estat de prop de 12 mil euros.<\/p>\n","protected":false},"excerpt":{"rendered":"<p>Les estructures es mantindran fins a finals d&#8217;estiu, quan es retiraran El Parc de l&#8217;Aq\u00fceducte, a Ciutat Meridiana, t\u00e9 una<\/p>\n","protected":false},"author":2,"featured_media":83024,"comment_status":"closed","ping_status":"closed","sticky":false,"template":"","format":"standard","meta":{"colormag_page_layout":"default_layout","_monsterinsights_skip_tracking":false,"_monsterinsights_sitenote_active":false,"_monsterinsights_sitenote_note":"","_monsterinsights_sitenote_category":0,"footnotes":""},"categories":[132],"tags":[517],"class_list":["post-83022","post","type-post","status-publish","format-standard","has-post-thumbnail","hentry","category-ciutat-meridiana","tag-estiu"],"yoast_head":"<!-- This site is optimized with the Yoast SEO plugin v25.3 - https:\/\/yoast.com\/wordpress\/plugins\/seo\/ -->\n<title>El parc de l\u2019Aq\u00fceducte estrena tres estructures d\u2019ombra temporals - NouBarris.Net<\/title>\n<meta name=\"robots\" content=\"index, follow, max-snippet:-1, max-image-preview:large, max-video-preview:-1\" \/>\n<link rel=\"canonical\" href=\"https:\/\/www.noubarris.net\/web40\/el-parc-de-laqueducte-estrena-tres-estructures-dombra-temporals\/\" \/>\n<meta property=\"og:locale\" content=\"ca_ES\" \/>\n<meta property=\"og:type\" content=\"article\" \/>\n<meta property=\"og:title\" content=\"El parc de l\u2019Aq\u00fceducte estrena tres estructures d\u2019ombra temporals - NouBarris.Net\" \/>\n<meta property=\"og:description\" content=\"Les estructures es mantindran fins a finals d&#8217;estiu, quan es retiraran El Parc de l&#8217;Aq\u00fceducte, a Ciutat Meridiana, t\u00e9 una\" \/>\n<meta property=\"og:url\" content=\"https:\/\/www.noubarris.net\/web40\/el-parc-de-laqueducte-estrena-tres-estructures-dombra-temporals\/\" \/>\n<meta property=\"og:site_name\" content=\"NouBarris.Net\" \/>\n<meta property=\"article:publisher\" content=\"https:\/\/www.facebook.com\/NouBarris.net\/?locale=es_ES\" \/>\n<meta property=\"article:published_time\" content=\"2024-07-30T19:29:05+00:00\" \/>\n<meta property=\"og:image\" content=\"https:\/\/www.noubarris.net\/web40\/wp-content\/uploads\/2024\/07\/310724-1.jpg\" \/>\n\t<meta property=\"og:image:width\" content=\"768\" \/>\n\t<meta property=\"og:image:height\" content=\"432\" \/>\n\t<meta property=\"og:image:type\" content=\"image\/jpeg\" \/>\n<meta name=\"author\" content=\"Informatius\" \/>\n<meta name=\"twitter:card\" content=\"summary_large_image\" \/>\n<meta name=\"twitter:creator\" content=\"@9BTV\" \/>\n<meta name=\"twitter:site\" content=\"@9BTV\" \/>\n<meta name=\"twitter:label1\" content=\"Escrit per\" \/>\n\t<meta name=\"twitter:data1\" content=\"Informatius\" \/>\n\t<meta name=\"twitter:label2\" content=\"Temps estimat de lectura\" \/>\n\t<meta name=\"twitter:data2\" content=\"1 minut\" \/>\n<script type=\"application\/ld+json\" class=\"yoast-schema-graph\">{\"@context\":\"https:\/\/schema.org\",\"@graph\":[{\"@type\":\"Article\",\"@id\":\"https:\/\/www.noubarris.net\/web40\/el-parc-de-laqueducte-estrena-tres-estructures-dombra-temporals\/#article\",\"isPartOf\":{\"@id\":\"https:\/\/www.noubarris.net\/web40\/el-parc-de-laqueducte-estrena-tres-estructures-dombra-temporals\/\"},\"author\":{\"name\":\"Informatius\",\"@id\":\"https:\/\/www.noubarris.net\/web40\/#\/schema\/person\/1827f92aaa316c54abbf4dac0de76069\"},\"headline\":\"El parc de l\u2019Aq\u00fceducte estrena tres estructures d\u2019ombra temporals\",\"datePublished\":\"2024-07-30T19:29:05+00:00\",\"mainEntityOfPage\":{\"@id\":\"https:\/\/www.noubarris.net\/web40\/el-parc-de-laqueducte-estrena-tres-estructures-dombra-temporals\/\"},\"wordCount\":164,\"publisher\":{\"@id\":\"https:\/\/www.noubarris.net\/web40\/#organization\"},\"image\":{\"@id\":\"https:\/\/www.noubarris.net\/web40\/el-parc-de-laqueducte-estrena-tres-estructures-dombra-temporals\/#primaryimage\"},\"thumbnailUrl\":\"https:\/\/www.noubarris.net\/web40\/wp-content\/uploads\/2024\/07\/310724-1.jpg\",\"keywords\":[\"estiu\"],\"articleSection\":[\"Ciutat Meridiana\"],\"inLanguage\":\"ca\"},{\"@type\":\"WebPage\",\"@id\":\"https:\/\/www.noubarris.net\/web40\/el-parc-de-laqueducte-estrena-tres-estructures-dombra-temporals\/\",\"url\":\"https:\/\/www.noubarris.net\/web40\/el-parc-de-laqueducte-estrena-tres-estructures-dombra-temporals\/\",\"name\":\"El parc de l\u2019Aq\u00fceducte estrena tres estructures d\u2019ombra temporals - NouBarris.Net\",\"isPartOf\":{\"@id\":\"https:\/\/www.noubarris.net\/web40\/#website\"},\"primaryImageOfPage\":{\"@id\":\"https:\/\/www.noubarris.net\/web40\/el-parc-de-laqueducte-estrena-tres-estructures-dombra-temporals\/#primaryimage\"},\"image\":{\"@id\":\"https:\/\/www.noubarris.net\/web40\/el-parc-de-laqueducte-estrena-tres-estructures-dombra-temporals\/#primaryimage\"},\"thumbnailUrl\":\"https:\/\/www.noubarris.net\/web40\/wp-content\/uploads\/2024\/07\/310724-1.jpg\",\"datePublished\":\"2024-07-30T19:29:05+00:00\",\"breadcrumb\":{\"@id\":\"https:\/\/www.noubarris.net\/web40\/el-parc-de-laqueducte-estrena-tres-estructures-dombra-temporals\/#breadcrumb\"},\"inLanguage\":\"ca\",\"potentialAction\":[{\"@type\":\"ReadAction\",\"target\":[\"https:\/\/www.noubarris.net\/web40\/el-parc-de-laqueducte-estrena-tres-estructures-dombra-temporals\/\"]}]},{\"@type\":\"ImageObject\",\"inLanguage\":\"ca\",\"@id\":\"https:\/\/www.noubarris.net\/web40\/el-parc-de-laqueducte-estrena-tres-estructures-dombra-temporals\/#primaryimage\",\"url\":\"https:\/\/www.noubarris.net\/web40\/wp-content\/uploads\/2024\/07\/310724-1.jpg\",\"contentUrl\":\"https:\/\/www.noubarris.net\/web40\/wp-content\/uploads\/2024\/07\/310724-1.jpg\",\"width\":768,\"height\":432},{\"@type\":\"BreadcrumbList\",\"@id\":\"https:\/\/www.noubarris.net\/web40\/el-parc-de-laqueducte-estrena-tres-estructures-dombra-temporals\/#breadcrumb\",\"itemListElement\":[{\"@type\":\"ListItem\",\"position\":1,\"name\":\"Inici\",\"item\":\"https:\/\/www.noubarris.net\/web40\/\"},{\"@type\":\"ListItem\",\"position\":2,\"name\":\"El parc de l\u2019Aq\u00fceducte estrena tres estructures d\u2019ombra temporals\"}]},{\"@type\":\"WebSite\",\"@id\":\"https:\/\/www.noubarris.net\/web40\/#website\",\"url\":\"https:\/\/www.noubarris.net\/web40\/\",\"name\":\"NouBarris.Net\",\"description\":\"Seguint la vida de Nou Barris des de 1985\",\"publisher\":{\"@id\":\"https:\/\/www.noubarris.net\/web40\/#organization\"},\"potentialAction\":[{\"@type\":\"SearchAction\",\"target\":{\"@type\":\"EntryPoint\",\"urlTemplate\":\"https:\/\/www.noubarris.net\/web40\/?s={search_term_string}\"},\"query-input\":{\"@type\":\"PropertyValueSpecification\",\"valueRequired\":true,\"valueName\":\"search_term_string\"}}],\"inLanguage\":\"ca\"},{\"@type\":\"Organization\",\"@id\":\"https:\/\/www.noubarris.net\/web40\/#organization\",\"name\":\"NouBarris.Net\",\"url\":\"https:\/\/www.noubarris.net\/web40\/\",\"logo\":{\"@type\":\"ImageObject\",\"inLanguage\":\"ca\",\"@id\":\"https:\/\/www.noubarris.net\/web40\/#\/schema\/logo\/image\/\",\"url\":\"https:\/\/www.noubarris.net\/web40\/wp-content\/uploads\/2024\/11\/cropped-cropped-LOGO_9BTV-2024_Insta-1.jpg\",\"contentUrl\":\"https:\/\/www.noubarris.net\/web40\/wp-content\/uploads\/2024\/11\/cropped-cropped-LOGO_9BTV-2024_Insta-1.jpg\",\"width\":512,\"height\":512,\"caption\":\"NouBarris.Net\"},\"image\":{\"@id\":\"https:\/\/www.noubarris.net\/web40\/#\/schema\/logo\/image\/\"},\"sameAs\":[\"https:\/\/www.facebook.com\/NouBarris.net\/?locale=es_ES\",\"https:\/\/x.com\/9BTV\"]},{\"@type\":\"Person\",\"@id\":\"https:\/\/www.noubarris.net\/web40\/#\/schema\/person\/1827f92aaa316c54abbf4dac0de76069\",\"name\":\"Informatius\",\"image\":{\"@type\":\"ImageObject\",\"inLanguage\":\"ca\",\"@id\":\"https:\/\/www.noubarris.net\/web40\/#\/schema\/person\/image\/\",\"url\":\"https:\/\/secure.gravatar.com\/avatar\/87a3b47928835fc72c6ee5b0e1a7263ef0c2d05003a98189bc14926c5f11bcdb?s=96&d=mm&r=g\",\"contentUrl\":\"https:\/\/secure.gravatar.com\/avatar\/87a3b47928835fc72c6ee5b0e1a7263ef0c2d05003a98189bc14926c5f11bcdb?s=96&d=mm&r=g\",\"caption\":\"Informatius\"},\"url\":\"https:\/\/www.noubarris.net\/web40\/author\/tele\/\"}]}<\/script>\n<!-- \/ Yoast SEO plugin. -->","yoast_head_json":{"title":"El parc de l\u2019Aq\u00fceducte estrena tres estructures d\u2019ombra temporals - NouBarris.Net","robots":{"index":"index","follow":"follow","max-snippet":"max-snippet:-1","max-image-preview":"max-image-preview:large","max-video-preview":"max-video-preview:-1"},"canonical":"https:\/\/www.noubarris.net\/web40\/el-parc-de-laqueducte-estrena-tres-estructures-dombra-temporals\/","og_locale":"ca_ES","og_type":"article","og_title":"El parc de l\u2019Aq\u00fceducte estrena tres estructures d\u2019ombra temporals - NouBarris.Net","og_description":"Les estructures es mantindran fins a finals d&#8217;estiu, quan es retiraran El Parc de l&#8217;Aq\u00fceducte, a Ciutat Meridiana, t\u00e9 una","og_url":"https:\/\/www.noubarris.net\/web40\/el-parc-de-laqueducte-estrena-tres-estructures-dombra-temporals\/","og_site_name":"NouBarris.Net","article_publisher":"https:\/\/www.facebook.com\/NouBarris.net\/?locale=es_ES","article_published_time":"2024-07-30T19:29:05+00:00","og_image":[{"width":768,"height":432,"url":"https:\/\/www.noubarris.net\/web40\/wp-content\/uploads\/2024\/07\/310724-1.jpg","type":"image\/jpeg"}],"author":"Informatius","twitter_card":"summary_large_image","twitter_creator":"@9BTV","twitter_site":"@9BTV","twitter_misc":{"Escrit per":"Informatius","Temps estimat de lectura":"1 minut"},"schema":{"@context":"https:\/\/schema.org","@graph":[{"@type":"Article","@id":"https:\/\/www.noubarris.net\/web40\/el-parc-de-laqueducte-estrena-tres-estructures-dombra-temporals\/#article","isPartOf":{"@id":"https:\/\/www.noubarris.net\/web40\/el-parc-de-laqueducte-estrena-tres-estructures-dombra-temporals\/"},"author":{"name":"Informatius","@id":"https:\/\/www.noubarris.net\/web40\/#\/schema\/person\/1827f92aaa316c54abbf4dac0de76069"},"headline":"El parc de l\u2019Aq\u00fceducte estrena tres estructures d\u2019ombra temporals","datePublished":"2024-07-30T19:29:05+00:00","mainEntityOfPage":{"@id":"https:\/\/www.noubarris.net\/web40\/el-parc-de-laqueducte-estrena-tres-estructures-dombra-temporals\/"},"wordCount":164,"publisher":{"@id":"https:\/\/www.noubarris.net\/web40\/#organization"},"image":{"@id":"https:\/\/www.noubarris.net\/web40\/el-parc-de-laqueducte-estrena-tres-estructures-dombra-temporals\/#primaryimage"},"thumbnailUrl":"https:\/\/www.noubarris.net\/web40\/wp-content\/uploads\/2024\/07\/310724-1.jpg","keywords":["estiu"],"articleSection":["Ciutat Meridiana"],"inLanguage":"ca"},{"@type":"WebPage","@id":"https:\/\/www.noubarris.net\/web40\/el-parc-de-laqueducte-estrena-tres-estructures-dombra-temporals\/","url":"https:\/\/www.noubarris.net\/web40\/el-parc-de-laqueducte-estrena-tres-estructures-dombra-temporals\/","name":"El parc de l\u2019Aq\u00fceducte estrena tres estructures d\u2019ombra temporals - NouBarris.Net","isPartOf":{"@id":"https:\/\/www.noubarris.net\/web40\/#website"},"primaryImageOfPage":{"@id":"https:\/\/www.noubarris.net\/web40\/el-parc-de-laqueducte-estrena-tres-estructures-dombra-temporals\/#primaryimage"},"image":{"@id":"https:\/\/www.noubarris.net\/web40\/el-parc-de-laqueducte-estrena-tres-estructures-dombra-temporals\/#primaryimage"},"thumbnailUrl":"https:\/\/www.noubarris.net\/web40\/wp-content\/uploads\/2024\/07\/310724-1.jpg","datePublished":"2024-07-30T19:29:05+00:00","breadcrumb":{"@id":"https:\/\/www.noubarris.net\/web40\/el-parc-de-laqueducte-estrena-tres-estructures-dombra-temporals\/#breadcrumb"},"inLanguage":"ca","potentialAction":[{"@type":"ReadAction","target":["https:\/\/www.noubarris.net\/web40\/el-parc-de-laqueducte-estrena-tres-estructures-dombra-temporals\/"]}]},{"@type":"ImageObject","inLanguage":"ca","@id":"https:\/\/www.noubarris.net\/web40\/el-parc-de-laqueducte-estrena-tres-estructures-dombra-temporals\/#primaryimage","url":"https:\/\/www.noubarris.net\/web40\/wp-content\/uploads\/2024\/07\/310724-1.jpg","contentUrl":"https:\/\/www.noubarris.net\/web40\/wp-content\/uploads\/2024\/07\/310724-1.jpg","width":768,"height":432},{"@type":"BreadcrumbList","@id":"https:\/\/www.noubarris.net\/web40\/el-parc-de-laqueducte-estrena-tres-estructures-dombra-temporals\/#breadcrumb","itemListElement":[{"@type":"ListItem","position":1,"name":"Inici","item":"https:\/\/www.noubarris.net\/web40\/"},{"@type":"ListItem","position":2,"name":"El parc de l\u2019Aq\u00fceducte estrena tres estructures d\u2019ombra temporals"}]},{"@type":"WebSite","@id":"https:\/\/www.noubarris.net\/web40\/#website","url":"https:\/\/www.noubarris.net\/web40\/","name":"NouBarris.Net","description":"Seguint la vida de Nou Barris des de 1985","publisher":{"@id":"https:\/\/www.noubarris.net\/web40\/#organization"},"potentialAction":[{"@type":"SearchAction","target":{"@type":"EntryPoint","urlTemplate":"https:\/\/www.noubarris.net\/web40\/?s={search_term_string}"},"query-input":{"@type":"PropertyValueSpecification","valueRequired":true,"valueName":"search_term_string"}}],"inLanguage":"ca"},{"@type":"Organization","@id":"https:\/\/www.noubarris.net\/web40\/#organization","name":"NouBarris.Net","url":"https:\/\/www.noubarris.net\/web40\/","logo":{"@type":"ImageObject","inLanguage":"ca","@id":"https:\/\/www.noubarris.net\/web40\/#\/schema\/logo\/image\/","url":"https:\/\/www.noubarris.net\/web40\/wp-content\/uploads\/2024\/11\/cropped-cropped-LOGO_9BTV-2024_Insta-1.jpg","contentUrl":"https:\/\/www.noubarris.net\/web40\/wp-content\/uploads\/2024\/11\/cropped-cropped-LOGO_9BTV-2024_Insta-1.jpg","width":512,"height":512,"caption":"NouBarris.Net"},"image":{"@id":"https:\/\/www.noubarris.net\/web40\/#\/schema\/logo\/image\/"},"sameAs":["https:\/\/www.facebook.com\/NouBarris.net\/?locale=es_ES","https:\/\/x.com\/9BTV"]},{"@type":"Person","@id":"https:\/\/www.noubarris.net\/web40\/#\/schema\/person\/1827f92aaa316c54abbf4dac0de76069","name":"Informatius","image":{"@type":"ImageObject","inLanguage":"ca","@id":"https:\/\/www.noubarris.net\/web40\/#\/schema\/person\/image\/","url":"https:\/\/secure.gravatar.com\/avatar\/87a3b47928835fc72c6ee5b0e1a7263ef0c2d05003a98189bc14926c5f11bcdb?s=96&d=mm&r=g","contentUrl":"https:\/\/secure.gravatar.com\/avatar\/87a3b47928835fc72c6ee5b0e1a7263ef0c2d05003a98189bc14926c5f11bcdb?s=96&d=mm&r=g","caption":"Informatius"},"url":"https:\/\/www.noubarris.net\/web40\/author\/tele\/"}]}},"_links":{"self":[{"href":"https:\/\/www.noubarris.net\/web40\/wp-json\/wp\/v2\/posts\/83022","targetHints":{"allow":["GET"]}}],"collection":[{"href":"https:\/\/www.noubarris.net\/web40\/wp-json\/wp\/v2\/posts"}],"about":[{"href":"https:\/\/www.noubarris.net\/web40\/wp-json\/wp\/v2\/types\/post"}],"author":[{"embeddable":true,"href":"https:\/\/www.noubarris.net\/web40\/wp-json\/wp\/v2\/users\/2"}],"replies":[{"embeddable":true,"href":"https:\/\/www.noubarris.net\/web40\/wp-json\/wp\/v2\/comments?post=83022"}],"version-history":[{"count":1,"href":"https:\/\/www.noubarris.net\/web40\/wp-json\/wp\/v2\/posts\/83022\/revisions"}],"predecessor-version":[{"id":83026,"href":"https:\/\/www.noubarris.net\/web40\/wp-json\/wp\/v2\/posts\/83022\/revisions\/83026"}],"wp:featuredmedia":[{"embeddable":true,"href":"https:\/\/www.noubarris.net\/web40\/wp-json\/wp\/v2\/media\/83024"}],"wp:attachment":[{"href":"https:\/\/www.noubarris.net\/web40\/wp-json\/wp\/v2\/media?parent=83022"}],"wp:term":[{"taxonomy":"category","embeddable":true,"href":"https:\/\/www.noubarris.net\/web40\/wp-json\/wp\/v2\/categories?post=83022"},{"taxonomy":"post_tag","embeddable":true,"href":"https:\/\/www.noubarris.net\/web40\/wp-json\/wp\/v2\/tags?post=83022"}],"curies":[{"name":"wp","href":"https:\/\/api.w.org\/{rel}","templated":true}]}}