{"id":83049,"date":"2024-08-02T00:00:01","date_gmt":"2024-08-01T22:00:01","guid":{"rendered":"http:\/\/www.noubarris.net\/web40\/?p=83049"},"modified":"2024-08-01T18:02:19","modified_gmt":"2024-08-01T16:02:19","slug":"arrenca-la-primera-fase-dobres-del-nou-passeig-del-rec-comtal-entre-vallbona-i-la-trinitat-vella","status":"publish","type":"post","link":"https:\/\/www.noubarris.net\/web40\/arrenca-la-primera-fase-dobres-del-nou-passeig-del-rec-comtal-entre-vallbona-i-la-trinitat-vella\/","title":{"rendered":"Arrenca la primera fase d&#8217;obres del nou passeig del Rec Comtal entre Vallbona i la Trinitat Vella"},"content":{"rendered":"<p><strong>Els treballs, a c\u00e0rrec del Consorci del Bes\u00f2s, duraran 10 mesos i tamb\u00e9 renaturalitzaran l&#8217;entorn<\/strong><\/p>\n<p>L&#8217;Ajuntament anuncia el proper inici de les obres que han de transformar el tram del Rec Comtal que flueix entre Vallbona i la Trinitat Vella. \u00c9s a dir, el que discorre des del Pont de la Vaca i pel costat dels Horts de la Ponderosa. Les obres pretenen renaturalitzar el rec mil\u00b7lenari i crear un cam\u00ed que convidi la passeig i que atregui visitants a la zona. Cal dir, per\u00f2, que aquest darrer punt, per\u00f2, no conven\u00e7 els ve\u00efns de la zona, que defensen un \u00fas ve\u00efnal i no tur\u00edstic del rec. El projecte compta amb dues fases i el du a terme el Consorci del Bes\u00f3s. Compta amb finan\u00e7ament dels fons europeus Next Generation, un pressupost de 916.000 euros i una durada prevista de 10 mesos.<\/p>\n<p>El projecte crear\u00e0, segons l&#8217;Ajuntament, un itinerari accessible per afavorir una mobilitat segura i confortable entre els dos barris, que resolgui l\u2019actual d\u00e8ficit. A m\u00e9s, es far\u00e0 una intervenci\u00f3 de renaturalitzaci\u00f3 de l\u2019entorn immediat del tram descobert del Rec Comtal on no es preveu l\u2019acc\u00e9s p\u00fablic i s\u00ed generar un espai de refugi de biodiversitat. En aquest sentit, es vol que tingui un inter\u00e8s did\u00e0ctic, hist\u00f2ric i patrimonial. Aix\u00ed, en aquest itinerari es trobaran diferents punts de relaci\u00f3 i d\u2019observaci\u00f3 d\u2019ocells del Rec Comtal i dels diferents refugis de biodiversitat.<\/p>\n<p>El Rec Comtal<\/p>\n<p>Tot aix\u00f2 vol posar en valor el <a href=\"https:\/\/www.noubarris.net\/web40\/?p=66541\"><span style=\"font-size: 14pt;\"><strong>darrer tram viu de l&#8217;hist\u00f2ric Rec Comtal<\/strong><\/span><\/a>. Viu i en \u00fas, ja que la Ponderosa encara es rega amb l&#8217;aigua de la s\u00e8quia.\u00a0Actualment, la plana agr\u00edcola es rega per inundaci\u00f3, seguint els m\u00e8todes ancestrals. Tanmateix, davant del canvi clim\u00e0tic i la sequera, el projecte proposa un sistema basat en l\u2019estalvi i subministrament d\u2019aigua: un dip\u00f2sit de captaci\u00f3 d\u2019aigua del Rec Comtal des d\u2019on subministrar l\u2019aigua de forma controlada a trav\u00e9s de m\u00e8todes m\u00e9s tecnificats com el degoteig.<\/p>\n<p>Durant m\u00e9s de mil anys el rec Comtal va ser la gran s\u00e8quia que abastia d\u2019aigua la ciutat de Barcelona. L\u2019origen el trobem a l\u2019edat mitjana, probablement al segle X, quan el comte Mir va decidir millorar els aq\u00fceductes romans que portaven aigua des de Collserola i des del Bes\u00f2s.<\/p>\n<p><iframe loading=\"lazy\" src=\"https:\/\/www.youtube.com\/embed\/YL_8jPe9bz8\" width=\"560\" height=\"315\" frameborder=\"0\" allowfullscreen=\"allowfullscreen\" data-mce-fragment=\"1\"><\/iframe><\/p>\n<p>Aix\u00ed va comen\u00e7ar la construcci\u00f3 del rec, una gran infraestructura hidr\u00e0ulica que aprofitava l\u2019antic aq\u00fceducte rom\u00e0 de Montcada. El rec era un canal obert, fet amb pedra de Montju\u00efc, per on baixava una gran quantitat d\u2019aigua que permetia regar els camps i millorar-ne aix\u00ed la productivitat.<\/p>\n<p><a href=\"http:\/\/www.noubarris.net\/relligantnb\/?attachment_id=774\" rel=\"attachment wp-att-774\"><img loading=\"lazy\" decoding=\"async\" class=\" wp-image-774 alignleft\" src=\"http:\/\/www.noubarris.net\/relligantnb\/wp-content\/uploads\/marc1_REC_DIBUIX-300x216.png\" sizes=\"auto, (max-width: 300px) 100vw, 300px\" srcset=\"https:\/\/www.noubarris.net\/relligantnb\/wp-content\/uploads\/marc1_REC_DIBUIX-300x216.png 300w, https:\/\/www.noubarris.net\/relligantnb\/wp-content\/uploads\/marc1_REC_DIBUIX-768x553.png 768w, https:\/\/www.noubarris.net\/relligantnb\/wp-content\/uploads\/marc1_REC_DIBUIX-150x108.png 150w, https:\/\/www.noubarris.net\/relligantnb\/wp-content\/uploads\/marc1_REC_DIBUIX.png 800w\" alt=\"Dibuix del Rec Comtal\" width=\"300\" height=\"216\" \/><\/a>La for\u00e7a amb qu\u00e8 circulava aquesta aigua va permetre que al llarg del recorregut cap a Barcelona es constru\u00efssin vint-i-un molins i una farga, tots moguts amb l\u2019energia hidr\u00e0ulica. Un d\u2019aquests molins es trobava a la Quadra de Vallbona, un extens terreny que s\u2019estenia per Torre Bar\u00f3 fins pr\u00e0cticament la Trinitat i que era propietat del noble Guillem d\u2019Argentona.\u00a0El rec entrava al pla de Barcelona pel barri de Vallbona, l\u2019\u00fanic lloc on se\u2019n conserva un tram descobert. Encara avui es pot resseguir el tra\u00e7at al costat de la via del ferrocarril i al peu del tur\u00f3 de la Bateria. A continuaci\u00f3, travessava els antics municipis de Sant Andreu i Sant Mart\u00ed i arribava a la ciutat, on, al barri de Sant Pere, era aprofitat pels oficis del ram t\u00e8xtil.<\/p>\n<p><a href=\"http:\/\/www.noubarris.net\/relligantnb\/?attachment_id=784\" rel=\"attachment wp-att-784\"><img loading=\"lazy\" decoding=\"async\" class=\" wp-image-784 alignright\" src=\"http:\/\/www.noubarris.net\/relligantnb\/wp-content\/uploads\/marc2_REC_1-300x216.png\" sizes=\"auto, (max-width: 300px) 100vw, 300px\" srcset=\"https:\/\/www.noubarris.net\/relligantnb\/wp-content\/uploads\/marc2_REC_1-300x216.png 300w, https:\/\/www.noubarris.net\/relligantnb\/wp-content\/uploads\/marc2_REC_1.png 800w\" alt=\"Rec Comtal al pas per Sant Andreu\" width=\"300\" height=\"216\" \/><\/a><\/p>\n<p>Amb la urbanitzaci\u00f3 de finals del segle XIX, la gran s\u00e8quia va anar perdent import\u00e0ncia, per\u00f2 tot i aix\u00f2 encara va seguir regant les terres fins ben entrat el segle XX. En l\u2019actualitat, la gent dels \u00faltims horts de la Ponderosa s\u00f3n els \u00fanics que encara aprofiten l\u2019aigua del rec abans que la s\u00e8quia desemboqui al Bes\u00f2s. Disposen encara d\u2019aquesta caseta de distribuci\u00f3 d\u2019aigua on es regula el cabdal que va a parar als camps. A banda d\u2019aix\u00f2, el rec gaireb\u00e9 no s\u2019utilitza com a s\u00e8quia, per\u00f2 aquest rac\u00f3 del barri de Vallbona s\u2019ha recuperat i s\u2019ha convertit en un espai enjardinat. L\u2019any 2015 es va remodelar i urbanitzar el cam\u00ed que uneix Vallbona amb Montcada i Reixac. Ara el cam\u00ed \u00e9s m\u00e9s ample i m\u00e9s segur perqu\u00e8 no l\u2019afecta el cabdal del rec i est\u00e0 il\u00b7luminat.<\/p>\n<div class=\"addtoany_share_save_container addtoany_content addtoany_content_bottom\"><\/div>\n","protected":false},"excerpt":{"rendered":"<p>Els treballs, a c\u00e0rrec del Consorci del Bes\u00f2s, duraran 10 mesos i tamb\u00e9 renaturalitzaran l&#8217;entorn L&#8217;Ajuntament anuncia el proper inici<\/p>\n","protected":false},"author":2,"featured_media":82199,"comment_status":"closed","ping_status":"closed","sticky":false,"template":"","format":"standard","meta":{"colormag_page_layout":"default_layout","_monsterinsights_skip_tracking":false,"_monsterinsights_sitenote_active":false,"_monsterinsights_sitenote_note":"","_monsterinsights_sitenote_category":0,"footnotes":""},"categories":[302,140],"tags":[143],"class_list":["post-83049","post","type-post","status-publish","format-standard","has-post-thumbnail","hentry","category-urbanisme","category-vallbona","tag-rec-comtal"],"yoast_head":"<!-- This site is optimized with the Yoast SEO plugin v25.3 - https:\/\/yoast.com\/wordpress\/plugins\/seo\/ -->\n<title>Arrenca la primera fase d&#039;obres del nou passeig del Rec Comtal entre Vallbona i la Trinitat Vella - NouBarris.Net<\/title>\n<meta name=\"robots\" content=\"index, follow, max-snippet:-1, max-image-preview:large, max-video-preview:-1\" \/>\n<link rel=\"canonical\" href=\"https:\/\/www.noubarris.net\/web40\/arrenca-la-primera-fase-dobres-del-nou-passeig-del-rec-comtal-entre-vallbona-i-la-trinitat-vella\/\" \/>\n<meta property=\"og:locale\" content=\"ca_ES\" \/>\n<meta property=\"og:type\" content=\"article\" \/>\n<meta property=\"og:title\" content=\"Arrenca la primera fase d&#039;obres del nou passeig del Rec Comtal entre Vallbona i la Trinitat Vella - NouBarris.Net\" \/>\n<meta property=\"og:description\" content=\"Els treballs, a c\u00e0rrec del Consorci del Bes\u00f2s, duraran 10 mesos i tamb\u00e9 renaturalitzaran l&#8217;entorn L&#8217;Ajuntament anuncia el proper inici\" \/>\n<meta property=\"og:url\" content=\"https:\/\/www.noubarris.net\/web40\/arrenca-la-primera-fase-dobres-del-nou-passeig-del-rec-comtal-entre-vallbona-i-la-trinitat-vella\/\" \/>\n<meta property=\"og:site_name\" content=\"NouBarris.Net\" \/>\n<meta property=\"article:publisher\" content=\"https:\/\/www.facebook.com\/NouBarris.net\/?locale=es_ES\" \/>\n<meta property=\"article:published_time\" content=\"2024-08-01T22:00:01+00:00\" \/>\n<meta property=\"og:image\" content=\"https:\/\/www.noubarris.net\/web40\/wp-content\/uploads\/2024\/01\/010223.jpg\" \/>\n\t<meta property=\"og:image:width\" content=\"768\" \/>\n\t<meta property=\"og:image:height\" content=\"432\" \/>\n\t<meta property=\"og:image:type\" content=\"image\/jpeg\" \/>\n<meta name=\"author\" content=\"Informatius\" \/>\n<meta name=\"twitter:card\" content=\"summary_large_image\" \/>\n<meta name=\"twitter:creator\" content=\"@9BTV\" \/>\n<meta name=\"twitter:site\" content=\"@9BTV\" \/>\n<meta name=\"twitter:label1\" content=\"Escrit per\" \/>\n\t<meta name=\"twitter:data1\" content=\"Informatius\" \/>\n\t<meta name=\"twitter:label2\" content=\"Temps estimat de lectura\" \/>\n\t<meta name=\"twitter:data2\" content=\"5 minuts\" \/>\n<script type=\"application\/ld+json\" class=\"yoast-schema-graph\">{\"@context\":\"https:\/\/schema.org\",\"@graph\":[{\"@type\":\"Article\",\"@id\":\"https:\/\/www.noubarris.net\/web40\/arrenca-la-primera-fase-dobres-del-nou-passeig-del-rec-comtal-entre-vallbona-i-la-trinitat-vella\/#article\",\"isPartOf\":{\"@id\":\"https:\/\/www.noubarris.net\/web40\/arrenca-la-primera-fase-dobres-del-nou-passeig-del-rec-comtal-entre-vallbona-i-la-trinitat-vella\/\"},\"author\":{\"name\":\"Informatius\",\"@id\":\"https:\/\/www.noubarris.net\/web40\/#\/schema\/person\/1827f92aaa316c54abbf4dac0de76069\"},\"headline\":\"Arrenca la primera fase d&#8217;obres del nou passeig del Rec Comtal entre Vallbona i la Trinitat Vella\",\"datePublished\":\"2024-08-01T22:00:01+00:00\",\"mainEntityOfPage\":{\"@id\":\"https:\/\/www.noubarris.net\/web40\/arrenca-la-primera-fase-dobres-del-nou-passeig-del-rec-comtal-entre-vallbona-i-la-trinitat-vella\/\"},\"wordCount\":780,\"publisher\":{\"@id\":\"https:\/\/www.noubarris.net\/web40\/#organization\"},\"image\":{\"@id\":\"https:\/\/www.noubarris.net\/web40\/arrenca-la-primera-fase-dobres-del-nou-passeig-del-rec-comtal-entre-vallbona-i-la-trinitat-vella\/#primaryimage\"},\"thumbnailUrl\":\"https:\/\/www.noubarris.net\/web40\/wp-content\/uploads\/2024\/01\/010223.jpg\",\"keywords\":[\"Rec Comtal\"],\"articleSection\":[\"Urbanisme\",\"Vallbona\"],\"inLanguage\":\"ca\"},{\"@type\":\"WebPage\",\"@id\":\"https:\/\/www.noubarris.net\/web40\/arrenca-la-primera-fase-dobres-del-nou-passeig-del-rec-comtal-entre-vallbona-i-la-trinitat-vella\/\",\"url\":\"https:\/\/www.noubarris.net\/web40\/arrenca-la-primera-fase-dobres-del-nou-passeig-del-rec-comtal-entre-vallbona-i-la-trinitat-vella\/\",\"name\":\"Arrenca la primera fase d'obres del nou passeig del Rec Comtal entre Vallbona i la Trinitat Vella - NouBarris.Net\",\"isPartOf\":{\"@id\":\"https:\/\/www.noubarris.net\/web40\/#website\"},\"primaryImageOfPage\":{\"@id\":\"https:\/\/www.noubarris.net\/web40\/arrenca-la-primera-fase-dobres-del-nou-passeig-del-rec-comtal-entre-vallbona-i-la-trinitat-vella\/#primaryimage\"},\"image\":{\"@id\":\"https:\/\/www.noubarris.net\/web40\/arrenca-la-primera-fase-dobres-del-nou-passeig-del-rec-comtal-entre-vallbona-i-la-trinitat-vella\/#primaryimage\"},\"thumbnailUrl\":\"https:\/\/www.noubarris.net\/web40\/wp-content\/uploads\/2024\/01\/010223.jpg\",\"datePublished\":\"2024-08-01T22:00:01+00:00\",\"breadcrumb\":{\"@id\":\"https:\/\/www.noubarris.net\/web40\/arrenca-la-primera-fase-dobres-del-nou-passeig-del-rec-comtal-entre-vallbona-i-la-trinitat-vella\/#breadcrumb\"},\"inLanguage\":\"ca\",\"potentialAction\":[{\"@type\":\"ReadAction\",\"target\":[\"https:\/\/www.noubarris.net\/web40\/arrenca-la-primera-fase-dobres-del-nou-passeig-del-rec-comtal-entre-vallbona-i-la-trinitat-vella\/\"]}]},{\"@type\":\"ImageObject\",\"inLanguage\":\"ca\",\"@id\":\"https:\/\/www.noubarris.net\/web40\/arrenca-la-primera-fase-dobres-del-nou-passeig-del-rec-comtal-entre-vallbona-i-la-trinitat-vella\/#primaryimage\",\"url\":\"https:\/\/www.noubarris.net\/web40\/wp-content\/uploads\/2024\/01\/010223.jpg\",\"contentUrl\":\"https:\/\/www.noubarris.net\/web40\/wp-content\/uploads\/2024\/01\/010223.jpg\",\"width\":768,\"height\":432},{\"@type\":\"BreadcrumbList\",\"@id\":\"https:\/\/www.noubarris.net\/web40\/arrenca-la-primera-fase-dobres-del-nou-passeig-del-rec-comtal-entre-vallbona-i-la-trinitat-vella\/#breadcrumb\",\"itemListElement\":[{\"@type\":\"ListItem\",\"position\":1,\"name\":\"Inici\",\"item\":\"https:\/\/www.noubarris.net\/web40\/\"},{\"@type\":\"ListItem\",\"position\":2,\"name\":\"Arrenca la primera fase d&#8217;obres del nou passeig del Rec Comtal entre Vallbona i la Trinitat Vella\"}]},{\"@type\":\"WebSite\",\"@id\":\"https:\/\/www.noubarris.net\/web40\/#website\",\"url\":\"https:\/\/www.noubarris.net\/web40\/\",\"name\":\"NouBarris.Net\",\"description\":\"Seguint la vida de Nou Barris des de 1985\",\"publisher\":{\"@id\":\"https:\/\/www.noubarris.net\/web40\/#organization\"},\"potentialAction\":[{\"@type\":\"SearchAction\",\"target\":{\"@type\":\"EntryPoint\",\"urlTemplate\":\"https:\/\/www.noubarris.net\/web40\/?s={search_term_string}\"},\"query-input\":{\"@type\":\"PropertyValueSpecification\",\"valueRequired\":true,\"valueName\":\"search_term_string\"}}],\"inLanguage\":\"ca\"},{\"@type\":\"Organization\",\"@id\":\"https:\/\/www.noubarris.net\/web40\/#organization\",\"name\":\"NouBarris.Net\",\"url\":\"https:\/\/www.noubarris.net\/web40\/\",\"logo\":{\"@type\":\"ImageObject\",\"inLanguage\":\"ca\",\"@id\":\"https:\/\/www.noubarris.net\/web40\/#\/schema\/logo\/image\/\",\"url\":\"https:\/\/www.noubarris.net\/web40\/wp-content\/uploads\/2024\/11\/cropped-cropped-LOGO_9BTV-2024_Insta-1.jpg\",\"contentUrl\":\"https:\/\/www.noubarris.net\/web40\/wp-content\/uploads\/2024\/11\/cropped-cropped-LOGO_9BTV-2024_Insta-1.jpg\",\"width\":512,\"height\":512,\"caption\":\"NouBarris.Net\"},\"image\":{\"@id\":\"https:\/\/www.noubarris.net\/web40\/#\/schema\/logo\/image\/\"},\"sameAs\":[\"https:\/\/www.facebook.com\/NouBarris.net\/?locale=es_ES\",\"https:\/\/x.com\/9BTV\"]},{\"@type\":\"Person\",\"@id\":\"https:\/\/www.noubarris.net\/web40\/#\/schema\/person\/1827f92aaa316c54abbf4dac0de76069\",\"name\":\"Informatius\",\"image\":{\"@type\":\"ImageObject\",\"inLanguage\":\"ca\",\"@id\":\"https:\/\/www.noubarris.net\/web40\/#\/schema\/person\/image\/\",\"url\":\"https:\/\/secure.gravatar.com\/avatar\/87a3b47928835fc72c6ee5b0e1a7263ef0c2d05003a98189bc14926c5f11bcdb?s=96&d=mm&r=g\",\"contentUrl\":\"https:\/\/secure.gravatar.com\/avatar\/87a3b47928835fc72c6ee5b0e1a7263ef0c2d05003a98189bc14926c5f11bcdb?s=96&d=mm&r=g\",\"caption\":\"Informatius\"},\"url\":\"https:\/\/www.noubarris.net\/web40\/author\/tele\/\"}]}<\/script>\n<!-- \/ Yoast SEO plugin. -->","yoast_head_json":{"title":"Arrenca la primera fase d'obres del nou passeig del Rec Comtal entre Vallbona i la Trinitat Vella - NouBarris.Net","robots":{"index":"index","follow":"follow","max-snippet":"max-snippet:-1","max-image-preview":"max-image-preview:large","max-video-preview":"max-video-preview:-1"},"canonical":"https:\/\/www.noubarris.net\/web40\/arrenca-la-primera-fase-dobres-del-nou-passeig-del-rec-comtal-entre-vallbona-i-la-trinitat-vella\/","og_locale":"ca_ES","og_type":"article","og_title":"Arrenca la primera fase d'obres del nou passeig del Rec Comtal entre Vallbona i la Trinitat Vella - NouBarris.Net","og_description":"Els treballs, a c\u00e0rrec del Consorci del Bes\u00f2s, duraran 10 mesos i tamb\u00e9 renaturalitzaran l&#8217;entorn L&#8217;Ajuntament anuncia el proper inici","og_url":"https:\/\/www.noubarris.net\/web40\/arrenca-la-primera-fase-dobres-del-nou-passeig-del-rec-comtal-entre-vallbona-i-la-trinitat-vella\/","og_site_name":"NouBarris.Net","article_publisher":"https:\/\/www.facebook.com\/NouBarris.net\/?locale=es_ES","article_published_time":"2024-08-01T22:00:01+00:00","og_image":[{"width":768,"height":432,"url":"https:\/\/www.noubarris.net\/web40\/wp-content\/uploads\/2024\/01\/010223.jpg","type":"image\/jpeg"}],"author":"Informatius","twitter_card":"summary_large_image","twitter_creator":"@9BTV","twitter_site":"@9BTV","twitter_misc":{"Escrit per":"Informatius","Temps estimat de lectura":"5 minuts"},"schema":{"@context":"https:\/\/schema.org","@graph":[{"@type":"Article","@id":"https:\/\/www.noubarris.net\/web40\/arrenca-la-primera-fase-dobres-del-nou-passeig-del-rec-comtal-entre-vallbona-i-la-trinitat-vella\/#article","isPartOf":{"@id":"https:\/\/www.noubarris.net\/web40\/arrenca-la-primera-fase-dobres-del-nou-passeig-del-rec-comtal-entre-vallbona-i-la-trinitat-vella\/"},"author":{"name":"Informatius","@id":"https:\/\/www.noubarris.net\/web40\/#\/schema\/person\/1827f92aaa316c54abbf4dac0de76069"},"headline":"Arrenca la primera fase d&#8217;obres del nou passeig del Rec Comtal entre Vallbona i la Trinitat Vella","datePublished":"2024-08-01T22:00:01+00:00","mainEntityOfPage":{"@id":"https:\/\/www.noubarris.net\/web40\/arrenca-la-primera-fase-dobres-del-nou-passeig-del-rec-comtal-entre-vallbona-i-la-trinitat-vella\/"},"wordCount":780,"publisher":{"@id":"https:\/\/www.noubarris.net\/web40\/#organization"},"image":{"@id":"https:\/\/www.noubarris.net\/web40\/arrenca-la-primera-fase-dobres-del-nou-passeig-del-rec-comtal-entre-vallbona-i-la-trinitat-vella\/#primaryimage"},"thumbnailUrl":"https:\/\/www.noubarris.net\/web40\/wp-content\/uploads\/2024\/01\/010223.jpg","keywords":["Rec Comtal"],"articleSection":["Urbanisme","Vallbona"],"inLanguage":"ca"},{"@type":"WebPage","@id":"https:\/\/www.noubarris.net\/web40\/arrenca-la-primera-fase-dobres-del-nou-passeig-del-rec-comtal-entre-vallbona-i-la-trinitat-vella\/","url":"https:\/\/www.noubarris.net\/web40\/arrenca-la-primera-fase-dobres-del-nou-passeig-del-rec-comtal-entre-vallbona-i-la-trinitat-vella\/","name":"Arrenca la primera fase d'obres del nou passeig del Rec Comtal entre Vallbona i la Trinitat Vella - NouBarris.Net","isPartOf":{"@id":"https:\/\/www.noubarris.net\/web40\/#website"},"primaryImageOfPage":{"@id":"https:\/\/www.noubarris.net\/web40\/arrenca-la-primera-fase-dobres-del-nou-passeig-del-rec-comtal-entre-vallbona-i-la-trinitat-vella\/#primaryimage"},"image":{"@id":"https:\/\/www.noubarris.net\/web40\/arrenca-la-primera-fase-dobres-del-nou-passeig-del-rec-comtal-entre-vallbona-i-la-trinitat-vella\/#primaryimage"},"thumbnailUrl":"https:\/\/www.noubarris.net\/web40\/wp-content\/uploads\/2024\/01\/010223.jpg","datePublished":"2024-08-01T22:00:01+00:00","breadcrumb":{"@id":"https:\/\/www.noubarris.net\/web40\/arrenca-la-primera-fase-dobres-del-nou-passeig-del-rec-comtal-entre-vallbona-i-la-trinitat-vella\/#breadcrumb"},"inLanguage":"ca","potentialAction":[{"@type":"ReadAction","target":["https:\/\/www.noubarris.net\/web40\/arrenca-la-primera-fase-dobres-del-nou-passeig-del-rec-comtal-entre-vallbona-i-la-trinitat-vella\/"]}]},{"@type":"ImageObject","inLanguage":"ca","@id":"https:\/\/www.noubarris.net\/web40\/arrenca-la-primera-fase-dobres-del-nou-passeig-del-rec-comtal-entre-vallbona-i-la-trinitat-vella\/#primaryimage","url":"https:\/\/www.noubarris.net\/web40\/wp-content\/uploads\/2024\/01\/010223.jpg","contentUrl":"https:\/\/www.noubarris.net\/web40\/wp-content\/uploads\/2024\/01\/010223.jpg","width":768,"height":432},{"@type":"BreadcrumbList","@id":"https:\/\/www.noubarris.net\/web40\/arrenca-la-primera-fase-dobres-del-nou-passeig-del-rec-comtal-entre-vallbona-i-la-trinitat-vella\/#breadcrumb","itemListElement":[{"@type":"ListItem","position":1,"name":"Inici","item":"https:\/\/www.noubarris.net\/web40\/"},{"@type":"ListItem","position":2,"name":"Arrenca la primera fase d&#8217;obres del nou passeig del Rec Comtal entre Vallbona i la Trinitat Vella"}]},{"@type":"WebSite","@id":"https:\/\/www.noubarris.net\/web40\/#website","url":"https:\/\/www.noubarris.net\/web40\/","name":"NouBarris.Net","description":"Seguint la vida de Nou Barris des de 1985","publisher":{"@id":"https:\/\/www.noubarris.net\/web40\/#organization"},"potentialAction":[{"@type":"SearchAction","target":{"@type":"EntryPoint","urlTemplate":"https:\/\/www.noubarris.net\/web40\/?s={search_term_string}"},"query-input":{"@type":"PropertyValueSpecification","valueRequired":true,"valueName":"search_term_string"}}],"inLanguage":"ca"},{"@type":"Organization","@id":"https:\/\/www.noubarris.net\/web40\/#organization","name":"NouBarris.Net","url":"https:\/\/www.noubarris.net\/web40\/","logo":{"@type":"ImageObject","inLanguage":"ca","@id":"https:\/\/www.noubarris.net\/web40\/#\/schema\/logo\/image\/","url":"https:\/\/www.noubarris.net\/web40\/wp-content\/uploads\/2024\/11\/cropped-cropped-LOGO_9BTV-2024_Insta-1.jpg","contentUrl":"https:\/\/www.noubarris.net\/web40\/wp-content\/uploads\/2024\/11\/cropped-cropped-LOGO_9BTV-2024_Insta-1.jpg","width":512,"height":512,"caption":"NouBarris.Net"},"image":{"@id":"https:\/\/www.noubarris.net\/web40\/#\/schema\/logo\/image\/"},"sameAs":["https:\/\/www.facebook.com\/NouBarris.net\/?locale=es_ES","https:\/\/x.com\/9BTV"]},{"@type":"Person","@id":"https:\/\/www.noubarris.net\/web40\/#\/schema\/person\/1827f92aaa316c54abbf4dac0de76069","name":"Informatius","image":{"@type":"ImageObject","inLanguage":"ca","@id":"https:\/\/www.noubarris.net\/web40\/#\/schema\/person\/image\/","url":"https:\/\/secure.gravatar.com\/avatar\/87a3b47928835fc72c6ee5b0e1a7263ef0c2d05003a98189bc14926c5f11bcdb?s=96&d=mm&r=g","contentUrl":"https:\/\/secure.gravatar.com\/avatar\/87a3b47928835fc72c6ee5b0e1a7263ef0c2d05003a98189bc14926c5f11bcdb?s=96&d=mm&r=g","caption":"Informatius"},"url":"https:\/\/www.noubarris.net\/web40\/author\/tele\/"}]}},"_links":{"self":[{"href":"https:\/\/www.noubarris.net\/web40\/wp-json\/wp\/v2\/posts\/83049","targetHints":{"allow":["GET"]}}],"collection":[{"href":"https:\/\/www.noubarris.net\/web40\/wp-json\/wp\/v2\/posts"}],"about":[{"href":"https:\/\/www.noubarris.net\/web40\/wp-json\/wp\/v2\/types\/post"}],"author":[{"embeddable":true,"href":"https:\/\/www.noubarris.net\/web40\/wp-json\/wp\/v2\/users\/2"}],"replies":[{"embeddable":true,"href":"https:\/\/www.noubarris.net\/web40\/wp-json\/wp\/v2\/comments?post=83049"}],"version-history":[{"count":4,"href":"https:\/\/www.noubarris.net\/web40\/wp-json\/wp\/v2\/posts\/83049\/revisions"}],"predecessor-version":[{"id":83065,"href":"https:\/\/www.noubarris.net\/web40\/wp-json\/wp\/v2\/posts\/83049\/revisions\/83065"}],"wp:featuredmedia":[{"embeddable":true,"href":"https:\/\/www.noubarris.net\/web40\/wp-json\/wp\/v2\/media\/82199"}],"wp:attachment":[{"href":"https:\/\/www.noubarris.net\/web40\/wp-json\/wp\/v2\/media?parent=83049"}],"wp:term":[{"taxonomy":"category","embeddable":true,"href":"https:\/\/www.noubarris.net\/web40\/wp-json\/wp\/v2\/categories?post=83049"},{"taxonomy":"post_tag","embeddable":true,"href":"https:\/\/www.noubarris.net\/web40\/wp-json\/wp\/v2\/tags?post=83049"}],"curies":[{"name":"wp","href":"https:\/\/api.w.org\/{rel}","templated":true}]}}