{"id":83073,"date":"2024-08-06T00:00:37","date_gmt":"2024-08-05T22:00:37","guid":{"rendered":"http:\/\/www.noubarris.net\/web40\/?p=83073"},"modified":"2024-08-04T11:35:31","modified_gmt":"2024-08-04T09:35:31","slug":"lajuntament-renovara-els-voltants-del-carrers-del-moli-i-de-flor-de-neu","status":"publish","type":"post","link":"https:\/\/www.noubarris.net\/web40\/lajuntament-renovara-els-voltants-del-carrers-del-moli-i-de-flor-de-neu\/","title":{"rendered":"L&#8217;Ajuntament renovar\u00e0 els voltants del carrers del Mol\u00ed i de Flor de Neu"},"content":{"rendered":"<p><strong>Les obres comen\u00e7aran aquest hivern i reformaran 5.000 m2 d&#8217;espai p\u00fablic<\/strong><\/p>\n<p>L\u2019Ajuntament de Barcelona invertir\u00e0 2,17 milions d\u2019euros procedents del Pla de Barris de la Prosperitat en la reforma i millora dels carrers del Mol\u00ed i de Flor de Neu. La inversi\u00f3 se centrar\u00e0 en aquests dos carrers, aix\u00ed com en els accessos i espais p\u00fablics al voltant de la resid\u00e8ncia de gent gran El Mol\u00ed i d&#8217;un dels patis de l&#8217;Institut Escola el Mol\u00ed. En total el projecte reformar\u00e0 5.000 metres quadrats. Els objectius s\u00f3n eliminar barreres arquitet\u00f2niques, potenciar els espais verds i refor\u00e7ar la percepci\u00f3 d\u2019aquest \u00e0mbit com un espai unitari.\u00a0\u201cAquesta inversi\u00f3 se suma a la transformaci\u00f3 que ja vam impulsar al consolidat Institut Escola el Mol\u00ed. Millorarem un espai p\u00fablic que donar\u00e0 m\u00e9s vida als estudiants d\u2019aquest institut escola, per\u00f2 tamb\u00e9 a la gent gran del centre de dia i de la resid\u00e8ncia, aix\u00ed com als ve\u00efns i ve\u00efnes de la zona nord de la Prosperitat\u201d, afirma Xavier Marc\u00e9, regidor de Nou Barris.<\/p>\n<p>En concret, s&#8217;ordenar\u00e0 de manera m\u00e9s clara els diferents espais de circulaci\u00f3, d\u2019estada o d\u2019aparcament; s&#8217;arranjaran les zones segons les diferents intensitats d\u2019\u00fas creant espais m\u00e9s tranquils i m\u00e9s din\u00e0mics; es dissenyaran espais inclusius i segurs per assegurar l&#8217;accessibilitat universal; s&#8217;introduiran elements de mobiliari que facilitin el confort i socialitzaci\u00f3; i es potenciaran els espais verds i la composici\u00f3 estructural de les esp\u00e8cies vegetals. El disseny de les zones verdes, per tant, passa per convertir-les en zones de confort per a les persones que facin m\u00e9s f\u00e0cil la regulaci\u00f3 i la mitigaci\u00f3 dels efectes de la calor i del soroll. Les obres permetran igualment la recuperaci\u00f3 i obertura com a espai p\u00fablic d\u2019un solar buit, que ara fa servir l&#8217;equipament educatiu.<\/p>\n<p><img decoding=\"async\" src=\"https:\/\/ajuntament.barcelona.cat\/premsa\/wp-content\/uploads\/2024\/08\/inv2.jpg\" \/><\/p>\n<p>Les obres comen\u00e7aran entre finals del 2024 i el primer trimestre del 2025, i l\u2019Ajuntament calcula que es prolongaran durant nou mesos en el cas dels entorns del carrer del Mol\u00ed entre l\u2019Institut Escola Mol\u00ed i el carrer de la Flor de Neu, i d\u2019uns quatre mesos m\u00e9s pel que fa \u00a0al tram del carrer del Mol\u00ed que segueix fins a la Via Fav\u00e8ncia i als accessos de la resid\u00e8ncia.<\/p>\n","protected":false},"excerpt":{"rendered":"<p>Les obres comen\u00e7aran aquest hivern i reformaran 5.000 m2 d&#8217;espai p\u00fablic L\u2019Ajuntament de Barcelona invertir\u00e0 2,17 milions d\u2019euros procedents del<\/p>\n","protected":false},"author":2,"featured_media":83074,"comment_status":"closed","ping_status":"closed","sticky":false,"template":"","format":"standard","meta":{"colormag_page_layout":"default_layout","_monsterinsights_skip_tracking":false,"_monsterinsights_sitenote_active":false,"_monsterinsights_sitenote_note":"","_monsterinsights_sitenote_category":0,"footnotes":""},"categories":[135,302],"tags":[360],"class_list":["post-83073","post","type-post","status-publish","format-standard","has-post-thumbnail","hentry","category-la-prosperitat","category-urbanisme","tag-obres"],"yoast_head":"<!-- This site is optimized with the Yoast SEO plugin v25.3 - https:\/\/yoast.com\/wordpress\/plugins\/seo\/ -->\n<title>L&#039;Ajuntament renovar\u00e0 els voltants del carrers del Mol\u00ed i de Flor de Neu - NouBarris.Net<\/title>\n<meta name=\"robots\" content=\"index, follow, max-snippet:-1, max-image-preview:large, max-video-preview:-1\" \/>\n<link rel=\"canonical\" href=\"https:\/\/www.noubarris.net\/web40\/lajuntament-renovara-els-voltants-del-carrers-del-moli-i-de-flor-de-neu\/\" \/>\n<meta property=\"og:locale\" content=\"ca_ES\" \/>\n<meta property=\"og:type\" content=\"article\" \/>\n<meta property=\"og:title\" content=\"L&#039;Ajuntament renovar\u00e0 els voltants del carrers del Mol\u00ed i de Flor de Neu - NouBarris.Net\" \/>\n<meta property=\"og:description\" content=\"Les obres comen\u00e7aran aquest hivern i reformaran 5.000 m2 d&#8217;espai p\u00fablic L\u2019Ajuntament de Barcelona invertir\u00e0 2,17 milions d\u2019euros procedents del\" \/>\n<meta property=\"og:url\" content=\"https:\/\/www.noubarris.net\/web40\/lajuntament-renovara-els-voltants-del-carrers-del-moli-i-de-flor-de-neu\/\" \/>\n<meta property=\"og:site_name\" content=\"NouBarris.Net\" \/>\n<meta property=\"article:publisher\" content=\"https:\/\/www.facebook.com\/NouBarris.net\/?locale=es_ES\" \/>\n<meta property=\"article:published_time\" content=\"2024-08-05T22:00:37+00:00\" \/>\n<meta property=\"og:image\" content=\"https:\/\/www.noubarris.net\/web40\/wp-content\/uploads\/2024\/08\/060824.jpg\" \/>\n\t<meta property=\"og:image:width\" content=\"768\" \/>\n\t<meta property=\"og:image:height\" content=\"432\" \/>\n\t<meta property=\"og:image:type\" content=\"image\/jpeg\" \/>\n<meta name=\"author\" content=\"Informatius\" \/>\n<meta name=\"twitter:card\" content=\"summary_large_image\" \/>\n<meta name=\"twitter:creator\" content=\"@9BTV\" \/>\n<meta name=\"twitter:site\" content=\"@9BTV\" \/>\n<meta name=\"twitter:label1\" content=\"Escrit per\" \/>\n\t<meta name=\"twitter:data1\" content=\"Informatius\" \/>\n\t<meta name=\"twitter:label2\" content=\"Temps estimat de lectura\" \/>\n\t<meta name=\"twitter:data2\" content=\"3 minuts\" \/>\n<script type=\"application\/ld+json\" class=\"yoast-schema-graph\">{\"@context\":\"https:\/\/schema.org\",\"@graph\":[{\"@type\":\"Article\",\"@id\":\"https:\/\/www.noubarris.net\/web40\/lajuntament-renovara-els-voltants-del-carrers-del-moli-i-de-flor-de-neu\/#article\",\"isPartOf\":{\"@id\":\"https:\/\/www.noubarris.net\/web40\/lajuntament-renovara-els-voltants-del-carrers-del-moli-i-de-flor-de-neu\/\"},\"author\":{\"name\":\"Informatius\",\"@id\":\"https:\/\/www.noubarris.net\/web40\/#\/schema\/person\/1827f92aaa316c54abbf4dac0de76069\"},\"headline\":\"L&#8217;Ajuntament renovar\u00e0 els voltants del carrers del Mol\u00ed i de Flor de Neu\",\"datePublished\":\"2024-08-05T22:00:37+00:00\",\"mainEntityOfPage\":{\"@id\":\"https:\/\/www.noubarris.net\/web40\/lajuntament-renovara-els-voltants-del-carrers-del-moli-i-de-flor-de-neu\/\"},\"wordCount\":410,\"publisher\":{\"@id\":\"https:\/\/www.noubarris.net\/web40\/#organization\"},\"image\":{\"@id\":\"https:\/\/www.noubarris.net\/web40\/lajuntament-renovara-els-voltants-del-carrers-del-moli-i-de-flor-de-neu\/#primaryimage\"},\"thumbnailUrl\":\"https:\/\/www.noubarris.net\/web40\/wp-content\/uploads\/2024\/08\/060824.jpg\",\"keywords\":[\"Obres\"],\"articleSection\":[\"La Prosperitat\",\"Urbanisme\"],\"inLanguage\":\"ca\"},{\"@type\":\"WebPage\",\"@id\":\"https:\/\/www.noubarris.net\/web40\/lajuntament-renovara-els-voltants-del-carrers-del-moli-i-de-flor-de-neu\/\",\"url\":\"https:\/\/www.noubarris.net\/web40\/lajuntament-renovara-els-voltants-del-carrers-del-moli-i-de-flor-de-neu\/\",\"name\":\"L'Ajuntament renovar\u00e0 els voltants del carrers del Mol\u00ed i de Flor de Neu - NouBarris.Net\",\"isPartOf\":{\"@id\":\"https:\/\/www.noubarris.net\/web40\/#website\"},\"primaryImageOfPage\":{\"@id\":\"https:\/\/www.noubarris.net\/web40\/lajuntament-renovara-els-voltants-del-carrers-del-moli-i-de-flor-de-neu\/#primaryimage\"},\"image\":{\"@id\":\"https:\/\/www.noubarris.net\/web40\/lajuntament-renovara-els-voltants-del-carrers-del-moli-i-de-flor-de-neu\/#primaryimage\"},\"thumbnailUrl\":\"https:\/\/www.noubarris.net\/web40\/wp-content\/uploads\/2024\/08\/060824.jpg\",\"datePublished\":\"2024-08-05T22:00:37+00:00\",\"breadcrumb\":{\"@id\":\"https:\/\/www.noubarris.net\/web40\/lajuntament-renovara-els-voltants-del-carrers-del-moli-i-de-flor-de-neu\/#breadcrumb\"},\"inLanguage\":\"ca\",\"potentialAction\":[{\"@type\":\"ReadAction\",\"target\":[\"https:\/\/www.noubarris.net\/web40\/lajuntament-renovara-els-voltants-del-carrers-del-moli-i-de-flor-de-neu\/\"]}]},{\"@type\":\"ImageObject\",\"inLanguage\":\"ca\",\"@id\":\"https:\/\/www.noubarris.net\/web40\/lajuntament-renovara-els-voltants-del-carrers-del-moli-i-de-flor-de-neu\/#primaryimage\",\"url\":\"https:\/\/www.noubarris.net\/web40\/wp-content\/uploads\/2024\/08\/060824.jpg\",\"contentUrl\":\"https:\/\/www.noubarris.net\/web40\/wp-content\/uploads\/2024\/08\/060824.jpg\",\"width\":768,\"height\":432},{\"@type\":\"BreadcrumbList\",\"@id\":\"https:\/\/www.noubarris.net\/web40\/lajuntament-renovara-els-voltants-del-carrers-del-moli-i-de-flor-de-neu\/#breadcrumb\",\"itemListElement\":[{\"@type\":\"ListItem\",\"position\":1,\"name\":\"Inici\",\"item\":\"https:\/\/www.noubarris.net\/web40\/\"},{\"@type\":\"ListItem\",\"position\":2,\"name\":\"L&#8217;Ajuntament renovar\u00e0 els voltants del carrers del Mol\u00ed i de Flor de Neu\"}]},{\"@type\":\"WebSite\",\"@id\":\"https:\/\/www.noubarris.net\/web40\/#website\",\"url\":\"https:\/\/www.noubarris.net\/web40\/\",\"name\":\"NouBarris.Net\",\"description\":\"Seguint la vida de Nou Barris des de 1985\",\"publisher\":{\"@id\":\"https:\/\/www.noubarris.net\/web40\/#organization\"},\"potentialAction\":[{\"@type\":\"SearchAction\",\"target\":{\"@type\":\"EntryPoint\",\"urlTemplate\":\"https:\/\/www.noubarris.net\/web40\/?s={search_term_string}\"},\"query-input\":{\"@type\":\"PropertyValueSpecification\",\"valueRequired\":true,\"valueName\":\"search_term_string\"}}],\"inLanguage\":\"ca\"},{\"@type\":\"Organization\",\"@id\":\"https:\/\/www.noubarris.net\/web40\/#organization\",\"name\":\"NouBarris.Net\",\"url\":\"https:\/\/www.noubarris.net\/web40\/\",\"logo\":{\"@type\":\"ImageObject\",\"inLanguage\":\"ca\",\"@id\":\"https:\/\/www.noubarris.net\/web40\/#\/schema\/logo\/image\/\",\"url\":\"https:\/\/www.noubarris.net\/web40\/wp-content\/uploads\/2024\/11\/cropped-cropped-LOGO_9BTV-2024_Insta-1.jpg\",\"contentUrl\":\"https:\/\/www.noubarris.net\/web40\/wp-content\/uploads\/2024\/11\/cropped-cropped-LOGO_9BTV-2024_Insta-1.jpg\",\"width\":512,\"height\":512,\"caption\":\"NouBarris.Net\"},\"image\":{\"@id\":\"https:\/\/www.noubarris.net\/web40\/#\/schema\/logo\/image\/\"},\"sameAs\":[\"https:\/\/www.facebook.com\/NouBarris.net\/?locale=es_ES\",\"https:\/\/x.com\/9BTV\"]},{\"@type\":\"Person\",\"@id\":\"https:\/\/www.noubarris.net\/web40\/#\/schema\/person\/1827f92aaa316c54abbf4dac0de76069\",\"name\":\"Informatius\",\"image\":{\"@type\":\"ImageObject\",\"inLanguage\":\"ca\",\"@id\":\"https:\/\/www.noubarris.net\/web40\/#\/schema\/person\/image\/\",\"url\":\"https:\/\/secure.gravatar.com\/avatar\/87a3b47928835fc72c6ee5b0e1a7263ef0c2d05003a98189bc14926c5f11bcdb?s=96&d=mm&r=g\",\"contentUrl\":\"https:\/\/secure.gravatar.com\/avatar\/87a3b47928835fc72c6ee5b0e1a7263ef0c2d05003a98189bc14926c5f11bcdb?s=96&d=mm&r=g\",\"caption\":\"Informatius\"},\"url\":\"https:\/\/www.noubarris.net\/web40\/author\/tele\/\"}]}<\/script>\n<!-- \/ Yoast SEO plugin. -->","yoast_head_json":{"title":"L'Ajuntament renovar\u00e0 els voltants del carrers del Mol\u00ed i de Flor de Neu - NouBarris.Net","robots":{"index":"index","follow":"follow","max-snippet":"max-snippet:-1","max-image-preview":"max-image-preview:large","max-video-preview":"max-video-preview:-1"},"canonical":"https:\/\/www.noubarris.net\/web40\/lajuntament-renovara-els-voltants-del-carrers-del-moli-i-de-flor-de-neu\/","og_locale":"ca_ES","og_type":"article","og_title":"L'Ajuntament renovar\u00e0 els voltants del carrers del Mol\u00ed i de Flor de Neu - NouBarris.Net","og_description":"Les obres comen\u00e7aran aquest hivern i reformaran 5.000 m2 d&#8217;espai p\u00fablic L\u2019Ajuntament de Barcelona invertir\u00e0 2,17 milions d\u2019euros procedents del","og_url":"https:\/\/www.noubarris.net\/web40\/lajuntament-renovara-els-voltants-del-carrers-del-moli-i-de-flor-de-neu\/","og_site_name":"NouBarris.Net","article_publisher":"https:\/\/www.facebook.com\/NouBarris.net\/?locale=es_ES","article_published_time":"2024-08-05T22:00:37+00:00","og_image":[{"width":768,"height":432,"url":"https:\/\/www.noubarris.net\/web40\/wp-content\/uploads\/2024\/08\/060824.jpg","type":"image\/jpeg"}],"author":"Informatius","twitter_card":"summary_large_image","twitter_creator":"@9BTV","twitter_site":"@9BTV","twitter_misc":{"Escrit per":"Informatius","Temps estimat de lectura":"3 minuts"},"schema":{"@context":"https:\/\/schema.org","@graph":[{"@type":"Article","@id":"https:\/\/www.noubarris.net\/web40\/lajuntament-renovara-els-voltants-del-carrers-del-moli-i-de-flor-de-neu\/#article","isPartOf":{"@id":"https:\/\/www.noubarris.net\/web40\/lajuntament-renovara-els-voltants-del-carrers-del-moli-i-de-flor-de-neu\/"},"author":{"name":"Informatius","@id":"https:\/\/www.noubarris.net\/web40\/#\/schema\/person\/1827f92aaa316c54abbf4dac0de76069"},"headline":"L&#8217;Ajuntament renovar\u00e0 els voltants del carrers del Mol\u00ed i de Flor de Neu","datePublished":"2024-08-05T22:00:37+00:00","mainEntityOfPage":{"@id":"https:\/\/www.noubarris.net\/web40\/lajuntament-renovara-els-voltants-del-carrers-del-moli-i-de-flor-de-neu\/"},"wordCount":410,"publisher":{"@id":"https:\/\/www.noubarris.net\/web40\/#organization"},"image":{"@id":"https:\/\/www.noubarris.net\/web40\/lajuntament-renovara-els-voltants-del-carrers-del-moli-i-de-flor-de-neu\/#primaryimage"},"thumbnailUrl":"https:\/\/www.noubarris.net\/web40\/wp-content\/uploads\/2024\/08\/060824.jpg","keywords":["Obres"],"articleSection":["La Prosperitat","Urbanisme"],"inLanguage":"ca"},{"@type":"WebPage","@id":"https:\/\/www.noubarris.net\/web40\/lajuntament-renovara-els-voltants-del-carrers-del-moli-i-de-flor-de-neu\/","url":"https:\/\/www.noubarris.net\/web40\/lajuntament-renovara-els-voltants-del-carrers-del-moli-i-de-flor-de-neu\/","name":"L'Ajuntament renovar\u00e0 els voltants del carrers del Mol\u00ed i de Flor de Neu - NouBarris.Net","isPartOf":{"@id":"https:\/\/www.noubarris.net\/web40\/#website"},"primaryImageOfPage":{"@id":"https:\/\/www.noubarris.net\/web40\/lajuntament-renovara-els-voltants-del-carrers-del-moli-i-de-flor-de-neu\/#primaryimage"},"image":{"@id":"https:\/\/www.noubarris.net\/web40\/lajuntament-renovara-els-voltants-del-carrers-del-moli-i-de-flor-de-neu\/#primaryimage"},"thumbnailUrl":"https:\/\/www.noubarris.net\/web40\/wp-content\/uploads\/2024\/08\/060824.jpg","datePublished":"2024-08-05T22:00:37+00:00","breadcrumb":{"@id":"https:\/\/www.noubarris.net\/web40\/lajuntament-renovara-els-voltants-del-carrers-del-moli-i-de-flor-de-neu\/#breadcrumb"},"inLanguage":"ca","potentialAction":[{"@type":"ReadAction","target":["https:\/\/www.noubarris.net\/web40\/lajuntament-renovara-els-voltants-del-carrers-del-moli-i-de-flor-de-neu\/"]}]},{"@type":"ImageObject","inLanguage":"ca","@id":"https:\/\/www.noubarris.net\/web40\/lajuntament-renovara-els-voltants-del-carrers-del-moli-i-de-flor-de-neu\/#primaryimage","url":"https:\/\/www.noubarris.net\/web40\/wp-content\/uploads\/2024\/08\/060824.jpg","contentUrl":"https:\/\/www.noubarris.net\/web40\/wp-content\/uploads\/2024\/08\/060824.jpg","width":768,"height":432},{"@type":"BreadcrumbList","@id":"https:\/\/www.noubarris.net\/web40\/lajuntament-renovara-els-voltants-del-carrers-del-moli-i-de-flor-de-neu\/#breadcrumb","itemListElement":[{"@type":"ListItem","position":1,"name":"Inici","item":"https:\/\/www.noubarris.net\/web40\/"},{"@type":"ListItem","position":2,"name":"L&#8217;Ajuntament renovar\u00e0 els voltants del carrers del Mol\u00ed i de Flor de Neu"}]},{"@type":"WebSite","@id":"https:\/\/www.noubarris.net\/web40\/#website","url":"https:\/\/www.noubarris.net\/web40\/","name":"NouBarris.Net","description":"Seguint la vida de Nou Barris des de 1985","publisher":{"@id":"https:\/\/www.noubarris.net\/web40\/#organization"},"potentialAction":[{"@type":"SearchAction","target":{"@type":"EntryPoint","urlTemplate":"https:\/\/www.noubarris.net\/web40\/?s={search_term_string}"},"query-input":{"@type":"PropertyValueSpecification","valueRequired":true,"valueName":"search_term_string"}}],"inLanguage":"ca"},{"@type":"Organization","@id":"https:\/\/www.noubarris.net\/web40\/#organization","name":"NouBarris.Net","url":"https:\/\/www.noubarris.net\/web40\/","logo":{"@type":"ImageObject","inLanguage":"ca","@id":"https:\/\/www.noubarris.net\/web40\/#\/schema\/logo\/image\/","url":"https:\/\/www.noubarris.net\/web40\/wp-content\/uploads\/2024\/11\/cropped-cropped-LOGO_9BTV-2024_Insta-1.jpg","contentUrl":"https:\/\/www.noubarris.net\/web40\/wp-content\/uploads\/2024\/11\/cropped-cropped-LOGO_9BTV-2024_Insta-1.jpg","width":512,"height":512,"caption":"NouBarris.Net"},"image":{"@id":"https:\/\/www.noubarris.net\/web40\/#\/schema\/logo\/image\/"},"sameAs":["https:\/\/www.facebook.com\/NouBarris.net\/?locale=es_ES","https:\/\/x.com\/9BTV"]},{"@type":"Person","@id":"https:\/\/www.noubarris.net\/web40\/#\/schema\/person\/1827f92aaa316c54abbf4dac0de76069","name":"Informatius","image":{"@type":"ImageObject","inLanguage":"ca","@id":"https:\/\/www.noubarris.net\/web40\/#\/schema\/person\/image\/","url":"https:\/\/secure.gravatar.com\/avatar\/87a3b47928835fc72c6ee5b0e1a7263ef0c2d05003a98189bc14926c5f11bcdb?s=96&d=mm&r=g","contentUrl":"https:\/\/secure.gravatar.com\/avatar\/87a3b47928835fc72c6ee5b0e1a7263ef0c2d05003a98189bc14926c5f11bcdb?s=96&d=mm&r=g","caption":"Informatius"},"url":"https:\/\/www.noubarris.net\/web40\/author\/tele\/"}]}},"_links":{"self":[{"href":"https:\/\/www.noubarris.net\/web40\/wp-json\/wp\/v2\/posts\/83073","targetHints":{"allow":["GET"]}}],"collection":[{"href":"https:\/\/www.noubarris.net\/web40\/wp-json\/wp\/v2\/posts"}],"about":[{"href":"https:\/\/www.noubarris.net\/web40\/wp-json\/wp\/v2\/types\/post"}],"author":[{"embeddable":true,"href":"https:\/\/www.noubarris.net\/web40\/wp-json\/wp\/v2\/users\/2"}],"replies":[{"embeddable":true,"href":"https:\/\/www.noubarris.net\/web40\/wp-json\/wp\/v2\/comments?post=83073"}],"version-history":[{"count":1,"href":"https:\/\/www.noubarris.net\/web40\/wp-json\/wp\/v2\/posts\/83073\/revisions"}],"predecessor-version":[{"id":83075,"href":"https:\/\/www.noubarris.net\/web40\/wp-json\/wp\/v2\/posts\/83073\/revisions\/83075"}],"wp:featuredmedia":[{"embeddable":true,"href":"https:\/\/www.noubarris.net\/web40\/wp-json\/wp\/v2\/media\/83074"}],"wp:attachment":[{"href":"https:\/\/www.noubarris.net\/web40\/wp-json\/wp\/v2\/media?parent=83073"}],"wp:term":[{"taxonomy":"category","embeddable":true,"href":"https:\/\/www.noubarris.net\/web40\/wp-json\/wp\/v2\/categories?post=83073"},{"taxonomy":"post_tag","embeddable":true,"href":"https:\/\/www.noubarris.net\/web40\/wp-json\/wp\/v2\/tags?post=83073"}],"curies":[{"name":"wp","href":"https:\/\/api.w.org\/{rel}","templated":true}]}}