{"id":83077,"date":"2024-08-13T00:00:05","date_gmt":"2024-08-12T22:00:05","guid":{"rendered":"http:\/\/www.noubarris.net\/web40\/?p=83077"},"modified":"2024-08-11T19:36:05","modified_gmt":"2024-08-11T17:36:05","slug":"les-histories-del-relligant-nou-barris-santa-eulalia-de-vilapicina","status":"publish","type":"post","link":"https:\/\/www.noubarris.net\/web40\/les-histories-del-relligant-nou-barris-santa-eulalia-de-vilapicina\/","title":{"rendered":"Les hist\u00f2ries del Relligant Nou Barris: Santa Eul\u00e0lia de Vilapicina"},"content":{"rendered":"<p><strong>Un santuari mil\u00b7lenari reedificat al segle XVIIII\u00a0<\/strong><\/p>\n<p>Aquests dies de calor us convidem a passejar virtualment pel passat de Nou Barris i el seu patrimoni hist\u00f2ric a trav\u00e9s del web <a href=\"http:\/\/www.noubarris.net\/relligantnb\/\" target=\"_blank\" rel=\"noopener noreferrer\">Relligant Nou Barris<\/a>. \u00c9s el projecte conjunt de museu virtual creat entre l\u2019Arxiu Hist\u00f2ric de Roquetes-Nou Barris i l&#8217;Associaci\u00f3 Projectart (gestors de Nou Barris Net i Nou Barris Televisi\u00f3). Al web s&#8217;hi explica la hist\u00f2ria de cada element amb imatges i fotografies hist\u00f2riques. Tamb\u00e9 s&#8217;han tra\u00e7at\u00a0 rutes tem\u00e0tiques o per barris per convidar-vos a veure de prop\u00a0 les masies, equipaments o escultures. En una vintena d\u2019aquests llocs tamb\u00e9 hi trobareu el faristol del projecte, amb un resum hist\u00f2ric de l\u2019element i el QR que us enlla\u00e7a al v\u00eddeo explicatiu. En total s\u00f3n 51 v\u00eddeos amb 51 hist\u00f2ries de Nou Barris.<\/p>\n<p>Avui us apropem un dels elements hist\u00f2rics m\u00e9s antics del districte: <a href=\"http:\/\/www.noubarris.net\/relligantnb\/?p=186\"><span style=\"font-size: 14pt;\"><strong>el santuari de Santa Eul\u00e0lia de Vilapicina<\/strong><\/span><\/a>. Forma part del conjunt hist\u00f2ric del Carrer de Pere d\u2019Art\u00e9s. Fa m\u00e9s de 1.000 anys que hi ha una esgl\u00e9sia en aquest indret, com demostren els documents que es conserven dels anys 991 i 999 que hi fan refer\u00e8ncia. Tamb\u00e9 apareix citada en un testament sacramental de l\u2019any 1017, en qu\u00e8 es pot llegir: \u201cL\u2019altar de Santa Eul\u00e0lia verge i m\u00e0rtir que tenia la seva baselica al lloc que en deien Villa Picinna\u201d.<\/p>\n<p><iframe loading=\"lazy\" title=\"Santa Eul\u00e0lia de Vilapicina\" width=\"800\" height=\"450\" src=\"https:\/\/www.youtube.com\/embed\/2PBQ5T_1BAw?feature=oembed\" frameborder=\"0\" allow=\"accelerometer; autoplay; clipboard-write; encrypted-media; gyroscope; picture-in-picture; web-share\" referrerpolicy=\"strict-origin-when-cross-origin\" allowfullscreen><\/iframe><\/p>\n","protected":false},"excerpt":{"rendered":"<p>Un santuari mil\u00b7lenari reedificat al segle XVIIII\u00a0 Aquests dies de calor us convidem a passejar virtualment pel passat de Nou<\/p>\n","protected":false},"author":2,"featured_media":83078,"comment_status":"closed","ping_status":"closed","sticky":false,"template":"","format":"standard","meta":{"colormag_page_layout":"default_layout","_monsterinsights_skip_tracking":false,"_monsterinsights_sitenote_active":false,"_monsterinsights_sitenote_note":"","_monsterinsights_sitenote_category":0,"footnotes":""},"categories":[129,142],"tags":[235,242],"class_list":["post-83077","post","type-post","status-publish","format-standard","has-post-thumbnail","hentry","category-cultura","category-vilapicina-i-la-torre-llobeta","tag-patrimoni","tag-relligant-nou-barris"],"yoast_head":"<!-- This site is optimized with the Yoast SEO plugin v25.3 - https:\/\/yoast.com\/wordpress\/plugins\/seo\/ -->\n<title>Les hist\u00f2ries del Relligant Nou Barris: Santa Eul\u00e0lia de Vilapicina - NouBarris.Net<\/title>\n<meta name=\"robots\" content=\"index, follow, max-snippet:-1, max-image-preview:large, max-video-preview:-1\" \/>\n<link rel=\"canonical\" href=\"https:\/\/www.noubarris.net\/web40\/les-histories-del-relligant-nou-barris-santa-eulalia-de-vilapicina\/\" \/>\n<meta property=\"og:locale\" content=\"ca_ES\" \/>\n<meta property=\"og:type\" content=\"article\" \/>\n<meta property=\"og:title\" content=\"Les hist\u00f2ries del Relligant Nou Barris: Santa Eul\u00e0lia de Vilapicina - NouBarris.Net\" \/>\n<meta property=\"og:description\" content=\"Un santuari mil\u00b7lenari reedificat al segle XVIIII\u00a0 Aquests dies de calor us convidem a passejar virtualment pel passat de Nou\" \/>\n<meta property=\"og:url\" content=\"https:\/\/www.noubarris.net\/web40\/les-histories-del-relligant-nou-barris-santa-eulalia-de-vilapicina\/\" \/>\n<meta property=\"og:site_name\" content=\"NouBarris.Net\" \/>\n<meta property=\"article:publisher\" content=\"https:\/\/www.facebook.com\/NouBarris.net\/?locale=es_ES\" \/>\n<meta property=\"article:published_time\" content=\"2024-08-12T22:00:05+00:00\" \/>\n<meta property=\"og:image\" content=\"https:\/\/www.noubarris.net\/web40\/wp-content\/uploads\/2024\/08\/santaeulalia.jpg\" \/>\n\t<meta property=\"og:image:width\" content=\"768\" \/>\n\t<meta property=\"og:image:height\" content=\"432\" \/>\n\t<meta property=\"og:image:type\" content=\"image\/jpeg\" \/>\n<meta name=\"author\" content=\"Informatius\" \/>\n<meta name=\"twitter:card\" content=\"summary_large_image\" \/>\n<meta name=\"twitter:creator\" content=\"@9BTV\" \/>\n<meta name=\"twitter:site\" content=\"@9BTV\" \/>\n<meta name=\"twitter:label1\" content=\"Escrit per\" \/>\n\t<meta name=\"twitter:data1\" content=\"Informatius\" \/>\n\t<meta name=\"twitter:label2\" content=\"Temps estimat de lectura\" \/>\n\t<meta name=\"twitter:data2\" content=\"2 minuts\" \/>\n<script type=\"application\/ld+json\" class=\"yoast-schema-graph\">{\"@context\":\"https:\/\/schema.org\",\"@graph\":[{\"@type\":\"Article\",\"@id\":\"https:\/\/www.noubarris.net\/web40\/les-histories-del-relligant-nou-barris-santa-eulalia-de-vilapicina\/#article\",\"isPartOf\":{\"@id\":\"https:\/\/www.noubarris.net\/web40\/les-histories-del-relligant-nou-barris-santa-eulalia-de-vilapicina\/\"},\"author\":{\"name\":\"Informatius\",\"@id\":\"https:\/\/www.noubarris.net\/web40\/#\/schema\/person\/1827f92aaa316c54abbf4dac0de76069\"},\"headline\":\"Les hist\u00f2ries del Relligant Nou Barris: Santa Eul\u00e0lia de Vilapicina\",\"datePublished\":\"2024-08-12T22:00:05+00:00\",\"mainEntityOfPage\":{\"@id\":\"https:\/\/www.noubarris.net\/web40\/les-histories-del-relligant-nou-barris-santa-eulalia-de-vilapicina\/\"},\"wordCount\":266,\"publisher\":{\"@id\":\"https:\/\/www.noubarris.net\/web40\/#organization\"},\"image\":{\"@id\":\"https:\/\/www.noubarris.net\/web40\/les-histories-del-relligant-nou-barris-santa-eulalia-de-vilapicina\/#primaryimage\"},\"thumbnailUrl\":\"https:\/\/www.noubarris.net\/web40\/wp-content\/uploads\/2024\/08\/santaeulalia.jpg\",\"keywords\":[\"patrimoni\",\"Relligant Nou Barris\"],\"articleSection\":[\"Cultura\",\"Vilapicina i la Torre Llobeta\"],\"inLanguage\":\"ca\"},{\"@type\":\"WebPage\",\"@id\":\"https:\/\/www.noubarris.net\/web40\/les-histories-del-relligant-nou-barris-santa-eulalia-de-vilapicina\/\",\"url\":\"https:\/\/www.noubarris.net\/web40\/les-histories-del-relligant-nou-barris-santa-eulalia-de-vilapicina\/\",\"name\":\"Les hist\u00f2ries del Relligant Nou Barris: Santa Eul\u00e0lia de Vilapicina - NouBarris.Net\",\"isPartOf\":{\"@id\":\"https:\/\/www.noubarris.net\/web40\/#website\"},\"primaryImageOfPage\":{\"@id\":\"https:\/\/www.noubarris.net\/web40\/les-histories-del-relligant-nou-barris-santa-eulalia-de-vilapicina\/#primaryimage\"},\"image\":{\"@id\":\"https:\/\/www.noubarris.net\/web40\/les-histories-del-relligant-nou-barris-santa-eulalia-de-vilapicina\/#primaryimage\"},\"thumbnailUrl\":\"https:\/\/www.noubarris.net\/web40\/wp-content\/uploads\/2024\/08\/santaeulalia.jpg\",\"datePublished\":\"2024-08-12T22:00:05+00:00\",\"breadcrumb\":{\"@id\":\"https:\/\/www.noubarris.net\/web40\/les-histories-del-relligant-nou-barris-santa-eulalia-de-vilapicina\/#breadcrumb\"},\"inLanguage\":\"ca\",\"potentialAction\":[{\"@type\":\"ReadAction\",\"target\":[\"https:\/\/www.noubarris.net\/web40\/les-histories-del-relligant-nou-barris-santa-eulalia-de-vilapicina\/\"]}]},{\"@type\":\"ImageObject\",\"inLanguage\":\"ca\",\"@id\":\"https:\/\/www.noubarris.net\/web40\/les-histories-del-relligant-nou-barris-santa-eulalia-de-vilapicina\/#primaryimage\",\"url\":\"https:\/\/www.noubarris.net\/web40\/wp-content\/uploads\/2024\/08\/santaeulalia.jpg\",\"contentUrl\":\"https:\/\/www.noubarris.net\/web40\/wp-content\/uploads\/2024\/08\/santaeulalia.jpg\",\"width\":768,\"height\":432},{\"@type\":\"BreadcrumbList\",\"@id\":\"https:\/\/www.noubarris.net\/web40\/les-histories-del-relligant-nou-barris-santa-eulalia-de-vilapicina\/#breadcrumb\",\"itemListElement\":[{\"@type\":\"ListItem\",\"position\":1,\"name\":\"Inici\",\"item\":\"https:\/\/www.noubarris.net\/web40\/\"},{\"@type\":\"ListItem\",\"position\":2,\"name\":\"Les hist\u00f2ries del Relligant Nou Barris: Santa Eul\u00e0lia de Vilapicina\"}]},{\"@type\":\"WebSite\",\"@id\":\"https:\/\/www.noubarris.net\/web40\/#website\",\"url\":\"https:\/\/www.noubarris.net\/web40\/\",\"name\":\"NouBarris.Net\",\"description\":\"Seguint la vida de Nou Barris des de 1985\",\"publisher\":{\"@id\":\"https:\/\/www.noubarris.net\/web40\/#organization\"},\"potentialAction\":[{\"@type\":\"SearchAction\",\"target\":{\"@type\":\"EntryPoint\",\"urlTemplate\":\"https:\/\/www.noubarris.net\/web40\/?s={search_term_string}\"},\"query-input\":{\"@type\":\"PropertyValueSpecification\",\"valueRequired\":true,\"valueName\":\"search_term_string\"}}],\"inLanguage\":\"ca\"},{\"@type\":\"Organization\",\"@id\":\"https:\/\/www.noubarris.net\/web40\/#organization\",\"name\":\"NouBarris.Net\",\"url\":\"https:\/\/www.noubarris.net\/web40\/\",\"logo\":{\"@type\":\"ImageObject\",\"inLanguage\":\"ca\",\"@id\":\"https:\/\/www.noubarris.net\/web40\/#\/schema\/logo\/image\/\",\"url\":\"https:\/\/www.noubarris.net\/web40\/wp-content\/uploads\/2024\/11\/cropped-cropped-LOGO_9BTV-2024_Insta-1.jpg\",\"contentUrl\":\"https:\/\/www.noubarris.net\/web40\/wp-content\/uploads\/2024\/11\/cropped-cropped-LOGO_9BTV-2024_Insta-1.jpg\",\"width\":512,\"height\":512,\"caption\":\"NouBarris.Net\"},\"image\":{\"@id\":\"https:\/\/www.noubarris.net\/web40\/#\/schema\/logo\/image\/\"},\"sameAs\":[\"https:\/\/www.facebook.com\/NouBarris.net\/?locale=es_ES\",\"https:\/\/x.com\/9BTV\"]},{\"@type\":\"Person\",\"@id\":\"https:\/\/www.noubarris.net\/web40\/#\/schema\/person\/1827f92aaa316c54abbf4dac0de76069\",\"name\":\"Informatius\",\"image\":{\"@type\":\"ImageObject\",\"inLanguage\":\"ca\",\"@id\":\"https:\/\/www.noubarris.net\/web40\/#\/schema\/person\/image\/\",\"url\":\"https:\/\/secure.gravatar.com\/avatar\/87a3b47928835fc72c6ee5b0e1a7263ef0c2d05003a98189bc14926c5f11bcdb?s=96&d=mm&r=g\",\"contentUrl\":\"https:\/\/secure.gravatar.com\/avatar\/87a3b47928835fc72c6ee5b0e1a7263ef0c2d05003a98189bc14926c5f11bcdb?s=96&d=mm&r=g\",\"caption\":\"Informatius\"},\"url\":\"https:\/\/www.noubarris.net\/web40\/author\/tele\/\"}]}<\/script>\n<!-- \/ Yoast SEO plugin. -->","yoast_head_json":{"title":"Les hist\u00f2ries del Relligant Nou Barris: Santa Eul\u00e0lia de Vilapicina - NouBarris.Net","robots":{"index":"index","follow":"follow","max-snippet":"max-snippet:-1","max-image-preview":"max-image-preview:large","max-video-preview":"max-video-preview:-1"},"canonical":"https:\/\/www.noubarris.net\/web40\/les-histories-del-relligant-nou-barris-santa-eulalia-de-vilapicina\/","og_locale":"ca_ES","og_type":"article","og_title":"Les hist\u00f2ries del Relligant Nou Barris: Santa Eul\u00e0lia de Vilapicina - NouBarris.Net","og_description":"Un santuari mil\u00b7lenari reedificat al segle XVIIII\u00a0 Aquests dies de calor us convidem a passejar virtualment pel passat de Nou","og_url":"https:\/\/www.noubarris.net\/web40\/les-histories-del-relligant-nou-barris-santa-eulalia-de-vilapicina\/","og_site_name":"NouBarris.Net","article_publisher":"https:\/\/www.facebook.com\/NouBarris.net\/?locale=es_ES","article_published_time":"2024-08-12T22:00:05+00:00","og_image":[{"width":768,"height":432,"url":"https:\/\/www.noubarris.net\/web40\/wp-content\/uploads\/2024\/08\/santaeulalia.jpg","type":"image\/jpeg"}],"author":"Informatius","twitter_card":"summary_large_image","twitter_creator":"@9BTV","twitter_site":"@9BTV","twitter_misc":{"Escrit per":"Informatius","Temps estimat de lectura":"2 minuts"},"schema":{"@context":"https:\/\/schema.org","@graph":[{"@type":"Article","@id":"https:\/\/www.noubarris.net\/web40\/les-histories-del-relligant-nou-barris-santa-eulalia-de-vilapicina\/#article","isPartOf":{"@id":"https:\/\/www.noubarris.net\/web40\/les-histories-del-relligant-nou-barris-santa-eulalia-de-vilapicina\/"},"author":{"name":"Informatius","@id":"https:\/\/www.noubarris.net\/web40\/#\/schema\/person\/1827f92aaa316c54abbf4dac0de76069"},"headline":"Les hist\u00f2ries del Relligant Nou Barris: Santa Eul\u00e0lia de Vilapicina","datePublished":"2024-08-12T22:00:05+00:00","mainEntityOfPage":{"@id":"https:\/\/www.noubarris.net\/web40\/les-histories-del-relligant-nou-barris-santa-eulalia-de-vilapicina\/"},"wordCount":266,"publisher":{"@id":"https:\/\/www.noubarris.net\/web40\/#organization"},"image":{"@id":"https:\/\/www.noubarris.net\/web40\/les-histories-del-relligant-nou-barris-santa-eulalia-de-vilapicina\/#primaryimage"},"thumbnailUrl":"https:\/\/www.noubarris.net\/web40\/wp-content\/uploads\/2024\/08\/santaeulalia.jpg","keywords":["patrimoni","Relligant Nou Barris"],"articleSection":["Cultura","Vilapicina i la Torre Llobeta"],"inLanguage":"ca"},{"@type":"WebPage","@id":"https:\/\/www.noubarris.net\/web40\/les-histories-del-relligant-nou-barris-santa-eulalia-de-vilapicina\/","url":"https:\/\/www.noubarris.net\/web40\/les-histories-del-relligant-nou-barris-santa-eulalia-de-vilapicina\/","name":"Les hist\u00f2ries del Relligant Nou Barris: Santa Eul\u00e0lia de Vilapicina - NouBarris.Net","isPartOf":{"@id":"https:\/\/www.noubarris.net\/web40\/#website"},"primaryImageOfPage":{"@id":"https:\/\/www.noubarris.net\/web40\/les-histories-del-relligant-nou-barris-santa-eulalia-de-vilapicina\/#primaryimage"},"image":{"@id":"https:\/\/www.noubarris.net\/web40\/les-histories-del-relligant-nou-barris-santa-eulalia-de-vilapicina\/#primaryimage"},"thumbnailUrl":"https:\/\/www.noubarris.net\/web40\/wp-content\/uploads\/2024\/08\/santaeulalia.jpg","datePublished":"2024-08-12T22:00:05+00:00","breadcrumb":{"@id":"https:\/\/www.noubarris.net\/web40\/les-histories-del-relligant-nou-barris-santa-eulalia-de-vilapicina\/#breadcrumb"},"inLanguage":"ca","potentialAction":[{"@type":"ReadAction","target":["https:\/\/www.noubarris.net\/web40\/les-histories-del-relligant-nou-barris-santa-eulalia-de-vilapicina\/"]}]},{"@type":"ImageObject","inLanguage":"ca","@id":"https:\/\/www.noubarris.net\/web40\/les-histories-del-relligant-nou-barris-santa-eulalia-de-vilapicina\/#primaryimage","url":"https:\/\/www.noubarris.net\/web40\/wp-content\/uploads\/2024\/08\/santaeulalia.jpg","contentUrl":"https:\/\/www.noubarris.net\/web40\/wp-content\/uploads\/2024\/08\/santaeulalia.jpg","width":768,"height":432},{"@type":"BreadcrumbList","@id":"https:\/\/www.noubarris.net\/web40\/les-histories-del-relligant-nou-barris-santa-eulalia-de-vilapicina\/#breadcrumb","itemListElement":[{"@type":"ListItem","position":1,"name":"Inici","item":"https:\/\/www.noubarris.net\/web40\/"},{"@type":"ListItem","position":2,"name":"Les hist\u00f2ries del Relligant Nou Barris: Santa Eul\u00e0lia de Vilapicina"}]},{"@type":"WebSite","@id":"https:\/\/www.noubarris.net\/web40\/#website","url":"https:\/\/www.noubarris.net\/web40\/","name":"NouBarris.Net","description":"Seguint la vida de Nou Barris des de 1985","publisher":{"@id":"https:\/\/www.noubarris.net\/web40\/#organization"},"potentialAction":[{"@type":"SearchAction","target":{"@type":"EntryPoint","urlTemplate":"https:\/\/www.noubarris.net\/web40\/?s={search_term_string}"},"query-input":{"@type":"PropertyValueSpecification","valueRequired":true,"valueName":"search_term_string"}}],"inLanguage":"ca"},{"@type":"Organization","@id":"https:\/\/www.noubarris.net\/web40\/#organization","name":"NouBarris.Net","url":"https:\/\/www.noubarris.net\/web40\/","logo":{"@type":"ImageObject","inLanguage":"ca","@id":"https:\/\/www.noubarris.net\/web40\/#\/schema\/logo\/image\/","url":"https:\/\/www.noubarris.net\/web40\/wp-content\/uploads\/2024\/11\/cropped-cropped-LOGO_9BTV-2024_Insta-1.jpg","contentUrl":"https:\/\/www.noubarris.net\/web40\/wp-content\/uploads\/2024\/11\/cropped-cropped-LOGO_9BTV-2024_Insta-1.jpg","width":512,"height":512,"caption":"NouBarris.Net"},"image":{"@id":"https:\/\/www.noubarris.net\/web40\/#\/schema\/logo\/image\/"},"sameAs":["https:\/\/www.facebook.com\/NouBarris.net\/?locale=es_ES","https:\/\/x.com\/9BTV"]},{"@type":"Person","@id":"https:\/\/www.noubarris.net\/web40\/#\/schema\/person\/1827f92aaa316c54abbf4dac0de76069","name":"Informatius","image":{"@type":"ImageObject","inLanguage":"ca","@id":"https:\/\/www.noubarris.net\/web40\/#\/schema\/person\/image\/","url":"https:\/\/secure.gravatar.com\/avatar\/87a3b47928835fc72c6ee5b0e1a7263ef0c2d05003a98189bc14926c5f11bcdb?s=96&d=mm&r=g","contentUrl":"https:\/\/secure.gravatar.com\/avatar\/87a3b47928835fc72c6ee5b0e1a7263ef0c2d05003a98189bc14926c5f11bcdb?s=96&d=mm&r=g","caption":"Informatius"},"url":"https:\/\/www.noubarris.net\/web40\/author\/tele\/"}]}},"_links":{"self":[{"href":"https:\/\/www.noubarris.net\/web40\/wp-json\/wp\/v2\/posts\/83077","targetHints":{"allow":["GET"]}}],"collection":[{"href":"https:\/\/www.noubarris.net\/web40\/wp-json\/wp\/v2\/posts"}],"about":[{"href":"https:\/\/www.noubarris.net\/web40\/wp-json\/wp\/v2\/types\/post"}],"author":[{"embeddable":true,"href":"https:\/\/www.noubarris.net\/web40\/wp-json\/wp\/v2\/users\/2"}],"replies":[{"embeddable":true,"href":"https:\/\/www.noubarris.net\/web40\/wp-json\/wp\/v2\/comments?post=83077"}],"version-history":[{"count":1,"href":"https:\/\/www.noubarris.net\/web40\/wp-json\/wp\/v2\/posts\/83077\/revisions"}],"predecessor-version":[{"id":83079,"href":"https:\/\/www.noubarris.net\/web40\/wp-json\/wp\/v2\/posts\/83077\/revisions\/83079"}],"wp:featuredmedia":[{"embeddable":true,"href":"https:\/\/www.noubarris.net\/web40\/wp-json\/wp\/v2\/media\/83078"}],"wp:attachment":[{"href":"https:\/\/www.noubarris.net\/web40\/wp-json\/wp\/v2\/media?parent=83077"}],"wp:term":[{"taxonomy":"category","embeddable":true,"href":"https:\/\/www.noubarris.net\/web40\/wp-json\/wp\/v2\/categories?post=83077"},{"taxonomy":"post_tag","embeddable":true,"href":"https:\/\/www.noubarris.net\/web40\/wp-json\/wp\/v2\/tags?post=83077"}],"curies":[{"name":"wp","href":"https:\/\/api.w.org\/{rel}","templated":true}]}}