{"id":83081,"date":"2024-08-16T00:00:07","date_gmt":"2024-08-15T22:00:07","guid":{"rendered":"http:\/\/www.noubarris.net\/web40\/?p=83081"},"modified":"2024-08-04T12:06:12","modified_gmt":"2024-08-04T10:06:12","slug":"les-histories-del-relligant-nou-barris-lorigen-de-canyelles","status":"publish","type":"post","link":"https:\/\/www.noubarris.net\/web40\/les-histories-del-relligant-nou-barris-lorigen-de-canyelles\/","title":{"rendered":"Les hist\u00f2ries del Relligant Nou Barris: l&#8217;origen de Canyelles"},"content":{"rendered":"<p><strong>El barri es va edificar sobre l&#8217;antiga barriada de la Guineueta Vella<\/strong><\/p>\n<p>Aquests dies de calor us convidem a passejar virtualment pel passat de Nou Barris i el seu patrimoni hist\u00f2ric a trav\u00e9s del web <a href=\"http:\/\/www.noubarris.net\/relligantnb\/\" target=\"_blank\" rel=\"noopener noreferrer\">Relligant Nou Barris<\/a>. \u00c9s el projecte conjunt de museu virtual creat entre l\u2019Arxiu Hist\u00f2ric de Roquetes-Nou Barris i l&#8217;Associaci\u00f3 Projectart (gestors de Nou Barris Net i Nou Barris Televisi\u00f3). Al web s&#8217;hi explica la hist\u00f2ria de cada element amb imatges i fotografies hist\u00f2riques. Tamb\u00e9 s&#8217;han tra\u00e7at\u00a0 rutes tem\u00e0tiques o per barris per convidar-vos a veure de prop\u00a0 les masies, equipaments o escultures. En una vintena d\u2019aquests llocs tamb\u00e9 hi trobareu el faristol del projecte, amb un resum hist\u00f2ric de l\u2019element i el QR que us enlla\u00e7a al v\u00eddeo explicatiu. En total s\u00f3n 51 v\u00eddeos amb 51 hist\u00f2ries de Nou Barris.<\/p>\n<p>Avui \u00e9s el torn de l\u2019origen del barri de<span style=\"font-size: 14pt;\"><strong>\u00a0<a href=\"http:\/\/www.noubarris.net\/relligantnb\/?p=2503\" target=\"_blank\" rel=\"noopener noreferrer\">Canyelles<\/a>.<\/strong><\/span> El barri es va erigir sobre les runes de la Guineueta Vella, un conjunt de cases baixes i d\u2019autoconstrucci\u00f3 que s\u2019havia aixecat al primer ter\u00e7 del segle XX als voltants de Can Guineueta. Gran part dels ve\u00efns van sobreviure al canvi del barri gr\u00e0cies al pols amb l\u2019Ajuntament per quedar-se a la zona.<\/p>\n<p><iframe loading=\"lazy\" src=\"https:\/\/www.youtube.com\/embed\/MMLztBefYlg\" width=\"560\" height=\"315\" frameborder=\"0\" allowfullscreen=\"allowfullscreen\" data-mce-fragment=\"1\"><\/iframe><\/p>\n<div class=\"addtoany_share_save_container addtoany_content addtoany_content_bottom\">\n<div class=\"a2a_kit a2a_kit_size_32 addtoany_list\" data-a2a-url=\"https:\/\/www.noubarris.net\/web40\/?p=74408\" data-a2a-title=\"Canyelles i la Guineueta Vella\"><\/div>\n<\/div>\n","protected":false},"excerpt":{"rendered":"<p>El barri es va edificar sobre l&#8217;antiga barriada de la Guineueta Vella Aquests dies de calor us convidem a passejar<\/p>\n","protected":false},"author":2,"featured_media":83082,"comment_status":"closed","ping_status":"closed","sticky":false,"template":"","format":"standard","meta":{"colormag_page_layout":"default_layout","_monsterinsights_skip_tracking":false,"_monsterinsights_sitenote_active":false,"_monsterinsights_sitenote_note":"","_monsterinsights_sitenote_category":0,"footnotes":""},"categories":[131,129],"tags":[744,242],"class_list":["post-83081","post","type-post","status-publish","format-standard","has-post-thumbnail","hentry","category-canyelles","category-cultura","tag-guineueta-vella","tag-relligant-nou-barris"],"yoast_head":"<!-- This site is optimized with the Yoast SEO plugin v25.3 - https:\/\/yoast.com\/wordpress\/plugins\/seo\/ -->\n<title>Les hist\u00f2ries del Relligant Nou Barris: l&#039;origen de Canyelles - NouBarris.Net<\/title>\n<meta name=\"robots\" content=\"index, follow, max-snippet:-1, max-image-preview:large, max-video-preview:-1\" \/>\n<link rel=\"canonical\" href=\"https:\/\/www.noubarris.net\/web40\/les-histories-del-relligant-nou-barris-lorigen-de-canyelles\/\" \/>\n<meta property=\"og:locale\" content=\"ca_ES\" \/>\n<meta property=\"og:type\" content=\"article\" \/>\n<meta property=\"og:title\" content=\"Les hist\u00f2ries del Relligant Nou Barris: l&#039;origen de Canyelles - NouBarris.Net\" \/>\n<meta property=\"og:description\" content=\"El barri es va edificar sobre l&#8217;antiga barriada de la Guineueta Vella Aquests dies de calor us convidem a passejar\" \/>\n<meta property=\"og:url\" content=\"https:\/\/www.noubarris.net\/web40\/les-histories-del-relligant-nou-barris-lorigen-de-canyelles\/\" \/>\n<meta property=\"og:site_name\" content=\"NouBarris.Net\" \/>\n<meta property=\"article:publisher\" content=\"https:\/\/www.facebook.com\/NouBarris.net\/?locale=es_ES\" \/>\n<meta property=\"article:published_time\" content=\"2024-08-15T22:00:07+00:00\" \/>\n<meta property=\"og:image\" content=\"https:\/\/www.noubarris.net\/web40\/wp-content\/uploads\/2024\/08\/guineuetavella.jpg\" \/>\n\t<meta property=\"og:image:width\" content=\"768\" \/>\n\t<meta property=\"og:image:height\" content=\"432\" \/>\n\t<meta property=\"og:image:type\" content=\"image\/jpeg\" \/>\n<meta name=\"author\" content=\"Informatius\" \/>\n<meta name=\"twitter:card\" content=\"summary_large_image\" \/>\n<meta name=\"twitter:creator\" content=\"@9BTV\" \/>\n<meta name=\"twitter:site\" content=\"@9BTV\" \/>\n<meta name=\"twitter:label1\" content=\"Escrit per\" \/>\n\t<meta name=\"twitter:data1\" content=\"Informatius\" \/>\n\t<meta name=\"twitter:label2\" content=\"Temps estimat de lectura\" \/>\n\t<meta name=\"twitter:data2\" content=\"2 minuts\" \/>\n<script type=\"application\/ld+json\" class=\"yoast-schema-graph\">{\"@context\":\"https:\/\/schema.org\",\"@graph\":[{\"@type\":\"Article\",\"@id\":\"https:\/\/www.noubarris.net\/web40\/les-histories-del-relligant-nou-barris-lorigen-de-canyelles\/#article\",\"isPartOf\":{\"@id\":\"https:\/\/www.noubarris.net\/web40\/les-histories-del-relligant-nou-barris-lorigen-de-canyelles\/\"},\"author\":{\"name\":\"Informatius\",\"@id\":\"https:\/\/www.noubarris.net\/web40\/#\/schema\/person\/1827f92aaa316c54abbf4dac0de76069\"},\"headline\":\"Les hist\u00f2ries del Relligant Nou Barris: l&#8217;origen de Canyelles\",\"datePublished\":\"2024-08-15T22:00:07+00:00\",\"mainEntityOfPage\":{\"@id\":\"https:\/\/www.noubarris.net\/web40\/les-histories-del-relligant-nou-barris-lorigen-de-canyelles\/\"},\"wordCount\":233,\"publisher\":{\"@id\":\"https:\/\/www.noubarris.net\/web40\/#organization\"},\"image\":{\"@id\":\"https:\/\/www.noubarris.net\/web40\/les-histories-del-relligant-nou-barris-lorigen-de-canyelles\/#primaryimage\"},\"thumbnailUrl\":\"https:\/\/www.noubarris.net\/web40\/wp-content\/uploads\/2024\/08\/guineuetavella.jpg\",\"keywords\":[\"guineueta vella\",\"Relligant Nou Barris\"],\"articleSection\":[\"Canyelles\",\"Cultura\"],\"inLanguage\":\"ca\"},{\"@type\":\"WebPage\",\"@id\":\"https:\/\/www.noubarris.net\/web40\/les-histories-del-relligant-nou-barris-lorigen-de-canyelles\/\",\"url\":\"https:\/\/www.noubarris.net\/web40\/les-histories-del-relligant-nou-barris-lorigen-de-canyelles\/\",\"name\":\"Les hist\u00f2ries del Relligant Nou Barris: l'origen de Canyelles - NouBarris.Net\",\"isPartOf\":{\"@id\":\"https:\/\/www.noubarris.net\/web40\/#website\"},\"primaryImageOfPage\":{\"@id\":\"https:\/\/www.noubarris.net\/web40\/les-histories-del-relligant-nou-barris-lorigen-de-canyelles\/#primaryimage\"},\"image\":{\"@id\":\"https:\/\/www.noubarris.net\/web40\/les-histories-del-relligant-nou-barris-lorigen-de-canyelles\/#primaryimage\"},\"thumbnailUrl\":\"https:\/\/www.noubarris.net\/web40\/wp-content\/uploads\/2024\/08\/guineuetavella.jpg\",\"datePublished\":\"2024-08-15T22:00:07+00:00\",\"breadcrumb\":{\"@id\":\"https:\/\/www.noubarris.net\/web40\/les-histories-del-relligant-nou-barris-lorigen-de-canyelles\/#breadcrumb\"},\"inLanguage\":\"ca\",\"potentialAction\":[{\"@type\":\"ReadAction\",\"target\":[\"https:\/\/www.noubarris.net\/web40\/les-histories-del-relligant-nou-barris-lorigen-de-canyelles\/\"]}]},{\"@type\":\"ImageObject\",\"inLanguage\":\"ca\",\"@id\":\"https:\/\/www.noubarris.net\/web40\/les-histories-del-relligant-nou-barris-lorigen-de-canyelles\/#primaryimage\",\"url\":\"https:\/\/www.noubarris.net\/web40\/wp-content\/uploads\/2024\/08\/guineuetavella.jpg\",\"contentUrl\":\"https:\/\/www.noubarris.net\/web40\/wp-content\/uploads\/2024\/08\/guineuetavella.jpg\",\"width\":768,\"height\":432},{\"@type\":\"BreadcrumbList\",\"@id\":\"https:\/\/www.noubarris.net\/web40\/les-histories-del-relligant-nou-barris-lorigen-de-canyelles\/#breadcrumb\",\"itemListElement\":[{\"@type\":\"ListItem\",\"position\":1,\"name\":\"Inici\",\"item\":\"https:\/\/www.noubarris.net\/web40\/\"},{\"@type\":\"ListItem\",\"position\":2,\"name\":\"Les hist\u00f2ries del Relligant Nou Barris: l&#8217;origen de Canyelles\"}]},{\"@type\":\"WebSite\",\"@id\":\"https:\/\/www.noubarris.net\/web40\/#website\",\"url\":\"https:\/\/www.noubarris.net\/web40\/\",\"name\":\"NouBarris.Net\",\"description\":\"Seguint la vida de Nou Barris des de 1985\",\"publisher\":{\"@id\":\"https:\/\/www.noubarris.net\/web40\/#organization\"},\"potentialAction\":[{\"@type\":\"SearchAction\",\"target\":{\"@type\":\"EntryPoint\",\"urlTemplate\":\"https:\/\/www.noubarris.net\/web40\/?s={search_term_string}\"},\"query-input\":{\"@type\":\"PropertyValueSpecification\",\"valueRequired\":true,\"valueName\":\"search_term_string\"}}],\"inLanguage\":\"ca\"},{\"@type\":\"Organization\",\"@id\":\"https:\/\/www.noubarris.net\/web40\/#organization\",\"name\":\"NouBarris.Net\",\"url\":\"https:\/\/www.noubarris.net\/web40\/\",\"logo\":{\"@type\":\"ImageObject\",\"inLanguage\":\"ca\",\"@id\":\"https:\/\/www.noubarris.net\/web40\/#\/schema\/logo\/image\/\",\"url\":\"https:\/\/www.noubarris.net\/web40\/wp-content\/uploads\/2024\/11\/cropped-cropped-LOGO_9BTV-2024_Insta-1.jpg\",\"contentUrl\":\"https:\/\/www.noubarris.net\/web40\/wp-content\/uploads\/2024\/11\/cropped-cropped-LOGO_9BTV-2024_Insta-1.jpg\",\"width\":512,\"height\":512,\"caption\":\"NouBarris.Net\"},\"image\":{\"@id\":\"https:\/\/www.noubarris.net\/web40\/#\/schema\/logo\/image\/\"},\"sameAs\":[\"https:\/\/www.facebook.com\/NouBarris.net\/?locale=es_ES\",\"https:\/\/x.com\/9BTV\"]},{\"@type\":\"Person\",\"@id\":\"https:\/\/www.noubarris.net\/web40\/#\/schema\/person\/1827f92aaa316c54abbf4dac0de76069\",\"name\":\"Informatius\",\"image\":{\"@type\":\"ImageObject\",\"inLanguage\":\"ca\",\"@id\":\"https:\/\/www.noubarris.net\/web40\/#\/schema\/person\/image\/\",\"url\":\"https:\/\/secure.gravatar.com\/avatar\/87a3b47928835fc72c6ee5b0e1a7263ef0c2d05003a98189bc14926c5f11bcdb?s=96&d=mm&r=g\",\"contentUrl\":\"https:\/\/secure.gravatar.com\/avatar\/87a3b47928835fc72c6ee5b0e1a7263ef0c2d05003a98189bc14926c5f11bcdb?s=96&d=mm&r=g\",\"caption\":\"Informatius\"},\"url\":\"https:\/\/www.noubarris.net\/web40\/author\/tele\/\"}]}<\/script>\n<!-- \/ Yoast SEO plugin. -->","yoast_head_json":{"title":"Les hist\u00f2ries del Relligant Nou Barris: l'origen de Canyelles - NouBarris.Net","robots":{"index":"index","follow":"follow","max-snippet":"max-snippet:-1","max-image-preview":"max-image-preview:large","max-video-preview":"max-video-preview:-1"},"canonical":"https:\/\/www.noubarris.net\/web40\/les-histories-del-relligant-nou-barris-lorigen-de-canyelles\/","og_locale":"ca_ES","og_type":"article","og_title":"Les hist\u00f2ries del Relligant Nou Barris: l'origen de Canyelles - NouBarris.Net","og_description":"El barri es va edificar sobre l&#8217;antiga barriada de la Guineueta Vella Aquests dies de calor us convidem a passejar","og_url":"https:\/\/www.noubarris.net\/web40\/les-histories-del-relligant-nou-barris-lorigen-de-canyelles\/","og_site_name":"NouBarris.Net","article_publisher":"https:\/\/www.facebook.com\/NouBarris.net\/?locale=es_ES","article_published_time":"2024-08-15T22:00:07+00:00","og_image":[{"width":768,"height":432,"url":"https:\/\/www.noubarris.net\/web40\/wp-content\/uploads\/2024\/08\/guineuetavella.jpg","type":"image\/jpeg"}],"author":"Informatius","twitter_card":"summary_large_image","twitter_creator":"@9BTV","twitter_site":"@9BTV","twitter_misc":{"Escrit per":"Informatius","Temps estimat de lectura":"2 minuts"},"schema":{"@context":"https:\/\/schema.org","@graph":[{"@type":"Article","@id":"https:\/\/www.noubarris.net\/web40\/les-histories-del-relligant-nou-barris-lorigen-de-canyelles\/#article","isPartOf":{"@id":"https:\/\/www.noubarris.net\/web40\/les-histories-del-relligant-nou-barris-lorigen-de-canyelles\/"},"author":{"name":"Informatius","@id":"https:\/\/www.noubarris.net\/web40\/#\/schema\/person\/1827f92aaa316c54abbf4dac0de76069"},"headline":"Les hist\u00f2ries del Relligant Nou Barris: l&#8217;origen de Canyelles","datePublished":"2024-08-15T22:00:07+00:00","mainEntityOfPage":{"@id":"https:\/\/www.noubarris.net\/web40\/les-histories-del-relligant-nou-barris-lorigen-de-canyelles\/"},"wordCount":233,"publisher":{"@id":"https:\/\/www.noubarris.net\/web40\/#organization"},"image":{"@id":"https:\/\/www.noubarris.net\/web40\/les-histories-del-relligant-nou-barris-lorigen-de-canyelles\/#primaryimage"},"thumbnailUrl":"https:\/\/www.noubarris.net\/web40\/wp-content\/uploads\/2024\/08\/guineuetavella.jpg","keywords":["guineueta vella","Relligant Nou Barris"],"articleSection":["Canyelles","Cultura"],"inLanguage":"ca"},{"@type":"WebPage","@id":"https:\/\/www.noubarris.net\/web40\/les-histories-del-relligant-nou-barris-lorigen-de-canyelles\/","url":"https:\/\/www.noubarris.net\/web40\/les-histories-del-relligant-nou-barris-lorigen-de-canyelles\/","name":"Les hist\u00f2ries del Relligant Nou Barris: l'origen de Canyelles - NouBarris.Net","isPartOf":{"@id":"https:\/\/www.noubarris.net\/web40\/#website"},"primaryImageOfPage":{"@id":"https:\/\/www.noubarris.net\/web40\/les-histories-del-relligant-nou-barris-lorigen-de-canyelles\/#primaryimage"},"image":{"@id":"https:\/\/www.noubarris.net\/web40\/les-histories-del-relligant-nou-barris-lorigen-de-canyelles\/#primaryimage"},"thumbnailUrl":"https:\/\/www.noubarris.net\/web40\/wp-content\/uploads\/2024\/08\/guineuetavella.jpg","datePublished":"2024-08-15T22:00:07+00:00","breadcrumb":{"@id":"https:\/\/www.noubarris.net\/web40\/les-histories-del-relligant-nou-barris-lorigen-de-canyelles\/#breadcrumb"},"inLanguage":"ca","potentialAction":[{"@type":"ReadAction","target":["https:\/\/www.noubarris.net\/web40\/les-histories-del-relligant-nou-barris-lorigen-de-canyelles\/"]}]},{"@type":"ImageObject","inLanguage":"ca","@id":"https:\/\/www.noubarris.net\/web40\/les-histories-del-relligant-nou-barris-lorigen-de-canyelles\/#primaryimage","url":"https:\/\/www.noubarris.net\/web40\/wp-content\/uploads\/2024\/08\/guineuetavella.jpg","contentUrl":"https:\/\/www.noubarris.net\/web40\/wp-content\/uploads\/2024\/08\/guineuetavella.jpg","width":768,"height":432},{"@type":"BreadcrumbList","@id":"https:\/\/www.noubarris.net\/web40\/les-histories-del-relligant-nou-barris-lorigen-de-canyelles\/#breadcrumb","itemListElement":[{"@type":"ListItem","position":1,"name":"Inici","item":"https:\/\/www.noubarris.net\/web40\/"},{"@type":"ListItem","position":2,"name":"Les hist\u00f2ries del Relligant Nou Barris: l&#8217;origen de Canyelles"}]},{"@type":"WebSite","@id":"https:\/\/www.noubarris.net\/web40\/#website","url":"https:\/\/www.noubarris.net\/web40\/","name":"NouBarris.Net","description":"Seguint la vida de Nou Barris des de 1985","publisher":{"@id":"https:\/\/www.noubarris.net\/web40\/#organization"},"potentialAction":[{"@type":"SearchAction","target":{"@type":"EntryPoint","urlTemplate":"https:\/\/www.noubarris.net\/web40\/?s={search_term_string}"},"query-input":{"@type":"PropertyValueSpecification","valueRequired":true,"valueName":"search_term_string"}}],"inLanguage":"ca"},{"@type":"Organization","@id":"https:\/\/www.noubarris.net\/web40\/#organization","name":"NouBarris.Net","url":"https:\/\/www.noubarris.net\/web40\/","logo":{"@type":"ImageObject","inLanguage":"ca","@id":"https:\/\/www.noubarris.net\/web40\/#\/schema\/logo\/image\/","url":"https:\/\/www.noubarris.net\/web40\/wp-content\/uploads\/2024\/11\/cropped-cropped-LOGO_9BTV-2024_Insta-1.jpg","contentUrl":"https:\/\/www.noubarris.net\/web40\/wp-content\/uploads\/2024\/11\/cropped-cropped-LOGO_9BTV-2024_Insta-1.jpg","width":512,"height":512,"caption":"NouBarris.Net"},"image":{"@id":"https:\/\/www.noubarris.net\/web40\/#\/schema\/logo\/image\/"},"sameAs":["https:\/\/www.facebook.com\/NouBarris.net\/?locale=es_ES","https:\/\/x.com\/9BTV"]},{"@type":"Person","@id":"https:\/\/www.noubarris.net\/web40\/#\/schema\/person\/1827f92aaa316c54abbf4dac0de76069","name":"Informatius","image":{"@type":"ImageObject","inLanguage":"ca","@id":"https:\/\/www.noubarris.net\/web40\/#\/schema\/person\/image\/","url":"https:\/\/secure.gravatar.com\/avatar\/87a3b47928835fc72c6ee5b0e1a7263ef0c2d05003a98189bc14926c5f11bcdb?s=96&d=mm&r=g","contentUrl":"https:\/\/secure.gravatar.com\/avatar\/87a3b47928835fc72c6ee5b0e1a7263ef0c2d05003a98189bc14926c5f11bcdb?s=96&d=mm&r=g","caption":"Informatius"},"url":"https:\/\/www.noubarris.net\/web40\/author\/tele\/"}]}},"_links":{"self":[{"href":"https:\/\/www.noubarris.net\/web40\/wp-json\/wp\/v2\/posts\/83081","targetHints":{"allow":["GET"]}}],"collection":[{"href":"https:\/\/www.noubarris.net\/web40\/wp-json\/wp\/v2\/posts"}],"about":[{"href":"https:\/\/www.noubarris.net\/web40\/wp-json\/wp\/v2\/types\/post"}],"author":[{"embeddable":true,"href":"https:\/\/www.noubarris.net\/web40\/wp-json\/wp\/v2\/users\/2"}],"replies":[{"embeddable":true,"href":"https:\/\/www.noubarris.net\/web40\/wp-json\/wp\/v2\/comments?post=83081"}],"version-history":[{"count":1,"href":"https:\/\/www.noubarris.net\/web40\/wp-json\/wp\/v2\/posts\/83081\/revisions"}],"predecessor-version":[{"id":83083,"href":"https:\/\/www.noubarris.net\/web40\/wp-json\/wp\/v2\/posts\/83081\/revisions\/83083"}],"wp:featuredmedia":[{"embeddable":true,"href":"https:\/\/www.noubarris.net\/web40\/wp-json\/wp\/v2\/media\/83082"}],"wp:attachment":[{"href":"https:\/\/www.noubarris.net\/web40\/wp-json\/wp\/v2\/media?parent=83081"}],"wp:term":[{"taxonomy":"category","embeddable":true,"href":"https:\/\/www.noubarris.net\/web40\/wp-json\/wp\/v2\/categories?post=83081"},{"taxonomy":"post_tag","embeddable":true,"href":"https:\/\/www.noubarris.net\/web40\/wp-json\/wp\/v2\/tags?post=83081"}],"curies":[{"name":"wp","href":"https:\/\/api.w.org\/{rel}","templated":true}]}}