{"id":83097,"date":"2024-08-20T00:00:13","date_gmt":"2024-08-19T22:00:13","guid":{"rendered":"http:\/\/www.noubarris.net\/web40\/?p=83097"},"modified":"2024-08-19T16:00:05","modified_gmt":"2024-08-19T14:00:05","slug":"aprovat-el-planejament-urbanistic-per-millorar-el-cem-can-cuias-i-el-camp-de-futbol-de-ciutat-meridiana-i-el-parc-de-laqueducte","status":"publish","type":"post","link":"https:\/\/www.noubarris.net\/web40\/aprovat-el-planejament-urbanistic-per-millorar-el-cem-can-cuias-i-el-camp-de-futbol-de-ciutat-meridiana-i-el-parc-de-laqueducte\/","title":{"rendered":"Aprovat el planejament urban\u00edstic per millorar el CEM Can Cui\u00e0s i el camp de futbol de Ciutat Meridiana i el parc de l&#8217;Aq\u00fceducte"},"content":{"rendered":"<p><strong>\u00c9s una modificaci\u00f3 del PGM que permetr\u00e0 construir un nou equipament social a tocar del Parc de l\u2019Aq\u00fceducte<\/strong><\/p>\n<p>Llum verda a una Modificaci\u00f3 del Pla General Metropolit\u00e0 (MPGM), que permetr\u00e0 tirar endavant projectes a\u00a0 Ciutat Meridiana la millora de dos equipaments esportius, <a href=\"https:\/\/www.noubarris.net\/web40\/?p=78825\"><strong>la construcci\u00f3 d\u2019un nou equipament social i la major connectivitat amb el Parc de l\u2019Aq\u00fceducte<\/strong><\/a> i amb l\u2019acc\u00e9s al Parc de Collserola. Es tracta del Centre Esportiu Municipal (CEM) Can Cui\u00e0s, el camp de futbol de Ciutat Meridiana i el Parc de l\u2019Aq\u00fceducte, aix\u00ed com en els espais lliures que hi ha en la relaci\u00f3 entre aquestes equipaments i el Parc de Collserola.\u00a0\u201cAra ja podem projectar el nou CEM Can Cui\u00e0s i els nous equipaments socials que tant necessita Ciutat Meridiana. Tamb\u00e9 es podr\u00e0 plantejar una reforma del camp de futbol en unes condicions que fins ara no es podien contemplar donada la seva condici\u00f3 anterior de provisional\u201d, afirma el regidor del districte de Nou Barris, Xavier Marc\u00e9.<\/p>\n<p>En el cas del CEM Can Cui\u00e0s, amb una superf\u00edcie de 8.668 metres quadrats, el nou planejament urban\u00edstic obre la porta a la renovaci\u00f3 integral del centre, tenint en compte que els espais entre el poliesportiu i el parc natural presenten mancances en la urbanitzaci\u00f3 i l\u2019arranjament dels talussos.<\/p>\n<p>Pel que fa al camp de futbol Ciutat Meridiana, amb una superf\u00edcie de 9.861 metres quadrats, el nou PGM blinda la seva perman\u00e8ncia a la ubicaci\u00f3 actual, on hi \u00e9s de forma provisional des de fa anys, des que es va construir un aparcament soterrani a l&#8217;antic\u00a0 terreny de joc (avui dia, el Parc de l&#8217;Aq\u00fceducte). S&#8217;obre la porta amb aquesta perman\u00e8ncia a millorar-ne les instal\u00b7lacions i a una hipot\u00e8tica ampliaci\u00f3.<\/p>\n<p>Finalment, en l\u2019entorn del Parc de l\u2019Aq\u00fceducte, i amb una superf\u00edcie de 15.113 metres quadrats, els canvis permeten fer la reserva d\u2019espai per a un futur equipament social que pugui allotjar instal\u00b7lacions necess\u00e0ries pel barri, com per exemple un casal d\u2019infants, joves i gent gran i, a la vegada, blindar la construcci\u00f3 d\u2019un nou espai de trobada que millori la relaci\u00f3 d\u2019aquest espai amb el Parc de Collserola.<\/p>\n<p>El canvi afecta \u00fanicament sistemes urban\u00edstics i, a mode de resum, incorpora una nova reserva per a equipaments b\u00e0sics de proximitat; defineix els par\u00e0metres necessaris per permetre la renovaci\u00f3, millora i integraci\u00f3 de les dues instal\u00b7lacions esportives; millora el contacte amb la Serra de Collserola i ajusta les reserves vi\u00e0ries a la realitat executada.<\/p>\n<p>Un cop aprovada provisionalment, l\u2019MPGM ja compta amb l\u2019\u00faltim vistiplau municipal i s\u2019eleva a la Subcomissi\u00f3 d\u2019Urbanisme de Barcelona, \u00f2rgan depenent de la Generalitat de Catalunya, per a la seva aprovaci\u00f3 definitiva.<\/p>\n","protected":false},"excerpt":{"rendered":"<p>\u00c9s una modificaci\u00f3 del PGM que permetr\u00e0 construir un nou equipament social a tocar del Parc de l\u2019Aq\u00fceducte Llum verda<\/p>\n","protected":false},"author":2,"featured_media":83100,"comment_status":"closed","ping_status":"closed","sticky":false,"template":"","format":"standard","meta":{"colormag_page_layout":"default_layout","_monsterinsights_skip_tracking":false,"_monsterinsights_sitenote_active":false,"_monsterinsights_sitenote_note":"","_monsterinsights_sitenote_category":0,"footnotes":""},"categories":[132,302],"tags":[380,683],"class_list":["post-83097","post","type-post","status-publish","format-standard","has-post-thumbnail","hentry","category-ciutat-meridiana","category-urbanisme","tag-can-cuias","tag-parc-de-laqueducte"],"yoast_head":"<!-- This site is optimized with the Yoast SEO plugin v25.3 - https:\/\/yoast.com\/wordpress\/plugins\/seo\/ -->\n<title>Aprovat el planejament urban\u00edstic per millorar el CEM Can Cui\u00e0s i el camp de futbol de Ciutat Meridiana i el parc de l&#039;Aq\u00fceducte - NouBarris.Net<\/title>\n<meta name=\"robots\" content=\"index, follow, max-snippet:-1, max-image-preview:large, max-video-preview:-1\" \/>\n<link rel=\"canonical\" href=\"https:\/\/www.noubarris.net\/web40\/aprovat-el-planejament-urbanistic-per-millorar-el-cem-can-cuias-i-el-camp-de-futbol-de-ciutat-meridiana-i-el-parc-de-laqueducte\/\" \/>\n<meta property=\"og:locale\" content=\"ca_ES\" \/>\n<meta property=\"og:type\" content=\"article\" \/>\n<meta property=\"og:title\" content=\"Aprovat el planejament urban\u00edstic per millorar el CEM Can Cui\u00e0s i el camp de futbol de Ciutat Meridiana i el parc de l&#039;Aq\u00fceducte - NouBarris.Net\" \/>\n<meta property=\"og:description\" content=\"\u00c9s una modificaci\u00f3 del PGM que permetr\u00e0 construir un nou equipament social a tocar del Parc de l\u2019Aq\u00fceducte Llum verda\" \/>\n<meta property=\"og:url\" content=\"https:\/\/www.noubarris.net\/web40\/aprovat-el-planejament-urbanistic-per-millorar-el-cem-can-cuias-i-el-camp-de-futbol-de-ciutat-meridiana-i-el-parc-de-laqueducte\/\" \/>\n<meta property=\"og:site_name\" content=\"NouBarris.Net\" \/>\n<meta property=\"article:publisher\" content=\"https:\/\/www.facebook.com\/NouBarris.net\/?locale=es_ES\" \/>\n<meta property=\"article:published_time\" content=\"2024-08-19T22:00:13+00:00\" \/>\n<meta property=\"og:image\" content=\"https:\/\/www.noubarris.net\/web40\/wp-content\/uploads\/2024\/08\/200824.jpg\" \/>\n\t<meta property=\"og:image:width\" content=\"768\" \/>\n\t<meta property=\"og:image:height\" content=\"432\" \/>\n\t<meta property=\"og:image:type\" content=\"image\/jpeg\" \/>\n<meta name=\"author\" content=\"Informatius\" \/>\n<meta name=\"twitter:card\" content=\"summary_large_image\" \/>\n<meta name=\"twitter:creator\" content=\"@9BTV\" \/>\n<meta name=\"twitter:site\" content=\"@9BTV\" \/>\n<meta name=\"twitter:label1\" content=\"Escrit per\" \/>\n\t<meta name=\"twitter:data1\" content=\"Informatius\" \/>\n\t<meta name=\"twitter:label2\" content=\"Temps estimat de lectura\" \/>\n\t<meta name=\"twitter:data2\" content=\"3 minuts\" \/>\n<script type=\"application\/ld+json\" class=\"yoast-schema-graph\">{\"@context\":\"https:\/\/schema.org\",\"@graph\":[{\"@type\":\"Article\",\"@id\":\"https:\/\/www.noubarris.net\/web40\/aprovat-el-planejament-urbanistic-per-millorar-el-cem-can-cuias-i-el-camp-de-futbol-de-ciutat-meridiana-i-el-parc-de-laqueducte\/#article\",\"isPartOf\":{\"@id\":\"https:\/\/www.noubarris.net\/web40\/aprovat-el-planejament-urbanistic-per-millorar-el-cem-can-cuias-i-el-camp-de-futbol-de-ciutat-meridiana-i-el-parc-de-laqueducte\/\"},\"author\":{\"name\":\"Informatius\",\"@id\":\"https:\/\/www.noubarris.net\/web40\/#\/schema\/person\/1827f92aaa316c54abbf4dac0de76069\"},\"headline\":\"Aprovat el planejament urban\u00edstic per millorar el CEM Can Cui\u00e0s i el camp de futbol de Ciutat Meridiana i el parc de l&#8217;Aq\u00fceducte\",\"datePublished\":\"2024-08-19T22:00:13+00:00\",\"mainEntityOfPage\":{\"@id\":\"https:\/\/www.noubarris.net\/web40\/aprovat-el-planejament-urbanistic-per-millorar-el-cem-can-cuias-i-el-camp-de-futbol-de-ciutat-meridiana-i-el-parc-de-laqueducte\/\"},\"wordCount\":502,\"publisher\":{\"@id\":\"https:\/\/www.noubarris.net\/web40\/#organization\"},\"image\":{\"@id\":\"https:\/\/www.noubarris.net\/web40\/aprovat-el-planejament-urbanistic-per-millorar-el-cem-can-cuias-i-el-camp-de-futbol-de-ciutat-meridiana-i-el-parc-de-laqueducte\/#primaryimage\"},\"thumbnailUrl\":\"https:\/\/www.noubarris.net\/web40\/wp-content\/uploads\/2024\/08\/200824.jpg\",\"keywords\":[\"Can Cui\u00e0s\",\"parc de l'Aq\u00fceducte\"],\"articleSection\":[\"Ciutat Meridiana\",\"Urbanisme\"],\"inLanguage\":\"ca\"},{\"@type\":\"WebPage\",\"@id\":\"https:\/\/www.noubarris.net\/web40\/aprovat-el-planejament-urbanistic-per-millorar-el-cem-can-cuias-i-el-camp-de-futbol-de-ciutat-meridiana-i-el-parc-de-laqueducte\/\",\"url\":\"https:\/\/www.noubarris.net\/web40\/aprovat-el-planejament-urbanistic-per-millorar-el-cem-can-cuias-i-el-camp-de-futbol-de-ciutat-meridiana-i-el-parc-de-laqueducte\/\",\"name\":\"Aprovat el planejament urban\u00edstic per millorar el CEM Can Cui\u00e0s i el camp de futbol de Ciutat Meridiana i el parc de l'Aq\u00fceducte - NouBarris.Net\",\"isPartOf\":{\"@id\":\"https:\/\/www.noubarris.net\/web40\/#website\"},\"primaryImageOfPage\":{\"@id\":\"https:\/\/www.noubarris.net\/web40\/aprovat-el-planejament-urbanistic-per-millorar-el-cem-can-cuias-i-el-camp-de-futbol-de-ciutat-meridiana-i-el-parc-de-laqueducte\/#primaryimage\"},\"image\":{\"@id\":\"https:\/\/www.noubarris.net\/web40\/aprovat-el-planejament-urbanistic-per-millorar-el-cem-can-cuias-i-el-camp-de-futbol-de-ciutat-meridiana-i-el-parc-de-laqueducte\/#primaryimage\"},\"thumbnailUrl\":\"https:\/\/www.noubarris.net\/web40\/wp-content\/uploads\/2024\/08\/200824.jpg\",\"datePublished\":\"2024-08-19T22:00:13+00:00\",\"breadcrumb\":{\"@id\":\"https:\/\/www.noubarris.net\/web40\/aprovat-el-planejament-urbanistic-per-millorar-el-cem-can-cuias-i-el-camp-de-futbol-de-ciutat-meridiana-i-el-parc-de-laqueducte\/#breadcrumb\"},\"inLanguage\":\"ca\",\"potentialAction\":[{\"@type\":\"ReadAction\",\"target\":[\"https:\/\/www.noubarris.net\/web40\/aprovat-el-planejament-urbanistic-per-millorar-el-cem-can-cuias-i-el-camp-de-futbol-de-ciutat-meridiana-i-el-parc-de-laqueducte\/\"]}]},{\"@type\":\"ImageObject\",\"inLanguage\":\"ca\",\"@id\":\"https:\/\/www.noubarris.net\/web40\/aprovat-el-planejament-urbanistic-per-millorar-el-cem-can-cuias-i-el-camp-de-futbol-de-ciutat-meridiana-i-el-parc-de-laqueducte\/#primaryimage\",\"url\":\"https:\/\/www.noubarris.net\/web40\/wp-content\/uploads\/2024\/08\/200824.jpg\",\"contentUrl\":\"https:\/\/www.noubarris.net\/web40\/wp-content\/uploads\/2024\/08\/200824.jpg\",\"width\":768,\"height\":432},{\"@type\":\"BreadcrumbList\",\"@id\":\"https:\/\/www.noubarris.net\/web40\/aprovat-el-planejament-urbanistic-per-millorar-el-cem-can-cuias-i-el-camp-de-futbol-de-ciutat-meridiana-i-el-parc-de-laqueducte\/#breadcrumb\",\"itemListElement\":[{\"@type\":\"ListItem\",\"position\":1,\"name\":\"Inici\",\"item\":\"https:\/\/www.noubarris.net\/web40\/\"},{\"@type\":\"ListItem\",\"position\":2,\"name\":\"Aprovat el planejament urban\u00edstic per millorar el CEM Can Cui\u00e0s i el camp de futbol de Ciutat Meridiana i el parc de l&#8217;Aq\u00fceducte\"}]},{\"@type\":\"WebSite\",\"@id\":\"https:\/\/www.noubarris.net\/web40\/#website\",\"url\":\"https:\/\/www.noubarris.net\/web40\/\",\"name\":\"NouBarris.Net\",\"description\":\"Seguint la vida de Nou Barris des de 1985\",\"publisher\":{\"@id\":\"https:\/\/www.noubarris.net\/web40\/#organization\"},\"potentialAction\":[{\"@type\":\"SearchAction\",\"target\":{\"@type\":\"EntryPoint\",\"urlTemplate\":\"https:\/\/www.noubarris.net\/web40\/?s={search_term_string}\"},\"query-input\":{\"@type\":\"PropertyValueSpecification\",\"valueRequired\":true,\"valueName\":\"search_term_string\"}}],\"inLanguage\":\"ca\"},{\"@type\":\"Organization\",\"@id\":\"https:\/\/www.noubarris.net\/web40\/#organization\",\"name\":\"NouBarris.Net\",\"url\":\"https:\/\/www.noubarris.net\/web40\/\",\"logo\":{\"@type\":\"ImageObject\",\"inLanguage\":\"ca\",\"@id\":\"https:\/\/www.noubarris.net\/web40\/#\/schema\/logo\/image\/\",\"url\":\"https:\/\/www.noubarris.net\/web40\/wp-content\/uploads\/2024\/11\/cropped-cropped-LOGO_9BTV-2024_Insta-1.jpg\",\"contentUrl\":\"https:\/\/www.noubarris.net\/web40\/wp-content\/uploads\/2024\/11\/cropped-cropped-LOGO_9BTV-2024_Insta-1.jpg\",\"width\":512,\"height\":512,\"caption\":\"NouBarris.Net\"},\"image\":{\"@id\":\"https:\/\/www.noubarris.net\/web40\/#\/schema\/logo\/image\/\"},\"sameAs\":[\"https:\/\/www.facebook.com\/NouBarris.net\/?locale=es_ES\",\"https:\/\/x.com\/9BTV\"]},{\"@type\":\"Person\",\"@id\":\"https:\/\/www.noubarris.net\/web40\/#\/schema\/person\/1827f92aaa316c54abbf4dac0de76069\",\"name\":\"Informatius\",\"image\":{\"@type\":\"ImageObject\",\"inLanguage\":\"ca\",\"@id\":\"https:\/\/www.noubarris.net\/web40\/#\/schema\/person\/image\/\",\"url\":\"https:\/\/secure.gravatar.com\/avatar\/87a3b47928835fc72c6ee5b0e1a7263ef0c2d05003a98189bc14926c5f11bcdb?s=96&d=mm&r=g\",\"contentUrl\":\"https:\/\/secure.gravatar.com\/avatar\/87a3b47928835fc72c6ee5b0e1a7263ef0c2d05003a98189bc14926c5f11bcdb?s=96&d=mm&r=g\",\"caption\":\"Informatius\"},\"url\":\"https:\/\/www.noubarris.net\/web40\/author\/tele\/\"}]}<\/script>\n<!-- \/ Yoast SEO plugin. -->","yoast_head_json":{"title":"Aprovat el planejament urban\u00edstic per millorar el CEM Can Cui\u00e0s i el camp de futbol de Ciutat Meridiana i el parc de l'Aq\u00fceducte - NouBarris.Net","robots":{"index":"index","follow":"follow","max-snippet":"max-snippet:-1","max-image-preview":"max-image-preview:large","max-video-preview":"max-video-preview:-1"},"canonical":"https:\/\/www.noubarris.net\/web40\/aprovat-el-planejament-urbanistic-per-millorar-el-cem-can-cuias-i-el-camp-de-futbol-de-ciutat-meridiana-i-el-parc-de-laqueducte\/","og_locale":"ca_ES","og_type":"article","og_title":"Aprovat el planejament urban\u00edstic per millorar el CEM Can Cui\u00e0s i el camp de futbol de Ciutat Meridiana i el parc de l'Aq\u00fceducte - NouBarris.Net","og_description":"\u00c9s una modificaci\u00f3 del PGM que permetr\u00e0 construir un nou equipament social a tocar del Parc de l\u2019Aq\u00fceducte Llum verda","og_url":"https:\/\/www.noubarris.net\/web40\/aprovat-el-planejament-urbanistic-per-millorar-el-cem-can-cuias-i-el-camp-de-futbol-de-ciutat-meridiana-i-el-parc-de-laqueducte\/","og_site_name":"NouBarris.Net","article_publisher":"https:\/\/www.facebook.com\/NouBarris.net\/?locale=es_ES","article_published_time":"2024-08-19T22:00:13+00:00","og_image":[{"width":768,"height":432,"url":"https:\/\/www.noubarris.net\/web40\/wp-content\/uploads\/2024\/08\/200824.jpg","type":"image\/jpeg"}],"author":"Informatius","twitter_card":"summary_large_image","twitter_creator":"@9BTV","twitter_site":"@9BTV","twitter_misc":{"Escrit per":"Informatius","Temps estimat de lectura":"3 minuts"},"schema":{"@context":"https:\/\/schema.org","@graph":[{"@type":"Article","@id":"https:\/\/www.noubarris.net\/web40\/aprovat-el-planejament-urbanistic-per-millorar-el-cem-can-cuias-i-el-camp-de-futbol-de-ciutat-meridiana-i-el-parc-de-laqueducte\/#article","isPartOf":{"@id":"https:\/\/www.noubarris.net\/web40\/aprovat-el-planejament-urbanistic-per-millorar-el-cem-can-cuias-i-el-camp-de-futbol-de-ciutat-meridiana-i-el-parc-de-laqueducte\/"},"author":{"name":"Informatius","@id":"https:\/\/www.noubarris.net\/web40\/#\/schema\/person\/1827f92aaa316c54abbf4dac0de76069"},"headline":"Aprovat el planejament urban\u00edstic per millorar el CEM Can Cui\u00e0s i el camp de futbol de Ciutat Meridiana i el parc de l&#8217;Aq\u00fceducte","datePublished":"2024-08-19T22:00:13+00:00","mainEntityOfPage":{"@id":"https:\/\/www.noubarris.net\/web40\/aprovat-el-planejament-urbanistic-per-millorar-el-cem-can-cuias-i-el-camp-de-futbol-de-ciutat-meridiana-i-el-parc-de-laqueducte\/"},"wordCount":502,"publisher":{"@id":"https:\/\/www.noubarris.net\/web40\/#organization"},"image":{"@id":"https:\/\/www.noubarris.net\/web40\/aprovat-el-planejament-urbanistic-per-millorar-el-cem-can-cuias-i-el-camp-de-futbol-de-ciutat-meridiana-i-el-parc-de-laqueducte\/#primaryimage"},"thumbnailUrl":"https:\/\/www.noubarris.net\/web40\/wp-content\/uploads\/2024\/08\/200824.jpg","keywords":["Can Cui\u00e0s","parc de l'Aq\u00fceducte"],"articleSection":["Ciutat Meridiana","Urbanisme"],"inLanguage":"ca"},{"@type":"WebPage","@id":"https:\/\/www.noubarris.net\/web40\/aprovat-el-planejament-urbanistic-per-millorar-el-cem-can-cuias-i-el-camp-de-futbol-de-ciutat-meridiana-i-el-parc-de-laqueducte\/","url":"https:\/\/www.noubarris.net\/web40\/aprovat-el-planejament-urbanistic-per-millorar-el-cem-can-cuias-i-el-camp-de-futbol-de-ciutat-meridiana-i-el-parc-de-laqueducte\/","name":"Aprovat el planejament urban\u00edstic per millorar el CEM Can Cui\u00e0s i el camp de futbol de Ciutat Meridiana i el parc de l'Aq\u00fceducte - NouBarris.Net","isPartOf":{"@id":"https:\/\/www.noubarris.net\/web40\/#website"},"primaryImageOfPage":{"@id":"https:\/\/www.noubarris.net\/web40\/aprovat-el-planejament-urbanistic-per-millorar-el-cem-can-cuias-i-el-camp-de-futbol-de-ciutat-meridiana-i-el-parc-de-laqueducte\/#primaryimage"},"image":{"@id":"https:\/\/www.noubarris.net\/web40\/aprovat-el-planejament-urbanistic-per-millorar-el-cem-can-cuias-i-el-camp-de-futbol-de-ciutat-meridiana-i-el-parc-de-laqueducte\/#primaryimage"},"thumbnailUrl":"https:\/\/www.noubarris.net\/web40\/wp-content\/uploads\/2024\/08\/200824.jpg","datePublished":"2024-08-19T22:00:13+00:00","breadcrumb":{"@id":"https:\/\/www.noubarris.net\/web40\/aprovat-el-planejament-urbanistic-per-millorar-el-cem-can-cuias-i-el-camp-de-futbol-de-ciutat-meridiana-i-el-parc-de-laqueducte\/#breadcrumb"},"inLanguage":"ca","potentialAction":[{"@type":"ReadAction","target":["https:\/\/www.noubarris.net\/web40\/aprovat-el-planejament-urbanistic-per-millorar-el-cem-can-cuias-i-el-camp-de-futbol-de-ciutat-meridiana-i-el-parc-de-laqueducte\/"]}]},{"@type":"ImageObject","inLanguage":"ca","@id":"https:\/\/www.noubarris.net\/web40\/aprovat-el-planejament-urbanistic-per-millorar-el-cem-can-cuias-i-el-camp-de-futbol-de-ciutat-meridiana-i-el-parc-de-laqueducte\/#primaryimage","url":"https:\/\/www.noubarris.net\/web40\/wp-content\/uploads\/2024\/08\/200824.jpg","contentUrl":"https:\/\/www.noubarris.net\/web40\/wp-content\/uploads\/2024\/08\/200824.jpg","width":768,"height":432},{"@type":"BreadcrumbList","@id":"https:\/\/www.noubarris.net\/web40\/aprovat-el-planejament-urbanistic-per-millorar-el-cem-can-cuias-i-el-camp-de-futbol-de-ciutat-meridiana-i-el-parc-de-laqueducte\/#breadcrumb","itemListElement":[{"@type":"ListItem","position":1,"name":"Inici","item":"https:\/\/www.noubarris.net\/web40\/"},{"@type":"ListItem","position":2,"name":"Aprovat el planejament urban\u00edstic per millorar el CEM Can Cui\u00e0s i el camp de futbol de Ciutat Meridiana i el parc de l&#8217;Aq\u00fceducte"}]},{"@type":"WebSite","@id":"https:\/\/www.noubarris.net\/web40\/#website","url":"https:\/\/www.noubarris.net\/web40\/","name":"NouBarris.Net","description":"Seguint la vida de Nou Barris des de 1985","publisher":{"@id":"https:\/\/www.noubarris.net\/web40\/#organization"},"potentialAction":[{"@type":"SearchAction","target":{"@type":"EntryPoint","urlTemplate":"https:\/\/www.noubarris.net\/web40\/?s={search_term_string}"},"query-input":{"@type":"PropertyValueSpecification","valueRequired":true,"valueName":"search_term_string"}}],"inLanguage":"ca"},{"@type":"Organization","@id":"https:\/\/www.noubarris.net\/web40\/#organization","name":"NouBarris.Net","url":"https:\/\/www.noubarris.net\/web40\/","logo":{"@type":"ImageObject","inLanguage":"ca","@id":"https:\/\/www.noubarris.net\/web40\/#\/schema\/logo\/image\/","url":"https:\/\/www.noubarris.net\/web40\/wp-content\/uploads\/2024\/11\/cropped-cropped-LOGO_9BTV-2024_Insta-1.jpg","contentUrl":"https:\/\/www.noubarris.net\/web40\/wp-content\/uploads\/2024\/11\/cropped-cropped-LOGO_9BTV-2024_Insta-1.jpg","width":512,"height":512,"caption":"NouBarris.Net"},"image":{"@id":"https:\/\/www.noubarris.net\/web40\/#\/schema\/logo\/image\/"},"sameAs":["https:\/\/www.facebook.com\/NouBarris.net\/?locale=es_ES","https:\/\/x.com\/9BTV"]},{"@type":"Person","@id":"https:\/\/www.noubarris.net\/web40\/#\/schema\/person\/1827f92aaa316c54abbf4dac0de76069","name":"Informatius","image":{"@type":"ImageObject","inLanguage":"ca","@id":"https:\/\/www.noubarris.net\/web40\/#\/schema\/person\/image\/","url":"https:\/\/secure.gravatar.com\/avatar\/87a3b47928835fc72c6ee5b0e1a7263ef0c2d05003a98189bc14926c5f11bcdb?s=96&d=mm&r=g","contentUrl":"https:\/\/secure.gravatar.com\/avatar\/87a3b47928835fc72c6ee5b0e1a7263ef0c2d05003a98189bc14926c5f11bcdb?s=96&d=mm&r=g","caption":"Informatius"},"url":"https:\/\/www.noubarris.net\/web40\/author\/tele\/"}]}},"_links":{"self":[{"href":"https:\/\/www.noubarris.net\/web40\/wp-json\/wp\/v2\/posts\/83097","targetHints":{"allow":["GET"]}}],"collection":[{"href":"https:\/\/www.noubarris.net\/web40\/wp-json\/wp\/v2\/posts"}],"about":[{"href":"https:\/\/www.noubarris.net\/web40\/wp-json\/wp\/v2\/types\/post"}],"author":[{"embeddable":true,"href":"https:\/\/www.noubarris.net\/web40\/wp-json\/wp\/v2\/users\/2"}],"replies":[{"embeddable":true,"href":"https:\/\/www.noubarris.net\/web40\/wp-json\/wp\/v2\/comments?post=83097"}],"version-history":[{"count":3,"href":"https:\/\/www.noubarris.net\/web40\/wp-json\/wp\/v2\/posts\/83097\/revisions"}],"predecessor-version":[{"id":83101,"href":"https:\/\/www.noubarris.net\/web40\/wp-json\/wp\/v2\/posts\/83097\/revisions\/83101"}],"wp:featuredmedia":[{"embeddable":true,"href":"https:\/\/www.noubarris.net\/web40\/wp-json\/wp\/v2\/media\/83100"}],"wp:attachment":[{"href":"https:\/\/www.noubarris.net\/web40\/wp-json\/wp\/v2\/media?parent=83097"}],"wp:term":[{"taxonomy":"category","embeddable":true,"href":"https:\/\/www.noubarris.net\/web40\/wp-json\/wp\/v2\/categories?post=83097"},{"taxonomy":"post_tag","embeddable":true,"href":"https:\/\/www.noubarris.net\/web40\/wp-json\/wp\/v2\/tags?post=83097"}],"curies":[{"name":"wp","href":"https:\/\/api.w.org\/{rel}","templated":true}]}}