{"id":83109,"date":"2024-08-26T00:00:36","date_gmt":"2024-08-25T22:00:36","guid":{"rendered":"https:\/\/www.noubarris.net\/web40\/?p=83109"},"modified":"2024-08-22T14:17:54","modified_gmt":"2024-08-22T12:17:54","slug":"la-campanya-trinitat-per-la-mateixa-via-no-es-rendeix-i-prepara-una-nova-mobilitzacio","status":"publish","type":"post","link":"https:\/\/www.noubarris.net\/web40\/la-campanya-trinitat-per-la-mateixa-via-no-es-rendeix-i-prepara-una-nova-mobilitzacio\/","title":{"rendered":"La campanya Trinitat per la mateixa via no es rendeix i prepara una nova mobilitzaci\u00f3"},"content":{"rendered":"\n<p><strong>Despr\u00e9s de l&#8217;\u00e8xit de la cadena humana, la campanya continuar\u00e0 per demanar la connexi\u00f3 de les dues Trinitats amb una ampliaci\u00f3 de l&#8217;L3 de metro<\/strong><\/p>\n\n\n\n<p>El passat 8 de juny les dues Trinitats (la Vella i la Nova) <strong><a href=\"https:\/\/www.youtube.com\/watch?v=ixTm5ZaToYY\">van unir les estacions de metro dels dos barris amb una cadena humana formada per unes dues-mil persones<\/a><\/strong>. Un gran \u00e8xit de convocat\u00f2ria que tenia per objectiu reclamar que la L3 (la verda) s&#8217;ampli\u00e9s fins a la parada de la L1 (la vermella) de la Trinitat Vella per sota de la Meridiana, per tal de facilitar la comunicaci\u00f3 entre els dos barris i tamb\u00e9 amb l&#8217;Hospital Vall d&#8217;Hebron o Santa Coloma de Gramenet.<\/p>\n\n\n\n<p>Tot i l&#8217;estiu, les entitats ve\u00efnals de totes dues bandes no perden de vista aquest objectiu i ja han avisat per xarxes socials que en preparen una altra de bona per a aquesta tardor, per continuar reivindicant l&#8217;ampliaci\u00f3 de la L3. No han donat m\u00e9s detalls, per\u00f2 caldr\u00e0 ser atent a la convocat\u00f2ria que facin un cop acabin les vacances.<\/p>\n\n\n\n<p><\/p>\n\n\n\n<figure class=\"wp-block-image size-large\"><img loading=\"lazy\" decoding=\"async\" width=\"1024\" height=\"1024\" src=\"https:\/\/www.noubarris.net\/web40\/wp-content\/uploads\/2024\/08\/454741069_4032406970319765_2500413225467689499_n-1024x1024.jpg\" alt=\"\" class=\"wp-image-83114\" srcset=\"https:\/\/www.noubarris.net\/web40\/wp-content\/uploads\/2024\/08\/454741069_4032406970319765_2500413225467689499_n-1024x1024.jpg 1024w, https:\/\/www.noubarris.net\/web40\/wp-content\/uploads\/2024\/08\/454741069_4032406970319765_2500413225467689499_n-300x300.jpg 300w, https:\/\/www.noubarris.net\/web40\/wp-content\/uploads\/2024\/08\/454741069_4032406970319765_2500413225467689499_n-150x150.jpg 150w, https:\/\/www.noubarris.net\/web40\/wp-content\/uploads\/2024\/08\/454741069_4032406970319765_2500413225467689499_n-768x768.jpg 768w, https:\/\/www.noubarris.net\/web40\/wp-content\/uploads\/2024\/08\/454741069_4032406970319765_2500413225467689499_n-600x600.jpg 600w, https:\/\/www.noubarris.net\/web40\/wp-content\/uploads\/2024\/08\/454741069_4032406970319765_2500413225467689499_n.jpg 1080w\" sizes=\"auto, (max-width: 1024px) 100vw, 1024px\" \/><figcaption class=\"wp-element-caption\">Publicat al Facebook de l&#8217;AVV Trinitat Nova<\/figcaption><\/figure>\n\n\n\n<p>Tamb\u00e9 aquesta tardor la proposta es debatr\u00e0 al Ple del Districte de Sant Andreu, on es buscar\u00e0 el suport que ja es va aconseguir en el de plenari de Nou Barris. Al nostre districte, es va aprovar per majoria la proposta d&#8217;elevar a Casa Gran la petici\u00f3 de l&#8217;ampliaci\u00f3 de la l\u00ednia 3, per tal que l\u2019Ajuntament pressioni l\u2019ATM a posar data a l\u2019execuci\u00f3 del projecte.<\/p>\n","protected":false},"excerpt":{"rendered":"<p>Despr\u00e9s de l&#8217;\u00e8xit de la cadena humana, la campanya continuar\u00e0 per demanar la connexi\u00f3 de les dues Trinitats amb una<\/p>\n","protected":false},"author":2,"featured_media":83111,"comment_status":"closed","ping_status":"closed","sticky":false,"template":"","format":"standard","meta":{"colormag_page_layout":"default_layout","_monsterinsights_skip_tracking":false,"_monsterinsights_sitenote_active":false,"_monsterinsights_sitenote_note":"","_monsterinsights_sitenote_category":0,"footnotes":""},"categories":[138,124],"tags":[420,308,745],"class_list":["post-83109","post","type-post","status-publish","format-standard","has-post-thumbnail","hentry","category-la-trinitat-nova","category-societat","tag-metro","tag-protestes","tag-reinvidicacions"],"yoast_head":"<!-- This site is optimized with the Yoast SEO plugin v25.3 - https:\/\/yoast.com\/wordpress\/plugins\/seo\/ -->\n<title>La campanya Trinitat per la mateixa via no es rendeix i prepara una nova mobilitzaci\u00f3 - NouBarris.Net<\/title>\n<meta name=\"robots\" content=\"index, follow, max-snippet:-1, max-image-preview:large, max-video-preview:-1\" \/>\n<link rel=\"canonical\" href=\"https:\/\/www.noubarris.net\/web40\/la-campanya-trinitat-per-la-mateixa-via-no-es-rendeix-i-prepara-una-nova-mobilitzacio\/\" \/>\n<meta property=\"og:locale\" content=\"ca_ES\" \/>\n<meta property=\"og:type\" content=\"article\" \/>\n<meta property=\"og:title\" content=\"La campanya Trinitat per la mateixa via no es rendeix i prepara una nova mobilitzaci\u00f3 - NouBarris.Net\" \/>\n<meta property=\"og:description\" content=\"Despr\u00e9s de l&#8217;\u00e8xit de la cadena humana, la campanya continuar\u00e0 per demanar la connexi\u00f3 de les dues Trinitats amb una\" \/>\n<meta property=\"og:url\" content=\"https:\/\/www.noubarris.net\/web40\/la-campanya-trinitat-per-la-mateixa-via-no-es-rendeix-i-prepara-una-nova-mobilitzacio\/\" \/>\n<meta property=\"og:site_name\" content=\"NouBarris.Net\" \/>\n<meta property=\"article:publisher\" content=\"https:\/\/www.facebook.com\/NouBarris.net\/?locale=es_ES\" \/>\n<meta property=\"article:published_time\" content=\"2024-08-25T22:00:36+00:00\" \/>\n<meta property=\"og:image\" content=\"https:\/\/www.noubarris.net\/web40\/wp-content\/uploads\/2024\/08\/110624.jpg\" \/>\n\t<meta property=\"og:image:width\" content=\"768\" \/>\n\t<meta property=\"og:image:height\" content=\"432\" \/>\n\t<meta property=\"og:image:type\" content=\"image\/jpeg\" \/>\n<meta name=\"author\" content=\"Informatius\" \/>\n<meta name=\"twitter:card\" content=\"summary_large_image\" \/>\n<meta name=\"twitter:creator\" content=\"@9BTV\" \/>\n<meta name=\"twitter:site\" content=\"@9BTV\" \/>\n<meta name=\"twitter:label1\" content=\"Escrit per\" \/>\n\t<meta name=\"twitter:data1\" content=\"Informatius\" \/>\n\t<meta name=\"twitter:label2\" content=\"Temps estimat de lectura\" \/>\n\t<meta name=\"twitter:data2\" content=\"2 minuts\" \/>\n<script type=\"application\/ld+json\" class=\"yoast-schema-graph\">{\"@context\":\"https:\/\/schema.org\",\"@graph\":[{\"@type\":\"Article\",\"@id\":\"https:\/\/www.noubarris.net\/web40\/la-campanya-trinitat-per-la-mateixa-via-no-es-rendeix-i-prepara-una-nova-mobilitzacio\/#article\",\"isPartOf\":{\"@id\":\"https:\/\/www.noubarris.net\/web40\/la-campanya-trinitat-per-la-mateixa-via-no-es-rendeix-i-prepara-una-nova-mobilitzacio\/\"},\"author\":{\"name\":\"Informatius\",\"@id\":\"https:\/\/www.noubarris.net\/web40\/#\/schema\/person\/1827f92aaa316c54abbf4dac0de76069\"},\"headline\":\"La campanya Trinitat per la mateixa via no es rendeix i prepara una nova mobilitzaci\u00f3\",\"datePublished\":\"2024-08-25T22:00:36+00:00\",\"mainEntityOfPage\":{\"@id\":\"https:\/\/www.noubarris.net\/web40\/la-campanya-trinitat-per-la-mateixa-via-no-es-rendeix-i-prepara-una-nova-mobilitzacio\/\"},\"wordCount\":277,\"publisher\":{\"@id\":\"https:\/\/www.noubarris.net\/web40\/#organization\"},\"image\":{\"@id\":\"https:\/\/www.noubarris.net\/web40\/la-campanya-trinitat-per-la-mateixa-via-no-es-rendeix-i-prepara-una-nova-mobilitzacio\/#primaryimage\"},\"thumbnailUrl\":\"https:\/\/www.noubarris.net\/web40\/wp-content\/uploads\/2024\/08\/110624.jpg\",\"keywords\":[\"Metro\",\"Protestes\",\"reinvidicacions\"],\"articleSection\":[\"La Trinitat Nova\",\"Societat\"],\"inLanguage\":\"ca\"},{\"@type\":\"WebPage\",\"@id\":\"https:\/\/www.noubarris.net\/web40\/la-campanya-trinitat-per-la-mateixa-via-no-es-rendeix-i-prepara-una-nova-mobilitzacio\/\",\"url\":\"https:\/\/www.noubarris.net\/web40\/la-campanya-trinitat-per-la-mateixa-via-no-es-rendeix-i-prepara-una-nova-mobilitzacio\/\",\"name\":\"La campanya Trinitat per la mateixa via no es rendeix i prepara una nova mobilitzaci\u00f3 - NouBarris.Net\",\"isPartOf\":{\"@id\":\"https:\/\/www.noubarris.net\/web40\/#website\"},\"primaryImageOfPage\":{\"@id\":\"https:\/\/www.noubarris.net\/web40\/la-campanya-trinitat-per-la-mateixa-via-no-es-rendeix-i-prepara-una-nova-mobilitzacio\/#primaryimage\"},\"image\":{\"@id\":\"https:\/\/www.noubarris.net\/web40\/la-campanya-trinitat-per-la-mateixa-via-no-es-rendeix-i-prepara-una-nova-mobilitzacio\/#primaryimage\"},\"thumbnailUrl\":\"https:\/\/www.noubarris.net\/web40\/wp-content\/uploads\/2024\/08\/110624.jpg\",\"datePublished\":\"2024-08-25T22:00:36+00:00\",\"breadcrumb\":{\"@id\":\"https:\/\/www.noubarris.net\/web40\/la-campanya-trinitat-per-la-mateixa-via-no-es-rendeix-i-prepara-una-nova-mobilitzacio\/#breadcrumb\"},\"inLanguage\":\"ca\",\"potentialAction\":[{\"@type\":\"ReadAction\",\"target\":[\"https:\/\/www.noubarris.net\/web40\/la-campanya-trinitat-per-la-mateixa-via-no-es-rendeix-i-prepara-una-nova-mobilitzacio\/\"]}]},{\"@type\":\"ImageObject\",\"inLanguage\":\"ca\",\"@id\":\"https:\/\/www.noubarris.net\/web40\/la-campanya-trinitat-per-la-mateixa-via-no-es-rendeix-i-prepara-una-nova-mobilitzacio\/#primaryimage\",\"url\":\"https:\/\/www.noubarris.net\/web40\/wp-content\/uploads\/2024\/08\/110624.jpg\",\"contentUrl\":\"https:\/\/www.noubarris.net\/web40\/wp-content\/uploads\/2024\/08\/110624.jpg\",\"width\":768,\"height\":432},{\"@type\":\"BreadcrumbList\",\"@id\":\"https:\/\/www.noubarris.net\/web40\/la-campanya-trinitat-per-la-mateixa-via-no-es-rendeix-i-prepara-una-nova-mobilitzacio\/#breadcrumb\",\"itemListElement\":[{\"@type\":\"ListItem\",\"position\":1,\"name\":\"Inici\",\"item\":\"https:\/\/www.noubarris.net\/web40\/\"},{\"@type\":\"ListItem\",\"position\":2,\"name\":\"La campanya Trinitat per la mateixa via no es rendeix i prepara una nova mobilitzaci\u00f3\"}]},{\"@type\":\"WebSite\",\"@id\":\"https:\/\/www.noubarris.net\/web40\/#website\",\"url\":\"https:\/\/www.noubarris.net\/web40\/\",\"name\":\"NouBarris.Net\",\"description\":\"Seguint la vida de Nou Barris des de 1985\",\"publisher\":{\"@id\":\"https:\/\/www.noubarris.net\/web40\/#organization\"},\"potentialAction\":[{\"@type\":\"SearchAction\",\"target\":{\"@type\":\"EntryPoint\",\"urlTemplate\":\"https:\/\/www.noubarris.net\/web40\/?s={search_term_string}\"},\"query-input\":{\"@type\":\"PropertyValueSpecification\",\"valueRequired\":true,\"valueName\":\"search_term_string\"}}],\"inLanguage\":\"ca\"},{\"@type\":\"Organization\",\"@id\":\"https:\/\/www.noubarris.net\/web40\/#organization\",\"name\":\"NouBarris.Net\",\"url\":\"https:\/\/www.noubarris.net\/web40\/\",\"logo\":{\"@type\":\"ImageObject\",\"inLanguage\":\"ca\",\"@id\":\"https:\/\/www.noubarris.net\/web40\/#\/schema\/logo\/image\/\",\"url\":\"https:\/\/www.noubarris.net\/web40\/wp-content\/uploads\/2024\/11\/cropped-cropped-LOGO_9BTV-2024_Insta-1.jpg\",\"contentUrl\":\"https:\/\/www.noubarris.net\/web40\/wp-content\/uploads\/2024\/11\/cropped-cropped-LOGO_9BTV-2024_Insta-1.jpg\",\"width\":512,\"height\":512,\"caption\":\"NouBarris.Net\"},\"image\":{\"@id\":\"https:\/\/www.noubarris.net\/web40\/#\/schema\/logo\/image\/\"},\"sameAs\":[\"https:\/\/www.facebook.com\/NouBarris.net\/?locale=es_ES\",\"https:\/\/x.com\/9BTV\"]},{\"@type\":\"Person\",\"@id\":\"https:\/\/www.noubarris.net\/web40\/#\/schema\/person\/1827f92aaa316c54abbf4dac0de76069\",\"name\":\"Informatius\",\"image\":{\"@type\":\"ImageObject\",\"inLanguage\":\"ca\",\"@id\":\"https:\/\/www.noubarris.net\/web40\/#\/schema\/person\/image\/\",\"url\":\"https:\/\/secure.gravatar.com\/avatar\/87a3b47928835fc72c6ee5b0e1a7263ef0c2d05003a98189bc14926c5f11bcdb?s=96&d=mm&r=g\",\"contentUrl\":\"https:\/\/secure.gravatar.com\/avatar\/87a3b47928835fc72c6ee5b0e1a7263ef0c2d05003a98189bc14926c5f11bcdb?s=96&d=mm&r=g\",\"caption\":\"Informatius\"},\"url\":\"https:\/\/www.noubarris.net\/web40\/author\/tele\/\"}]}<\/script>\n<!-- \/ Yoast SEO plugin. -->","yoast_head_json":{"title":"La campanya Trinitat per la mateixa via no es rendeix i prepara una nova mobilitzaci\u00f3 - NouBarris.Net","robots":{"index":"index","follow":"follow","max-snippet":"max-snippet:-1","max-image-preview":"max-image-preview:large","max-video-preview":"max-video-preview:-1"},"canonical":"https:\/\/www.noubarris.net\/web40\/la-campanya-trinitat-per-la-mateixa-via-no-es-rendeix-i-prepara-una-nova-mobilitzacio\/","og_locale":"ca_ES","og_type":"article","og_title":"La campanya Trinitat per la mateixa via no es rendeix i prepara una nova mobilitzaci\u00f3 - NouBarris.Net","og_description":"Despr\u00e9s de l&#8217;\u00e8xit de la cadena humana, la campanya continuar\u00e0 per demanar la connexi\u00f3 de les dues Trinitats amb una","og_url":"https:\/\/www.noubarris.net\/web40\/la-campanya-trinitat-per-la-mateixa-via-no-es-rendeix-i-prepara-una-nova-mobilitzacio\/","og_site_name":"NouBarris.Net","article_publisher":"https:\/\/www.facebook.com\/NouBarris.net\/?locale=es_ES","article_published_time":"2024-08-25T22:00:36+00:00","og_image":[{"width":768,"height":432,"url":"https:\/\/www.noubarris.net\/web40\/wp-content\/uploads\/2024\/08\/110624.jpg","type":"image\/jpeg"}],"author":"Informatius","twitter_card":"summary_large_image","twitter_creator":"@9BTV","twitter_site":"@9BTV","twitter_misc":{"Escrit per":"Informatius","Temps estimat de lectura":"2 minuts"},"schema":{"@context":"https:\/\/schema.org","@graph":[{"@type":"Article","@id":"https:\/\/www.noubarris.net\/web40\/la-campanya-trinitat-per-la-mateixa-via-no-es-rendeix-i-prepara-una-nova-mobilitzacio\/#article","isPartOf":{"@id":"https:\/\/www.noubarris.net\/web40\/la-campanya-trinitat-per-la-mateixa-via-no-es-rendeix-i-prepara-una-nova-mobilitzacio\/"},"author":{"name":"Informatius","@id":"https:\/\/www.noubarris.net\/web40\/#\/schema\/person\/1827f92aaa316c54abbf4dac0de76069"},"headline":"La campanya Trinitat per la mateixa via no es rendeix i prepara una nova mobilitzaci\u00f3","datePublished":"2024-08-25T22:00:36+00:00","mainEntityOfPage":{"@id":"https:\/\/www.noubarris.net\/web40\/la-campanya-trinitat-per-la-mateixa-via-no-es-rendeix-i-prepara-una-nova-mobilitzacio\/"},"wordCount":277,"publisher":{"@id":"https:\/\/www.noubarris.net\/web40\/#organization"},"image":{"@id":"https:\/\/www.noubarris.net\/web40\/la-campanya-trinitat-per-la-mateixa-via-no-es-rendeix-i-prepara-una-nova-mobilitzacio\/#primaryimage"},"thumbnailUrl":"https:\/\/www.noubarris.net\/web40\/wp-content\/uploads\/2024\/08\/110624.jpg","keywords":["Metro","Protestes","reinvidicacions"],"articleSection":["La Trinitat Nova","Societat"],"inLanguage":"ca"},{"@type":"WebPage","@id":"https:\/\/www.noubarris.net\/web40\/la-campanya-trinitat-per-la-mateixa-via-no-es-rendeix-i-prepara-una-nova-mobilitzacio\/","url":"https:\/\/www.noubarris.net\/web40\/la-campanya-trinitat-per-la-mateixa-via-no-es-rendeix-i-prepara-una-nova-mobilitzacio\/","name":"La campanya Trinitat per la mateixa via no es rendeix i prepara una nova mobilitzaci\u00f3 - NouBarris.Net","isPartOf":{"@id":"https:\/\/www.noubarris.net\/web40\/#website"},"primaryImageOfPage":{"@id":"https:\/\/www.noubarris.net\/web40\/la-campanya-trinitat-per-la-mateixa-via-no-es-rendeix-i-prepara-una-nova-mobilitzacio\/#primaryimage"},"image":{"@id":"https:\/\/www.noubarris.net\/web40\/la-campanya-trinitat-per-la-mateixa-via-no-es-rendeix-i-prepara-una-nova-mobilitzacio\/#primaryimage"},"thumbnailUrl":"https:\/\/www.noubarris.net\/web40\/wp-content\/uploads\/2024\/08\/110624.jpg","datePublished":"2024-08-25T22:00:36+00:00","breadcrumb":{"@id":"https:\/\/www.noubarris.net\/web40\/la-campanya-trinitat-per-la-mateixa-via-no-es-rendeix-i-prepara-una-nova-mobilitzacio\/#breadcrumb"},"inLanguage":"ca","potentialAction":[{"@type":"ReadAction","target":["https:\/\/www.noubarris.net\/web40\/la-campanya-trinitat-per-la-mateixa-via-no-es-rendeix-i-prepara-una-nova-mobilitzacio\/"]}]},{"@type":"ImageObject","inLanguage":"ca","@id":"https:\/\/www.noubarris.net\/web40\/la-campanya-trinitat-per-la-mateixa-via-no-es-rendeix-i-prepara-una-nova-mobilitzacio\/#primaryimage","url":"https:\/\/www.noubarris.net\/web40\/wp-content\/uploads\/2024\/08\/110624.jpg","contentUrl":"https:\/\/www.noubarris.net\/web40\/wp-content\/uploads\/2024\/08\/110624.jpg","width":768,"height":432},{"@type":"BreadcrumbList","@id":"https:\/\/www.noubarris.net\/web40\/la-campanya-trinitat-per-la-mateixa-via-no-es-rendeix-i-prepara-una-nova-mobilitzacio\/#breadcrumb","itemListElement":[{"@type":"ListItem","position":1,"name":"Inici","item":"https:\/\/www.noubarris.net\/web40\/"},{"@type":"ListItem","position":2,"name":"La campanya Trinitat per la mateixa via no es rendeix i prepara una nova mobilitzaci\u00f3"}]},{"@type":"WebSite","@id":"https:\/\/www.noubarris.net\/web40\/#website","url":"https:\/\/www.noubarris.net\/web40\/","name":"NouBarris.Net","description":"Seguint la vida de Nou Barris des de 1985","publisher":{"@id":"https:\/\/www.noubarris.net\/web40\/#organization"},"potentialAction":[{"@type":"SearchAction","target":{"@type":"EntryPoint","urlTemplate":"https:\/\/www.noubarris.net\/web40\/?s={search_term_string}"},"query-input":{"@type":"PropertyValueSpecification","valueRequired":true,"valueName":"search_term_string"}}],"inLanguage":"ca"},{"@type":"Organization","@id":"https:\/\/www.noubarris.net\/web40\/#organization","name":"NouBarris.Net","url":"https:\/\/www.noubarris.net\/web40\/","logo":{"@type":"ImageObject","inLanguage":"ca","@id":"https:\/\/www.noubarris.net\/web40\/#\/schema\/logo\/image\/","url":"https:\/\/www.noubarris.net\/web40\/wp-content\/uploads\/2024\/11\/cropped-cropped-LOGO_9BTV-2024_Insta-1.jpg","contentUrl":"https:\/\/www.noubarris.net\/web40\/wp-content\/uploads\/2024\/11\/cropped-cropped-LOGO_9BTV-2024_Insta-1.jpg","width":512,"height":512,"caption":"NouBarris.Net"},"image":{"@id":"https:\/\/www.noubarris.net\/web40\/#\/schema\/logo\/image\/"},"sameAs":["https:\/\/www.facebook.com\/NouBarris.net\/?locale=es_ES","https:\/\/x.com\/9BTV"]},{"@type":"Person","@id":"https:\/\/www.noubarris.net\/web40\/#\/schema\/person\/1827f92aaa316c54abbf4dac0de76069","name":"Informatius","image":{"@type":"ImageObject","inLanguage":"ca","@id":"https:\/\/www.noubarris.net\/web40\/#\/schema\/person\/image\/","url":"https:\/\/secure.gravatar.com\/avatar\/87a3b47928835fc72c6ee5b0e1a7263ef0c2d05003a98189bc14926c5f11bcdb?s=96&d=mm&r=g","contentUrl":"https:\/\/secure.gravatar.com\/avatar\/87a3b47928835fc72c6ee5b0e1a7263ef0c2d05003a98189bc14926c5f11bcdb?s=96&d=mm&r=g","caption":"Informatius"},"url":"https:\/\/www.noubarris.net\/web40\/author\/tele\/"}]}},"_links":{"self":[{"href":"https:\/\/www.noubarris.net\/web40\/wp-json\/wp\/v2\/posts\/83109","targetHints":{"allow":["GET"]}}],"collection":[{"href":"https:\/\/www.noubarris.net\/web40\/wp-json\/wp\/v2\/posts"}],"about":[{"href":"https:\/\/www.noubarris.net\/web40\/wp-json\/wp\/v2\/types\/post"}],"author":[{"embeddable":true,"href":"https:\/\/www.noubarris.net\/web40\/wp-json\/wp\/v2\/users\/2"}],"replies":[{"embeddable":true,"href":"https:\/\/www.noubarris.net\/web40\/wp-json\/wp\/v2\/comments?post=83109"}],"version-history":[{"count":4,"href":"https:\/\/www.noubarris.net\/web40\/wp-json\/wp\/v2\/posts\/83109\/revisions"}],"predecessor-version":[{"id":83116,"href":"https:\/\/www.noubarris.net\/web40\/wp-json\/wp\/v2\/posts\/83109\/revisions\/83116"}],"wp:featuredmedia":[{"embeddable":true,"href":"https:\/\/www.noubarris.net\/web40\/wp-json\/wp\/v2\/media\/83111"}],"wp:attachment":[{"href":"https:\/\/www.noubarris.net\/web40\/wp-json\/wp\/v2\/media?parent=83109"}],"wp:term":[{"taxonomy":"category","embeddable":true,"href":"https:\/\/www.noubarris.net\/web40\/wp-json\/wp\/v2\/categories?post=83109"},{"taxonomy":"post_tag","embeddable":true,"href":"https:\/\/www.noubarris.net\/web40\/wp-json\/wp\/v2\/tags?post=83109"}],"curies":[{"name":"wp","href":"https:\/\/api.w.org\/{rel}","templated":true}]}}