{"id":83126,"date":"2024-09-02T00:00:25","date_gmt":"2024-09-01T22:00:25","guid":{"rendered":"http:\/\/www.noubarris.net\/web40\/?p=83126"},"modified":"2024-09-01T14:28:31","modified_gmt":"2024-09-01T12:28:31","slug":"aprovat-el-projecte-executiu-per-construir-els-equipaments-de-lilla-q-del-turo-de-la-peira","status":"publish","type":"post","link":"https:\/\/www.noubarris.net\/web40\/aprovat-el-projecte-executiu-per-construir-els-equipaments-de-lilla-q-del-turo-de-la-peira\/","title":{"rendered":"Aprovat el projecte executiu per construir els equipaments de l&#8217;illa Q del Tur\u00f3 de la Peira"},"content":{"rendered":"<p><strong>Amb una inversi\u00f3 de 7 milions d&#8217;euros, s&#8217;aixecar\u00e0 un centre de serveis socials, un casal de gent gran i un espai per a l\u2019associaci\u00f3 ve\u00efnal<\/strong><\/p>\n<p>L\u2019Ajuntament de Barcelona ha donat llum verda al projecte executiu d\u2019un nou equipament social d\u2019usos mixtes a l\u2019Illa Q del Tur\u00f3 de la Peira, la <strong><a href=\"https:\/\/www.noubarris.net\/web40\/?p=60397\">darrera que es va aixecar dins el pla de remodelaci\u00f3 del barri per substituir els pisos amb aluminosi<\/a><\/strong>. Es van construir els blocs d&#8217;habitatges previstos en aquesta illa per\u00f2 faltava aquest edifici d&#8217;equipaments situat al solar del carrer de Besiberri, entre els carrers d&#8217;Aneto i Montsant. <strong><a href=\"https:\/\/www.noubarris.net\/web40\/?p=70502\">El ve\u00efnat fa m\u00e9s de 7 anys que el reclamava<\/a><\/strong>, despr\u00e9s de negociar i con\u00e8ixer el pla final. La nova construcci\u00f3 acollir\u00e0 un centre de serveis socials, un casal de gent gran i un espai destinat a l\u2019associaci\u00f3 de ve\u00efns i ve\u00efnes.<\/p>\n<p>Segons informa l&#8217;Ajuntament, les obres comen\u00e7aran el primer trimestre de 2025 i\u00a0 tenen un termini previst d\u2019execuci\u00f3 d\u2019uns 18 mesos. Hi invertir\u00e0 7,08 milions d\u2019euros en aquest edifici de 2.221 metres quadrats. La proporci\u00f3 de l\u2019edifici de 13 x 41 metres permetr\u00e0 que totes les instal\u00b7lacions disposin d\u2019unes condicions \u00f2ptimes d\u2019il\u00b7luminaci\u00f3 i ventilaci\u00f3. A m\u00e9s a m\u00e9s, cadascuna de les plantes disposaran d\u2019un espai central totalment flexible per donar m\u00e9s possibilitats als usos futurs que se\u2019n facin. \u00c9s a dir, cada planta disposar\u00e0 d\u2019un espai obert continu que actuar\u00e0 com a gran passad\u00eds distribu\u00efdor i que afavorir\u00e0 la relaci\u00f3 i la dinamitzaci\u00f3 social del centre, a banda d\u2019espais tancats en els quals es podr\u00e0 donar l\u2019atenci\u00f3 necess\u00e0ria de manera independent.<\/p>\n<p>El regidor del districte de Nou Barris, Xavier Marc\u00e9, ha recordat que es tracta d\u2019una inversi\u00f3 \u201cmolt esperada i reivindicada pel barri\u201d, precisament en un espai, l\u2019illa Q, \u201camb un significat molt especial per a la hist\u00f2ria del Tur\u00f3 de la Peira\u201d. \u201cAquest nou equipament millorar\u00e0 molt la xarxa d\u2019equipaments del barri amb m\u00e9s espais socials i de m\u00e9s qualitat pels ve\u00efns i ve\u00efnes de la zona\u201d, ha afegit Marc\u00e9.<\/p>\n<p>Aquesta no \u00e9s l\u2019\u00fanica millora que experimentar\u00e0 el barri del Tur\u00f3 de la Peira aquest any, at\u00e8s que la construcci\u00f3 d\u2019aquest edifici arriba despr\u00e9s que el passat mes de mar\u00e7 finalitz\u00e9s la primera fase del Balc\u00f3 d\u2019Equipaments de Can Peguera, un projecte en aquest cas finan\u00e7at pel Pla de Barris i que servir\u00e0 igualment per millorar la connexi\u00f3 entre el Tur\u00f3 de la Peira i el barri de Can Peguera. En aquest cas, tot i que la zona afectada es troba a la falda del Tur\u00f3 de la Peira, tamb\u00e9 t\u00e9 a veure amb la millora de diversos equipaments p\u00fablics del barri.<\/p>\n<p>&nbsp;<\/p>\n","protected":false},"excerpt":{"rendered":"<p>Amb una inversi\u00f3 de 7 milions d&#8217;euros, s&#8217;aixecar\u00e0 un centre de serveis socials, un casal de gent gran i un<\/p>\n","protected":false},"author":2,"featured_media":83127,"comment_status":"closed","ping_status":"closed","sticky":false,"template":"","format":"standard","meta":{"colormag_page_layout":"default_layout","_monsterinsights_skip_tracking":false,"_monsterinsights_sitenote_active":false,"_monsterinsights_sitenote_note":"","_monsterinsights_sitenote_category":0,"footnotes":""},"categories":[139,302],"tags":[121],"class_list":["post-83126","post","type-post","status-publish","format-standard","has-post-thumbnail","hentry","category-el-turo-de-la-peira","category-urbanisme","tag-equipaments"],"yoast_head":"<!-- This site is optimized with the Yoast SEO plugin v25.3 - https:\/\/yoast.com\/wordpress\/plugins\/seo\/ -->\n<title>Aprovat el projecte executiu per construir els equipaments de l&#039;illa Q del Tur\u00f3 de la Peira - NouBarris.Net<\/title>\n<meta name=\"robots\" content=\"index, follow, max-snippet:-1, max-image-preview:large, max-video-preview:-1\" \/>\n<link rel=\"canonical\" href=\"https:\/\/www.noubarris.net\/web40\/aprovat-el-projecte-executiu-per-construir-els-equipaments-de-lilla-q-del-turo-de-la-peira\/\" \/>\n<meta property=\"og:locale\" content=\"ca_ES\" \/>\n<meta property=\"og:type\" content=\"article\" \/>\n<meta property=\"og:title\" content=\"Aprovat el projecte executiu per construir els equipaments de l&#039;illa Q del Tur\u00f3 de la Peira - NouBarris.Net\" \/>\n<meta property=\"og:description\" content=\"Amb una inversi\u00f3 de 7 milions d&#8217;euros, s&#8217;aixecar\u00e0 un centre de serveis socials, un casal de gent gran i un\" \/>\n<meta property=\"og:url\" content=\"https:\/\/www.noubarris.net\/web40\/aprovat-el-projecte-executiu-per-construir-els-equipaments-de-lilla-q-del-turo-de-la-peira\/\" \/>\n<meta property=\"og:site_name\" content=\"NouBarris.Net\" \/>\n<meta property=\"article:publisher\" content=\"https:\/\/www.facebook.com\/NouBarris.net\/?locale=es_ES\" \/>\n<meta property=\"article:published_time\" content=\"2024-09-01T22:00:25+00:00\" \/>\n<meta property=\"og:image\" content=\"https:\/\/www.noubarris.net\/web40\/wp-content\/uploads\/2024\/09\/020924illaq.jpg\" \/>\n\t<meta property=\"og:image:width\" content=\"768\" \/>\n\t<meta property=\"og:image:height\" content=\"432\" \/>\n\t<meta property=\"og:image:type\" content=\"image\/jpeg\" \/>\n<meta name=\"author\" content=\"Informatius\" \/>\n<meta name=\"twitter:card\" content=\"summary_large_image\" \/>\n<meta name=\"twitter:creator\" content=\"@9BTV\" \/>\n<meta name=\"twitter:site\" content=\"@9BTV\" \/>\n<meta name=\"twitter:label1\" content=\"Escrit per\" \/>\n\t<meta name=\"twitter:data1\" content=\"Informatius\" \/>\n\t<meta name=\"twitter:label2\" content=\"Temps estimat de lectura\" \/>\n\t<meta name=\"twitter:data2\" content=\"3 minuts\" \/>\n<script type=\"application\/ld+json\" class=\"yoast-schema-graph\">{\"@context\":\"https:\/\/schema.org\",\"@graph\":[{\"@type\":\"Article\",\"@id\":\"https:\/\/www.noubarris.net\/web40\/aprovat-el-projecte-executiu-per-construir-els-equipaments-de-lilla-q-del-turo-de-la-peira\/#article\",\"isPartOf\":{\"@id\":\"https:\/\/www.noubarris.net\/web40\/aprovat-el-projecte-executiu-per-construir-els-equipaments-de-lilla-q-del-turo-de-la-peira\/\"},\"author\":{\"name\":\"Informatius\",\"@id\":\"https:\/\/www.noubarris.net\/web40\/#\/schema\/person\/1827f92aaa316c54abbf4dac0de76069\"},\"headline\":\"Aprovat el projecte executiu per construir els equipaments de l&#8217;illa Q del Tur\u00f3 de la Peira\",\"datePublished\":\"2024-09-01T22:00:25+00:00\",\"mainEntityOfPage\":{\"@id\":\"https:\/\/www.noubarris.net\/web40\/aprovat-el-projecte-executiu-per-construir-els-equipaments-de-lilla-q-del-turo-de-la-peira\/\"},\"wordCount\":495,\"publisher\":{\"@id\":\"https:\/\/www.noubarris.net\/web40\/#organization\"},\"image\":{\"@id\":\"https:\/\/www.noubarris.net\/web40\/aprovat-el-projecte-executiu-per-construir-els-equipaments-de-lilla-q-del-turo-de-la-peira\/#primaryimage\"},\"thumbnailUrl\":\"https:\/\/www.noubarris.net\/web40\/wp-content\/uploads\/2024\/09\/020924illaq.jpg\",\"keywords\":[\"Equipaments\"],\"articleSection\":[\"El Tur\u00f3 de la Peira\",\"Urbanisme\"],\"inLanguage\":\"ca\"},{\"@type\":\"WebPage\",\"@id\":\"https:\/\/www.noubarris.net\/web40\/aprovat-el-projecte-executiu-per-construir-els-equipaments-de-lilla-q-del-turo-de-la-peira\/\",\"url\":\"https:\/\/www.noubarris.net\/web40\/aprovat-el-projecte-executiu-per-construir-els-equipaments-de-lilla-q-del-turo-de-la-peira\/\",\"name\":\"Aprovat el projecte executiu per construir els equipaments de l'illa Q del Tur\u00f3 de la Peira - NouBarris.Net\",\"isPartOf\":{\"@id\":\"https:\/\/www.noubarris.net\/web40\/#website\"},\"primaryImageOfPage\":{\"@id\":\"https:\/\/www.noubarris.net\/web40\/aprovat-el-projecte-executiu-per-construir-els-equipaments-de-lilla-q-del-turo-de-la-peira\/#primaryimage\"},\"image\":{\"@id\":\"https:\/\/www.noubarris.net\/web40\/aprovat-el-projecte-executiu-per-construir-els-equipaments-de-lilla-q-del-turo-de-la-peira\/#primaryimage\"},\"thumbnailUrl\":\"https:\/\/www.noubarris.net\/web40\/wp-content\/uploads\/2024\/09\/020924illaq.jpg\",\"datePublished\":\"2024-09-01T22:00:25+00:00\",\"breadcrumb\":{\"@id\":\"https:\/\/www.noubarris.net\/web40\/aprovat-el-projecte-executiu-per-construir-els-equipaments-de-lilla-q-del-turo-de-la-peira\/#breadcrumb\"},\"inLanguage\":\"ca\",\"potentialAction\":[{\"@type\":\"ReadAction\",\"target\":[\"https:\/\/www.noubarris.net\/web40\/aprovat-el-projecte-executiu-per-construir-els-equipaments-de-lilla-q-del-turo-de-la-peira\/\"]}]},{\"@type\":\"ImageObject\",\"inLanguage\":\"ca\",\"@id\":\"https:\/\/www.noubarris.net\/web40\/aprovat-el-projecte-executiu-per-construir-els-equipaments-de-lilla-q-del-turo-de-la-peira\/#primaryimage\",\"url\":\"https:\/\/www.noubarris.net\/web40\/wp-content\/uploads\/2024\/09\/020924illaq.jpg\",\"contentUrl\":\"https:\/\/www.noubarris.net\/web40\/wp-content\/uploads\/2024\/09\/020924illaq.jpg\",\"width\":768,\"height\":432},{\"@type\":\"BreadcrumbList\",\"@id\":\"https:\/\/www.noubarris.net\/web40\/aprovat-el-projecte-executiu-per-construir-els-equipaments-de-lilla-q-del-turo-de-la-peira\/#breadcrumb\",\"itemListElement\":[{\"@type\":\"ListItem\",\"position\":1,\"name\":\"Inici\",\"item\":\"https:\/\/www.noubarris.net\/web40\/\"},{\"@type\":\"ListItem\",\"position\":2,\"name\":\"Aprovat el projecte executiu per construir els equipaments de l&#8217;illa Q del Tur\u00f3 de la Peira\"}]},{\"@type\":\"WebSite\",\"@id\":\"https:\/\/www.noubarris.net\/web40\/#website\",\"url\":\"https:\/\/www.noubarris.net\/web40\/\",\"name\":\"NouBarris.Net\",\"description\":\"Seguint la vida de Nou Barris des de 1985\",\"publisher\":{\"@id\":\"https:\/\/www.noubarris.net\/web40\/#organization\"},\"potentialAction\":[{\"@type\":\"SearchAction\",\"target\":{\"@type\":\"EntryPoint\",\"urlTemplate\":\"https:\/\/www.noubarris.net\/web40\/?s={search_term_string}\"},\"query-input\":{\"@type\":\"PropertyValueSpecification\",\"valueRequired\":true,\"valueName\":\"search_term_string\"}}],\"inLanguage\":\"ca\"},{\"@type\":\"Organization\",\"@id\":\"https:\/\/www.noubarris.net\/web40\/#organization\",\"name\":\"NouBarris.Net\",\"url\":\"https:\/\/www.noubarris.net\/web40\/\",\"logo\":{\"@type\":\"ImageObject\",\"inLanguage\":\"ca\",\"@id\":\"https:\/\/www.noubarris.net\/web40\/#\/schema\/logo\/image\/\",\"url\":\"https:\/\/www.noubarris.net\/web40\/wp-content\/uploads\/2024\/11\/cropped-cropped-LOGO_9BTV-2024_Insta-1.jpg\",\"contentUrl\":\"https:\/\/www.noubarris.net\/web40\/wp-content\/uploads\/2024\/11\/cropped-cropped-LOGO_9BTV-2024_Insta-1.jpg\",\"width\":512,\"height\":512,\"caption\":\"NouBarris.Net\"},\"image\":{\"@id\":\"https:\/\/www.noubarris.net\/web40\/#\/schema\/logo\/image\/\"},\"sameAs\":[\"https:\/\/www.facebook.com\/NouBarris.net\/?locale=es_ES\",\"https:\/\/x.com\/9BTV\"]},{\"@type\":\"Person\",\"@id\":\"https:\/\/www.noubarris.net\/web40\/#\/schema\/person\/1827f92aaa316c54abbf4dac0de76069\",\"name\":\"Informatius\",\"image\":{\"@type\":\"ImageObject\",\"inLanguage\":\"ca\",\"@id\":\"https:\/\/www.noubarris.net\/web40\/#\/schema\/person\/image\/\",\"url\":\"https:\/\/secure.gravatar.com\/avatar\/87a3b47928835fc72c6ee5b0e1a7263ef0c2d05003a98189bc14926c5f11bcdb?s=96&d=mm&r=g\",\"contentUrl\":\"https:\/\/secure.gravatar.com\/avatar\/87a3b47928835fc72c6ee5b0e1a7263ef0c2d05003a98189bc14926c5f11bcdb?s=96&d=mm&r=g\",\"caption\":\"Informatius\"},\"url\":\"https:\/\/www.noubarris.net\/web40\/author\/tele\/\"}]}<\/script>\n<!-- \/ Yoast SEO plugin. -->","yoast_head_json":{"title":"Aprovat el projecte executiu per construir els equipaments de l'illa Q del Tur\u00f3 de la Peira - NouBarris.Net","robots":{"index":"index","follow":"follow","max-snippet":"max-snippet:-1","max-image-preview":"max-image-preview:large","max-video-preview":"max-video-preview:-1"},"canonical":"https:\/\/www.noubarris.net\/web40\/aprovat-el-projecte-executiu-per-construir-els-equipaments-de-lilla-q-del-turo-de-la-peira\/","og_locale":"ca_ES","og_type":"article","og_title":"Aprovat el projecte executiu per construir els equipaments de l'illa Q del Tur\u00f3 de la Peira - NouBarris.Net","og_description":"Amb una inversi\u00f3 de 7 milions d&#8217;euros, s&#8217;aixecar\u00e0 un centre de serveis socials, un casal de gent gran i un","og_url":"https:\/\/www.noubarris.net\/web40\/aprovat-el-projecte-executiu-per-construir-els-equipaments-de-lilla-q-del-turo-de-la-peira\/","og_site_name":"NouBarris.Net","article_publisher":"https:\/\/www.facebook.com\/NouBarris.net\/?locale=es_ES","article_published_time":"2024-09-01T22:00:25+00:00","og_image":[{"width":768,"height":432,"url":"https:\/\/www.noubarris.net\/web40\/wp-content\/uploads\/2024\/09\/020924illaq.jpg","type":"image\/jpeg"}],"author":"Informatius","twitter_card":"summary_large_image","twitter_creator":"@9BTV","twitter_site":"@9BTV","twitter_misc":{"Escrit per":"Informatius","Temps estimat de lectura":"3 minuts"},"schema":{"@context":"https:\/\/schema.org","@graph":[{"@type":"Article","@id":"https:\/\/www.noubarris.net\/web40\/aprovat-el-projecte-executiu-per-construir-els-equipaments-de-lilla-q-del-turo-de-la-peira\/#article","isPartOf":{"@id":"https:\/\/www.noubarris.net\/web40\/aprovat-el-projecte-executiu-per-construir-els-equipaments-de-lilla-q-del-turo-de-la-peira\/"},"author":{"name":"Informatius","@id":"https:\/\/www.noubarris.net\/web40\/#\/schema\/person\/1827f92aaa316c54abbf4dac0de76069"},"headline":"Aprovat el projecte executiu per construir els equipaments de l&#8217;illa Q del Tur\u00f3 de la Peira","datePublished":"2024-09-01T22:00:25+00:00","mainEntityOfPage":{"@id":"https:\/\/www.noubarris.net\/web40\/aprovat-el-projecte-executiu-per-construir-els-equipaments-de-lilla-q-del-turo-de-la-peira\/"},"wordCount":495,"publisher":{"@id":"https:\/\/www.noubarris.net\/web40\/#organization"},"image":{"@id":"https:\/\/www.noubarris.net\/web40\/aprovat-el-projecte-executiu-per-construir-els-equipaments-de-lilla-q-del-turo-de-la-peira\/#primaryimage"},"thumbnailUrl":"https:\/\/www.noubarris.net\/web40\/wp-content\/uploads\/2024\/09\/020924illaq.jpg","keywords":["Equipaments"],"articleSection":["El Tur\u00f3 de la Peira","Urbanisme"],"inLanguage":"ca"},{"@type":"WebPage","@id":"https:\/\/www.noubarris.net\/web40\/aprovat-el-projecte-executiu-per-construir-els-equipaments-de-lilla-q-del-turo-de-la-peira\/","url":"https:\/\/www.noubarris.net\/web40\/aprovat-el-projecte-executiu-per-construir-els-equipaments-de-lilla-q-del-turo-de-la-peira\/","name":"Aprovat el projecte executiu per construir els equipaments de l'illa Q del Tur\u00f3 de la Peira - NouBarris.Net","isPartOf":{"@id":"https:\/\/www.noubarris.net\/web40\/#website"},"primaryImageOfPage":{"@id":"https:\/\/www.noubarris.net\/web40\/aprovat-el-projecte-executiu-per-construir-els-equipaments-de-lilla-q-del-turo-de-la-peira\/#primaryimage"},"image":{"@id":"https:\/\/www.noubarris.net\/web40\/aprovat-el-projecte-executiu-per-construir-els-equipaments-de-lilla-q-del-turo-de-la-peira\/#primaryimage"},"thumbnailUrl":"https:\/\/www.noubarris.net\/web40\/wp-content\/uploads\/2024\/09\/020924illaq.jpg","datePublished":"2024-09-01T22:00:25+00:00","breadcrumb":{"@id":"https:\/\/www.noubarris.net\/web40\/aprovat-el-projecte-executiu-per-construir-els-equipaments-de-lilla-q-del-turo-de-la-peira\/#breadcrumb"},"inLanguage":"ca","potentialAction":[{"@type":"ReadAction","target":["https:\/\/www.noubarris.net\/web40\/aprovat-el-projecte-executiu-per-construir-els-equipaments-de-lilla-q-del-turo-de-la-peira\/"]}]},{"@type":"ImageObject","inLanguage":"ca","@id":"https:\/\/www.noubarris.net\/web40\/aprovat-el-projecte-executiu-per-construir-els-equipaments-de-lilla-q-del-turo-de-la-peira\/#primaryimage","url":"https:\/\/www.noubarris.net\/web40\/wp-content\/uploads\/2024\/09\/020924illaq.jpg","contentUrl":"https:\/\/www.noubarris.net\/web40\/wp-content\/uploads\/2024\/09\/020924illaq.jpg","width":768,"height":432},{"@type":"BreadcrumbList","@id":"https:\/\/www.noubarris.net\/web40\/aprovat-el-projecte-executiu-per-construir-els-equipaments-de-lilla-q-del-turo-de-la-peira\/#breadcrumb","itemListElement":[{"@type":"ListItem","position":1,"name":"Inici","item":"https:\/\/www.noubarris.net\/web40\/"},{"@type":"ListItem","position":2,"name":"Aprovat el projecte executiu per construir els equipaments de l&#8217;illa Q del Tur\u00f3 de la Peira"}]},{"@type":"WebSite","@id":"https:\/\/www.noubarris.net\/web40\/#website","url":"https:\/\/www.noubarris.net\/web40\/","name":"NouBarris.Net","description":"Seguint la vida de Nou Barris des de 1985","publisher":{"@id":"https:\/\/www.noubarris.net\/web40\/#organization"},"potentialAction":[{"@type":"SearchAction","target":{"@type":"EntryPoint","urlTemplate":"https:\/\/www.noubarris.net\/web40\/?s={search_term_string}"},"query-input":{"@type":"PropertyValueSpecification","valueRequired":true,"valueName":"search_term_string"}}],"inLanguage":"ca"},{"@type":"Organization","@id":"https:\/\/www.noubarris.net\/web40\/#organization","name":"NouBarris.Net","url":"https:\/\/www.noubarris.net\/web40\/","logo":{"@type":"ImageObject","inLanguage":"ca","@id":"https:\/\/www.noubarris.net\/web40\/#\/schema\/logo\/image\/","url":"https:\/\/www.noubarris.net\/web40\/wp-content\/uploads\/2024\/11\/cropped-cropped-LOGO_9BTV-2024_Insta-1.jpg","contentUrl":"https:\/\/www.noubarris.net\/web40\/wp-content\/uploads\/2024\/11\/cropped-cropped-LOGO_9BTV-2024_Insta-1.jpg","width":512,"height":512,"caption":"NouBarris.Net"},"image":{"@id":"https:\/\/www.noubarris.net\/web40\/#\/schema\/logo\/image\/"},"sameAs":["https:\/\/www.facebook.com\/NouBarris.net\/?locale=es_ES","https:\/\/x.com\/9BTV"]},{"@type":"Person","@id":"https:\/\/www.noubarris.net\/web40\/#\/schema\/person\/1827f92aaa316c54abbf4dac0de76069","name":"Informatius","image":{"@type":"ImageObject","inLanguage":"ca","@id":"https:\/\/www.noubarris.net\/web40\/#\/schema\/person\/image\/","url":"https:\/\/secure.gravatar.com\/avatar\/87a3b47928835fc72c6ee5b0e1a7263ef0c2d05003a98189bc14926c5f11bcdb?s=96&d=mm&r=g","contentUrl":"https:\/\/secure.gravatar.com\/avatar\/87a3b47928835fc72c6ee5b0e1a7263ef0c2d05003a98189bc14926c5f11bcdb?s=96&d=mm&r=g","caption":"Informatius"},"url":"https:\/\/www.noubarris.net\/web40\/author\/tele\/"}]}},"_links":{"self":[{"href":"https:\/\/www.noubarris.net\/web40\/wp-json\/wp\/v2\/posts\/83126","targetHints":{"allow":["GET"]}}],"collection":[{"href":"https:\/\/www.noubarris.net\/web40\/wp-json\/wp\/v2\/posts"}],"about":[{"href":"https:\/\/www.noubarris.net\/web40\/wp-json\/wp\/v2\/types\/post"}],"author":[{"embeddable":true,"href":"https:\/\/www.noubarris.net\/web40\/wp-json\/wp\/v2\/users\/2"}],"replies":[{"embeddable":true,"href":"https:\/\/www.noubarris.net\/web40\/wp-json\/wp\/v2\/comments?post=83126"}],"version-history":[{"count":1,"href":"https:\/\/www.noubarris.net\/web40\/wp-json\/wp\/v2\/posts\/83126\/revisions"}],"predecessor-version":[{"id":83128,"href":"https:\/\/www.noubarris.net\/web40\/wp-json\/wp\/v2\/posts\/83126\/revisions\/83128"}],"wp:featuredmedia":[{"embeddable":true,"href":"https:\/\/www.noubarris.net\/web40\/wp-json\/wp\/v2\/media\/83127"}],"wp:attachment":[{"href":"https:\/\/www.noubarris.net\/web40\/wp-json\/wp\/v2\/media?parent=83126"}],"wp:term":[{"taxonomy":"category","embeddable":true,"href":"https:\/\/www.noubarris.net\/web40\/wp-json\/wp\/v2\/categories?post=83126"},{"taxonomy":"post_tag","embeddable":true,"href":"https:\/\/www.noubarris.net\/web40\/wp-json\/wp\/v2\/tags?post=83126"}],"curies":[{"name":"wp","href":"https:\/\/api.w.org\/{rel}","templated":true}]}}