{"id":83207,"date":"2024-09-14T00:00:44","date_gmt":"2024-09-13T22:00:44","guid":{"rendered":"http:\/\/www.noubarris.net\/web40\/?p=83207"},"modified":"2024-09-13T20:02:01","modified_gmt":"2024-09-13T18:02:01","slug":"nou-barris-commemora-la-diada-amb-un-vespre-festiu-a-la-placa-major","status":"publish","type":"post","link":"https:\/\/www.noubarris.net\/web40\/nou-barris-commemora-la-diada-amb-un-vespre-festiu-a-la-placa-major\/","title":{"rendered":"Nou Barris commemora la Diada amb un vespre festiu a la pla\u00e7a Major"},"content":{"rendered":"<p><strong>El Centre Cultural Els Propis i la Fundaci\u00f3 Procat omplen de m\u00fasica i tradici\u00f3 el pati de la Seu del Districte<\/strong><\/p>\n<p>Com ja \u00e9s costum des de fa uns quants anys, Nou Barris celebra la Diada de Catalunya el dissabte m\u00e9s proper a l&#8217;11 de setembre, de la m\u00e0 del Centre Cultural Els Propis i la Fundaci\u00f3 Procat, amb el suport del Districte de Nou Barris.<\/p>\n<p>El Pati de la Seu del Districte s&#8217;omplir\u00e0 a partir de les 18h de concerts i tradici\u00f3. L\u2019acte comptar\u00e0 amb una primera part que inclour\u00e0 la hissada de la senyera i una segona part, que constituir\u00e0 el gruix de l\u2019acte, amb l\u2019actuaci\u00f3 de la Banda Simf\u00f2nica Roquetes \u2013 Nou Barris, que interpretar\u00e0 un repertori ben variat. L\u2019acte clour\u00e0 amb el Cant de la Senyera i Els Segadors, i, finalment, el Grup de Foc de Nou Barris far\u00e0 esclatar la rauxa a la pla\u00e7a Major.\u00a0<\/p>\n<p>Teniu, a continuaci\u00f3, m\u00e9s detalls del programa:<\/p>\n<p>\u00a0<\/p>\n\n\n<figure class=\"wp-block-image size-large\"><img loading=\"lazy\" decoding=\"async\" width=\"512\" height=\"1024\" src=\"https:\/\/www.noubarris.net\/web40\/wp-content\/uploads\/2024\/09\/Diseno-sin-titulo-512x1024.jpg\" alt=\"\" class=\"wp-image-83210\" srcset=\"https:\/\/www.noubarris.net\/web40\/wp-content\/uploads\/2024\/09\/Diseno-sin-titulo-512x1024.jpg 512w, https:\/\/www.noubarris.net\/web40\/wp-content\/uploads\/2024\/09\/Diseno-sin-titulo-150x300.jpg 150w, https:\/\/www.noubarris.net\/web40\/wp-content\/uploads\/2024\/09\/Diseno-sin-titulo.jpg 600w\" sizes=\"auto, (max-width: 512px) 100vw, 512px\" \/><\/figure>\n","protected":false},"excerpt":{"rendered":"<p>El Centre Cultural Els Propis i la Fundaci\u00f3 Procat omplen de m\u00fasica i tradici\u00f3 el pati de la Seu del<\/p>\n","protected":false},"author":2,"featured_media":83208,"comment_status":"closed","ping_status":"closed","sticky":false,"template":"","format":"standard","meta":{"colormag_page_layout":"default_layout","_monsterinsights_skip_tracking":false,"_monsterinsights_sitenote_active":false,"_monsterinsights_sitenote_note":"","_monsterinsights_sitenote_category":0,"footnotes":""},"categories":[129],"tags":[],"class_list":["post-83207","post","type-post","status-publish","format-standard","has-post-thumbnail","hentry","category-cultura"],"yoast_head":"<!-- This site is optimized with the Yoast SEO plugin v25.3 - https:\/\/yoast.com\/wordpress\/plugins\/seo\/ -->\n<title>Nou Barris commemora la Diada amb un vespre festiu a la pla\u00e7a Major - NouBarris.Net<\/title>\n<meta name=\"robots\" content=\"index, follow, max-snippet:-1, max-image-preview:large, max-video-preview:-1\" \/>\n<link rel=\"canonical\" href=\"https:\/\/www.noubarris.net\/web40\/nou-barris-commemora-la-diada-amb-un-vespre-festiu-a-la-placa-major\/\" \/>\n<meta property=\"og:locale\" content=\"ca_ES\" \/>\n<meta property=\"og:type\" content=\"article\" \/>\n<meta property=\"og:title\" content=\"Nou Barris commemora la Diada amb un vespre festiu a la pla\u00e7a Major - NouBarris.Net\" \/>\n<meta property=\"og:description\" content=\"El Centre Cultural Els Propis i la Fundaci\u00f3 Procat omplen de m\u00fasica i tradici\u00f3 el pati de la Seu del\" \/>\n<meta property=\"og:url\" content=\"https:\/\/www.noubarris.net\/web40\/nou-barris-commemora-la-diada-amb-un-vespre-festiu-a-la-placa-major\/\" \/>\n<meta property=\"og:site_name\" content=\"NouBarris.Net\" \/>\n<meta property=\"article:publisher\" content=\"https:\/\/www.facebook.com\/NouBarris.net\/?locale=es_ES\" \/>\n<meta property=\"article:published_time\" content=\"2024-09-13T22:00:44+00:00\" \/>\n<meta property=\"og:image\" content=\"https:\/\/www.noubarris.net\/web40\/wp-content\/uploads\/2024\/09\/140924.jpg\" \/>\n\t<meta property=\"og:image:width\" content=\"768\" \/>\n\t<meta property=\"og:image:height\" content=\"432\" \/>\n\t<meta property=\"og:image:type\" content=\"image\/jpeg\" \/>\n<meta name=\"author\" content=\"Informatius\" \/>\n<meta name=\"twitter:card\" content=\"summary_large_image\" \/>\n<meta name=\"twitter:creator\" content=\"@9BTV\" \/>\n<meta name=\"twitter:site\" content=\"@9BTV\" \/>\n<meta name=\"twitter:label1\" content=\"Escrit per\" \/>\n\t<meta name=\"twitter:data1\" content=\"Informatius\" \/>\n\t<meta name=\"twitter:label2\" content=\"Temps estimat de lectura\" \/>\n\t<meta name=\"twitter:data2\" content=\"2 minuts\" \/>\n<script type=\"application\/ld+json\" class=\"yoast-schema-graph\">{\"@context\":\"https:\/\/schema.org\",\"@graph\":[{\"@type\":\"Article\",\"@id\":\"https:\/\/www.noubarris.net\/web40\/nou-barris-commemora-la-diada-amb-un-vespre-festiu-a-la-placa-major\/#article\",\"isPartOf\":{\"@id\":\"https:\/\/www.noubarris.net\/web40\/nou-barris-commemora-la-diada-amb-un-vespre-festiu-a-la-placa-major\/\"},\"author\":{\"name\":\"Informatius\",\"@id\":\"https:\/\/www.noubarris.net\/web40\/#\/schema\/person\/1827f92aaa316c54abbf4dac0de76069\"},\"headline\":\"Nou Barris commemora la Diada amb un vespre festiu a la pla\u00e7a Major\",\"datePublished\":\"2024-09-13T22:00:44+00:00\",\"mainEntityOfPage\":{\"@id\":\"https:\/\/www.noubarris.net\/web40\/nou-barris-commemora-la-diada-amb-un-vespre-festiu-a-la-placa-major\/\"},\"wordCount\":180,\"publisher\":{\"@id\":\"https:\/\/www.noubarris.net\/web40\/#organization\"},\"image\":{\"@id\":\"https:\/\/www.noubarris.net\/web40\/nou-barris-commemora-la-diada-amb-un-vespre-festiu-a-la-placa-major\/#primaryimage\"},\"thumbnailUrl\":\"https:\/\/www.noubarris.net\/web40\/wp-content\/uploads\/2024\/09\/140924.jpg\",\"articleSection\":[\"Cultura\"],\"inLanguage\":\"ca\"},{\"@type\":\"WebPage\",\"@id\":\"https:\/\/www.noubarris.net\/web40\/nou-barris-commemora-la-diada-amb-un-vespre-festiu-a-la-placa-major\/\",\"url\":\"https:\/\/www.noubarris.net\/web40\/nou-barris-commemora-la-diada-amb-un-vespre-festiu-a-la-placa-major\/\",\"name\":\"Nou Barris commemora la Diada amb un vespre festiu a la pla\u00e7a Major - NouBarris.Net\",\"isPartOf\":{\"@id\":\"https:\/\/www.noubarris.net\/web40\/#website\"},\"primaryImageOfPage\":{\"@id\":\"https:\/\/www.noubarris.net\/web40\/nou-barris-commemora-la-diada-amb-un-vespre-festiu-a-la-placa-major\/#primaryimage\"},\"image\":{\"@id\":\"https:\/\/www.noubarris.net\/web40\/nou-barris-commemora-la-diada-amb-un-vespre-festiu-a-la-placa-major\/#primaryimage\"},\"thumbnailUrl\":\"https:\/\/www.noubarris.net\/web40\/wp-content\/uploads\/2024\/09\/140924.jpg\",\"datePublished\":\"2024-09-13T22:00:44+00:00\",\"breadcrumb\":{\"@id\":\"https:\/\/www.noubarris.net\/web40\/nou-barris-commemora-la-diada-amb-un-vespre-festiu-a-la-placa-major\/#breadcrumb\"},\"inLanguage\":\"ca\",\"potentialAction\":[{\"@type\":\"ReadAction\",\"target\":[\"https:\/\/www.noubarris.net\/web40\/nou-barris-commemora-la-diada-amb-un-vespre-festiu-a-la-placa-major\/\"]}]},{\"@type\":\"ImageObject\",\"inLanguage\":\"ca\",\"@id\":\"https:\/\/www.noubarris.net\/web40\/nou-barris-commemora-la-diada-amb-un-vespre-festiu-a-la-placa-major\/#primaryimage\",\"url\":\"https:\/\/www.noubarris.net\/web40\/wp-content\/uploads\/2024\/09\/140924.jpg\",\"contentUrl\":\"https:\/\/www.noubarris.net\/web40\/wp-content\/uploads\/2024\/09\/140924.jpg\",\"width\":768,\"height\":432},{\"@type\":\"BreadcrumbList\",\"@id\":\"https:\/\/www.noubarris.net\/web40\/nou-barris-commemora-la-diada-amb-un-vespre-festiu-a-la-placa-major\/#breadcrumb\",\"itemListElement\":[{\"@type\":\"ListItem\",\"position\":1,\"name\":\"Inici\",\"item\":\"https:\/\/www.noubarris.net\/web40\/\"},{\"@type\":\"ListItem\",\"position\":2,\"name\":\"Nou Barris commemora la Diada amb un vespre festiu a la pla\u00e7a Major\"}]},{\"@type\":\"WebSite\",\"@id\":\"https:\/\/www.noubarris.net\/web40\/#website\",\"url\":\"https:\/\/www.noubarris.net\/web40\/\",\"name\":\"NouBarris.Net\",\"description\":\"Seguint la vida de Nou Barris des de 1985\",\"publisher\":{\"@id\":\"https:\/\/www.noubarris.net\/web40\/#organization\"},\"potentialAction\":[{\"@type\":\"SearchAction\",\"target\":{\"@type\":\"EntryPoint\",\"urlTemplate\":\"https:\/\/www.noubarris.net\/web40\/?s={search_term_string}\"},\"query-input\":{\"@type\":\"PropertyValueSpecification\",\"valueRequired\":true,\"valueName\":\"search_term_string\"}}],\"inLanguage\":\"ca\"},{\"@type\":\"Organization\",\"@id\":\"https:\/\/www.noubarris.net\/web40\/#organization\",\"name\":\"NouBarris.Net\",\"url\":\"https:\/\/www.noubarris.net\/web40\/\",\"logo\":{\"@type\":\"ImageObject\",\"inLanguage\":\"ca\",\"@id\":\"https:\/\/www.noubarris.net\/web40\/#\/schema\/logo\/image\/\",\"url\":\"https:\/\/www.noubarris.net\/web40\/wp-content\/uploads\/2024\/11\/cropped-cropped-LOGO_9BTV-2024_Insta-1.jpg\",\"contentUrl\":\"https:\/\/www.noubarris.net\/web40\/wp-content\/uploads\/2024\/11\/cropped-cropped-LOGO_9BTV-2024_Insta-1.jpg\",\"width\":512,\"height\":512,\"caption\":\"NouBarris.Net\"},\"image\":{\"@id\":\"https:\/\/www.noubarris.net\/web40\/#\/schema\/logo\/image\/\"},\"sameAs\":[\"https:\/\/www.facebook.com\/NouBarris.net\/?locale=es_ES\",\"https:\/\/x.com\/9BTV\"]},{\"@type\":\"Person\",\"@id\":\"https:\/\/www.noubarris.net\/web40\/#\/schema\/person\/1827f92aaa316c54abbf4dac0de76069\",\"name\":\"Informatius\",\"image\":{\"@type\":\"ImageObject\",\"inLanguage\":\"ca\",\"@id\":\"https:\/\/www.noubarris.net\/web40\/#\/schema\/person\/image\/\",\"url\":\"https:\/\/secure.gravatar.com\/avatar\/87a3b47928835fc72c6ee5b0e1a7263ef0c2d05003a98189bc14926c5f11bcdb?s=96&d=mm&r=g\",\"contentUrl\":\"https:\/\/secure.gravatar.com\/avatar\/87a3b47928835fc72c6ee5b0e1a7263ef0c2d05003a98189bc14926c5f11bcdb?s=96&d=mm&r=g\",\"caption\":\"Informatius\"},\"url\":\"https:\/\/www.noubarris.net\/web40\/author\/tele\/\"}]}<\/script>\n<!-- \/ Yoast SEO plugin. -->","yoast_head_json":{"title":"Nou Barris commemora la Diada amb un vespre festiu a la pla\u00e7a Major - NouBarris.Net","robots":{"index":"index","follow":"follow","max-snippet":"max-snippet:-1","max-image-preview":"max-image-preview:large","max-video-preview":"max-video-preview:-1"},"canonical":"https:\/\/www.noubarris.net\/web40\/nou-barris-commemora-la-diada-amb-un-vespre-festiu-a-la-placa-major\/","og_locale":"ca_ES","og_type":"article","og_title":"Nou Barris commemora la Diada amb un vespre festiu a la pla\u00e7a Major - NouBarris.Net","og_description":"El Centre Cultural Els Propis i la Fundaci\u00f3 Procat omplen de m\u00fasica i tradici\u00f3 el pati de la Seu del","og_url":"https:\/\/www.noubarris.net\/web40\/nou-barris-commemora-la-diada-amb-un-vespre-festiu-a-la-placa-major\/","og_site_name":"NouBarris.Net","article_publisher":"https:\/\/www.facebook.com\/NouBarris.net\/?locale=es_ES","article_published_time":"2024-09-13T22:00:44+00:00","og_image":[{"width":768,"height":432,"url":"https:\/\/www.noubarris.net\/web40\/wp-content\/uploads\/2024\/09\/140924.jpg","type":"image\/jpeg"}],"author":"Informatius","twitter_card":"summary_large_image","twitter_creator":"@9BTV","twitter_site":"@9BTV","twitter_misc":{"Escrit per":"Informatius","Temps estimat de lectura":"2 minuts"},"schema":{"@context":"https:\/\/schema.org","@graph":[{"@type":"Article","@id":"https:\/\/www.noubarris.net\/web40\/nou-barris-commemora-la-diada-amb-un-vespre-festiu-a-la-placa-major\/#article","isPartOf":{"@id":"https:\/\/www.noubarris.net\/web40\/nou-barris-commemora-la-diada-amb-un-vespre-festiu-a-la-placa-major\/"},"author":{"name":"Informatius","@id":"https:\/\/www.noubarris.net\/web40\/#\/schema\/person\/1827f92aaa316c54abbf4dac0de76069"},"headline":"Nou Barris commemora la Diada amb un vespre festiu a la pla\u00e7a Major","datePublished":"2024-09-13T22:00:44+00:00","mainEntityOfPage":{"@id":"https:\/\/www.noubarris.net\/web40\/nou-barris-commemora-la-diada-amb-un-vespre-festiu-a-la-placa-major\/"},"wordCount":180,"publisher":{"@id":"https:\/\/www.noubarris.net\/web40\/#organization"},"image":{"@id":"https:\/\/www.noubarris.net\/web40\/nou-barris-commemora-la-diada-amb-un-vespre-festiu-a-la-placa-major\/#primaryimage"},"thumbnailUrl":"https:\/\/www.noubarris.net\/web40\/wp-content\/uploads\/2024\/09\/140924.jpg","articleSection":["Cultura"],"inLanguage":"ca"},{"@type":"WebPage","@id":"https:\/\/www.noubarris.net\/web40\/nou-barris-commemora-la-diada-amb-un-vespre-festiu-a-la-placa-major\/","url":"https:\/\/www.noubarris.net\/web40\/nou-barris-commemora-la-diada-amb-un-vespre-festiu-a-la-placa-major\/","name":"Nou Barris commemora la Diada amb un vespre festiu a la pla\u00e7a Major - NouBarris.Net","isPartOf":{"@id":"https:\/\/www.noubarris.net\/web40\/#website"},"primaryImageOfPage":{"@id":"https:\/\/www.noubarris.net\/web40\/nou-barris-commemora-la-diada-amb-un-vespre-festiu-a-la-placa-major\/#primaryimage"},"image":{"@id":"https:\/\/www.noubarris.net\/web40\/nou-barris-commemora-la-diada-amb-un-vespre-festiu-a-la-placa-major\/#primaryimage"},"thumbnailUrl":"https:\/\/www.noubarris.net\/web40\/wp-content\/uploads\/2024\/09\/140924.jpg","datePublished":"2024-09-13T22:00:44+00:00","breadcrumb":{"@id":"https:\/\/www.noubarris.net\/web40\/nou-barris-commemora-la-diada-amb-un-vespre-festiu-a-la-placa-major\/#breadcrumb"},"inLanguage":"ca","potentialAction":[{"@type":"ReadAction","target":["https:\/\/www.noubarris.net\/web40\/nou-barris-commemora-la-diada-amb-un-vespre-festiu-a-la-placa-major\/"]}]},{"@type":"ImageObject","inLanguage":"ca","@id":"https:\/\/www.noubarris.net\/web40\/nou-barris-commemora-la-diada-amb-un-vespre-festiu-a-la-placa-major\/#primaryimage","url":"https:\/\/www.noubarris.net\/web40\/wp-content\/uploads\/2024\/09\/140924.jpg","contentUrl":"https:\/\/www.noubarris.net\/web40\/wp-content\/uploads\/2024\/09\/140924.jpg","width":768,"height":432},{"@type":"BreadcrumbList","@id":"https:\/\/www.noubarris.net\/web40\/nou-barris-commemora-la-diada-amb-un-vespre-festiu-a-la-placa-major\/#breadcrumb","itemListElement":[{"@type":"ListItem","position":1,"name":"Inici","item":"https:\/\/www.noubarris.net\/web40\/"},{"@type":"ListItem","position":2,"name":"Nou Barris commemora la Diada amb un vespre festiu a la pla\u00e7a Major"}]},{"@type":"WebSite","@id":"https:\/\/www.noubarris.net\/web40\/#website","url":"https:\/\/www.noubarris.net\/web40\/","name":"NouBarris.Net","description":"Seguint la vida de Nou Barris des de 1985","publisher":{"@id":"https:\/\/www.noubarris.net\/web40\/#organization"},"potentialAction":[{"@type":"SearchAction","target":{"@type":"EntryPoint","urlTemplate":"https:\/\/www.noubarris.net\/web40\/?s={search_term_string}"},"query-input":{"@type":"PropertyValueSpecification","valueRequired":true,"valueName":"search_term_string"}}],"inLanguage":"ca"},{"@type":"Organization","@id":"https:\/\/www.noubarris.net\/web40\/#organization","name":"NouBarris.Net","url":"https:\/\/www.noubarris.net\/web40\/","logo":{"@type":"ImageObject","inLanguage":"ca","@id":"https:\/\/www.noubarris.net\/web40\/#\/schema\/logo\/image\/","url":"https:\/\/www.noubarris.net\/web40\/wp-content\/uploads\/2024\/11\/cropped-cropped-LOGO_9BTV-2024_Insta-1.jpg","contentUrl":"https:\/\/www.noubarris.net\/web40\/wp-content\/uploads\/2024\/11\/cropped-cropped-LOGO_9BTV-2024_Insta-1.jpg","width":512,"height":512,"caption":"NouBarris.Net"},"image":{"@id":"https:\/\/www.noubarris.net\/web40\/#\/schema\/logo\/image\/"},"sameAs":["https:\/\/www.facebook.com\/NouBarris.net\/?locale=es_ES","https:\/\/x.com\/9BTV"]},{"@type":"Person","@id":"https:\/\/www.noubarris.net\/web40\/#\/schema\/person\/1827f92aaa316c54abbf4dac0de76069","name":"Informatius","image":{"@type":"ImageObject","inLanguage":"ca","@id":"https:\/\/www.noubarris.net\/web40\/#\/schema\/person\/image\/","url":"https:\/\/secure.gravatar.com\/avatar\/87a3b47928835fc72c6ee5b0e1a7263ef0c2d05003a98189bc14926c5f11bcdb?s=96&d=mm&r=g","contentUrl":"https:\/\/secure.gravatar.com\/avatar\/87a3b47928835fc72c6ee5b0e1a7263ef0c2d05003a98189bc14926c5f11bcdb?s=96&d=mm&r=g","caption":"Informatius"},"url":"https:\/\/www.noubarris.net\/web40\/author\/tele\/"}]}},"_links":{"self":[{"href":"https:\/\/www.noubarris.net\/web40\/wp-json\/wp\/v2\/posts\/83207","targetHints":{"allow":["GET"]}}],"collection":[{"href":"https:\/\/www.noubarris.net\/web40\/wp-json\/wp\/v2\/posts"}],"about":[{"href":"https:\/\/www.noubarris.net\/web40\/wp-json\/wp\/v2\/types\/post"}],"author":[{"embeddable":true,"href":"https:\/\/www.noubarris.net\/web40\/wp-json\/wp\/v2\/users\/2"}],"replies":[{"embeddable":true,"href":"https:\/\/www.noubarris.net\/web40\/wp-json\/wp\/v2\/comments?post=83207"}],"version-history":[{"count":3,"href":"https:\/\/www.noubarris.net\/web40\/wp-json\/wp\/v2\/posts\/83207\/revisions"}],"predecessor-version":[{"id":83213,"href":"https:\/\/www.noubarris.net\/web40\/wp-json\/wp\/v2\/posts\/83207\/revisions\/83213"}],"wp:featuredmedia":[{"embeddable":true,"href":"https:\/\/www.noubarris.net\/web40\/wp-json\/wp\/v2\/media\/83208"}],"wp:attachment":[{"href":"https:\/\/www.noubarris.net\/web40\/wp-json\/wp\/v2\/media?parent=83207"}],"wp:term":[{"taxonomy":"category","embeddable":true,"href":"https:\/\/www.noubarris.net\/web40\/wp-json\/wp\/v2\/categories?post=83207"},{"taxonomy":"post_tag","embeddable":true,"href":"https:\/\/www.noubarris.net\/web40\/wp-json\/wp\/v2\/tags?post=83207"}],"curies":[{"name":"wp","href":"https:\/\/api.w.org\/{rel}","templated":true}]}}