{"id":83214,"date":"2024-09-14T20:56:38","date_gmt":"2024-09-14T18:56:38","guid":{"rendered":"https:\/\/www.noubarris.net\/web40\/?p=83214"},"modified":"2024-09-16T14:36:52","modified_gmt":"2024-09-16T12:36:52","slug":"poemes-i-musica-a-canyelles-per-recordar-el-cantautor-victor-jara-assassinat-per-la-dictadura-de-pinochet","status":"publish","type":"post","link":"https:\/\/www.noubarris.net\/web40\/poemes-i-musica-a-canyelles-per-recordar-el-cantautor-victor-jara-assassinat-per-la-dictadura-de-pinochet\/","title":{"rendered":"Poemes i m\u00fasica a Canyelles per recordar el cantautor V\u00edctor Jara, assassinat per la dictadura de Pinochet"},"content":{"rendered":"<p><strong>L&#8217;acte, organitzat pel Centre Salvador Allende i entitats xilenes, comen\u00e7ar\u00e0 a les 12h<\/strong><\/p>\r\n<p>Un any m\u00e9s Canyelles acull va acollir l&#8217;homenatge de la comunitat xilena i barcelonina al cantautor V\u00edctor Jara, una de les v\u00edctimes de la repressi\u00f3 de Pinochet. La tria de la ubicaci\u00f3 no \u00e9s casual. A Canyelles es va instal\u00b7lar fa vint anys un mon\u00f2lit que recorda a Jara i uns dels seus versos m\u00e9s coneguts: &#8220;Jo no canto por cantar, ni por tener buena voz, canto porque la guitarra tiene sentido y raz\u00f3n&#8221;. Davant aquest mon\u00f2lit, situat al carrer que du el seu nom, solen deixar-se flors en el seu record.<\/p>\r\n<p>L&#8217;acte duia el nom &#8216;Te recuerdo, V\u00edctor&#8217;, amb la intenci\u00f3 de mantenir viu el seu llegat, la seva can\u00e7\u00f3 protesta, al mateix temps que es recorda una de les seves can\u00e7ons emblem\u00e0tiques, &#8216;Te recuerdo, Amanda&#8217;. Organitzat per entitats xilenes i el Centre de Salvador Allende, amb la col\u00b7laboraci\u00f3 de Districte i l&#8217;AV Canyelles, hi ha previst un recital po\u00e8tic i musical al parc de Serra i Mart\u00ed, a m\u00e9s dels parlaments. Teniu els detalls a continuaci\u00f3:<\/p>\r\n<p>&nbsp;<\/p>\r\n\r\n<figure class=\"wp-block-image size-large\"><img loading=\"lazy\" decoding=\"async\" width=\"724\" height=\"1024\" class=\"wp-image-83217\" src=\"https:\/\/www.noubarris.net\/web40\/wp-content\/uploads\/2024\/09\/GXc2WiFWwAA3n_0-724x1024.jpg\" alt=\"\" srcset=\"https:\/\/www.noubarris.net\/web40\/wp-content\/uploads\/2024\/09\/GXc2WiFWwAA3n_0-724x1024.jpg 724w, https:\/\/www.noubarris.net\/web40\/wp-content\/uploads\/2024\/09\/GXc2WiFWwAA3n_0-212x300.jpg 212w, https:\/\/www.noubarris.net\/web40\/wp-content\/uploads\/2024\/09\/GXc2WiFWwAA3n_0-768x1086.jpg 768w, https:\/\/www.noubarris.net\/web40\/wp-content\/uploads\/2024\/09\/GXc2WiFWwAA3n_0-600x849.jpg 600w, https:\/\/www.noubarris.net\/web40\/wp-content\/uploads\/2024\/09\/GXc2WiFWwAA3n_0-1086x1536.jpg 1086w, https:\/\/www.noubarris.net\/web40\/wp-content\/uploads\/2024\/09\/GXc2WiFWwAA3n_0.jpg 1131w\" sizes=\"auto, (max-width: 724px) 100vw, 724px\" \/><\/figure>\r\n\r\n\r\n\r\n<p>Enguany s&#8217;han complert 46 anys de la mort del cantautor V\u00edctor Jara, detingut i assassinat despr\u00e9s del cop d\u2019estat que va enderrocar el govern de Salvador Allende.\u00a0A Jara el cop d\u2019estat el va sorprendre a la Universitat T\u00e8cnica de l\u2019Estat, on va ser detingut al costat d\u2019altres professors i alumnes. El van portar al Estadio Chile, el van torturar durant hores i el 16 de setembre el van assassinar a trets. Tenia 40 anys. Va ser un dels artistes m\u00e9s emblem\u00e0tics del moviment m\u00fasico-social anomenat \u201cNova can\u00e7\u00f3 xilena\u201d. En nom\u00e9s vuit anys va editar nou discos i va ser tamb\u00e9 director de teatre. Tot plegat, amb una marcada ideologia comunista. \u00c9s, encara avui, un referent internacional de la can\u00e7\u00f3 protesta.<\/p>\r\n<p><iframe loading=\"lazy\" title=\"Homenatge a V\u00cdCTOR JARA a Canyelles\" width=\"800\" height=\"450\" src=\"https:\/\/www.youtube.com\/embed\/g28zdqkC_K8?feature=oembed\" frameborder=\"0\" allow=\"accelerometer; autoplay; clipboard-write; encrypted-media; gyroscope; picture-in-picture; web-share\" referrerpolicy=\"strict-origin-when-cross-origin\" allowfullscreen><\/iframe><\/p>\r\n","protected":false},"excerpt":{"rendered":"<p>L&#8217;acte, organitzat pel Centre Salvador Allende i entitats xilenes, comen\u00e7ar\u00e0 a les 12h Un any m\u00e9s Canyelles acull va acollir<\/p>\n","protected":false},"author":2,"featured_media":83215,"comment_status":"closed","ping_status":"closed","sticky":false,"template":"","format":"standard","meta":{"colormag_page_layout":"default_layout","_monsterinsights_skip_tracking":false,"_monsterinsights_sitenote_active":false,"_monsterinsights_sitenote_note":"","_monsterinsights_sitenote_category":0,"footnotes":""},"categories":[129],"tags":[446,747],"class_list":["post-83214","post","type-post","status-publish","format-standard","has-post-thumbnail","hentry","category-cultura","tag-homenatge","tag-victor-jara"],"yoast_head":"<!-- This site is optimized with the Yoast SEO plugin v25.3 - https:\/\/yoast.com\/wordpress\/plugins\/seo\/ -->\n<title>Poemes i m\u00fasica a Canyelles per recordar el cantautor V\u00edctor Jara, assassinat per la dictadura de Pinochet - NouBarris.Net<\/title>\n<meta name=\"robots\" content=\"index, follow, max-snippet:-1, max-image-preview:large, max-video-preview:-1\" \/>\n<link rel=\"canonical\" href=\"https:\/\/www.noubarris.net\/web40\/poemes-i-musica-a-canyelles-per-recordar-el-cantautor-victor-jara-assassinat-per-la-dictadura-de-pinochet\/\" \/>\n<meta property=\"og:locale\" content=\"ca_ES\" \/>\n<meta property=\"og:type\" content=\"article\" \/>\n<meta property=\"og:title\" content=\"Poemes i m\u00fasica a Canyelles per recordar el cantautor V\u00edctor Jara, assassinat per la dictadura de Pinochet - NouBarris.Net\" \/>\n<meta property=\"og:description\" content=\"L&#8217;acte, organitzat pel Centre Salvador Allende i entitats xilenes, comen\u00e7ar\u00e0 a les 12h Un any m\u00e9s Canyelles acull va acollir\" \/>\n<meta property=\"og:url\" content=\"https:\/\/www.noubarris.net\/web40\/poemes-i-musica-a-canyelles-per-recordar-el-cantautor-victor-jara-assassinat-per-la-dictadura-de-pinochet\/\" \/>\n<meta property=\"og:site_name\" content=\"NouBarris.Net\" \/>\n<meta property=\"article:publisher\" content=\"https:\/\/www.facebook.com\/NouBarris.net\/?locale=es_ES\" \/>\n<meta property=\"article:published_time\" content=\"2024-09-14T18:56:38+00:00\" \/>\n<meta property=\"article:modified_time\" content=\"2024-09-16T12:36:52+00:00\" \/>\n<meta property=\"og:image\" content=\"https:\/\/www.noubarris.net\/web40\/wp-content\/uploads\/2024\/09\/150924.jpg\" \/>\n\t<meta property=\"og:image:width\" content=\"768\" \/>\n\t<meta property=\"og:image:height\" content=\"432\" \/>\n\t<meta property=\"og:image:type\" content=\"image\/jpeg\" \/>\n<meta name=\"author\" content=\"Informatius\" \/>\n<meta name=\"twitter:card\" content=\"summary_large_image\" \/>\n<meta name=\"twitter:creator\" content=\"@9BTV\" \/>\n<meta name=\"twitter:site\" content=\"@9BTV\" \/>\n<meta name=\"twitter:label1\" content=\"Escrit per\" \/>\n\t<meta name=\"twitter:data1\" content=\"Informatius\" \/>\n\t<meta name=\"twitter:label2\" content=\"Temps estimat de lectura\" \/>\n\t<meta name=\"twitter:data2\" content=\"3 minuts\" \/>\n<script type=\"application\/ld+json\" class=\"yoast-schema-graph\">{\"@context\":\"https:\/\/schema.org\",\"@graph\":[{\"@type\":\"Article\",\"@id\":\"https:\/\/www.noubarris.net\/web40\/poemes-i-musica-a-canyelles-per-recordar-el-cantautor-victor-jara-assassinat-per-la-dictadura-de-pinochet\/#article\",\"isPartOf\":{\"@id\":\"https:\/\/www.noubarris.net\/web40\/poemes-i-musica-a-canyelles-per-recordar-el-cantautor-victor-jara-assassinat-per-la-dictadura-de-pinochet\/\"},\"author\":{\"name\":\"Informatius\",\"@id\":\"https:\/\/www.noubarris.net\/web40\/#\/schema\/person\/1827f92aaa316c54abbf4dac0de76069\"},\"headline\":\"Poemes i m\u00fasica a Canyelles per recordar el cantautor V\u00edctor Jara, assassinat per la dictadura de Pinochet\",\"datePublished\":\"2024-09-14T18:56:38+00:00\",\"dateModified\":\"2024-09-16T12:36:52+00:00\",\"mainEntityOfPage\":{\"@id\":\"https:\/\/www.noubarris.net\/web40\/poemes-i-musica-a-canyelles-per-recordar-el-cantautor-victor-jara-assassinat-per-la-dictadura-de-pinochet\/\"},\"wordCount\":358,\"publisher\":{\"@id\":\"https:\/\/www.noubarris.net\/web40\/#organization\"},\"image\":{\"@id\":\"https:\/\/www.noubarris.net\/web40\/poemes-i-musica-a-canyelles-per-recordar-el-cantautor-victor-jara-assassinat-per-la-dictadura-de-pinochet\/#primaryimage\"},\"thumbnailUrl\":\"https:\/\/www.noubarris.net\/web40\/wp-content\/uploads\/2024\/09\/150924.jpg\",\"keywords\":[\"Homenatge\",\"v\u00edctor jara\"],\"articleSection\":[\"Cultura\"],\"inLanguage\":\"ca\"},{\"@type\":\"WebPage\",\"@id\":\"https:\/\/www.noubarris.net\/web40\/poemes-i-musica-a-canyelles-per-recordar-el-cantautor-victor-jara-assassinat-per-la-dictadura-de-pinochet\/\",\"url\":\"https:\/\/www.noubarris.net\/web40\/poemes-i-musica-a-canyelles-per-recordar-el-cantautor-victor-jara-assassinat-per-la-dictadura-de-pinochet\/\",\"name\":\"Poemes i m\u00fasica a Canyelles per recordar el cantautor V\u00edctor Jara, assassinat per la dictadura de Pinochet - NouBarris.Net\",\"isPartOf\":{\"@id\":\"https:\/\/www.noubarris.net\/web40\/#website\"},\"primaryImageOfPage\":{\"@id\":\"https:\/\/www.noubarris.net\/web40\/poemes-i-musica-a-canyelles-per-recordar-el-cantautor-victor-jara-assassinat-per-la-dictadura-de-pinochet\/#primaryimage\"},\"image\":{\"@id\":\"https:\/\/www.noubarris.net\/web40\/poemes-i-musica-a-canyelles-per-recordar-el-cantautor-victor-jara-assassinat-per-la-dictadura-de-pinochet\/#primaryimage\"},\"thumbnailUrl\":\"https:\/\/www.noubarris.net\/web40\/wp-content\/uploads\/2024\/09\/150924.jpg\",\"datePublished\":\"2024-09-14T18:56:38+00:00\",\"dateModified\":\"2024-09-16T12:36:52+00:00\",\"breadcrumb\":{\"@id\":\"https:\/\/www.noubarris.net\/web40\/poemes-i-musica-a-canyelles-per-recordar-el-cantautor-victor-jara-assassinat-per-la-dictadura-de-pinochet\/#breadcrumb\"},\"inLanguage\":\"ca\",\"potentialAction\":[{\"@type\":\"ReadAction\",\"target\":[\"https:\/\/www.noubarris.net\/web40\/poemes-i-musica-a-canyelles-per-recordar-el-cantautor-victor-jara-assassinat-per-la-dictadura-de-pinochet\/\"]}]},{\"@type\":\"ImageObject\",\"inLanguage\":\"ca\",\"@id\":\"https:\/\/www.noubarris.net\/web40\/poemes-i-musica-a-canyelles-per-recordar-el-cantautor-victor-jara-assassinat-per-la-dictadura-de-pinochet\/#primaryimage\",\"url\":\"https:\/\/www.noubarris.net\/web40\/wp-content\/uploads\/2024\/09\/150924.jpg\",\"contentUrl\":\"https:\/\/www.noubarris.net\/web40\/wp-content\/uploads\/2024\/09\/150924.jpg\",\"width\":768,\"height\":432},{\"@type\":\"BreadcrumbList\",\"@id\":\"https:\/\/www.noubarris.net\/web40\/poemes-i-musica-a-canyelles-per-recordar-el-cantautor-victor-jara-assassinat-per-la-dictadura-de-pinochet\/#breadcrumb\",\"itemListElement\":[{\"@type\":\"ListItem\",\"position\":1,\"name\":\"Inici\",\"item\":\"https:\/\/www.noubarris.net\/web40\/\"},{\"@type\":\"ListItem\",\"position\":2,\"name\":\"Poemes i m\u00fasica a Canyelles per recordar el cantautor V\u00edctor Jara, assassinat per la dictadura de Pinochet\"}]},{\"@type\":\"WebSite\",\"@id\":\"https:\/\/www.noubarris.net\/web40\/#website\",\"url\":\"https:\/\/www.noubarris.net\/web40\/\",\"name\":\"NouBarris.Net\",\"description\":\"Seguint la vida de Nou Barris des de 1985\",\"publisher\":{\"@id\":\"https:\/\/www.noubarris.net\/web40\/#organization\"},\"potentialAction\":[{\"@type\":\"SearchAction\",\"target\":{\"@type\":\"EntryPoint\",\"urlTemplate\":\"https:\/\/www.noubarris.net\/web40\/?s={search_term_string}\"},\"query-input\":{\"@type\":\"PropertyValueSpecification\",\"valueRequired\":true,\"valueName\":\"search_term_string\"}}],\"inLanguage\":\"ca\"},{\"@type\":\"Organization\",\"@id\":\"https:\/\/www.noubarris.net\/web40\/#organization\",\"name\":\"NouBarris.Net\",\"url\":\"https:\/\/www.noubarris.net\/web40\/\",\"logo\":{\"@type\":\"ImageObject\",\"inLanguage\":\"ca\",\"@id\":\"https:\/\/www.noubarris.net\/web40\/#\/schema\/logo\/image\/\",\"url\":\"https:\/\/www.noubarris.net\/web40\/wp-content\/uploads\/2024\/11\/cropped-cropped-LOGO_9BTV-2024_Insta-1.jpg\",\"contentUrl\":\"https:\/\/www.noubarris.net\/web40\/wp-content\/uploads\/2024\/11\/cropped-cropped-LOGO_9BTV-2024_Insta-1.jpg\",\"width\":512,\"height\":512,\"caption\":\"NouBarris.Net\"},\"image\":{\"@id\":\"https:\/\/www.noubarris.net\/web40\/#\/schema\/logo\/image\/\"},\"sameAs\":[\"https:\/\/www.facebook.com\/NouBarris.net\/?locale=es_ES\",\"https:\/\/x.com\/9BTV\"]},{\"@type\":\"Person\",\"@id\":\"https:\/\/www.noubarris.net\/web40\/#\/schema\/person\/1827f92aaa316c54abbf4dac0de76069\",\"name\":\"Informatius\",\"image\":{\"@type\":\"ImageObject\",\"inLanguage\":\"ca\",\"@id\":\"https:\/\/www.noubarris.net\/web40\/#\/schema\/person\/image\/\",\"url\":\"https:\/\/secure.gravatar.com\/avatar\/87a3b47928835fc72c6ee5b0e1a7263ef0c2d05003a98189bc14926c5f11bcdb?s=96&d=mm&r=g\",\"contentUrl\":\"https:\/\/secure.gravatar.com\/avatar\/87a3b47928835fc72c6ee5b0e1a7263ef0c2d05003a98189bc14926c5f11bcdb?s=96&d=mm&r=g\",\"caption\":\"Informatius\"},\"url\":\"https:\/\/www.noubarris.net\/web40\/author\/tele\/\"}]}<\/script>\n<!-- \/ Yoast SEO plugin. -->","yoast_head_json":{"title":"Poemes i m\u00fasica a Canyelles per recordar el cantautor V\u00edctor Jara, assassinat per la dictadura de Pinochet - NouBarris.Net","robots":{"index":"index","follow":"follow","max-snippet":"max-snippet:-1","max-image-preview":"max-image-preview:large","max-video-preview":"max-video-preview:-1"},"canonical":"https:\/\/www.noubarris.net\/web40\/poemes-i-musica-a-canyelles-per-recordar-el-cantautor-victor-jara-assassinat-per-la-dictadura-de-pinochet\/","og_locale":"ca_ES","og_type":"article","og_title":"Poemes i m\u00fasica a Canyelles per recordar el cantautor V\u00edctor Jara, assassinat per la dictadura de Pinochet - NouBarris.Net","og_description":"L&#8217;acte, organitzat pel Centre Salvador Allende i entitats xilenes, comen\u00e7ar\u00e0 a les 12h Un any m\u00e9s Canyelles acull va acollir","og_url":"https:\/\/www.noubarris.net\/web40\/poemes-i-musica-a-canyelles-per-recordar-el-cantautor-victor-jara-assassinat-per-la-dictadura-de-pinochet\/","og_site_name":"NouBarris.Net","article_publisher":"https:\/\/www.facebook.com\/NouBarris.net\/?locale=es_ES","article_published_time":"2024-09-14T18:56:38+00:00","article_modified_time":"2024-09-16T12:36:52+00:00","og_image":[{"width":768,"height":432,"url":"https:\/\/www.noubarris.net\/web40\/wp-content\/uploads\/2024\/09\/150924.jpg","type":"image\/jpeg"}],"author":"Informatius","twitter_card":"summary_large_image","twitter_creator":"@9BTV","twitter_site":"@9BTV","twitter_misc":{"Escrit per":"Informatius","Temps estimat de lectura":"3 minuts"},"schema":{"@context":"https:\/\/schema.org","@graph":[{"@type":"Article","@id":"https:\/\/www.noubarris.net\/web40\/poemes-i-musica-a-canyelles-per-recordar-el-cantautor-victor-jara-assassinat-per-la-dictadura-de-pinochet\/#article","isPartOf":{"@id":"https:\/\/www.noubarris.net\/web40\/poemes-i-musica-a-canyelles-per-recordar-el-cantautor-victor-jara-assassinat-per-la-dictadura-de-pinochet\/"},"author":{"name":"Informatius","@id":"https:\/\/www.noubarris.net\/web40\/#\/schema\/person\/1827f92aaa316c54abbf4dac0de76069"},"headline":"Poemes i m\u00fasica a Canyelles per recordar el cantautor V\u00edctor Jara, assassinat per la dictadura de Pinochet","datePublished":"2024-09-14T18:56:38+00:00","dateModified":"2024-09-16T12:36:52+00:00","mainEntityOfPage":{"@id":"https:\/\/www.noubarris.net\/web40\/poemes-i-musica-a-canyelles-per-recordar-el-cantautor-victor-jara-assassinat-per-la-dictadura-de-pinochet\/"},"wordCount":358,"publisher":{"@id":"https:\/\/www.noubarris.net\/web40\/#organization"},"image":{"@id":"https:\/\/www.noubarris.net\/web40\/poemes-i-musica-a-canyelles-per-recordar-el-cantautor-victor-jara-assassinat-per-la-dictadura-de-pinochet\/#primaryimage"},"thumbnailUrl":"https:\/\/www.noubarris.net\/web40\/wp-content\/uploads\/2024\/09\/150924.jpg","keywords":["Homenatge","v\u00edctor jara"],"articleSection":["Cultura"],"inLanguage":"ca"},{"@type":"WebPage","@id":"https:\/\/www.noubarris.net\/web40\/poemes-i-musica-a-canyelles-per-recordar-el-cantautor-victor-jara-assassinat-per-la-dictadura-de-pinochet\/","url":"https:\/\/www.noubarris.net\/web40\/poemes-i-musica-a-canyelles-per-recordar-el-cantautor-victor-jara-assassinat-per-la-dictadura-de-pinochet\/","name":"Poemes i m\u00fasica a Canyelles per recordar el cantautor V\u00edctor Jara, assassinat per la dictadura de Pinochet - NouBarris.Net","isPartOf":{"@id":"https:\/\/www.noubarris.net\/web40\/#website"},"primaryImageOfPage":{"@id":"https:\/\/www.noubarris.net\/web40\/poemes-i-musica-a-canyelles-per-recordar-el-cantautor-victor-jara-assassinat-per-la-dictadura-de-pinochet\/#primaryimage"},"image":{"@id":"https:\/\/www.noubarris.net\/web40\/poemes-i-musica-a-canyelles-per-recordar-el-cantautor-victor-jara-assassinat-per-la-dictadura-de-pinochet\/#primaryimage"},"thumbnailUrl":"https:\/\/www.noubarris.net\/web40\/wp-content\/uploads\/2024\/09\/150924.jpg","datePublished":"2024-09-14T18:56:38+00:00","dateModified":"2024-09-16T12:36:52+00:00","breadcrumb":{"@id":"https:\/\/www.noubarris.net\/web40\/poemes-i-musica-a-canyelles-per-recordar-el-cantautor-victor-jara-assassinat-per-la-dictadura-de-pinochet\/#breadcrumb"},"inLanguage":"ca","potentialAction":[{"@type":"ReadAction","target":["https:\/\/www.noubarris.net\/web40\/poemes-i-musica-a-canyelles-per-recordar-el-cantautor-victor-jara-assassinat-per-la-dictadura-de-pinochet\/"]}]},{"@type":"ImageObject","inLanguage":"ca","@id":"https:\/\/www.noubarris.net\/web40\/poemes-i-musica-a-canyelles-per-recordar-el-cantautor-victor-jara-assassinat-per-la-dictadura-de-pinochet\/#primaryimage","url":"https:\/\/www.noubarris.net\/web40\/wp-content\/uploads\/2024\/09\/150924.jpg","contentUrl":"https:\/\/www.noubarris.net\/web40\/wp-content\/uploads\/2024\/09\/150924.jpg","width":768,"height":432},{"@type":"BreadcrumbList","@id":"https:\/\/www.noubarris.net\/web40\/poemes-i-musica-a-canyelles-per-recordar-el-cantautor-victor-jara-assassinat-per-la-dictadura-de-pinochet\/#breadcrumb","itemListElement":[{"@type":"ListItem","position":1,"name":"Inici","item":"https:\/\/www.noubarris.net\/web40\/"},{"@type":"ListItem","position":2,"name":"Poemes i m\u00fasica a Canyelles per recordar el cantautor V\u00edctor Jara, assassinat per la dictadura de Pinochet"}]},{"@type":"WebSite","@id":"https:\/\/www.noubarris.net\/web40\/#website","url":"https:\/\/www.noubarris.net\/web40\/","name":"NouBarris.Net","description":"Seguint la vida de Nou Barris des de 1985","publisher":{"@id":"https:\/\/www.noubarris.net\/web40\/#organization"},"potentialAction":[{"@type":"SearchAction","target":{"@type":"EntryPoint","urlTemplate":"https:\/\/www.noubarris.net\/web40\/?s={search_term_string}"},"query-input":{"@type":"PropertyValueSpecification","valueRequired":true,"valueName":"search_term_string"}}],"inLanguage":"ca"},{"@type":"Organization","@id":"https:\/\/www.noubarris.net\/web40\/#organization","name":"NouBarris.Net","url":"https:\/\/www.noubarris.net\/web40\/","logo":{"@type":"ImageObject","inLanguage":"ca","@id":"https:\/\/www.noubarris.net\/web40\/#\/schema\/logo\/image\/","url":"https:\/\/www.noubarris.net\/web40\/wp-content\/uploads\/2024\/11\/cropped-cropped-LOGO_9BTV-2024_Insta-1.jpg","contentUrl":"https:\/\/www.noubarris.net\/web40\/wp-content\/uploads\/2024\/11\/cropped-cropped-LOGO_9BTV-2024_Insta-1.jpg","width":512,"height":512,"caption":"NouBarris.Net"},"image":{"@id":"https:\/\/www.noubarris.net\/web40\/#\/schema\/logo\/image\/"},"sameAs":["https:\/\/www.facebook.com\/NouBarris.net\/?locale=es_ES","https:\/\/x.com\/9BTV"]},{"@type":"Person","@id":"https:\/\/www.noubarris.net\/web40\/#\/schema\/person\/1827f92aaa316c54abbf4dac0de76069","name":"Informatius","image":{"@type":"ImageObject","inLanguage":"ca","@id":"https:\/\/www.noubarris.net\/web40\/#\/schema\/person\/image\/","url":"https:\/\/secure.gravatar.com\/avatar\/87a3b47928835fc72c6ee5b0e1a7263ef0c2d05003a98189bc14926c5f11bcdb?s=96&d=mm&r=g","contentUrl":"https:\/\/secure.gravatar.com\/avatar\/87a3b47928835fc72c6ee5b0e1a7263ef0c2d05003a98189bc14926c5f11bcdb?s=96&d=mm&r=g","caption":"Informatius"},"url":"https:\/\/www.noubarris.net\/web40\/author\/tele\/"}]}},"_links":{"self":[{"href":"https:\/\/www.noubarris.net\/web40\/wp-json\/wp\/v2\/posts\/83214","targetHints":{"allow":["GET"]}}],"collection":[{"href":"https:\/\/www.noubarris.net\/web40\/wp-json\/wp\/v2\/posts"}],"about":[{"href":"https:\/\/www.noubarris.net\/web40\/wp-json\/wp\/v2\/types\/post"}],"author":[{"embeddable":true,"href":"https:\/\/www.noubarris.net\/web40\/wp-json\/wp\/v2\/users\/2"}],"replies":[{"embeddable":true,"href":"https:\/\/www.noubarris.net\/web40\/wp-json\/wp\/v2\/comments?post=83214"}],"version-history":[{"count":5,"href":"https:\/\/www.noubarris.net\/web40\/wp-json\/wp\/v2\/posts\/83214\/revisions"}],"predecessor-version":[{"id":83228,"href":"https:\/\/www.noubarris.net\/web40\/wp-json\/wp\/v2\/posts\/83214\/revisions\/83228"}],"wp:featuredmedia":[{"embeddable":true,"href":"https:\/\/www.noubarris.net\/web40\/wp-json\/wp\/v2\/media\/83215"}],"wp:attachment":[{"href":"https:\/\/www.noubarris.net\/web40\/wp-json\/wp\/v2\/media?parent=83214"}],"wp:term":[{"taxonomy":"category","embeddable":true,"href":"https:\/\/www.noubarris.net\/web40\/wp-json\/wp\/v2\/categories?post=83214"},{"taxonomy":"post_tag","embeddable":true,"href":"https:\/\/www.noubarris.net\/web40\/wp-json\/wp\/v2\/tags?post=83214"}],"curies":[{"name":"wp","href":"https:\/\/api.w.org\/{rel}","templated":true}]}}