{"id":83219,"date":"2024-09-16T00:00:23","date_gmt":"2024-09-15T22:00:23","guid":{"rendered":"https:\/\/www.noubarris.net\/web40\/?p=83219"},"modified":"2024-09-19T16:49:55","modified_gmt":"2024-09-19T14:49:55","slug":"els-titelles-conquereixen-les-roquetes-amb-la-19a-titellada","status":"publish","type":"post","link":"https:\/\/www.noubarris.net\/web40\/els-titelles-conquereixen-les-roquetes-amb-la-19a-titellada\/","title":{"rendered":"VIDEO &#8211; Els titelles conquereixen les Roquetes amb la 19a Titellada"},"content":{"rendered":"<p><strong>L&#8217;Associaci\u00f3 Titellaire de les Roquetes organitza espectacles i activitats del 17 al 28 de setembre<\/strong><\/p>\r\n<p>Arriba un any m\u00e9s, i ja s\u00f3n 19, la Titellada, la Mostra de Titelles de les Roquetes. Es va crear el 2006 de mans de l&#8217;Associaci\u00f3 Titellaire de les Roquetes i el Centre Ton i Guida per reivindicar i difondre l&#8217;art dels titelles i tota la seva diversitat. Per aix\u00f2, omplen els carrers i les places del barri amb espectacles familiars, cercaviles, exposicions, activitats amb les escoles, entre altres. Tamb\u00e9 s&#8217;hi fa un homenatge a una companyia titellaire, que enguany ser\u00e0 la Companyia Sebasti\u00e0 Verg\u00e9s, una hist\u00f2rica que va engegar la seva traject\u00f2ria al 1910 i ja va per la tercera generaci\u00f3 d&#8217;artistes. Dins la programaci\u00f3, portaran l&#8217;espectacle &#8216;Hansel i Gretel&#8217; el dia 27 a les 17.30h a la pla\u00e7a dels Titellaires.<\/p>\r\n<p>Tamb\u00e9 hi actuaran la cia Cacauet Teatre, la Jordi Bertran, la Merc\u00e8 Framis i la cia Caliot Teatre, a m\u00e9s de la participaci\u00f3 de la companyia noubarrienca +Tumacat en la cercavila inaugural de dimecres 25. De tot plegat parlaran en la presentaci\u00f3 del cicle aquest dimarts a la tarda a la Biblioteca Roquetes-Rafa Juncadella a les 18h. Igualment, trobareu <a href=\"chrome-extension:\/\/efaidnbmnnnibpcajpcglclefindmkaj\/https:\/\/media-edg.barcelona.cat\/wp-content\/uploads\/2024\/09\/12132755\/Programacio-La-Titellada-2024-1.pdf\">la programaci\u00f3 en aquest enlla\u00e7<\/a>, o b\u00e9 en la imatge sota aquestes l\u00ednies.<\/p>\r\n<p><iframe loading=\"lazy\" title=\"Els titelles conquereixen les Roquetes amb la 19a TITELLADA\" width=\"800\" height=\"450\" src=\"https:\/\/www.youtube.com\/embed\/d7uetGTCbOM?feature=oembed\" frameborder=\"0\" allow=\"accelerometer; autoplay; clipboard-write; encrypted-media; gyroscope; picture-in-picture; web-share\" referrerpolicy=\"strict-origin-when-cross-origin\" allowfullscreen><\/iframe><\/p>\r\n\r\n<figure class=\"wp-block-image size-large\"><img loading=\"lazy\" decoding=\"async\" width=\"726\" height=\"1024\" class=\"wp-image-83223\" src=\"https:\/\/www.noubarris.net\/web40\/wp-content\/uploads\/2024\/09\/GXVXT1oXwAAXV-n-726x1024.jpg\" alt=\"\" srcset=\"https:\/\/www.noubarris.net\/web40\/wp-content\/uploads\/2024\/09\/GXVXT1oXwAAXV-n-726x1024.jpg 726w, https:\/\/www.noubarris.net\/web40\/wp-content\/uploads\/2024\/09\/GXVXT1oXwAAXV-n-213x300.jpg 213w, https:\/\/www.noubarris.net\/web40\/wp-content\/uploads\/2024\/09\/GXVXT1oXwAAXV-n-768x1083.jpg 768w, https:\/\/www.noubarris.net\/web40\/wp-content\/uploads\/2024\/09\/GXVXT1oXwAAXV-n-600x846.jpg 600w, https:\/\/www.noubarris.net\/web40\/wp-content\/uploads\/2024\/09\/GXVXT1oXwAAXV-n-1090x1536.jpg 1090w, https:\/\/www.noubarris.net\/web40\/wp-content\/uploads\/2024\/09\/GXVXT1oXwAAXV-n.jpg 1240w\" sizes=\"auto, (max-width: 726px) 100vw, 726px\" \/><\/figure>\r\n","protected":false},"excerpt":{"rendered":"<p>L&#8217;Associaci\u00f3 Titellaire de les Roquetes organitza espectacles i activitats del 17 al 28 de setembre Arriba un any m\u00e9s, i<\/p>\n","protected":false},"author":2,"featured_media":83220,"comment_status":"closed","ping_status":"closed","sticky":false,"template":"","format":"standard","meta":{"colormag_page_layout":"default_layout","_monsterinsights_skip_tracking":false,"_monsterinsights_sitenote_active":false,"_monsterinsights_sitenote_note":"","_monsterinsights_sitenote_category":0,"footnotes":""},"categories":[129,136],"tags":[203],"class_list":["post-83219","post","type-post","status-publish","format-standard","has-post-thumbnail","hentry","category-cultura","category-les-roquetes","tag-titelles"],"yoast_head":"<!-- This site is optimized with the Yoast SEO plugin v25.3 - https:\/\/yoast.com\/wordpress\/plugins\/seo\/ -->\n<title>VIDEO - Els titelles conquereixen les Roquetes amb la 19a Titellada - NouBarris.Net<\/title>\n<meta name=\"robots\" content=\"index, follow, max-snippet:-1, max-image-preview:large, max-video-preview:-1\" \/>\n<link rel=\"canonical\" href=\"https:\/\/www.noubarris.net\/web40\/els-titelles-conquereixen-les-roquetes-amb-la-19a-titellada\/\" \/>\n<meta property=\"og:locale\" content=\"ca_ES\" \/>\n<meta property=\"og:type\" content=\"article\" \/>\n<meta property=\"og:title\" content=\"VIDEO - Els titelles conquereixen les Roquetes amb la 19a Titellada - NouBarris.Net\" \/>\n<meta property=\"og:description\" content=\"L&#8217;Associaci\u00f3 Titellaire de les Roquetes organitza espectacles i activitats del 17 al 28 de setembre Arriba un any m\u00e9s, i\" \/>\n<meta property=\"og:url\" content=\"https:\/\/www.noubarris.net\/web40\/els-titelles-conquereixen-les-roquetes-amb-la-19a-titellada\/\" \/>\n<meta property=\"og:site_name\" content=\"NouBarris.Net\" \/>\n<meta property=\"article:publisher\" content=\"https:\/\/www.facebook.com\/NouBarris.net\/?locale=es_ES\" \/>\n<meta property=\"article:published_time\" content=\"2024-09-15T22:00:23+00:00\" \/>\n<meta property=\"article:modified_time\" content=\"2024-09-19T14:49:55+00:00\" \/>\n<meta property=\"og:image\" content=\"https:\/\/www.noubarris.net\/web40\/wp-content\/uploads\/2024\/09\/160924.jpg\" \/>\n\t<meta property=\"og:image:width\" content=\"768\" \/>\n\t<meta property=\"og:image:height\" content=\"432\" \/>\n\t<meta property=\"og:image:type\" content=\"image\/jpeg\" \/>\n<meta name=\"author\" content=\"Informatius\" \/>\n<meta name=\"twitter:card\" content=\"summary_large_image\" \/>\n<meta name=\"twitter:creator\" content=\"@9BTV\" \/>\n<meta name=\"twitter:site\" content=\"@9BTV\" \/>\n<meta name=\"twitter:label1\" content=\"Escrit per\" \/>\n\t<meta name=\"twitter:data1\" content=\"Informatius\" \/>\n\t<meta name=\"twitter:label2\" content=\"Temps estimat de lectura\" \/>\n\t<meta name=\"twitter:data2\" content=\"2 minuts\" \/>\n<script type=\"application\/ld+json\" class=\"yoast-schema-graph\">{\"@context\":\"https:\/\/schema.org\",\"@graph\":[{\"@type\":\"Article\",\"@id\":\"https:\/\/www.noubarris.net\/web40\/els-titelles-conquereixen-les-roquetes-amb-la-19a-titellada\/#article\",\"isPartOf\":{\"@id\":\"https:\/\/www.noubarris.net\/web40\/els-titelles-conquereixen-les-roquetes-amb-la-19a-titellada\/\"},\"author\":{\"name\":\"Informatius\",\"@id\":\"https:\/\/www.noubarris.net\/web40\/#\/schema\/person\/1827f92aaa316c54abbf4dac0de76069\"},\"headline\":\"VIDEO &#8211; Els titelles conquereixen les Roquetes amb la 19a Titellada\",\"datePublished\":\"2024-09-15T22:00:23+00:00\",\"dateModified\":\"2024-09-19T14:49:55+00:00\",\"mainEntityOfPage\":{\"@id\":\"https:\/\/www.noubarris.net\/web40\/els-titelles-conquereixen-les-roquetes-amb-la-19a-titellada\/\"},\"wordCount\":234,\"publisher\":{\"@id\":\"https:\/\/www.noubarris.net\/web40\/#organization\"},\"image\":{\"@id\":\"https:\/\/www.noubarris.net\/web40\/els-titelles-conquereixen-les-roquetes-amb-la-19a-titellada\/#primaryimage\"},\"thumbnailUrl\":\"https:\/\/www.noubarris.net\/web40\/wp-content\/uploads\/2024\/09\/160924.jpg\",\"keywords\":[\"Titelles\"],\"articleSection\":[\"Cultura\",\"Les Roquetes\"],\"inLanguage\":\"ca\"},{\"@type\":\"WebPage\",\"@id\":\"https:\/\/www.noubarris.net\/web40\/els-titelles-conquereixen-les-roquetes-amb-la-19a-titellada\/\",\"url\":\"https:\/\/www.noubarris.net\/web40\/els-titelles-conquereixen-les-roquetes-amb-la-19a-titellada\/\",\"name\":\"VIDEO - Els titelles conquereixen les Roquetes amb la 19a Titellada - NouBarris.Net\",\"isPartOf\":{\"@id\":\"https:\/\/www.noubarris.net\/web40\/#website\"},\"primaryImageOfPage\":{\"@id\":\"https:\/\/www.noubarris.net\/web40\/els-titelles-conquereixen-les-roquetes-amb-la-19a-titellada\/#primaryimage\"},\"image\":{\"@id\":\"https:\/\/www.noubarris.net\/web40\/els-titelles-conquereixen-les-roquetes-amb-la-19a-titellada\/#primaryimage\"},\"thumbnailUrl\":\"https:\/\/www.noubarris.net\/web40\/wp-content\/uploads\/2024\/09\/160924.jpg\",\"datePublished\":\"2024-09-15T22:00:23+00:00\",\"dateModified\":\"2024-09-19T14:49:55+00:00\",\"breadcrumb\":{\"@id\":\"https:\/\/www.noubarris.net\/web40\/els-titelles-conquereixen-les-roquetes-amb-la-19a-titellada\/#breadcrumb\"},\"inLanguage\":\"ca\",\"potentialAction\":[{\"@type\":\"ReadAction\",\"target\":[\"https:\/\/www.noubarris.net\/web40\/els-titelles-conquereixen-les-roquetes-amb-la-19a-titellada\/\"]}]},{\"@type\":\"ImageObject\",\"inLanguage\":\"ca\",\"@id\":\"https:\/\/www.noubarris.net\/web40\/els-titelles-conquereixen-les-roquetes-amb-la-19a-titellada\/#primaryimage\",\"url\":\"https:\/\/www.noubarris.net\/web40\/wp-content\/uploads\/2024\/09\/160924.jpg\",\"contentUrl\":\"https:\/\/www.noubarris.net\/web40\/wp-content\/uploads\/2024\/09\/160924.jpg\",\"width\":768,\"height\":432},{\"@type\":\"BreadcrumbList\",\"@id\":\"https:\/\/www.noubarris.net\/web40\/els-titelles-conquereixen-les-roquetes-amb-la-19a-titellada\/#breadcrumb\",\"itemListElement\":[{\"@type\":\"ListItem\",\"position\":1,\"name\":\"Inici\",\"item\":\"https:\/\/www.noubarris.net\/web40\/\"},{\"@type\":\"ListItem\",\"position\":2,\"name\":\"VIDEO &#8211; Els titelles conquereixen les Roquetes amb la 19a Titellada\"}]},{\"@type\":\"WebSite\",\"@id\":\"https:\/\/www.noubarris.net\/web40\/#website\",\"url\":\"https:\/\/www.noubarris.net\/web40\/\",\"name\":\"NouBarris.Net\",\"description\":\"Seguint la vida de Nou Barris des de 1985\",\"publisher\":{\"@id\":\"https:\/\/www.noubarris.net\/web40\/#organization\"},\"potentialAction\":[{\"@type\":\"SearchAction\",\"target\":{\"@type\":\"EntryPoint\",\"urlTemplate\":\"https:\/\/www.noubarris.net\/web40\/?s={search_term_string}\"},\"query-input\":{\"@type\":\"PropertyValueSpecification\",\"valueRequired\":true,\"valueName\":\"search_term_string\"}}],\"inLanguage\":\"ca\"},{\"@type\":\"Organization\",\"@id\":\"https:\/\/www.noubarris.net\/web40\/#organization\",\"name\":\"NouBarris.Net\",\"url\":\"https:\/\/www.noubarris.net\/web40\/\",\"logo\":{\"@type\":\"ImageObject\",\"inLanguage\":\"ca\",\"@id\":\"https:\/\/www.noubarris.net\/web40\/#\/schema\/logo\/image\/\",\"url\":\"https:\/\/www.noubarris.net\/web40\/wp-content\/uploads\/2024\/11\/cropped-cropped-LOGO_9BTV-2024_Insta-1.jpg\",\"contentUrl\":\"https:\/\/www.noubarris.net\/web40\/wp-content\/uploads\/2024\/11\/cropped-cropped-LOGO_9BTV-2024_Insta-1.jpg\",\"width\":512,\"height\":512,\"caption\":\"NouBarris.Net\"},\"image\":{\"@id\":\"https:\/\/www.noubarris.net\/web40\/#\/schema\/logo\/image\/\"},\"sameAs\":[\"https:\/\/www.facebook.com\/NouBarris.net\/?locale=es_ES\",\"https:\/\/x.com\/9BTV\"]},{\"@type\":\"Person\",\"@id\":\"https:\/\/www.noubarris.net\/web40\/#\/schema\/person\/1827f92aaa316c54abbf4dac0de76069\",\"name\":\"Informatius\",\"image\":{\"@type\":\"ImageObject\",\"inLanguage\":\"ca\",\"@id\":\"https:\/\/www.noubarris.net\/web40\/#\/schema\/person\/image\/\",\"url\":\"https:\/\/secure.gravatar.com\/avatar\/87a3b47928835fc72c6ee5b0e1a7263ef0c2d05003a98189bc14926c5f11bcdb?s=96&d=mm&r=g\",\"contentUrl\":\"https:\/\/secure.gravatar.com\/avatar\/87a3b47928835fc72c6ee5b0e1a7263ef0c2d05003a98189bc14926c5f11bcdb?s=96&d=mm&r=g\",\"caption\":\"Informatius\"},\"url\":\"https:\/\/www.noubarris.net\/web40\/author\/tele\/\"}]}<\/script>\n<!-- \/ Yoast SEO plugin. -->","yoast_head_json":{"title":"VIDEO - Els titelles conquereixen les Roquetes amb la 19a Titellada - NouBarris.Net","robots":{"index":"index","follow":"follow","max-snippet":"max-snippet:-1","max-image-preview":"max-image-preview:large","max-video-preview":"max-video-preview:-1"},"canonical":"https:\/\/www.noubarris.net\/web40\/els-titelles-conquereixen-les-roquetes-amb-la-19a-titellada\/","og_locale":"ca_ES","og_type":"article","og_title":"VIDEO - Els titelles conquereixen les Roquetes amb la 19a Titellada - NouBarris.Net","og_description":"L&#8217;Associaci\u00f3 Titellaire de les Roquetes organitza espectacles i activitats del 17 al 28 de setembre Arriba un any m\u00e9s, i","og_url":"https:\/\/www.noubarris.net\/web40\/els-titelles-conquereixen-les-roquetes-amb-la-19a-titellada\/","og_site_name":"NouBarris.Net","article_publisher":"https:\/\/www.facebook.com\/NouBarris.net\/?locale=es_ES","article_published_time":"2024-09-15T22:00:23+00:00","article_modified_time":"2024-09-19T14:49:55+00:00","og_image":[{"width":768,"height":432,"url":"https:\/\/www.noubarris.net\/web40\/wp-content\/uploads\/2024\/09\/160924.jpg","type":"image\/jpeg"}],"author":"Informatius","twitter_card":"summary_large_image","twitter_creator":"@9BTV","twitter_site":"@9BTV","twitter_misc":{"Escrit per":"Informatius","Temps estimat de lectura":"2 minuts"},"schema":{"@context":"https:\/\/schema.org","@graph":[{"@type":"Article","@id":"https:\/\/www.noubarris.net\/web40\/els-titelles-conquereixen-les-roquetes-amb-la-19a-titellada\/#article","isPartOf":{"@id":"https:\/\/www.noubarris.net\/web40\/els-titelles-conquereixen-les-roquetes-amb-la-19a-titellada\/"},"author":{"name":"Informatius","@id":"https:\/\/www.noubarris.net\/web40\/#\/schema\/person\/1827f92aaa316c54abbf4dac0de76069"},"headline":"VIDEO &#8211; Els titelles conquereixen les Roquetes amb la 19a Titellada","datePublished":"2024-09-15T22:00:23+00:00","dateModified":"2024-09-19T14:49:55+00:00","mainEntityOfPage":{"@id":"https:\/\/www.noubarris.net\/web40\/els-titelles-conquereixen-les-roquetes-amb-la-19a-titellada\/"},"wordCount":234,"publisher":{"@id":"https:\/\/www.noubarris.net\/web40\/#organization"},"image":{"@id":"https:\/\/www.noubarris.net\/web40\/els-titelles-conquereixen-les-roquetes-amb-la-19a-titellada\/#primaryimage"},"thumbnailUrl":"https:\/\/www.noubarris.net\/web40\/wp-content\/uploads\/2024\/09\/160924.jpg","keywords":["Titelles"],"articleSection":["Cultura","Les Roquetes"],"inLanguage":"ca"},{"@type":"WebPage","@id":"https:\/\/www.noubarris.net\/web40\/els-titelles-conquereixen-les-roquetes-amb-la-19a-titellada\/","url":"https:\/\/www.noubarris.net\/web40\/els-titelles-conquereixen-les-roquetes-amb-la-19a-titellada\/","name":"VIDEO - Els titelles conquereixen les Roquetes amb la 19a Titellada - NouBarris.Net","isPartOf":{"@id":"https:\/\/www.noubarris.net\/web40\/#website"},"primaryImageOfPage":{"@id":"https:\/\/www.noubarris.net\/web40\/els-titelles-conquereixen-les-roquetes-amb-la-19a-titellada\/#primaryimage"},"image":{"@id":"https:\/\/www.noubarris.net\/web40\/els-titelles-conquereixen-les-roquetes-amb-la-19a-titellada\/#primaryimage"},"thumbnailUrl":"https:\/\/www.noubarris.net\/web40\/wp-content\/uploads\/2024\/09\/160924.jpg","datePublished":"2024-09-15T22:00:23+00:00","dateModified":"2024-09-19T14:49:55+00:00","breadcrumb":{"@id":"https:\/\/www.noubarris.net\/web40\/els-titelles-conquereixen-les-roquetes-amb-la-19a-titellada\/#breadcrumb"},"inLanguage":"ca","potentialAction":[{"@type":"ReadAction","target":["https:\/\/www.noubarris.net\/web40\/els-titelles-conquereixen-les-roquetes-amb-la-19a-titellada\/"]}]},{"@type":"ImageObject","inLanguage":"ca","@id":"https:\/\/www.noubarris.net\/web40\/els-titelles-conquereixen-les-roquetes-amb-la-19a-titellada\/#primaryimage","url":"https:\/\/www.noubarris.net\/web40\/wp-content\/uploads\/2024\/09\/160924.jpg","contentUrl":"https:\/\/www.noubarris.net\/web40\/wp-content\/uploads\/2024\/09\/160924.jpg","width":768,"height":432},{"@type":"BreadcrumbList","@id":"https:\/\/www.noubarris.net\/web40\/els-titelles-conquereixen-les-roquetes-amb-la-19a-titellada\/#breadcrumb","itemListElement":[{"@type":"ListItem","position":1,"name":"Inici","item":"https:\/\/www.noubarris.net\/web40\/"},{"@type":"ListItem","position":2,"name":"VIDEO &#8211; Els titelles conquereixen les Roquetes amb la 19a Titellada"}]},{"@type":"WebSite","@id":"https:\/\/www.noubarris.net\/web40\/#website","url":"https:\/\/www.noubarris.net\/web40\/","name":"NouBarris.Net","description":"Seguint la vida de Nou Barris des de 1985","publisher":{"@id":"https:\/\/www.noubarris.net\/web40\/#organization"},"potentialAction":[{"@type":"SearchAction","target":{"@type":"EntryPoint","urlTemplate":"https:\/\/www.noubarris.net\/web40\/?s={search_term_string}"},"query-input":{"@type":"PropertyValueSpecification","valueRequired":true,"valueName":"search_term_string"}}],"inLanguage":"ca"},{"@type":"Organization","@id":"https:\/\/www.noubarris.net\/web40\/#organization","name":"NouBarris.Net","url":"https:\/\/www.noubarris.net\/web40\/","logo":{"@type":"ImageObject","inLanguage":"ca","@id":"https:\/\/www.noubarris.net\/web40\/#\/schema\/logo\/image\/","url":"https:\/\/www.noubarris.net\/web40\/wp-content\/uploads\/2024\/11\/cropped-cropped-LOGO_9BTV-2024_Insta-1.jpg","contentUrl":"https:\/\/www.noubarris.net\/web40\/wp-content\/uploads\/2024\/11\/cropped-cropped-LOGO_9BTV-2024_Insta-1.jpg","width":512,"height":512,"caption":"NouBarris.Net"},"image":{"@id":"https:\/\/www.noubarris.net\/web40\/#\/schema\/logo\/image\/"},"sameAs":["https:\/\/www.facebook.com\/NouBarris.net\/?locale=es_ES","https:\/\/x.com\/9BTV"]},{"@type":"Person","@id":"https:\/\/www.noubarris.net\/web40\/#\/schema\/person\/1827f92aaa316c54abbf4dac0de76069","name":"Informatius","image":{"@type":"ImageObject","inLanguage":"ca","@id":"https:\/\/www.noubarris.net\/web40\/#\/schema\/person\/image\/","url":"https:\/\/secure.gravatar.com\/avatar\/87a3b47928835fc72c6ee5b0e1a7263ef0c2d05003a98189bc14926c5f11bcdb?s=96&d=mm&r=g","contentUrl":"https:\/\/secure.gravatar.com\/avatar\/87a3b47928835fc72c6ee5b0e1a7263ef0c2d05003a98189bc14926c5f11bcdb?s=96&d=mm&r=g","caption":"Informatius"},"url":"https:\/\/www.noubarris.net\/web40\/author\/tele\/"}]}},"_links":{"self":[{"href":"https:\/\/www.noubarris.net\/web40\/wp-json\/wp\/v2\/posts\/83219","targetHints":{"allow":["GET"]}}],"collection":[{"href":"https:\/\/www.noubarris.net\/web40\/wp-json\/wp\/v2\/posts"}],"about":[{"href":"https:\/\/www.noubarris.net\/web40\/wp-json\/wp\/v2\/types\/post"}],"author":[{"embeddable":true,"href":"https:\/\/www.noubarris.net\/web40\/wp-json\/wp\/v2\/users\/2"}],"replies":[{"embeddable":true,"href":"https:\/\/www.noubarris.net\/web40\/wp-json\/wp\/v2\/comments?post=83219"}],"version-history":[{"count":4,"href":"https:\/\/www.noubarris.net\/web40\/wp-json\/wp\/v2\/posts\/83219\/revisions"}],"predecessor-version":[{"id":83240,"href":"https:\/\/www.noubarris.net\/web40\/wp-json\/wp\/v2\/posts\/83219\/revisions\/83240"}],"wp:featuredmedia":[{"embeddable":true,"href":"https:\/\/www.noubarris.net\/web40\/wp-json\/wp\/v2\/media\/83220"}],"wp:attachment":[{"href":"https:\/\/www.noubarris.net\/web40\/wp-json\/wp\/v2\/media?parent=83219"}],"wp:term":[{"taxonomy":"category","embeddable":true,"href":"https:\/\/www.noubarris.net\/web40\/wp-json\/wp\/v2\/categories?post=83219"},{"taxonomy":"post_tag","embeddable":true,"href":"https:\/\/www.noubarris.net\/web40\/wp-json\/wp\/v2\/tags?post=83219"}],"curies":[{"name":"wp","href":"https:\/\/api.w.org\/{rel}","templated":true}]}}