{"id":83254,"date":"2024-09-27T00:00:17","date_gmt":"2024-09-26T22:00:17","guid":{"rendered":"https:\/\/www.noubarris.net\/web40\/?p=83254"},"modified":"2024-09-24T13:07:41","modified_gmt":"2024-09-24T11:07:41","slug":"surten-a-la-venda-220-parquings-de-la-trinitat-nova-bloquejats-despres-de-la-disolucio-de-regesa","status":"publish","type":"post","link":"https:\/\/www.noubarris.net\/web40\/surten-a-la-venda-220-parquings-de-la-trinitat-nova-bloquejats-despres-de-la-disolucio-de-regesa\/","title":{"rendered":"Surten a la venda 220 p\u00e0rquings de la Trinitat Nova bloquejats despr\u00e9s de la disoluci\u00f3 de Regesa"},"content":{"rendered":"<p><strong>Els ve\u00efns tindran prioritat per accedir a les places, i a un preu per sota del mercat<\/strong><\/p>\n<p>Han passat 8 anys des que els ve\u00efns i ve\u00efnes van estrenar els pisos de la darrera promoci\u00f3 d&#8217;habitatges per a reallotjats per aluminosi a la Trinitat Nova i ara, finalment, podran accedir a comprar la pla\u00e7a d&#8217;aparcament a la qual tenien dret. En aquell moment no se&#8217;ls va oferir per q\u00fcestions de gesti\u00f3 i acte seguit l&#8217;empresa p\u00fablica Regesa, la gestora de les places, va disoldre&#8217;s. D&#8217;aquesta manera els aparcaments van quedar bloquejats. No es podien vendre\u00a0 ni llogar.<\/p>\n<p>En total s\u00f3n 220 places i la meitat es troben al darrer bloc que es va construir, al carrer de Palam\u00f3s. La resta estan distribu\u00efdes per altres edificis tamb\u00e9 d&#8217;iniciativa p\u00fablica per la remodelaci\u00f3 del barri. Despr\u00e9s de molts anys, Districte de Nou Barris i l&#8217;Ajuntament\u00a0 han aconseguit v\u00e9ncer els obstacles burocr\u00e0tics i fer-se amb les places, per acte seguit posar-les a la venda.<\/p>\n<p>Tindran prioritat els ve\u00efns, empadronats des que es va acordar la remodelaci\u00f3 del barri per eliminar l&#8217;aluminosi, al desembre de 2001, i per aix\u00f2 mateix, els p\u00e0rquings tindran un cost per sota del mercat, ajustat al conveni signat aleshores. Ha estat una batalla ve\u00efnal, ja que defensaven que la seva promoci\u00f3 no havia de ser diferent a les anteriors. El conveni estava caducat, per\u00f2 Districte de Nou Barris els va donar suport en la negociaci\u00f3 i finalment s&#8217;ha aconseguit.<\/p>\n<p>Per optar a una o m\u00e9s de les places, els ve\u00efns tenen temps per presentar la sol\u00b7licitud i la documentaci\u00f3 fins al 15 d&#8217;octubre a trav\u00e9s de l&#8217;OAC o de la seu electr\u00f2nica de l&#8217;Ajuntament.<\/p>\n","protected":false},"excerpt":{"rendered":"<p>Els ve\u00efns tindran prioritat per accedir a les places, i a un preu per sota del mercat Han passat 8<\/p>\n","protected":false},"author":2,"featured_media":83255,"comment_status":"closed","ping_status":"closed","sticky":false,"template":"","format":"standard","meta":{"colormag_page_layout":"default_layout","_monsterinsights_skip_tracking":false,"_monsterinsights_sitenote_active":false,"_monsterinsights_sitenote_note":"","_monsterinsights_sitenote_category":0,"footnotes":""},"categories":[138,302],"tags":[391,749],"class_list":["post-83254","post","type-post","status-publish","format-standard","has-post-thumbnail","hentry","category-la-trinitat-nova","category-urbanisme","tag-aparcament","tag-regesa"],"yoast_head":"<!-- This site is optimized with the Yoast SEO plugin v25.3 - https:\/\/yoast.com\/wordpress\/plugins\/seo\/ -->\n<title>Surten a la venda 220 p\u00e0rquings de la Trinitat Nova bloquejats despr\u00e9s de la disoluci\u00f3 de Regesa - NouBarris.Net<\/title>\n<meta name=\"robots\" content=\"index, follow, max-snippet:-1, max-image-preview:large, max-video-preview:-1\" \/>\n<link rel=\"canonical\" href=\"https:\/\/www.noubarris.net\/web40\/surten-a-la-venda-220-parquings-de-la-trinitat-nova-bloquejats-despres-de-la-disolucio-de-regesa\/\" \/>\n<meta property=\"og:locale\" content=\"ca_ES\" \/>\n<meta property=\"og:type\" content=\"article\" \/>\n<meta property=\"og:title\" content=\"Surten a la venda 220 p\u00e0rquings de la Trinitat Nova bloquejats despr\u00e9s de la disoluci\u00f3 de Regesa - NouBarris.Net\" \/>\n<meta property=\"og:description\" content=\"Els ve\u00efns tindran prioritat per accedir a les places, i a un preu per sota del mercat Han passat 8\" \/>\n<meta property=\"og:url\" content=\"https:\/\/www.noubarris.net\/web40\/surten-a-la-venda-220-parquings-de-la-trinitat-nova-bloquejats-despres-de-la-disolucio-de-regesa\/\" \/>\n<meta property=\"og:site_name\" content=\"NouBarris.Net\" \/>\n<meta property=\"article:publisher\" content=\"https:\/\/www.facebook.com\/NouBarris.net\/?locale=es_ES\" \/>\n<meta property=\"article:published_time\" content=\"2024-09-26T22:00:17+00:00\" \/>\n<meta property=\"og:image\" content=\"https:\/\/www.noubarris.net\/web40\/wp-content\/uploads\/2024\/09\/270924.jpg\" \/>\n\t<meta property=\"og:image:width\" content=\"768\" \/>\n\t<meta property=\"og:image:height\" content=\"432\" \/>\n\t<meta property=\"og:image:type\" content=\"image\/jpeg\" \/>\n<meta name=\"author\" content=\"Informatius\" \/>\n<meta name=\"twitter:card\" content=\"summary_large_image\" \/>\n<meta name=\"twitter:creator\" content=\"@9BTV\" \/>\n<meta name=\"twitter:site\" content=\"@9BTV\" \/>\n<meta name=\"twitter:label1\" content=\"Escrit per\" \/>\n\t<meta name=\"twitter:data1\" content=\"Informatius\" \/>\n\t<meta name=\"twitter:label2\" content=\"Temps estimat de lectura\" \/>\n\t<meta name=\"twitter:data2\" content=\"2 minuts\" \/>\n<script type=\"application\/ld+json\" class=\"yoast-schema-graph\">{\"@context\":\"https:\/\/schema.org\",\"@graph\":[{\"@type\":\"Article\",\"@id\":\"https:\/\/www.noubarris.net\/web40\/surten-a-la-venda-220-parquings-de-la-trinitat-nova-bloquejats-despres-de-la-disolucio-de-regesa\/#article\",\"isPartOf\":{\"@id\":\"https:\/\/www.noubarris.net\/web40\/surten-a-la-venda-220-parquings-de-la-trinitat-nova-bloquejats-despres-de-la-disolucio-de-regesa\/\"},\"author\":{\"name\":\"Informatius\",\"@id\":\"https:\/\/www.noubarris.net\/web40\/#\/schema\/person\/1827f92aaa316c54abbf4dac0de76069\"},\"headline\":\"Surten a la venda 220 p\u00e0rquings de la Trinitat Nova bloquejats despr\u00e9s de la disoluci\u00f3 de Regesa\",\"datePublished\":\"2024-09-26T22:00:17+00:00\",\"mainEntityOfPage\":{\"@id\":\"https:\/\/www.noubarris.net\/web40\/surten-a-la-venda-220-parquings-de-la-trinitat-nova-bloquejats-despres-de-la-disolucio-de-regesa\/\"},\"wordCount\":323,\"publisher\":{\"@id\":\"https:\/\/www.noubarris.net\/web40\/#organization\"},\"image\":{\"@id\":\"https:\/\/www.noubarris.net\/web40\/surten-a-la-venda-220-parquings-de-la-trinitat-nova-bloquejats-despres-de-la-disolucio-de-regesa\/#primaryimage\"},\"thumbnailUrl\":\"https:\/\/www.noubarris.net\/web40\/wp-content\/uploads\/2024\/09\/270924.jpg\",\"keywords\":[\"Aparcament\",\"regesa\"],\"articleSection\":[\"La Trinitat Nova\",\"Urbanisme\"],\"inLanguage\":\"ca\"},{\"@type\":\"WebPage\",\"@id\":\"https:\/\/www.noubarris.net\/web40\/surten-a-la-venda-220-parquings-de-la-trinitat-nova-bloquejats-despres-de-la-disolucio-de-regesa\/\",\"url\":\"https:\/\/www.noubarris.net\/web40\/surten-a-la-venda-220-parquings-de-la-trinitat-nova-bloquejats-despres-de-la-disolucio-de-regesa\/\",\"name\":\"Surten a la venda 220 p\u00e0rquings de la Trinitat Nova bloquejats despr\u00e9s de la disoluci\u00f3 de Regesa - NouBarris.Net\",\"isPartOf\":{\"@id\":\"https:\/\/www.noubarris.net\/web40\/#website\"},\"primaryImageOfPage\":{\"@id\":\"https:\/\/www.noubarris.net\/web40\/surten-a-la-venda-220-parquings-de-la-trinitat-nova-bloquejats-despres-de-la-disolucio-de-regesa\/#primaryimage\"},\"image\":{\"@id\":\"https:\/\/www.noubarris.net\/web40\/surten-a-la-venda-220-parquings-de-la-trinitat-nova-bloquejats-despres-de-la-disolucio-de-regesa\/#primaryimage\"},\"thumbnailUrl\":\"https:\/\/www.noubarris.net\/web40\/wp-content\/uploads\/2024\/09\/270924.jpg\",\"datePublished\":\"2024-09-26T22:00:17+00:00\",\"breadcrumb\":{\"@id\":\"https:\/\/www.noubarris.net\/web40\/surten-a-la-venda-220-parquings-de-la-trinitat-nova-bloquejats-despres-de-la-disolucio-de-regesa\/#breadcrumb\"},\"inLanguage\":\"ca\",\"potentialAction\":[{\"@type\":\"ReadAction\",\"target\":[\"https:\/\/www.noubarris.net\/web40\/surten-a-la-venda-220-parquings-de-la-trinitat-nova-bloquejats-despres-de-la-disolucio-de-regesa\/\"]}]},{\"@type\":\"ImageObject\",\"inLanguage\":\"ca\",\"@id\":\"https:\/\/www.noubarris.net\/web40\/surten-a-la-venda-220-parquings-de-la-trinitat-nova-bloquejats-despres-de-la-disolucio-de-regesa\/#primaryimage\",\"url\":\"https:\/\/www.noubarris.net\/web40\/wp-content\/uploads\/2024\/09\/270924.jpg\",\"contentUrl\":\"https:\/\/www.noubarris.net\/web40\/wp-content\/uploads\/2024\/09\/270924.jpg\",\"width\":768,\"height\":432},{\"@type\":\"BreadcrumbList\",\"@id\":\"https:\/\/www.noubarris.net\/web40\/surten-a-la-venda-220-parquings-de-la-trinitat-nova-bloquejats-despres-de-la-disolucio-de-regesa\/#breadcrumb\",\"itemListElement\":[{\"@type\":\"ListItem\",\"position\":1,\"name\":\"Inici\",\"item\":\"https:\/\/www.noubarris.net\/web40\/\"},{\"@type\":\"ListItem\",\"position\":2,\"name\":\"Surten a la venda 220 p\u00e0rquings de la Trinitat Nova bloquejats despr\u00e9s de la disoluci\u00f3 de Regesa\"}]},{\"@type\":\"WebSite\",\"@id\":\"https:\/\/www.noubarris.net\/web40\/#website\",\"url\":\"https:\/\/www.noubarris.net\/web40\/\",\"name\":\"NouBarris.Net\",\"description\":\"Seguint la vida de Nou Barris des de 1985\",\"publisher\":{\"@id\":\"https:\/\/www.noubarris.net\/web40\/#organization\"},\"potentialAction\":[{\"@type\":\"SearchAction\",\"target\":{\"@type\":\"EntryPoint\",\"urlTemplate\":\"https:\/\/www.noubarris.net\/web40\/?s={search_term_string}\"},\"query-input\":{\"@type\":\"PropertyValueSpecification\",\"valueRequired\":true,\"valueName\":\"search_term_string\"}}],\"inLanguage\":\"ca\"},{\"@type\":\"Organization\",\"@id\":\"https:\/\/www.noubarris.net\/web40\/#organization\",\"name\":\"NouBarris.Net\",\"url\":\"https:\/\/www.noubarris.net\/web40\/\",\"logo\":{\"@type\":\"ImageObject\",\"inLanguage\":\"ca\",\"@id\":\"https:\/\/www.noubarris.net\/web40\/#\/schema\/logo\/image\/\",\"url\":\"https:\/\/www.noubarris.net\/web40\/wp-content\/uploads\/2024\/11\/cropped-cropped-LOGO_9BTV-2024_Insta-1.jpg\",\"contentUrl\":\"https:\/\/www.noubarris.net\/web40\/wp-content\/uploads\/2024\/11\/cropped-cropped-LOGO_9BTV-2024_Insta-1.jpg\",\"width\":512,\"height\":512,\"caption\":\"NouBarris.Net\"},\"image\":{\"@id\":\"https:\/\/www.noubarris.net\/web40\/#\/schema\/logo\/image\/\"},\"sameAs\":[\"https:\/\/www.facebook.com\/NouBarris.net\/?locale=es_ES\",\"https:\/\/x.com\/9BTV\"]},{\"@type\":\"Person\",\"@id\":\"https:\/\/www.noubarris.net\/web40\/#\/schema\/person\/1827f92aaa316c54abbf4dac0de76069\",\"name\":\"Informatius\",\"image\":{\"@type\":\"ImageObject\",\"inLanguage\":\"ca\",\"@id\":\"https:\/\/www.noubarris.net\/web40\/#\/schema\/person\/image\/\",\"url\":\"https:\/\/secure.gravatar.com\/avatar\/87a3b47928835fc72c6ee5b0e1a7263ef0c2d05003a98189bc14926c5f11bcdb?s=96&d=mm&r=g\",\"contentUrl\":\"https:\/\/secure.gravatar.com\/avatar\/87a3b47928835fc72c6ee5b0e1a7263ef0c2d05003a98189bc14926c5f11bcdb?s=96&d=mm&r=g\",\"caption\":\"Informatius\"},\"url\":\"https:\/\/www.noubarris.net\/web40\/author\/tele\/\"}]}<\/script>\n<!-- \/ Yoast SEO plugin. -->","yoast_head_json":{"title":"Surten a la venda 220 p\u00e0rquings de la Trinitat Nova bloquejats despr\u00e9s de la disoluci\u00f3 de Regesa - NouBarris.Net","robots":{"index":"index","follow":"follow","max-snippet":"max-snippet:-1","max-image-preview":"max-image-preview:large","max-video-preview":"max-video-preview:-1"},"canonical":"https:\/\/www.noubarris.net\/web40\/surten-a-la-venda-220-parquings-de-la-trinitat-nova-bloquejats-despres-de-la-disolucio-de-regesa\/","og_locale":"ca_ES","og_type":"article","og_title":"Surten a la venda 220 p\u00e0rquings de la Trinitat Nova bloquejats despr\u00e9s de la disoluci\u00f3 de Regesa - NouBarris.Net","og_description":"Els ve\u00efns tindran prioritat per accedir a les places, i a un preu per sota del mercat Han passat 8","og_url":"https:\/\/www.noubarris.net\/web40\/surten-a-la-venda-220-parquings-de-la-trinitat-nova-bloquejats-despres-de-la-disolucio-de-regesa\/","og_site_name":"NouBarris.Net","article_publisher":"https:\/\/www.facebook.com\/NouBarris.net\/?locale=es_ES","article_published_time":"2024-09-26T22:00:17+00:00","og_image":[{"width":768,"height":432,"url":"https:\/\/www.noubarris.net\/web40\/wp-content\/uploads\/2024\/09\/270924.jpg","type":"image\/jpeg"}],"author":"Informatius","twitter_card":"summary_large_image","twitter_creator":"@9BTV","twitter_site":"@9BTV","twitter_misc":{"Escrit per":"Informatius","Temps estimat de lectura":"2 minuts"},"schema":{"@context":"https:\/\/schema.org","@graph":[{"@type":"Article","@id":"https:\/\/www.noubarris.net\/web40\/surten-a-la-venda-220-parquings-de-la-trinitat-nova-bloquejats-despres-de-la-disolucio-de-regesa\/#article","isPartOf":{"@id":"https:\/\/www.noubarris.net\/web40\/surten-a-la-venda-220-parquings-de-la-trinitat-nova-bloquejats-despres-de-la-disolucio-de-regesa\/"},"author":{"name":"Informatius","@id":"https:\/\/www.noubarris.net\/web40\/#\/schema\/person\/1827f92aaa316c54abbf4dac0de76069"},"headline":"Surten a la venda 220 p\u00e0rquings de la Trinitat Nova bloquejats despr\u00e9s de la disoluci\u00f3 de Regesa","datePublished":"2024-09-26T22:00:17+00:00","mainEntityOfPage":{"@id":"https:\/\/www.noubarris.net\/web40\/surten-a-la-venda-220-parquings-de-la-trinitat-nova-bloquejats-despres-de-la-disolucio-de-regesa\/"},"wordCount":323,"publisher":{"@id":"https:\/\/www.noubarris.net\/web40\/#organization"},"image":{"@id":"https:\/\/www.noubarris.net\/web40\/surten-a-la-venda-220-parquings-de-la-trinitat-nova-bloquejats-despres-de-la-disolucio-de-regesa\/#primaryimage"},"thumbnailUrl":"https:\/\/www.noubarris.net\/web40\/wp-content\/uploads\/2024\/09\/270924.jpg","keywords":["Aparcament","regesa"],"articleSection":["La Trinitat Nova","Urbanisme"],"inLanguage":"ca"},{"@type":"WebPage","@id":"https:\/\/www.noubarris.net\/web40\/surten-a-la-venda-220-parquings-de-la-trinitat-nova-bloquejats-despres-de-la-disolucio-de-regesa\/","url":"https:\/\/www.noubarris.net\/web40\/surten-a-la-venda-220-parquings-de-la-trinitat-nova-bloquejats-despres-de-la-disolucio-de-regesa\/","name":"Surten a la venda 220 p\u00e0rquings de la Trinitat Nova bloquejats despr\u00e9s de la disoluci\u00f3 de Regesa - NouBarris.Net","isPartOf":{"@id":"https:\/\/www.noubarris.net\/web40\/#website"},"primaryImageOfPage":{"@id":"https:\/\/www.noubarris.net\/web40\/surten-a-la-venda-220-parquings-de-la-trinitat-nova-bloquejats-despres-de-la-disolucio-de-regesa\/#primaryimage"},"image":{"@id":"https:\/\/www.noubarris.net\/web40\/surten-a-la-venda-220-parquings-de-la-trinitat-nova-bloquejats-despres-de-la-disolucio-de-regesa\/#primaryimage"},"thumbnailUrl":"https:\/\/www.noubarris.net\/web40\/wp-content\/uploads\/2024\/09\/270924.jpg","datePublished":"2024-09-26T22:00:17+00:00","breadcrumb":{"@id":"https:\/\/www.noubarris.net\/web40\/surten-a-la-venda-220-parquings-de-la-trinitat-nova-bloquejats-despres-de-la-disolucio-de-regesa\/#breadcrumb"},"inLanguage":"ca","potentialAction":[{"@type":"ReadAction","target":["https:\/\/www.noubarris.net\/web40\/surten-a-la-venda-220-parquings-de-la-trinitat-nova-bloquejats-despres-de-la-disolucio-de-regesa\/"]}]},{"@type":"ImageObject","inLanguage":"ca","@id":"https:\/\/www.noubarris.net\/web40\/surten-a-la-venda-220-parquings-de-la-trinitat-nova-bloquejats-despres-de-la-disolucio-de-regesa\/#primaryimage","url":"https:\/\/www.noubarris.net\/web40\/wp-content\/uploads\/2024\/09\/270924.jpg","contentUrl":"https:\/\/www.noubarris.net\/web40\/wp-content\/uploads\/2024\/09\/270924.jpg","width":768,"height":432},{"@type":"BreadcrumbList","@id":"https:\/\/www.noubarris.net\/web40\/surten-a-la-venda-220-parquings-de-la-trinitat-nova-bloquejats-despres-de-la-disolucio-de-regesa\/#breadcrumb","itemListElement":[{"@type":"ListItem","position":1,"name":"Inici","item":"https:\/\/www.noubarris.net\/web40\/"},{"@type":"ListItem","position":2,"name":"Surten a la venda 220 p\u00e0rquings de la Trinitat Nova bloquejats despr\u00e9s de la disoluci\u00f3 de Regesa"}]},{"@type":"WebSite","@id":"https:\/\/www.noubarris.net\/web40\/#website","url":"https:\/\/www.noubarris.net\/web40\/","name":"NouBarris.Net","description":"Seguint la vida de Nou Barris des de 1985","publisher":{"@id":"https:\/\/www.noubarris.net\/web40\/#organization"},"potentialAction":[{"@type":"SearchAction","target":{"@type":"EntryPoint","urlTemplate":"https:\/\/www.noubarris.net\/web40\/?s={search_term_string}"},"query-input":{"@type":"PropertyValueSpecification","valueRequired":true,"valueName":"search_term_string"}}],"inLanguage":"ca"},{"@type":"Organization","@id":"https:\/\/www.noubarris.net\/web40\/#organization","name":"NouBarris.Net","url":"https:\/\/www.noubarris.net\/web40\/","logo":{"@type":"ImageObject","inLanguage":"ca","@id":"https:\/\/www.noubarris.net\/web40\/#\/schema\/logo\/image\/","url":"https:\/\/www.noubarris.net\/web40\/wp-content\/uploads\/2024\/11\/cropped-cropped-LOGO_9BTV-2024_Insta-1.jpg","contentUrl":"https:\/\/www.noubarris.net\/web40\/wp-content\/uploads\/2024\/11\/cropped-cropped-LOGO_9BTV-2024_Insta-1.jpg","width":512,"height":512,"caption":"NouBarris.Net"},"image":{"@id":"https:\/\/www.noubarris.net\/web40\/#\/schema\/logo\/image\/"},"sameAs":["https:\/\/www.facebook.com\/NouBarris.net\/?locale=es_ES","https:\/\/x.com\/9BTV"]},{"@type":"Person","@id":"https:\/\/www.noubarris.net\/web40\/#\/schema\/person\/1827f92aaa316c54abbf4dac0de76069","name":"Informatius","image":{"@type":"ImageObject","inLanguage":"ca","@id":"https:\/\/www.noubarris.net\/web40\/#\/schema\/person\/image\/","url":"https:\/\/secure.gravatar.com\/avatar\/87a3b47928835fc72c6ee5b0e1a7263ef0c2d05003a98189bc14926c5f11bcdb?s=96&d=mm&r=g","contentUrl":"https:\/\/secure.gravatar.com\/avatar\/87a3b47928835fc72c6ee5b0e1a7263ef0c2d05003a98189bc14926c5f11bcdb?s=96&d=mm&r=g","caption":"Informatius"},"url":"https:\/\/www.noubarris.net\/web40\/author\/tele\/"}]}},"_links":{"self":[{"href":"https:\/\/www.noubarris.net\/web40\/wp-json\/wp\/v2\/posts\/83254","targetHints":{"allow":["GET"]}}],"collection":[{"href":"https:\/\/www.noubarris.net\/web40\/wp-json\/wp\/v2\/posts"}],"about":[{"href":"https:\/\/www.noubarris.net\/web40\/wp-json\/wp\/v2\/types\/post"}],"author":[{"embeddable":true,"href":"https:\/\/www.noubarris.net\/web40\/wp-json\/wp\/v2\/users\/2"}],"replies":[{"embeddable":true,"href":"https:\/\/www.noubarris.net\/web40\/wp-json\/wp\/v2\/comments?post=83254"}],"version-history":[{"count":1,"href":"https:\/\/www.noubarris.net\/web40\/wp-json\/wp\/v2\/posts\/83254\/revisions"}],"predecessor-version":[{"id":83256,"href":"https:\/\/www.noubarris.net\/web40\/wp-json\/wp\/v2\/posts\/83254\/revisions\/83256"}],"wp:featuredmedia":[{"embeddable":true,"href":"https:\/\/www.noubarris.net\/web40\/wp-json\/wp\/v2\/media\/83255"}],"wp:attachment":[{"href":"https:\/\/www.noubarris.net\/web40\/wp-json\/wp\/v2\/media?parent=83254"}],"wp:term":[{"taxonomy":"category","embeddable":true,"href":"https:\/\/www.noubarris.net\/web40\/wp-json\/wp\/v2\/categories?post=83254"},{"taxonomy":"post_tag","embeddable":true,"href":"https:\/\/www.noubarris.net\/web40\/wp-json\/wp\/v2\/tags?post=83254"}],"curies":[{"name":"wp","href":"https:\/\/api.w.org\/{rel}","templated":true}]}}