{"id":83257,"date":"2024-09-25T00:00:57","date_gmt":"2024-09-24T22:00:57","guid":{"rendered":"http:\/\/www.noubarris.net\/web40\/?p=83257"},"modified":"2024-09-24T20:19:45","modified_gmt":"2024-09-24T18:19:45","slug":"concentracio-reivindicativa-a-ciutat-meridiana-per-una-acollida-digna","status":"publish","type":"post","link":"https:\/\/www.noubarris.net\/web40\/concentracio-reivindicativa-a-ciutat-meridiana-per-una-acollida-digna\/","title":{"rendered":"Concentraci\u00f3 reivindicativa a Ciutat Meridiana &#8220;Per una acollida digna&#8221;"},"content":{"rendered":"<p><strong>La protesta s&#8217;ha convocat despr\u00e9s del su\u00efcidi d&#8217;un jove sensellar<\/strong><\/p>\n<p>Sota el lema de &#8220;A la Zona Nord hi falta una m\u00e9s&#8221;, el ve\u00efnat de Ciutat Meridiana i Torre Bar\u00f3 han convocat avui dimecres a les 19h una concentraci\u00f3 reivindicativa a la pla\u00e7a Roja per recordar el jove sensellar que es va llevar la vida fa uns dies. Aquesta mort ha afectat molt els ve\u00efns i ve\u00efnes que treballen en el barri i per la inserci\u00f3 sociolaboral dels joves. M\u00e9s si tenim en compte que \u00e9s la segona mort d&#8217;un jove sensellar en pocs mesos a la zona.<\/p>\n<p>Les entitats defensen que no van rebre el suport i l&#8217;acollida necess\u00e0ria per poder encarrilar la seva vida no tenir cura de la seva salut mental. \u00c9s per aix\u00f2 que reclamen una acollida digna, amb m\u00e9s recursos, per als joves que arriben a la Zona Nord.<\/p>\n<p>\u00a0<\/p>\n\n\n<figure class=\"wp-block-embed is-type-rich is-provider-twitter wp-block-embed-twitter\"><div class=\"wp-block-embed__wrapper\">\nhttps:\/\/twitter.com\/avvtorrebaro9b\/status\/1838275340977701027\n<\/div><\/figure>\n","protected":false},"excerpt":{"rendered":"<p>La protesta s&#8217;ha convocat despr\u00e9s del su\u00efcidi d&#8217;un jove sensellar Sota el lema de &#8220;A la Zona Nord hi falta<\/p>\n","protected":false},"author":2,"featured_media":83258,"comment_status":"closed","ping_status":"closed","sticky":false,"template":"","format":"standard","meta":{"colormag_page_layout":"default_layout","_monsterinsights_skip_tracking":false,"_monsterinsights_sitenote_active":false,"_monsterinsights_sitenote_note":"","_monsterinsights_sitenote_category":0,"footnotes":""},"categories":[132,124],"tags":[],"class_list":["post-83257","post","type-post","status-publish","format-standard","has-post-thumbnail","hentry","category-ciutat-meridiana","category-societat"],"yoast_head":"<!-- This site is optimized with the Yoast SEO plugin v25.3 - https:\/\/yoast.com\/wordpress\/plugins\/seo\/ -->\n<title>Concentraci\u00f3 reivindicativa a Ciutat Meridiana &quot;Per una acollida digna&quot; - NouBarris.Net<\/title>\n<meta name=\"robots\" content=\"index, follow, max-snippet:-1, max-image-preview:large, max-video-preview:-1\" \/>\n<link rel=\"canonical\" href=\"https:\/\/www.noubarris.net\/web40\/concentracio-reivindicativa-a-ciutat-meridiana-per-una-acollida-digna\/\" \/>\n<meta property=\"og:locale\" content=\"ca_ES\" \/>\n<meta property=\"og:type\" content=\"article\" \/>\n<meta property=\"og:title\" content=\"Concentraci\u00f3 reivindicativa a Ciutat Meridiana &quot;Per una acollida digna&quot; - NouBarris.Net\" \/>\n<meta property=\"og:description\" content=\"La protesta s&#8217;ha convocat despr\u00e9s del su\u00efcidi d&#8217;un jove sensellar Sota el lema de &#8220;A la Zona Nord hi falta\" \/>\n<meta property=\"og:url\" content=\"https:\/\/www.noubarris.net\/web40\/concentracio-reivindicativa-a-ciutat-meridiana-per-una-acollida-digna\/\" \/>\n<meta property=\"og:site_name\" content=\"NouBarris.Net\" \/>\n<meta property=\"article:publisher\" content=\"https:\/\/www.facebook.com\/NouBarris.net\/?locale=es_ES\" \/>\n<meta property=\"article:published_time\" content=\"2024-09-24T22:00:57+00:00\" \/>\n<meta property=\"og:image\" content=\"https:\/\/www.noubarris.net\/web40\/wp-content\/uploads\/2024\/09\/250924.jpg\" \/>\n\t<meta property=\"og:image:width\" content=\"768\" \/>\n\t<meta property=\"og:image:height\" content=\"432\" \/>\n\t<meta property=\"og:image:type\" content=\"image\/jpeg\" \/>\n<meta name=\"author\" content=\"Informatius\" \/>\n<meta name=\"twitter:card\" content=\"summary_large_image\" \/>\n<meta name=\"twitter:creator\" content=\"@9BTV\" \/>\n<meta name=\"twitter:site\" content=\"@9BTV\" \/>\n<meta name=\"twitter:label1\" content=\"Escrit per\" \/>\n\t<meta name=\"twitter:data1\" content=\"Informatius\" \/>\n\t<meta name=\"twitter:label2\" content=\"Temps estimat de lectura\" \/>\n\t<meta name=\"twitter:data2\" content=\"1 minut\" \/>\n<script type=\"application\/ld+json\" class=\"yoast-schema-graph\">{\"@context\":\"https:\/\/schema.org\",\"@graph\":[{\"@type\":\"Article\",\"@id\":\"https:\/\/www.noubarris.net\/web40\/concentracio-reivindicativa-a-ciutat-meridiana-per-una-acollida-digna\/#article\",\"isPartOf\":{\"@id\":\"https:\/\/www.noubarris.net\/web40\/concentracio-reivindicativa-a-ciutat-meridiana-per-una-acollida-digna\/\"},\"author\":{\"name\":\"Informatius\",\"@id\":\"https:\/\/www.noubarris.net\/web40\/#\/schema\/person\/1827f92aaa316c54abbf4dac0de76069\"},\"headline\":\"Concentraci\u00f3 reivindicativa a Ciutat Meridiana &#8220;Per una acollida digna&#8221;\",\"datePublished\":\"2024-09-24T22:00:57+00:00\",\"mainEntityOfPage\":{\"@id\":\"https:\/\/www.noubarris.net\/web40\/concentracio-reivindicativa-a-ciutat-meridiana-per-una-acollida-digna\/\"},\"wordCount\":173,\"publisher\":{\"@id\":\"https:\/\/www.noubarris.net\/web40\/#organization\"},\"image\":{\"@id\":\"https:\/\/www.noubarris.net\/web40\/concentracio-reivindicativa-a-ciutat-meridiana-per-una-acollida-digna\/#primaryimage\"},\"thumbnailUrl\":\"https:\/\/www.noubarris.net\/web40\/wp-content\/uploads\/2024\/09\/250924.jpg\",\"articleSection\":[\"Ciutat Meridiana\",\"Societat\"],\"inLanguage\":\"ca\"},{\"@type\":\"WebPage\",\"@id\":\"https:\/\/www.noubarris.net\/web40\/concentracio-reivindicativa-a-ciutat-meridiana-per-una-acollida-digna\/\",\"url\":\"https:\/\/www.noubarris.net\/web40\/concentracio-reivindicativa-a-ciutat-meridiana-per-una-acollida-digna\/\",\"name\":\"Concentraci\u00f3 reivindicativa a Ciutat Meridiana \\\"Per una acollida digna\\\" - NouBarris.Net\",\"isPartOf\":{\"@id\":\"https:\/\/www.noubarris.net\/web40\/#website\"},\"primaryImageOfPage\":{\"@id\":\"https:\/\/www.noubarris.net\/web40\/concentracio-reivindicativa-a-ciutat-meridiana-per-una-acollida-digna\/#primaryimage\"},\"image\":{\"@id\":\"https:\/\/www.noubarris.net\/web40\/concentracio-reivindicativa-a-ciutat-meridiana-per-una-acollida-digna\/#primaryimage\"},\"thumbnailUrl\":\"https:\/\/www.noubarris.net\/web40\/wp-content\/uploads\/2024\/09\/250924.jpg\",\"datePublished\":\"2024-09-24T22:00:57+00:00\",\"breadcrumb\":{\"@id\":\"https:\/\/www.noubarris.net\/web40\/concentracio-reivindicativa-a-ciutat-meridiana-per-una-acollida-digna\/#breadcrumb\"},\"inLanguage\":\"ca\",\"potentialAction\":[{\"@type\":\"ReadAction\",\"target\":[\"https:\/\/www.noubarris.net\/web40\/concentracio-reivindicativa-a-ciutat-meridiana-per-una-acollida-digna\/\"]}]},{\"@type\":\"ImageObject\",\"inLanguage\":\"ca\",\"@id\":\"https:\/\/www.noubarris.net\/web40\/concentracio-reivindicativa-a-ciutat-meridiana-per-una-acollida-digna\/#primaryimage\",\"url\":\"https:\/\/www.noubarris.net\/web40\/wp-content\/uploads\/2024\/09\/250924.jpg\",\"contentUrl\":\"https:\/\/www.noubarris.net\/web40\/wp-content\/uploads\/2024\/09\/250924.jpg\",\"width\":768,\"height\":432},{\"@type\":\"BreadcrumbList\",\"@id\":\"https:\/\/www.noubarris.net\/web40\/concentracio-reivindicativa-a-ciutat-meridiana-per-una-acollida-digna\/#breadcrumb\",\"itemListElement\":[{\"@type\":\"ListItem\",\"position\":1,\"name\":\"Inici\",\"item\":\"https:\/\/www.noubarris.net\/web40\/\"},{\"@type\":\"ListItem\",\"position\":2,\"name\":\"Concentraci\u00f3 reivindicativa a Ciutat Meridiana &#8220;Per una acollida digna&#8221;\"}]},{\"@type\":\"WebSite\",\"@id\":\"https:\/\/www.noubarris.net\/web40\/#website\",\"url\":\"https:\/\/www.noubarris.net\/web40\/\",\"name\":\"NouBarris.Net\",\"description\":\"Seguint la vida de Nou Barris des de 1985\",\"publisher\":{\"@id\":\"https:\/\/www.noubarris.net\/web40\/#organization\"},\"potentialAction\":[{\"@type\":\"SearchAction\",\"target\":{\"@type\":\"EntryPoint\",\"urlTemplate\":\"https:\/\/www.noubarris.net\/web40\/?s={search_term_string}\"},\"query-input\":{\"@type\":\"PropertyValueSpecification\",\"valueRequired\":true,\"valueName\":\"search_term_string\"}}],\"inLanguage\":\"ca\"},{\"@type\":\"Organization\",\"@id\":\"https:\/\/www.noubarris.net\/web40\/#organization\",\"name\":\"NouBarris.Net\",\"url\":\"https:\/\/www.noubarris.net\/web40\/\",\"logo\":{\"@type\":\"ImageObject\",\"inLanguage\":\"ca\",\"@id\":\"https:\/\/www.noubarris.net\/web40\/#\/schema\/logo\/image\/\",\"url\":\"https:\/\/www.noubarris.net\/web40\/wp-content\/uploads\/2024\/11\/cropped-cropped-LOGO_9BTV-2024_Insta-1.jpg\",\"contentUrl\":\"https:\/\/www.noubarris.net\/web40\/wp-content\/uploads\/2024\/11\/cropped-cropped-LOGO_9BTV-2024_Insta-1.jpg\",\"width\":512,\"height\":512,\"caption\":\"NouBarris.Net\"},\"image\":{\"@id\":\"https:\/\/www.noubarris.net\/web40\/#\/schema\/logo\/image\/\"},\"sameAs\":[\"https:\/\/www.facebook.com\/NouBarris.net\/?locale=es_ES\",\"https:\/\/x.com\/9BTV\"]},{\"@type\":\"Person\",\"@id\":\"https:\/\/www.noubarris.net\/web40\/#\/schema\/person\/1827f92aaa316c54abbf4dac0de76069\",\"name\":\"Informatius\",\"image\":{\"@type\":\"ImageObject\",\"inLanguage\":\"ca\",\"@id\":\"https:\/\/www.noubarris.net\/web40\/#\/schema\/person\/image\/\",\"url\":\"https:\/\/secure.gravatar.com\/avatar\/87a3b47928835fc72c6ee5b0e1a7263ef0c2d05003a98189bc14926c5f11bcdb?s=96&d=mm&r=g\",\"contentUrl\":\"https:\/\/secure.gravatar.com\/avatar\/87a3b47928835fc72c6ee5b0e1a7263ef0c2d05003a98189bc14926c5f11bcdb?s=96&d=mm&r=g\",\"caption\":\"Informatius\"},\"url\":\"https:\/\/www.noubarris.net\/web40\/author\/tele\/\"}]}<\/script>\n<!-- \/ Yoast SEO plugin. -->","yoast_head_json":{"title":"Concentraci\u00f3 reivindicativa a Ciutat Meridiana \"Per una acollida digna\" - NouBarris.Net","robots":{"index":"index","follow":"follow","max-snippet":"max-snippet:-1","max-image-preview":"max-image-preview:large","max-video-preview":"max-video-preview:-1"},"canonical":"https:\/\/www.noubarris.net\/web40\/concentracio-reivindicativa-a-ciutat-meridiana-per-una-acollida-digna\/","og_locale":"ca_ES","og_type":"article","og_title":"Concentraci\u00f3 reivindicativa a Ciutat Meridiana \"Per una acollida digna\" - NouBarris.Net","og_description":"La protesta s&#8217;ha convocat despr\u00e9s del su\u00efcidi d&#8217;un jove sensellar Sota el lema de &#8220;A la Zona Nord hi falta","og_url":"https:\/\/www.noubarris.net\/web40\/concentracio-reivindicativa-a-ciutat-meridiana-per-una-acollida-digna\/","og_site_name":"NouBarris.Net","article_publisher":"https:\/\/www.facebook.com\/NouBarris.net\/?locale=es_ES","article_published_time":"2024-09-24T22:00:57+00:00","og_image":[{"width":768,"height":432,"url":"https:\/\/www.noubarris.net\/web40\/wp-content\/uploads\/2024\/09\/250924.jpg","type":"image\/jpeg"}],"author":"Informatius","twitter_card":"summary_large_image","twitter_creator":"@9BTV","twitter_site":"@9BTV","twitter_misc":{"Escrit per":"Informatius","Temps estimat de lectura":"1 minut"},"schema":{"@context":"https:\/\/schema.org","@graph":[{"@type":"Article","@id":"https:\/\/www.noubarris.net\/web40\/concentracio-reivindicativa-a-ciutat-meridiana-per-una-acollida-digna\/#article","isPartOf":{"@id":"https:\/\/www.noubarris.net\/web40\/concentracio-reivindicativa-a-ciutat-meridiana-per-una-acollida-digna\/"},"author":{"name":"Informatius","@id":"https:\/\/www.noubarris.net\/web40\/#\/schema\/person\/1827f92aaa316c54abbf4dac0de76069"},"headline":"Concentraci\u00f3 reivindicativa a Ciutat Meridiana &#8220;Per una acollida digna&#8221;","datePublished":"2024-09-24T22:00:57+00:00","mainEntityOfPage":{"@id":"https:\/\/www.noubarris.net\/web40\/concentracio-reivindicativa-a-ciutat-meridiana-per-una-acollida-digna\/"},"wordCount":173,"publisher":{"@id":"https:\/\/www.noubarris.net\/web40\/#organization"},"image":{"@id":"https:\/\/www.noubarris.net\/web40\/concentracio-reivindicativa-a-ciutat-meridiana-per-una-acollida-digna\/#primaryimage"},"thumbnailUrl":"https:\/\/www.noubarris.net\/web40\/wp-content\/uploads\/2024\/09\/250924.jpg","articleSection":["Ciutat Meridiana","Societat"],"inLanguage":"ca"},{"@type":"WebPage","@id":"https:\/\/www.noubarris.net\/web40\/concentracio-reivindicativa-a-ciutat-meridiana-per-una-acollida-digna\/","url":"https:\/\/www.noubarris.net\/web40\/concentracio-reivindicativa-a-ciutat-meridiana-per-una-acollida-digna\/","name":"Concentraci\u00f3 reivindicativa a Ciutat Meridiana \"Per una acollida digna\" - NouBarris.Net","isPartOf":{"@id":"https:\/\/www.noubarris.net\/web40\/#website"},"primaryImageOfPage":{"@id":"https:\/\/www.noubarris.net\/web40\/concentracio-reivindicativa-a-ciutat-meridiana-per-una-acollida-digna\/#primaryimage"},"image":{"@id":"https:\/\/www.noubarris.net\/web40\/concentracio-reivindicativa-a-ciutat-meridiana-per-una-acollida-digna\/#primaryimage"},"thumbnailUrl":"https:\/\/www.noubarris.net\/web40\/wp-content\/uploads\/2024\/09\/250924.jpg","datePublished":"2024-09-24T22:00:57+00:00","breadcrumb":{"@id":"https:\/\/www.noubarris.net\/web40\/concentracio-reivindicativa-a-ciutat-meridiana-per-una-acollida-digna\/#breadcrumb"},"inLanguage":"ca","potentialAction":[{"@type":"ReadAction","target":["https:\/\/www.noubarris.net\/web40\/concentracio-reivindicativa-a-ciutat-meridiana-per-una-acollida-digna\/"]}]},{"@type":"ImageObject","inLanguage":"ca","@id":"https:\/\/www.noubarris.net\/web40\/concentracio-reivindicativa-a-ciutat-meridiana-per-una-acollida-digna\/#primaryimage","url":"https:\/\/www.noubarris.net\/web40\/wp-content\/uploads\/2024\/09\/250924.jpg","contentUrl":"https:\/\/www.noubarris.net\/web40\/wp-content\/uploads\/2024\/09\/250924.jpg","width":768,"height":432},{"@type":"BreadcrumbList","@id":"https:\/\/www.noubarris.net\/web40\/concentracio-reivindicativa-a-ciutat-meridiana-per-una-acollida-digna\/#breadcrumb","itemListElement":[{"@type":"ListItem","position":1,"name":"Inici","item":"https:\/\/www.noubarris.net\/web40\/"},{"@type":"ListItem","position":2,"name":"Concentraci\u00f3 reivindicativa a Ciutat Meridiana &#8220;Per una acollida digna&#8221;"}]},{"@type":"WebSite","@id":"https:\/\/www.noubarris.net\/web40\/#website","url":"https:\/\/www.noubarris.net\/web40\/","name":"NouBarris.Net","description":"Seguint la vida de Nou Barris des de 1985","publisher":{"@id":"https:\/\/www.noubarris.net\/web40\/#organization"},"potentialAction":[{"@type":"SearchAction","target":{"@type":"EntryPoint","urlTemplate":"https:\/\/www.noubarris.net\/web40\/?s={search_term_string}"},"query-input":{"@type":"PropertyValueSpecification","valueRequired":true,"valueName":"search_term_string"}}],"inLanguage":"ca"},{"@type":"Organization","@id":"https:\/\/www.noubarris.net\/web40\/#organization","name":"NouBarris.Net","url":"https:\/\/www.noubarris.net\/web40\/","logo":{"@type":"ImageObject","inLanguage":"ca","@id":"https:\/\/www.noubarris.net\/web40\/#\/schema\/logo\/image\/","url":"https:\/\/www.noubarris.net\/web40\/wp-content\/uploads\/2024\/11\/cropped-cropped-LOGO_9BTV-2024_Insta-1.jpg","contentUrl":"https:\/\/www.noubarris.net\/web40\/wp-content\/uploads\/2024\/11\/cropped-cropped-LOGO_9BTV-2024_Insta-1.jpg","width":512,"height":512,"caption":"NouBarris.Net"},"image":{"@id":"https:\/\/www.noubarris.net\/web40\/#\/schema\/logo\/image\/"},"sameAs":["https:\/\/www.facebook.com\/NouBarris.net\/?locale=es_ES","https:\/\/x.com\/9BTV"]},{"@type":"Person","@id":"https:\/\/www.noubarris.net\/web40\/#\/schema\/person\/1827f92aaa316c54abbf4dac0de76069","name":"Informatius","image":{"@type":"ImageObject","inLanguage":"ca","@id":"https:\/\/www.noubarris.net\/web40\/#\/schema\/person\/image\/","url":"https:\/\/secure.gravatar.com\/avatar\/87a3b47928835fc72c6ee5b0e1a7263ef0c2d05003a98189bc14926c5f11bcdb?s=96&d=mm&r=g","contentUrl":"https:\/\/secure.gravatar.com\/avatar\/87a3b47928835fc72c6ee5b0e1a7263ef0c2d05003a98189bc14926c5f11bcdb?s=96&d=mm&r=g","caption":"Informatius"},"url":"https:\/\/www.noubarris.net\/web40\/author\/tele\/"}]}},"_links":{"self":[{"href":"https:\/\/www.noubarris.net\/web40\/wp-json\/wp\/v2\/posts\/83257","targetHints":{"allow":["GET"]}}],"collection":[{"href":"https:\/\/www.noubarris.net\/web40\/wp-json\/wp\/v2\/posts"}],"about":[{"href":"https:\/\/www.noubarris.net\/web40\/wp-json\/wp\/v2\/types\/post"}],"author":[{"embeddable":true,"href":"https:\/\/www.noubarris.net\/web40\/wp-json\/wp\/v2\/users\/2"}],"replies":[{"embeddable":true,"href":"https:\/\/www.noubarris.net\/web40\/wp-json\/wp\/v2\/comments?post=83257"}],"version-history":[{"count":2,"href":"https:\/\/www.noubarris.net\/web40\/wp-json\/wp\/v2\/posts\/83257\/revisions"}],"predecessor-version":[{"id":83260,"href":"https:\/\/www.noubarris.net\/web40\/wp-json\/wp\/v2\/posts\/83257\/revisions\/83260"}],"wp:featuredmedia":[{"embeddable":true,"href":"https:\/\/www.noubarris.net\/web40\/wp-json\/wp\/v2\/media\/83258"}],"wp:attachment":[{"href":"https:\/\/www.noubarris.net\/web40\/wp-json\/wp\/v2\/media?parent=83257"}],"wp:term":[{"taxonomy":"category","embeddable":true,"href":"https:\/\/www.noubarris.net\/web40\/wp-json\/wp\/v2\/categories?post=83257"},{"taxonomy":"post_tag","embeddable":true,"href":"https:\/\/www.noubarris.net\/web40\/wp-json\/wp\/v2\/tags?post=83257"}],"curies":[{"name":"wp","href":"https:\/\/api.w.org\/{rel}","templated":true}]}}