{"id":83271,"date":"2024-09-28T19:04:24","date_gmt":"2024-09-28T17:04:24","guid":{"rendered":"http:\/\/www.noubarris.net\/web40\/?p=83271"},"modified":"2024-09-28T19:04:30","modified_gmt":"2024-09-28T17:04:30","slug":"el-racing-vallbona-diu-adeu-al-seu-camp-per-les-obres-de-soterrament-de-lr2","status":"publish","type":"post","link":"https:\/\/www.noubarris.net\/web40\/el-racing-vallbona-diu-adeu-al-seu-camp-per-les-obres-de-soterrament-de-lr2\/","title":{"rendered":"El R\u00e0cing Vallbona diu ad\u00e9u al seu camp per les obres de soterrament de l&#8217;R2"},"content":{"rendered":"<p><strong>Aficionats i futbolistes s&#8217;acomiaden de la Vallbonera i es preparen per a un trasllat en dues fases<\/strong><\/p>\n<p>El R\u00e0cing Vallbona viu entre la nost\u00e0lgia i la tristor el comiat de la Vallbonera, el seu camp de futbol, amb els darrers partits d&#8217;aquest cap de setmana. A partir d&#8217;aquest mes d&#8217;octubre es convertir\u00e0 en un espai log\u00edstic d&#8217;Adif. Les porteries i les pilotes deixaran pas a les m\u00e0quines i el material de l&#8217;obra de soterrament de les vies de tren de l&#8217;R2, entre Montcada i Reixac fins a bona part del barri de Vallbona. \u00c9s la cara amarga per a un club que celebra que <a href=\"https:\/\/www.noubarris.net\/web40\/?p=82885\"><strong>enguany i per primer cop, s\u00f3n a primera catalana.<\/strong><\/a><\/p>\n<p>\u00a0<\/p>\n\n\n<figure class=\"wp-block-embed is-type-rich is-provider-twitter wp-block-embed-twitter\"><div class=\"wp-block-embed__wrapper\">\nhttps:\/\/twitter.com\/racingvallbona\/status\/1839282795845222401\n<\/div><\/figure>\n\n\n\n<p>A partir d&#8217;ara els entrenaments i partits es faran al camp de Ciutat Meridiana, mentre acaben les obres que han de construir un camp de futbol provisional entre l&#8217;institut escola Ciutat Comtal i l&#8217;antiga Granja del Ritz. El R\u00e0cing Vallbona feia anys que demanava que el trasllat es fes directament a aquesta instal\u00b7laci\u00f3 provisional, ja que al\u00b7legaven la tasca social i dinamitzadora que fan al barri, per\u00f2 finalment el calendari d&#8217;obres no ho han perm\u00e8s.<\/p>\n\n\n\n<p>Un cop acabat i, de nou a Vallbona, est\u00e0 previst que romanguinen aquest recinte temporal uns quants anys, fins que Adif acabi el soterrament i costegi la reparaci\u00f3 o reconstrucci\u00f3 de la Vallbonera.<\/p>\n\n\n\n<p><\/p>\n\n\n\n<figure class=\"wp-block-image size-full\"><img loading=\"lazy\" decoding=\"async\" width=\"768\" height=\"432\" src=\"https:\/\/www.noubarris.net\/web40\/wp-content\/uploads\/2024\/09\/vallbonera-porta.jpg\" alt=\"\" class=\"wp-image-83275\" srcset=\"https:\/\/www.noubarris.net\/web40\/wp-content\/uploads\/2024\/09\/vallbonera-porta.jpg 768w, https:\/\/www.noubarris.net\/web40\/wp-content\/uploads\/2024\/09\/vallbonera-porta-300x169.jpg 300w, https:\/\/www.noubarris.net\/web40\/wp-content\/uploads\/2024\/09\/vallbonera-porta-600x338.jpg 600w\" sizes=\"auto, (max-width: 768px) 100vw, 768px\" \/><\/figure>\n","protected":false},"excerpt":{"rendered":"<p>Aficionats i futbolistes s&#8217;acomiaden de la Vallbonera i es preparen per a un trasllat en dues fases El R\u00e0cing Vallbona<\/p>\n","protected":false},"author":2,"featured_media":83273,"comment_status":"closed","ping_status":"closed","sticky":false,"template":"","format":"standard","meta":{"colormag_page_layout":"default_layout","_monsterinsights_skip_tracking":false,"_monsterinsights_sitenote_active":false,"_monsterinsights_sitenote_note":"","_monsterinsights_sitenote_category":0,"footnotes":""},"categories":[302,140],"tags":[599],"class_list":["post-83271","post","type-post","status-publish","format-standard","has-post-thumbnail","hentry","category-urbanisme","category-vallbona","tag-racing-vallbona"],"yoast_head":"<!-- This site is optimized with the Yoast SEO plugin v25.3 - https:\/\/yoast.com\/wordpress\/plugins\/seo\/ -->\n<title>El R\u00e0cing Vallbona diu ad\u00e9u al seu camp per les obres de soterrament de l&#039;R2 - NouBarris.Net<\/title>\n<meta name=\"robots\" content=\"index, follow, max-snippet:-1, max-image-preview:large, max-video-preview:-1\" \/>\n<link rel=\"canonical\" href=\"https:\/\/www.noubarris.net\/web40\/el-racing-vallbona-diu-adeu-al-seu-camp-per-les-obres-de-soterrament-de-lr2\/\" \/>\n<meta property=\"og:locale\" content=\"ca_ES\" \/>\n<meta property=\"og:type\" content=\"article\" \/>\n<meta property=\"og:title\" content=\"El R\u00e0cing Vallbona diu ad\u00e9u al seu camp per les obres de soterrament de l&#039;R2 - NouBarris.Net\" \/>\n<meta property=\"og:description\" content=\"Aficionats i futbolistes s&#8217;acomiaden de la Vallbonera i es preparen per a un trasllat en dues fases El R\u00e0cing Vallbona\" \/>\n<meta property=\"og:url\" content=\"https:\/\/www.noubarris.net\/web40\/el-racing-vallbona-diu-adeu-al-seu-camp-per-les-obres-de-soterrament-de-lr2\/\" \/>\n<meta property=\"og:site_name\" content=\"NouBarris.Net\" \/>\n<meta property=\"article:publisher\" content=\"https:\/\/www.facebook.com\/NouBarris.net\/?locale=es_ES\" \/>\n<meta property=\"article:published_time\" content=\"2024-09-28T17:04:24+00:00\" \/>\n<meta property=\"article:modified_time\" content=\"2024-09-28T17:04:30+00:00\" \/>\n<meta property=\"og:image\" content=\"https:\/\/www.noubarris.net\/web40\/wp-content\/uploads\/2024\/09\/vallbonera.jpg\" \/>\n\t<meta property=\"og:image:width\" content=\"768\" \/>\n\t<meta property=\"og:image:height\" content=\"432\" \/>\n\t<meta property=\"og:image:type\" content=\"image\/jpeg\" \/>\n<meta name=\"author\" content=\"Informatius\" \/>\n<meta name=\"twitter:card\" content=\"summary_large_image\" \/>\n<meta name=\"twitter:creator\" content=\"@9BTV\" \/>\n<meta name=\"twitter:site\" content=\"@9BTV\" \/>\n<meta name=\"twitter:label1\" content=\"Escrit per\" \/>\n\t<meta name=\"twitter:data1\" content=\"Informatius\" \/>\n\t<meta name=\"twitter:label2\" content=\"Temps estimat de lectura\" \/>\n\t<meta name=\"twitter:data2\" content=\"2 minuts\" \/>\n<script type=\"application\/ld+json\" class=\"yoast-schema-graph\">{\"@context\":\"https:\/\/schema.org\",\"@graph\":[{\"@type\":\"Article\",\"@id\":\"https:\/\/www.noubarris.net\/web40\/el-racing-vallbona-diu-adeu-al-seu-camp-per-les-obres-de-soterrament-de-lr2\/#article\",\"isPartOf\":{\"@id\":\"https:\/\/www.noubarris.net\/web40\/el-racing-vallbona-diu-adeu-al-seu-camp-per-les-obres-de-soterrament-de-lr2\/\"},\"author\":{\"name\":\"Informatius\",\"@id\":\"https:\/\/www.noubarris.net\/web40\/#\/schema\/person\/1827f92aaa316c54abbf4dac0de76069\"},\"headline\":\"El R\u00e0cing Vallbona diu ad\u00e9u al seu camp per les obres de soterrament de l&#8217;R2\",\"datePublished\":\"2024-09-28T17:04:24+00:00\",\"dateModified\":\"2024-09-28T17:04:30+00:00\",\"mainEntityOfPage\":{\"@id\":\"https:\/\/www.noubarris.net\/web40\/el-racing-vallbona-diu-adeu-al-seu-camp-per-les-obres-de-soterrament-de-lr2\/\"},\"wordCount\":264,\"publisher\":{\"@id\":\"https:\/\/www.noubarris.net\/web40\/#organization\"},\"image\":{\"@id\":\"https:\/\/www.noubarris.net\/web40\/el-racing-vallbona-diu-adeu-al-seu-camp-per-les-obres-de-soterrament-de-lr2\/#primaryimage\"},\"thumbnailUrl\":\"https:\/\/www.noubarris.net\/web40\/wp-content\/uploads\/2024\/09\/vallbonera.jpg\",\"keywords\":[\"racing vallbona\"],\"articleSection\":[\"Urbanisme\",\"Vallbona\"],\"inLanguage\":\"ca\"},{\"@type\":\"WebPage\",\"@id\":\"https:\/\/www.noubarris.net\/web40\/el-racing-vallbona-diu-adeu-al-seu-camp-per-les-obres-de-soterrament-de-lr2\/\",\"url\":\"https:\/\/www.noubarris.net\/web40\/el-racing-vallbona-diu-adeu-al-seu-camp-per-les-obres-de-soterrament-de-lr2\/\",\"name\":\"El R\u00e0cing Vallbona diu ad\u00e9u al seu camp per les obres de soterrament de l'R2 - NouBarris.Net\",\"isPartOf\":{\"@id\":\"https:\/\/www.noubarris.net\/web40\/#website\"},\"primaryImageOfPage\":{\"@id\":\"https:\/\/www.noubarris.net\/web40\/el-racing-vallbona-diu-adeu-al-seu-camp-per-les-obres-de-soterrament-de-lr2\/#primaryimage\"},\"image\":{\"@id\":\"https:\/\/www.noubarris.net\/web40\/el-racing-vallbona-diu-adeu-al-seu-camp-per-les-obres-de-soterrament-de-lr2\/#primaryimage\"},\"thumbnailUrl\":\"https:\/\/www.noubarris.net\/web40\/wp-content\/uploads\/2024\/09\/vallbonera.jpg\",\"datePublished\":\"2024-09-28T17:04:24+00:00\",\"dateModified\":\"2024-09-28T17:04:30+00:00\",\"breadcrumb\":{\"@id\":\"https:\/\/www.noubarris.net\/web40\/el-racing-vallbona-diu-adeu-al-seu-camp-per-les-obres-de-soterrament-de-lr2\/#breadcrumb\"},\"inLanguage\":\"ca\",\"potentialAction\":[{\"@type\":\"ReadAction\",\"target\":[\"https:\/\/www.noubarris.net\/web40\/el-racing-vallbona-diu-adeu-al-seu-camp-per-les-obres-de-soterrament-de-lr2\/\"]}]},{\"@type\":\"ImageObject\",\"inLanguage\":\"ca\",\"@id\":\"https:\/\/www.noubarris.net\/web40\/el-racing-vallbona-diu-adeu-al-seu-camp-per-les-obres-de-soterrament-de-lr2\/#primaryimage\",\"url\":\"https:\/\/www.noubarris.net\/web40\/wp-content\/uploads\/2024\/09\/vallbonera.jpg\",\"contentUrl\":\"https:\/\/www.noubarris.net\/web40\/wp-content\/uploads\/2024\/09\/vallbonera.jpg\",\"width\":768,\"height\":432},{\"@type\":\"BreadcrumbList\",\"@id\":\"https:\/\/www.noubarris.net\/web40\/el-racing-vallbona-diu-adeu-al-seu-camp-per-les-obres-de-soterrament-de-lr2\/#breadcrumb\",\"itemListElement\":[{\"@type\":\"ListItem\",\"position\":1,\"name\":\"Inici\",\"item\":\"https:\/\/www.noubarris.net\/web40\/\"},{\"@type\":\"ListItem\",\"position\":2,\"name\":\"El R\u00e0cing Vallbona diu ad\u00e9u al seu camp per les obres de soterrament de l&#8217;R2\"}]},{\"@type\":\"WebSite\",\"@id\":\"https:\/\/www.noubarris.net\/web40\/#website\",\"url\":\"https:\/\/www.noubarris.net\/web40\/\",\"name\":\"NouBarris.Net\",\"description\":\"Seguint la vida de Nou Barris des de 1985\",\"publisher\":{\"@id\":\"https:\/\/www.noubarris.net\/web40\/#organization\"},\"potentialAction\":[{\"@type\":\"SearchAction\",\"target\":{\"@type\":\"EntryPoint\",\"urlTemplate\":\"https:\/\/www.noubarris.net\/web40\/?s={search_term_string}\"},\"query-input\":{\"@type\":\"PropertyValueSpecification\",\"valueRequired\":true,\"valueName\":\"search_term_string\"}}],\"inLanguage\":\"ca\"},{\"@type\":\"Organization\",\"@id\":\"https:\/\/www.noubarris.net\/web40\/#organization\",\"name\":\"NouBarris.Net\",\"url\":\"https:\/\/www.noubarris.net\/web40\/\",\"logo\":{\"@type\":\"ImageObject\",\"inLanguage\":\"ca\",\"@id\":\"https:\/\/www.noubarris.net\/web40\/#\/schema\/logo\/image\/\",\"url\":\"https:\/\/www.noubarris.net\/web40\/wp-content\/uploads\/2024\/11\/cropped-cropped-LOGO_9BTV-2024_Insta-1.jpg\",\"contentUrl\":\"https:\/\/www.noubarris.net\/web40\/wp-content\/uploads\/2024\/11\/cropped-cropped-LOGO_9BTV-2024_Insta-1.jpg\",\"width\":512,\"height\":512,\"caption\":\"NouBarris.Net\"},\"image\":{\"@id\":\"https:\/\/www.noubarris.net\/web40\/#\/schema\/logo\/image\/\"},\"sameAs\":[\"https:\/\/www.facebook.com\/NouBarris.net\/?locale=es_ES\",\"https:\/\/x.com\/9BTV\"]},{\"@type\":\"Person\",\"@id\":\"https:\/\/www.noubarris.net\/web40\/#\/schema\/person\/1827f92aaa316c54abbf4dac0de76069\",\"name\":\"Informatius\",\"image\":{\"@type\":\"ImageObject\",\"inLanguage\":\"ca\",\"@id\":\"https:\/\/www.noubarris.net\/web40\/#\/schema\/person\/image\/\",\"url\":\"https:\/\/secure.gravatar.com\/avatar\/87a3b47928835fc72c6ee5b0e1a7263ef0c2d05003a98189bc14926c5f11bcdb?s=96&d=mm&r=g\",\"contentUrl\":\"https:\/\/secure.gravatar.com\/avatar\/87a3b47928835fc72c6ee5b0e1a7263ef0c2d05003a98189bc14926c5f11bcdb?s=96&d=mm&r=g\",\"caption\":\"Informatius\"},\"url\":\"https:\/\/www.noubarris.net\/web40\/author\/tele\/\"}]}<\/script>\n<!-- \/ Yoast SEO plugin. -->","yoast_head_json":{"title":"El R\u00e0cing Vallbona diu ad\u00e9u al seu camp per les obres de soterrament de l'R2 - NouBarris.Net","robots":{"index":"index","follow":"follow","max-snippet":"max-snippet:-1","max-image-preview":"max-image-preview:large","max-video-preview":"max-video-preview:-1"},"canonical":"https:\/\/www.noubarris.net\/web40\/el-racing-vallbona-diu-adeu-al-seu-camp-per-les-obres-de-soterrament-de-lr2\/","og_locale":"ca_ES","og_type":"article","og_title":"El R\u00e0cing Vallbona diu ad\u00e9u al seu camp per les obres de soterrament de l'R2 - NouBarris.Net","og_description":"Aficionats i futbolistes s&#8217;acomiaden de la Vallbonera i es preparen per a un trasllat en dues fases El R\u00e0cing Vallbona","og_url":"https:\/\/www.noubarris.net\/web40\/el-racing-vallbona-diu-adeu-al-seu-camp-per-les-obres-de-soterrament-de-lr2\/","og_site_name":"NouBarris.Net","article_publisher":"https:\/\/www.facebook.com\/NouBarris.net\/?locale=es_ES","article_published_time":"2024-09-28T17:04:24+00:00","article_modified_time":"2024-09-28T17:04:30+00:00","og_image":[{"width":768,"height":432,"url":"https:\/\/www.noubarris.net\/web40\/wp-content\/uploads\/2024\/09\/vallbonera.jpg","type":"image\/jpeg"}],"author":"Informatius","twitter_card":"summary_large_image","twitter_creator":"@9BTV","twitter_site":"@9BTV","twitter_misc":{"Escrit per":"Informatius","Temps estimat de lectura":"2 minuts"},"schema":{"@context":"https:\/\/schema.org","@graph":[{"@type":"Article","@id":"https:\/\/www.noubarris.net\/web40\/el-racing-vallbona-diu-adeu-al-seu-camp-per-les-obres-de-soterrament-de-lr2\/#article","isPartOf":{"@id":"https:\/\/www.noubarris.net\/web40\/el-racing-vallbona-diu-adeu-al-seu-camp-per-les-obres-de-soterrament-de-lr2\/"},"author":{"name":"Informatius","@id":"https:\/\/www.noubarris.net\/web40\/#\/schema\/person\/1827f92aaa316c54abbf4dac0de76069"},"headline":"El R\u00e0cing Vallbona diu ad\u00e9u al seu camp per les obres de soterrament de l&#8217;R2","datePublished":"2024-09-28T17:04:24+00:00","dateModified":"2024-09-28T17:04:30+00:00","mainEntityOfPage":{"@id":"https:\/\/www.noubarris.net\/web40\/el-racing-vallbona-diu-adeu-al-seu-camp-per-les-obres-de-soterrament-de-lr2\/"},"wordCount":264,"publisher":{"@id":"https:\/\/www.noubarris.net\/web40\/#organization"},"image":{"@id":"https:\/\/www.noubarris.net\/web40\/el-racing-vallbona-diu-adeu-al-seu-camp-per-les-obres-de-soterrament-de-lr2\/#primaryimage"},"thumbnailUrl":"https:\/\/www.noubarris.net\/web40\/wp-content\/uploads\/2024\/09\/vallbonera.jpg","keywords":["racing vallbona"],"articleSection":["Urbanisme","Vallbona"],"inLanguage":"ca"},{"@type":"WebPage","@id":"https:\/\/www.noubarris.net\/web40\/el-racing-vallbona-diu-adeu-al-seu-camp-per-les-obres-de-soterrament-de-lr2\/","url":"https:\/\/www.noubarris.net\/web40\/el-racing-vallbona-diu-adeu-al-seu-camp-per-les-obres-de-soterrament-de-lr2\/","name":"El R\u00e0cing Vallbona diu ad\u00e9u al seu camp per les obres de soterrament de l'R2 - NouBarris.Net","isPartOf":{"@id":"https:\/\/www.noubarris.net\/web40\/#website"},"primaryImageOfPage":{"@id":"https:\/\/www.noubarris.net\/web40\/el-racing-vallbona-diu-adeu-al-seu-camp-per-les-obres-de-soterrament-de-lr2\/#primaryimage"},"image":{"@id":"https:\/\/www.noubarris.net\/web40\/el-racing-vallbona-diu-adeu-al-seu-camp-per-les-obres-de-soterrament-de-lr2\/#primaryimage"},"thumbnailUrl":"https:\/\/www.noubarris.net\/web40\/wp-content\/uploads\/2024\/09\/vallbonera.jpg","datePublished":"2024-09-28T17:04:24+00:00","dateModified":"2024-09-28T17:04:30+00:00","breadcrumb":{"@id":"https:\/\/www.noubarris.net\/web40\/el-racing-vallbona-diu-adeu-al-seu-camp-per-les-obres-de-soterrament-de-lr2\/#breadcrumb"},"inLanguage":"ca","potentialAction":[{"@type":"ReadAction","target":["https:\/\/www.noubarris.net\/web40\/el-racing-vallbona-diu-adeu-al-seu-camp-per-les-obres-de-soterrament-de-lr2\/"]}]},{"@type":"ImageObject","inLanguage":"ca","@id":"https:\/\/www.noubarris.net\/web40\/el-racing-vallbona-diu-adeu-al-seu-camp-per-les-obres-de-soterrament-de-lr2\/#primaryimage","url":"https:\/\/www.noubarris.net\/web40\/wp-content\/uploads\/2024\/09\/vallbonera.jpg","contentUrl":"https:\/\/www.noubarris.net\/web40\/wp-content\/uploads\/2024\/09\/vallbonera.jpg","width":768,"height":432},{"@type":"BreadcrumbList","@id":"https:\/\/www.noubarris.net\/web40\/el-racing-vallbona-diu-adeu-al-seu-camp-per-les-obres-de-soterrament-de-lr2\/#breadcrumb","itemListElement":[{"@type":"ListItem","position":1,"name":"Inici","item":"https:\/\/www.noubarris.net\/web40\/"},{"@type":"ListItem","position":2,"name":"El R\u00e0cing Vallbona diu ad\u00e9u al seu camp per les obres de soterrament de l&#8217;R2"}]},{"@type":"WebSite","@id":"https:\/\/www.noubarris.net\/web40\/#website","url":"https:\/\/www.noubarris.net\/web40\/","name":"NouBarris.Net","description":"Seguint la vida de Nou Barris des de 1985","publisher":{"@id":"https:\/\/www.noubarris.net\/web40\/#organization"},"potentialAction":[{"@type":"SearchAction","target":{"@type":"EntryPoint","urlTemplate":"https:\/\/www.noubarris.net\/web40\/?s={search_term_string}"},"query-input":{"@type":"PropertyValueSpecification","valueRequired":true,"valueName":"search_term_string"}}],"inLanguage":"ca"},{"@type":"Organization","@id":"https:\/\/www.noubarris.net\/web40\/#organization","name":"NouBarris.Net","url":"https:\/\/www.noubarris.net\/web40\/","logo":{"@type":"ImageObject","inLanguage":"ca","@id":"https:\/\/www.noubarris.net\/web40\/#\/schema\/logo\/image\/","url":"https:\/\/www.noubarris.net\/web40\/wp-content\/uploads\/2024\/11\/cropped-cropped-LOGO_9BTV-2024_Insta-1.jpg","contentUrl":"https:\/\/www.noubarris.net\/web40\/wp-content\/uploads\/2024\/11\/cropped-cropped-LOGO_9BTV-2024_Insta-1.jpg","width":512,"height":512,"caption":"NouBarris.Net"},"image":{"@id":"https:\/\/www.noubarris.net\/web40\/#\/schema\/logo\/image\/"},"sameAs":["https:\/\/www.facebook.com\/NouBarris.net\/?locale=es_ES","https:\/\/x.com\/9BTV"]},{"@type":"Person","@id":"https:\/\/www.noubarris.net\/web40\/#\/schema\/person\/1827f92aaa316c54abbf4dac0de76069","name":"Informatius","image":{"@type":"ImageObject","inLanguage":"ca","@id":"https:\/\/www.noubarris.net\/web40\/#\/schema\/person\/image\/","url":"https:\/\/secure.gravatar.com\/avatar\/87a3b47928835fc72c6ee5b0e1a7263ef0c2d05003a98189bc14926c5f11bcdb?s=96&d=mm&r=g","contentUrl":"https:\/\/secure.gravatar.com\/avatar\/87a3b47928835fc72c6ee5b0e1a7263ef0c2d05003a98189bc14926c5f11bcdb?s=96&d=mm&r=g","caption":"Informatius"},"url":"https:\/\/www.noubarris.net\/web40\/author\/tele\/"}]}},"_links":{"self":[{"href":"https:\/\/www.noubarris.net\/web40\/wp-json\/wp\/v2\/posts\/83271","targetHints":{"allow":["GET"]}}],"collection":[{"href":"https:\/\/www.noubarris.net\/web40\/wp-json\/wp\/v2\/posts"}],"about":[{"href":"https:\/\/www.noubarris.net\/web40\/wp-json\/wp\/v2\/types\/post"}],"author":[{"embeddable":true,"href":"https:\/\/www.noubarris.net\/web40\/wp-json\/wp\/v2\/users\/2"}],"replies":[{"embeddable":true,"href":"https:\/\/www.noubarris.net\/web40\/wp-json\/wp\/v2\/comments?post=83271"}],"version-history":[{"count":4,"href":"https:\/\/www.noubarris.net\/web40\/wp-json\/wp\/v2\/posts\/83271\/revisions"}],"predecessor-version":[{"id":83293,"href":"https:\/\/www.noubarris.net\/web40\/wp-json\/wp\/v2\/posts\/83271\/revisions\/83293"}],"wp:featuredmedia":[{"embeddable":true,"href":"https:\/\/www.noubarris.net\/web40\/wp-json\/wp\/v2\/media\/83273"}],"wp:attachment":[{"href":"https:\/\/www.noubarris.net\/web40\/wp-json\/wp\/v2\/media?parent=83271"}],"wp:term":[{"taxonomy":"category","embeddable":true,"href":"https:\/\/www.noubarris.net\/web40\/wp-json\/wp\/v2\/categories?post=83271"},{"taxonomy":"post_tag","embeddable":true,"href":"https:\/\/www.noubarris.net\/web40\/wp-json\/wp\/v2\/tags?post=83271"}],"curies":[{"name":"wp","href":"https:\/\/api.w.org\/{rel}","templated":true}]}}