{"id":83283,"date":"2024-10-02T00:00:55","date_gmt":"2024-10-01T22:00:55","guid":{"rendered":"https:\/\/www.noubarris.net\/web40\/?p=83283"},"modified":"2024-10-02T06:42:54","modified_gmt":"2024-10-02T04:42:54","slug":"leconomat-de-ledifici-cooperatiu-de-cirerers-la-cooperativa-de-consum-conscient","status":"publish","type":"post","link":"https:\/\/www.noubarris.net\/web40\/leconomat-de-ledifici-cooperatiu-de-cirerers-la-cooperativa-de-consum-conscient\/","title":{"rendered":"Video &#8211; L&#8217;economat de l&#8217;edifici cooperatiu de Cirerers, la cooperativa de consum conscient"},"content":{"rendered":"<p><strong>L&#8217;establiment aposta pels productes bio i agroecol\u00f2gics, de temporada i proximitat<\/strong><\/p>\n<p>L&#8217;edifici Cirerers va ser el primer projecte d&#8217;habitatge cooperatiu de Nou Barris i en el seu moment el bloc m\u00e9s alt constru\u00eft amb fusta. Per\u00f2 no \u00e9s la \u00fanica novetat que van portar. Situat al carrer del Pla dels Cirerers, la comunitat va decidir que a l&#8217;hora de llogar el local dels baixos, volien triar un projecte que tamb\u00e9 fos d&#8217;economia social. I van triar L&#8217;economat. Una botiga cooperativa que ja tenia una seu a Sants i que t\u00e9 com a filosofia que els productes siguin d\u2019origen agroecol\u00f2gic, de temporada i el m\u00e9s pr\u00f2xim possible. \u00c9s m\u00e9s, segons asseguren, prioritzen comprar a productors i distribuidors que comparteixin la seva modalitat d&#8217;economia social i ccoperativa.<\/p>\n<p>Al local de l&#8217;Economat hi trobareu verdura i fruita fresca, productes elaborats i conserves; llegums, fruits secs, pasta i cereals a granel; carn, pa i l\u00e0ctics; productes sense gluten; begudes vegetals; ervesses, vins i caves; i productes de neteja de la llar a granel i higiene personal. Tot amb un horari de dilluns a divendres de 9.30 a 14h i de 16 a 20h, i dissabtes de 9.30 a 14h.<\/p>\n<p><iframe loading=\"lazy\" title=\"l&#039;Economat de Roquetes: la cooperativa de consum conscient\" width=\"800\" height=\"450\" src=\"https:\/\/www.youtube.com\/embed\/ww8UUC5FBDI?feature=oembed\" frameborder=\"0\" allow=\"accelerometer; autoplay; clipboard-write; encrypted-media; gyroscope; picture-in-picture; web-share\" referrerpolicy=\"strict-origin-when-cross-origin\" allowfullscreen><\/iframe><\/p>\n","protected":false},"excerpt":{"rendered":"<p>L&#8217;establiment aposta pels productes bio i agroecol\u00f2gics, de temporada i proximitat L&#8217;edifici Cirerers va ser el primer projecte d&#8217;habitatge cooperatiu<\/p>\n","protected":false},"author":2,"featured_media":83284,"comment_status":"closed","ping_status":"closed","sticky":false,"template":"","format":"standard","meta":{"colormag_page_layout":"default_layout","_monsterinsights_skip_tracking":false,"_monsterinsights_sitenote_active":false,"_monsterinsights_sitenote_note":"","_monsterinsights_sitenote_category":0,"footnotes":""},"categories":[136],"tags":[153,750],"class_list":["post-83283","post","type-post","status-publish","format-standard","has-post-thumbnail","hentry","category-les-roquetes","tag-comerc","tag-cooperativa"],"yoast_head":"<!-- This site is optimized with the Yoast SEO plugin v25.3 - https:\/\/yoast.com\/wordpress\/plugins\/seo\/ -->\n<title>Video - L&#039;economat de l&#039;edifici cooperatiu de Cirerers, la cooperativa de consum conscient - NouBarris.Net<\/title>\n<meta name=\"robots\" content=\"index, follow, max-snippet:-1, max-image-preview:large, max-video-preview:-1\" \/>\n<link rel=\"canonical\" href=\"https:\/\/www.noubarris.net\/web40\/leconomat-de-ledifici-cooperatiu-de-cirerers-la-cooperativa-de-consum-conscient\/\" \/>\n<meta property=\"og:locale\" content=\"ca_ES\" \/>\n<meta property=\"og:type\" content=\"article\" \/>\n<meta property=\"og:title\" content=\"Video - L&#039;economat de l&#039;edifici cooperatiu de Cirerers, la cooperativa de consum conscient - NouBarris.Net\" \/>\n<meta property=\"og:description\" content=\"L&#8217;establiment aposta pels productes bio i agroecol\u00f2gics, de temporada i proximitat L&#8217;edifici Cirerers va ser el primer projecte d&#8217;habitatge cooperatiu\" \/>\n<meta property=\"og:url\" content=\"https:\/\/www.noubarris.net\/web40\/leconomat-de-ledifici-cooperatiu-de-cirerers-la-cooperativa-de-consum-conscient\/\" \/>\n<meta property=\"og:site_name\" content=\"NouBarris.Net\" \/>\n<meta property=\"article:publisher\" content=\"https:\/\/www.facebook.com\/NouBarris.net\/?locale=es_ES\" \/>\n<meta property=\"article:published_time\" content=\"2024-10-01T22:00:55+00:00\" \/>\n<meta property=\"article:modified_time\" content=\"2024-10-02T04:42:54+00:00\" \/>\n<meta property=\"og:image\" content=\"https:\/\/www.noubarris.net\/web40\/wp-content\/uploads\/2024\/09\/economat.jpg\" \/>\n\t<meta property=\"og:image:width\" content=\"768\" \/>\n\t<meta property=\"og:image:height\" content=\"432\" \/>\n\t<meta property=\"og:image:type\" content=\"image\/jpeg\" \/>\n<meta name=\"author\" content=\"Informatius\" \/>\n<meta name=\"twitter:card\" content=\"summary_large_image\" \/>\n<meta name=\"twitter:creator\" content=\"@9BTV\" \/>\n<meta name=\"twitter:site\" content=\"@9BTV\" \/>\n<meta name=\"twitter:label1\" content=\"Escrit per\" \/>\n\t<meta name=\"twitter:data1\" content=\"Informatius\" \/>\n\t<meta name=\"twitter:label2\" content=\"Temps estimat de lectura\" \/>\n\t<meta name=\"twitter:data2\" content=\"2 minuts\" \/>\n<script type=\"application\/ld+json\" class=\"yoast-schema-graph\">{\"@context\":\"https:\/\/schema.org\",\"@graph\":[{\"@type\":\"Article\",\"@id\":\"https:\/\/www.noubarris.net\/web40\/leconomat-de-ledifici-cooperatiu-de-cirerers-la-cooperativa-de-consum-conscient\/#article\",\"isPartOf\":{\"@id\":\"https:\/\/www.noubarris.net\/web40\/leconomat-de-ledifici-cooperatiu-de-cirerers-la-cooperativa-de-consum-conscient\/\"},\"author\":{\"name\":\"Informatius\",\"@id\":\"https:\/\/www.noubarris.net\/web40\/#\/schema\/person\/1827f92aaa316c54abbf4dac0de76069\"},\"headline\":\"Video &#8211; L&#8217;economat de l&#8217;edifici cooperatiu de Cirerers, la cooperativa de consum conscient\",\"datePublished\":\"2024-10-01T22:00:55+00:00\",\"dateModified\":\"2024-10-02T04:42:54+00:00\",\"mainEntityOfPage\":{\"@id\":\"https:\/\/www.noubarris.net\/web40\/leconomat-de-ledifici-cooperatiu-de-cirerers-la-cooperativa-de-consum-conscient\/\"},\"wordCount\":232,\"publisher\":{\"@id\":\"https:\/\/www.noubarris.net\/web40\/#organization\"},\"image\":{\"@id\":\"https:\/\/www.noubarris.net\/web40\/leconomat-de-ledifici-cooperatiu-de-cirerers-la-cooperativa-de-consum-conscient\/#primaryimage\"},\"thumbnailUrl\":\"https:\/\/www.noubarris.net\/web40\/wp-content\/uploads\/2024\/09\/economat.jpg\",\"keywords\":[\"Comer\u00e7\",\"cooperativa\"],\"articleSection\":[\"Les Roquetes\"],\"inLanguage\":\"ca\"},{\"@type\":\"WebPage\",\"@id\":\"https:\/\/www.noubarris.net\/web40\/leconomat-de-ledifici-cooperatiu-de-cirerers-la-cooperativa-de-consum-conscient\/\",\"url\":\"https:\/\/www.noubarris.net\/web40\/leconomat-de-ledifici-cooperatiu-de-cirerers-la-cooperativa-de-consum-conscient\/\",\"name\":\"Video - L'economat de l'edifici cooperatiu de Cirerers, la cooperativa de consum conscient - NouBarris.Net\",\"isPartOf\":{\"@id\":\"https:\/\/www.noubarris.net\/web40\/#website\"},\"primaryImageOfPage\":{\"@id\":\"https:\/\/www.noubarris.net\/web40\/leconomat-de-ledifici-cooperatiu-de-cirerers-la-cooperativa-de-consum-conscient\/#primaryimage\"},\"image\":{\"@id\":\"https:\/\/www.noubarris.net\/web40\/leconomat-de-ledifici-cooperatiu-de-cirerers-la-cooperativa-de-consum-conscient\/#primaryimage\"},\"thumbnailUrl\":\"https:\/\/www.noubarris.net\/web40\/wp-content\/uploads\/2024\/09\/economat.jpg\",\"datePublished\":\"2024-10-01T22:00:55+00:00\",\"dateModified\":\"2024-10-02T04:42:54+00:00\",\"breadcrumb\":{\"@id\":\"https:\/\/www.noubarris.net\/web40\/leconomat-de-ledifici-cooperatiu-de-cirerers-la-cooperativa-de-consum-conscient\/#breadcrumb\"},\"inLanguage\":\"ca\",\"potentialAction\":[{\"@type\":\"ReadAction\",\"target\":[\"https:\/\/www.noubarris.net\/web40\/leconomat-de-ledifici-cooperatiu-de-cirerers-la-cooperativa-de-consum-conscient\/\"]}]},{\"@type\":\"ImageObject\",\"inLanguage\":\"ca\",\"@id\":\"https:\/\/www.noubarris.net\/web40\/leconomat-de-ledifici-cooperatiu-de-cirerers-la-cooperativa-de-consum-conscient\/#primaryimage\",\"url\":\"https:\/\/www.noubarris.net\/web40\/wp-content\/uploads\/2024\/09\/economat.jpg\",\"contentUrl\":\"https:\/\/www.noubarris.net\/web40\/wp-content\/uploads\/2024\/09\/economat.jpg\",\"width\":768,\"height\":432},{\"@type\":\"BreadcrumbList\",\"@id\":\"https:\/\/www.noubarris.net\/web40\/leconomat-de-ledifici-cooperatiu-de-cirerers-la-cooperativa-de-consum-conscient\/#breadcrumb\",\"itemListElement\":[{\"@type\":\"ListItem\",\"position\":1,\"name\":\"Inici\",\"item\":\"https:\/\/www.noubarris.net\/web40\/\"},{\"@type\":\"ListItem\",\"position\":2,\"name\":\"Video &#8211; L&#8217;economat de l&#8217;edifici cooperatiu de Cirerers, la cooperativa de consum conscient\"}]},{\"@type\":\"WebSite\",\"@id\":\"https:\/\/www.noubarris.net\/web40\/#website\",\"url\":\"https:\/\/www.noubarris.net\/web40\/\",\"name\":\"NouBarris.Net\",\"description\":\"Seguint la vida de Nou Barris des de 1985\",\"publisher\":{\"@id\":\"https:\/\/www.noubarris.net\/web40\/#organization\"},\"potentialAction\":[{\"@type\":\"SearchAction\",\"target\":{\"@type\":\"EntryPoint\",\"urlTemplate\":\"https:\/\/www.noubarris.net\/web40\/?s={search_term_string}\"},\"query-input\":{\"@type\":\"PropertyValueSpecification\",\"valueRequired\":true,\"valueName\":\"search_term_string\"}}],\"inLanguage\":\"ca\"},{\"@type\":\"Organization\",\"@id\":\"https:\/\/www.noubarris.net\/web40\/#organization\",\"name\":\"NouBarris.Net\",\"url\":\"https:\/\/www.noubarris.net\/web40\/\",\"logo\":{\"@type\":\"ImageObject\",\"inLanguage\":\"ca\",\"@id\":\"https:\/\/www.noubarris.net\/web40\/#\/schema\/logo\/image\/\",\"url\":\"https:\/\/www.noubarris.net\/web40\/wp-content\/uploads\/2024\/11\/cropped-cropped-LOGO_9BTV-2024_Insta-1.jpg\",\"contentUrl\":\"https:\/\/www.noubarris.net\/web40\/wp-content\/uploads\/2024\/11\/cropped-cropped-LOGO_9BTV-2024_Insta-1.jpg\",\"width\":512,\"height\":512,\"caption\":\"NouBarris.Net\"},\"image\":{\"@id\":\"https:\/\/www.noubarris.net\/web40\/#\/schema\/logo\/image\/\"},\"sameAs\":[\"https:\/\/www.facebook.com\/NouBarris.net\/?locale=es_ES\",\"https:\/\/x.com\/9BTV\"]},{\"@type\":\"Person\",\"@id\":\"https:\/\/www.noubarris.net\/web40\/#\/schema\/person\/1827f92aaa316c54abbf4dac0de76069\",\"name\":\"Informatius\",\"image\":{\"@type\":\"ImageObject\",\"inLanguage\":\"ca\",\"@id\":\"https:\/\/www.noubarris.net\/web40\/#\/schema\/person\/image\/\",\"url\":\"https:\/\/secure.gravatar.com\/avatar\/87a3b47928835fc72c6ee5b0e1a7263ef0c2d05003a98189bc14926c5f11bcdb?s=96&d=mm&r=g\",\"contentUrl\":\"https:\/\/secure.gravatar.com\/avatar\/87a3b47928835fc72c6ee5b0e1a7263ef0c2d05003a98189bc14926c5f11bcdb?s=96&d=mm&r=g\",\"caption\":\"Informatius\"},\"url\":\"https:\/\/www.noubarris.net\/web40\/author\/tele\/\"}]}<\/script>\n<!-- \/ Yoast SEO plugin. -->","yoast_head_json":{"title":"Video - L'economat de l'edifici cooperatiu de Cirerers, la cooperativa de consum conscient - NouBarris.Net","robots":{"index":"index","follow":"follow","max-snippet":"max-snippet:-1","max-image-preview":"max-image-preview:large","max-video-preview":"max-video-preview:-1"},"canonical":"https:\/\/www.noubarris.net\/web40\/leconomat-de-ledifici-cooperatiu-de-cirerers-la-cooperativa-de-consum-conscient\/","og_locale":"ca_ES","og_type":"article","og_title":"Video - L'economat de l'edifici cooperatiu de Cirerers, la cooperativa de consum conscient - NouBarris.Net","og_description":"L&#8217;establiment aposta pels productes bio i agroecol\u00f2gics, de temporada i proximitat L&#8217;edifici Cirerers va ser el primer projecte d&#8217;habitatge cooperatiu","og_url":"https:\/\/www.noubarris.net\/web40\/leconomat-de-ledifici-cooperatiu-de-cirerers-la-cooperativa-de-consum-conscient\/","og_site_name":"NouBarris.Net","article_publisher":"https:\/\/www.facebook.com\/NouBarris.net\/?locale=es_ES","article_published_time":"2024-10-01T22:00:55+00:00","article_modified_time":"2024-10-02T04:42:54+00:00","og_image":[{"width":768,"height":432,"url":"https:\/\/www.noubarris.net\/web40\/wp-content\/uploads\/2024\/09\/economat.jpg","type":"image\/jpeg"}],"author":"Informatius","twitter_card":"summary_large_image","twitter_creator":"@9BTV","twitter_site":"@9BTV","twitter_misc":{"Escrit per":"Informatius","Temps estimat de lectura":"2 minuts"},"schema":{"@context":"https:\/\/schema.org","@graph":[{"@type":"Article","@id":"https:\/\/www.noubarris.net\/web40\/leconomat-de-ledifici-cooperatiu-de-cirerers-la-cooperativa-de-consum-conscient\/#article","isPartOf":{"@id":"https:\/\/www.noubarris.net\/web40\/leconomat-de-ledifici-cooperatiu-de-cirerers-la-cooperativa-de-consum-conscient\/"},"author":{"name":"Informatius","@id":"https:\/\/www.noubarris.net\/web40\/#\/schema\/person\/1827f92aaa316c54abbf4dac0de76069"},"headline":"Video &#8211; L&#8217;economat de l&#8217;edifici cooperatiu de Cirerers, la cooperativa de consum conscient","datePublished":"2024-10-01T22:00:55+00:00","dateModified":"2024-10-02T04:42:54+00:00","mainEntityOfPage":{"@id":"https:\/\/www.noubarris.net\/web40\/leconomat-de-ledifici-cooperatiu-de-cirerers-la-cooperativa-de-consum-conscient\/"},"wordCount":232,"publisher":{"@id":"https:\/\/www.noubarris.net\/web40\/#organization"},"image":{"@id":"https:\/\/www.noubarris.net\/web40\/leconomat-de-ledifici-cooperatiu-de-cirerers-la-cooperativa-de-consum-conscient\/#primaryimage"},"thumbnailUrl":"https:\/\/www.noubarris.net\/web40\/wp-content\/uploads\/2024\/09\/economat.jpg","keywords":["Comer\u00e7","cooperativa"],"articleSection":["Les Roquetes"],"inLanguage":"ca"},{"@type":"WebPage","@id":"https:\/\/www.noubarris.net\/web40\/leconomat-de-ledifici-cooperatiu-de-cirerers-la-cooperativa-de-consum-conscient\/","url":"https:\/\/www.noubarris.net\/web40\/leconomat-de-ledifici-cooperatiu-de-cirerers-la-cooperativa-de-consum-conscient\/","name":"Video - L'economat de l'edifici cooperatiu de Cirerers, la cooperativa de consum conscient - NouBarris.Net","isPartOf":{"@id":"https:\/\/www.noubarris.net\/web40\/#website"},"primaryImageOfPage":{"@id":"https:\/\/www.noubarris.net\/web40\/leconomat-de-ledifici-cooperatiu-de-cirerers-la-cooperativa-de-consum-conscient\/#primaryimage"},"image":{"@id":"https:\/\/www.noubarris.net\/web40\/leconomat-de-ledifici-cooperatiu-de-cirerers-la-cooperativa-de-consum-conscient\/#primaryimage"},"thumbnailUrl":"https:\/\/www.noubarris.net\/web40\/wp-content\/uploads\/2024\/09\/economat.jpg","datePublished":"2024-10-01T22:00:55+00:00","dateModified":"2024-10-02T04:42:54+00:00","breadcrumb":{"@id":"https:\/\/www.noubarris.net\/web40\/leconomat-de-ledifici-cooperatiu-de-cirerers-la-cooperativa-de-consum-conscient\/#breadcrumb"},"inLanguage":"ca","potentialAction":[{"@type":"ReadAction","target":["https:\/\/www.noubarris.net\/web40\/leconomat-de-ledifici-cooperatiu-de-cirerers-la-cooperativa-de-consum-conscient\/"]}]},{"@type":"ImageObject","inLanguage":"ca","@id":"https:\/\/www.noubarris.net\/web40\/leconomat-de-ledifici-cooperatiu-de-cirerers-la-cooperativa-de-consum-conscient\/#primaryimage","url":"https:\/\/www.noubarris.net\/web40\/wp-content\/uploads\/2024\/09\/economat.jpg","contentUrl":"https:\/\/www.noubarris.net\/web40\/wp-content\/uploads\/2024\/09\/economat.jpg","width":768,"height":432},{"@type":"BreadcrumbList","@id":"https:\/\/www.noubarris.net\/web40\/leconomat-de-ledifici-cooperatiu-de-cirerers-la-cooperativa-de-consum-conscient\/#breadcrumb","itemListElement":[{"@type":"ListItem","position":1,"name":"Inici","item":"https:\/\/www.noubarris.net\/web40\/"},{"@type":"ListItem","position":2,"name":"Video &#8211; L&#8217;economat de l&#8217;edifici cooperatiu de Cirerers, la cooperativa de consum conscient"}]},{"@type":"WebSite","@id":"https:\/\/www.noubarris.net\/web40\/#website","url":"https:\/\/www.noubarris.net\/web40\/","name":"NouBarris.Net","description":"Seguint la vida de Nou Barris des de 1985","publisher":{"@id":"https:\/\/www.noubarris.net\/web40\/#organization"},"potentialAction":[{"@type":"SearchAction","target":{"@type":"EntryPoint","urlTemplate":"https:\/\/www.noubarris.net\/web40\/?s={search_term_string}"},"query-input":{"@type":"PropertyValueSpecification","valueRequired":true,"valueName":"search_term_string"}}],"inLanguage":"ca"},{"@type":"Organization","@id":"https:\/\/www.noubarris.net\/web40\/#organization","name":"NouBarris.Net","url":"https:\/\/www.noubarris.net\/web40\/","logo":{"@type":"ImageObject","inLanguage":"ca","@id":"https:\/\/www.noubarris.net\/web40\/#\/schema\/logo\/image\/","url":"https:\/\/www.noubarris.net\/web40\/wp-content\/uploads\/2024\/11\/cropped-cropped-LOGO_9BTV-2024_Insta-1.jpg","contentUrl":"https:\/\/www.noubarris.net\/web40\/wp-content\/uploads\/2024\/11\/cropped-cropped-LOGO_9BTV-2024_Insta-1.jpg","width":512,"height":512,"caption":"NouBarris.Net"},"image":{"@id":"https:\/\/www.noubarris.net\/web40\/#\/schema\/logo\/image\/"},"sameAs":["https:\/\/www.facebook.com\/NouBarris.net\/?locale=es_ES","https:\/\/x.com\/9BTV"]},{"@type":"Person","@id":"https:\/\/www.noubarris.net\/web40\/#\/schema\/person\/1827f92aaa316c54abbf4dac0de76069","name":"Informatius","image":{"@type":"ImageObject","inLanguage":"ca","@id":"https:\/\/www.noubarris.net\/web40\/#\/schema\/person\/image\/","url":"https:\/\/secure.gravatar.com\/avatar\/87a3b47928835fc72c6ee5b0e1a7263ef0c2d05003a98189bc14926c5f11bcdb?s=96&d=mm&r=g","contentUrl":"https:\/\/secure.gravatar.com\/avatar\/87a3b47928835fc72c6ee5b0e1a7263ef0c2d05003a98189bc14926c5f11bcdb?s=96&d=mm&r=g","caption":"Informatius"},"url":"https:\/\/www.noubarris.net\/web40\/author\/tele\/"}]}},"_links":{"self":[{"href":"https:\/\/www.noubarris.net\/web40\/wp-json\/wp\/v2\/posts\/83283","targetHints":{"allow":["GET"]}}],"collection":[{"href":"https:\/\/www.noubarris.net\/web40\/wp-json\/wp\/v2\/posts"}],"about":[{"href":"https:\/\/www.noubarris.net\/web40\/wp-json\/wp\/v2\/types\/post"}],"author":[{"embeddable":true,"href":"https:\/\/www.noubarris.net\/web40\/wp-json\/wp\/v2\/users\/2"}],"replies":[{"embeddable":true,"href":"https:\/\/www.noubarris.net\/web40\/wp-json\/wp\/v2\/comments?post=83283"}],"version-history":[{"count":5,"href":"https:\/\/www.noubarris.net\/web40\/wp-json\/wp\/v2\/posts\/83283\/revisions"}],"predecessor-version":[{"id":83301,"href":"https:\/\/www.noubarris.net\/web40\/wp-json\/wp\/v2\/posts\/83283\/revisions\/83301"}],"wp:featuredmedia":[{"embeddable":true,"href":"https:\/\/www.noubarris.net\/web40\/wp-json\/wp\/v2\/media\/83284"}],"wp:attachment":[{"href":"https:\/\/www.noubarris.net\/web40\/wp-json\/wp\/v2\/media?parent=83283"}],"wp:term":[{"taxonomy":"category","embeddable":true,"href":"https:\/\/www.noubarris.net\/web40\/wp-json\/wp\/v2\/categories?post=83283"},{"taxonomy":"post_tag","embeddable":true,"href":"https:\/\/www.noubarris.net\/web40\/wp-json\/wp\/v2\/tags?post=83283"}],"curies":[{"name":"wp","href":"https:\/\/api.w.org\/{rel}","templated":true}]}}