{"id":83286,"date":"2024-10-01T00:00:58","date_gmt":"2024-09-30T22:00:58","guid":{"rendered":"https:\/\/www.noubarris.net\/web40\/?p=83286"},"modified":"2024-09-28T20:15:39","modified_gmt":"2024-09-28T18:15:39","slug":"vilapicina-i-la-torre-llobeta-celebra-la-seva-festa-major-del-4-al-13-doctubre","status":"publish","type":"post","link":"https:\/\/www.noubarris.net\/web40\/vilapicina-i-la-torre-llobeta-celebra-la-seva-festa-major-del-4-al-13-doctubre\/","title":{"rendered":"Vilapicina i la Torre Llobeta celebra la seva festa major del 4 al 13 d&#8217;octubre"},"content":{"rendered":"<p><strong>\u00c9s la pen\u00faltima festa del calendari de Nou Barris, abans que arrenqui la de Canyelles<\/strong><\/p>\n<p>Vilapicina i la Torre Llobeta iniciar\u00e0 aquest cap de setmana la seva festa major, amb una arrencada que anir\u00e0 in crescendo fins a la setmana vinent. Podeu consultar <a href=\"media-edg.barcelona.cat\/wp-content\/uploads\/2024\/09\/26113759\/Diptic-Festa-Major-Vilapicina-i-la-Torre-Llobeta-2024.pdf\"><span style=\"font-size: 14pt;\"><strong>tota la programaci\u00f3 en aquest enlla\u00e7<\/strong><\/span><\/a>, per\u00f2 a continuaci\u00f3 us oferim l&#8217;agenda de divendres, dissabte i diumenge vinent.<\/p>\n<ul>\n<li><strong>Divendres 4<\/strong><\/li>\n<\/ul>\n<p>16:45h &#8211; Festa d\u2019inauguraci\u00f3 del pati de l\u2019Escola Timbaler del Bruc. Organitza: Escola i AFA Timbaler del Bruc &#8211; Lloc: Escola Timbaler del Bruc<br \/>\n19:30h &#8211; Missa de Festa Major \u00a0Parr\u00f2quia de Santa Eul\u00e0lia de Vilapicina. Organitza: Comissi\u00f3 de Festes de Torre Llobeta i Vilapicina<br \/>\n20:30h &#8211; Cant Gospel amb el grup Cor de Cors, a la \u00a0Parr\u00f2quia de Santa Eul\u00e0lia de Vilapicina. Organitza: Comissi\u00f3 de Festes de Torre Llobeta i Vilapicina.<\/p>\n<ul>\n<li><strong>Dissabte 5<\/strong><\/li>\n<\/ul>\n<p>9:30h &#8211; 14 Bicicletada Pel Barri. Sortida: Pla\u00e7a Alvaro Cunqueiro. Arribada: Jardins Can Xiringoi<br \/>\nOrganitza: Ampa Escola Cor de Maria Sabastida i Comissi\u00f3 de Festes de Torre Llobeta i Vilapicina<br \/>\nInscripcions Escola i Associaci\u00f3 de Ve\u00efns<br \/>\n10:30h &#8211; Cercavila Inici de Festa Major amb el grup de Tabalers i el Gegant Mart\u00ed de l\u2019escola Arc Iris. Punt de sortida: Pla\u00e7a Torre Llobeta<br \/>\nOrganitza : Comissi\u00f3 de Festes de Torre Llobeta i Vilapicina<br \/>\n10:30h &#8211; MasterClass de Combat i Zumba als Jardins de Can Xiringoi.<\/p>\n<p>12h &#8211; Conta Contes a la Llibreria Font de Mimir<br \/>\n12h &#8211; Concert de la Banda Simf\u00f2nica de Roquetes als\u00a0Jardins de Can Xiringoi<br \/>\n12:30h &#8211; MiniHamburguesada Popular. Inclou entrep\u00e0 hamburguesa, patates fregides i beguda. Lloc: Jardins de Can Xiringoi. Preu: 3 \u20ac &#8211; Servei de Bar de la Festa<br \/>\n19h &#8211; Tarda d\u2019Humor CICLE SOMRIURE L\u2019Onironauta. A partir d\u2019un trosset dels teus somnis,<br \/>\nl\u2019Onironauta improvisar\u00e0 una obra de teatre i obrir\u00e0 les portes d\u2019un univers fant\u00e0stic. T\u2019animes a jugar<br \/>\namb ell? A c\u00e0rrec de Dante Sorrentini. Al Centre C\u00edvic de Torre Llobeta<br \/>\n21h &#8211; Sopar de Germanor. Entrada lliure no cal reserva pr\u00e8via i fins a l\u00edmit d\u2019aforament Servei de Bar de la Festa.\u00a0Lloc: Pla\u00e7a de Torre Llobeta<br \/>\n22h &#8211; Concurs de Playback i Karaoke. Hi haur\u00e0 un sorteig entre tots els participants del concurs de Playback, un lot de Perfumeria Blau\u00a0&#8211; Lloc: Pla\u00e7a Torre Llobeta<\/p>\n<ul>\n<li><strong>Diumenge 6<\/strong><\/li>\n<\/ul>\n<p>12:30h &#8211; Botifarrada Popular. Donatiu: Socis 4\u20ac (amb tiquet), No socis: 5\u20ac. Entra Botifarra i pa, got vi o aigua. Als Jardins de Can Xiringoi. Organitza: Comissi\u00f3 de Festes de Torre Llobeta i Vilapicina<br \/>\nCol\u00b7labora: Mercat de la Merc\u00e8<br \/>\n12:30h &#8211; Ball Country amb el grup Chocolate Cowboys Casino Hospitalet. Lloc: Jardins de Can Xiringoi &#8211; Servei de Bar de la Festa<\/p>\n","protected":false},"excerpt":{"rendered":"<p>\u00c9s la pen\u00faltima festa del calendari de Nou Barris, abans que arrenqui la de Canyelles Vilapicina i la Torre Llobeta<\/p>\n","protected":false},"author":2,"featured_media":83287,"comment_status":"closed","ping_status":"closed","sticky":false,"template":"","format":"standard","meta":{"colormag_page_layout":"default_layout","_monsterinsights_skip_tracking":false,"_monsterinsights_sitenote_active":false,"_monsterinsights_sitenote_note":"","_monsterinsights_sitenote_category":0,"footnotes":""},"categories":[129,142],"tags":[63],"class_list":["post-83286","post","type-post","status-publish","format-standard","has-post-thumbnail","hentry","category-cultura","category-vilapicina-i-la-torre-llobeta","tag-festa-major"],"yoast_head":"<!-- This site is optimized with the Yoast SEO plugin v25.3 - https:\/\/yoast.com\/wordpress\/plugins\/seo\/ -->\n<title>Vilapicina i la Torre Llobeta celebra la seva festa major del 4 al 13 d&#039;octubre - NouBarris.Net<\/title>\n<meta name=\"robots\" content=\"index, follow, max-snippet:-1, max-image-preview:large, max-video-preview:-1\" \/>\n<link rel=\"canonical\" href=\"https:\/\/www.noubarris.net\/web40\/vilapicina-i-la-torre-llobeta-celebra-la-seva-festa-major-del-4-al-13-doctubre\/\" \/>\n<meta property=\"og:locale\" content=\"ca_ES\" \/>\n<meta property=\"og:type\" content=\"article\" \/>\n<meta property=\"og:title\" content=\"Vilapicina i la Torre Llobeta celebra la seva festa major del 4 al 13 d&#039;octubre - NouBarris.Net\" \/>\n<meta property=\"og:description\" content=\"\u00c9s la pen\u00faltima festa del calendari de Nou Barris, abans que arrenqui la de Canyelles Vilapicina i la Torre Llobeta\" \/>\n<meta property=\"og:url\" content=\"https:\/\/www.noubarris.net\/web40\/vilapicina-i-la-torre-llobeta-celebra-la-seva-festa-major-del-4-al-13-doctubre\/\" \/>\n<meta property=\"og:site_name\" content=\"NouBarris.Net\" \/>\n<meta property=\"article:publisher\" content=\"https:\/\/www.facebook.com\/NouBarris.net\/?locale=es_ES\" \/>\n<meta property=\"article:published_time\" content=\"2024-09-30T22:00:58+00:00\" \/>\n<meta property=\"og:image\" content=\"https:\/\/www.noubarris.net\/web40\/wp-content\/uploads\/2024\/09\/fmtllob.jpg\" \/>\n\t<meta property=\"og:image:width\" content=\"768\" \/>\n\t<meta property=\"og:image:height\" content=\"432\" \/>\n\t<meta property=\"og:image:type\" content=\"image\/jpeg\" \/>\n<meta name=\"author\" content=\"Informatius\" \/>\n<meta name=\"twitter:card\" content=\"summary_large_image\" \/>\n<meta name=\"twitter:creator\" content=\"@9BTV\" \/>\n<meta name=\"twitter:site\" content=\"@9BTV\" \/>\n<meta name=\"twitter:label1\" content=\"Escrit per\" \/>\n\t<meta name=\"twitter:data1\" content=\"Informatius\" \/>\n\t<meta name=\"twitter:label2\" content=\"Temps estimat de lectura\" \/>\n\t<meta name=\"twitter:data2\" content=\"3 minuts\" \/>\n<script type=\"application\/ld+json\" class=\"yoast-schema-graph\">{\"@context\":\"https:\/\/schema.org\",\"@graph\":[{\"@type\":\"Article\",\"@id\":\"https:\/\/www.noubarris.net\/web40\/vilapicina-i-la-torre-llobeta-celebra-la-seva-festa-major-del-4-al-13-doctubre\/#article\",\"isPartOf\":{\"@id\":\"https:\/\/www.noubarris.net\/web40\/vilapicina-i-la-torre-llobeta-celebra-la-seva-festa-major-del-4-al-13-doctubre\/\"},\"author\":{\"name\":\"Informatius\",\"@id\":\"https:\/\/www.noubarris.net\/web40\/#\/schema\/person\/1827f92aaa316c54abbf4dac0de76069\"},\"headline\":\"Vilapicina i la Torre Llobeta celebra la seva festa major del 4 al 13 d&#8217;octubre\",\"datePublished\":\"2024-09-30T22:00:58+00:00\",\"mainEntityOfPage\":{\"@id\":\"https:\/\/www.noubarris.net\/web40\/vilapicina-i-la-torre-llobeta-celebra-la-seva-festa-major-del-4-al-13-doctubre\/\"},\"wordCount\":467,\"publisher\":{\"@id\":\"https:\/\/www.noubarris.net\/web40\/#organization\"},\"image\":{\"@id\":\"https:\/\/www.noubarris.net\/web40\/vilapicina-i-la-torre-llobeta-celebra-la-seva-festa-major-del-4-al-13-doctubre\/#primaryimage\"},\"thumbnailUrl\":\"https:\/\/www.noubarris.net\/web40\/wp-content\/uploads\/2024\/09\/fmtllob.jpg\",\"keywords\":[\"Festa Major\"],\"articleSection\":[\"Cultura\",\"Vilapicina i la Torre Llobeta\"],\"inLanguage\":\"ca\"},{\"@type\":\"WebPage\",\"@id\":\"https:\/\/www.noubarris.net\/web40\/vilapicina-i-la-torre-llobeta-celebra-la-seva-festa-major-del-4-al-13-doctubre\/\",\"url\":\"https:\/\/www.noubarris.net\/web40\/vilapicina-i-la-torre-llobeta-celebra-la-seva-festa-major-del-4-al-13-doctubre\/\",\"name\":\"Vilapicina i la Torre Llobeta celebra la seva festa major del 4 al 13 d'octubre - NouBarris.Net\",\"isPartOf\":{\"@id\":\"https:\/\/www.noubarris.net\/web40\/#website\"},\"primaryImageOfPage\":{\"@id\":\"https:\/\/www.noubarris.net\/web40\/vilapicina-i-la-torre-llobeta-celebra-la-seva-festa-major-del-4-al-13-doctubre\/#primaryimage\"},\"image\":{\"@id\":\"https:\/\/www.noubarris.net\/web40\/vilapicina-i-la-torre-llobeta-celebra-la-seva-festa-major-del-4-al-13-doctubre\/#primaryimage\"},\"thumbnailUrl\":\"https:\/\/www.noubarris.net\/web40\/wp-content\/uploads\/2024\/09\/fmtllob.jpg\",\"datePublished\":\"2024-09-30T22:00:58+00:00\",\"breadcrumb\":{\"@id\":\"https:\/\/www.noubarris.net\/web40\/vilapicina-i-la-torre-llobeta-celebra-la-seva-festa-major-del-4-al-13-doctubre\/#breadcrumb\"},\"inLanguage\":\"ca\",\"potentialAction\":[{\"@type\":\"ReadAction\",\"target\":[\"https:\/\/www.noubarris.net\/web40\/vilapicina-i-la-torre-llobeta-celebra-la-seva-festa-major-del-4-al-13-doctubre\/\"]}]},{\"@type\":\"ImageObject\",\"inLanguage\":\"ca\",\"@id\":\"https:\/\/www.noubarris.net\/web40\/vilapicina-i-la-torre-llobeta-celebra-la-seva-festa-major-del-4-al-13-doctubre\/#primaryimage\",\"url\":\"https:\/\/www.noubarris.net\/web40\/wp-content\/uploads\/2024\/09\/fmtllob.jpg\",\"contentUrl\":\"https:\/\/www.noubarris.net\/web40\/wp-content\/uploads\/2024\/09\/fmtllob.jpg\",\"width\":768,\"height\":432},{\"@type\":\"BreadcrumbList\",\"@id\":\"https:\/\/www.noubarris.net\/web40\/vilapicina-i-la-torre-llobeta-celebra-la-seva-festa-major-del-4-al-13-doctubre\/#breadcrumb\",\"itemListElement\":[{\"@type\":\"ListItem\",\"position\":1,\"name\":\"Inici\",\"item\":\"https:\/\/www.noubarris.net\/web40\/\"},{\"@type\":\"ListItem\",\"position\":2,\"name\":\"Vilapicina i la Torre Llobeta celebra la seva festa major del 4 al 13 d&#8217;octubre\"}]},{\"@type\":\"WebSite\",\"@id\":\"https:\/\/www.noubarris.net\/web40\/#website\",\"url\":\"https:\/\/www.noubarris.net\/web40\/\",\"name\":\"NouBarris.Net\",\"description\":\"Seguint la vida de Nou Barris des de 1985\",\"publisher\":{\"@id\":\"https:\/\/www.noubarris.net\/web40\/#organization\"},\"potentialAction\":[{\"@type\":\"SearchAction\",\"target\":{\"@type\":\"EntryPoint\",\"urlTemplate\":\"https:\/\/www.noubarris.net\/web40\/?s={search_term_string}\"},\"query-input\":{\"@type\":\"PropertyValueSpecification\",\"valueRequired\":true,\"valueName\":\"search_term_string\"}}],\"inLanguage\":\"ca\"},{\"@type\":\"Organization\",\"@id\":\"https:\/\/www.noubarris.net\/web40\/#organization\",\"name\":\"NouBarris.Net\",\"url\":\"https:\/\/www.noubarris.net\/web40\/\",\"logo\":{\"@type\":\"ImageObject\",\"inLanguage\":\"ca\",\"@id\":\"https:\/\/www.noubarris.net\/web40\/#\/schema\/logo\/image\/\",\"url\":\"https:\/\/www.noubarris.net\/web40\/wp-content\/uploads\/2024\/11\/cropped-cropped-LOGO_9BTV-2024_Insta-1.jpg\",\"contentUrl\":\"https:\/\/www.noubarris.net\/web40\/wp-content\/uploads\/2024\/11\/cropped-cropped-LOGO_9BTV-2024_Insta-1.jpg\",\"width\":512,\"height\":512,\"caption\":\"NouBarris.Net\"},\"image\":{\"@id\":\"https:\/\/www.noubarris.net\/web40\/#\/schema\/logo\/image\/\"},\"sameAs\":[\"https:\/\/www.facebook.com\/NouBarris.net\/?locale=es_ES\",\"https:\/\/x.com\/9BTV\"]},{\"@type\":\"Person\",\"@id\":\"https:\/\/www.noubarris.net\/web40\/#\/schema\/person\/1827f92aaa316c54abbf4dac0de76069\",\"name\":\"Informatius\",\"image\":{\"@type\":\"ImageObject\",\"inLanguage\":\"ca\",\"@id\":\"https:\/\/www.noubarris.net\/web40\/#\/schema\/person\/image\/\",\"url\":\"https:\/\/secure.gravatar.com\/avatar\/87a3b47928835fc72c6ee5b0e1a7263ef0c2d05003a98189bc14926c5f11bcdb?s=96&d=mm&r=g\",\"contentUrl\":\"https:\/\/secure.gravatar.com\/avatar\/87a3b47928835fc72c6ee5b0e1a7263ef0c2d05003a98189bc14926c5f11bcdb?s=96&d=mm&r=g\",\"caption\":\"Informatius\"},\"url\":\"https:\/\/www.noubarris.net\/web40\/author\/tele\/\"}]}<\/script>\n<!-- \/ Yoast SEO plugin. -->","yoast_head_json":{"title":"Vilapicina i la Torre Llobeta celebra la seva festa major del 4 al 13 d'octubre - NouBarris.Net","robots":{"index":"index","follow":"follow","max-snippet":"max-snippet:-1","max-image-preview":"max-image-preview:large","max-video-preview":"max-video-preview:-1"},"canonical":"https:\/\/www.noubarris.net\/web40\/vilapicina-i-la-torre-llobeta-celebra-la-seva-festa-major-del-4-al-13-doctubre\/","og_locale":"ca_ES","og_type":"article","og_title":"Vilapicina i la Torre Llobeta celebra la seva festa major del 4 al 13 d'octubre - NouBarris.Net","og_description":"\u00c9s la pen\u00faltima festa del calendari de Nou Barris, abans que arrenqui la de Canyelles Vilapicina i la Torre Llobeta","og_url":"https:\/\/www.noubarris.net\/web40\/vilapicina-i-la-torre-llobeta-celebra-la-seva-festa-major-del-4-al-13-doctubre\/","og_site_name":"NouBarris.Net","article_publisher":"https:\/\/www.facebook.com\/NouBarris.net\/?locale=es_ES","article_published_time":"2024-09-30T22:00:58+00:00","og_image":[{"width":768,"height":432,"url":"https:\/\/www.noubarris.net\/web40\/wp-content\/uploads\/2024\/09\/fmtllob.jpg","type":"image\/jpeg"}],"author":"Informatius","twitter_card":"summary_large_image","twitter_creator":"@9BTV","twitter_site":"@9BTV","twitter_misc":{"Escrit per":"Informatius","Temps estimat de lectura":"3 minuts"},"schema":{"@context":"https:\/\/schema.org","@graph":[{"@type":"Article","@id":"https:\/\/www.noubarris.net\/web40\/vilapicina-i-la-torre-llobeta-celebra-la-seva-festa-major-del-4-al-13-doctubre\/#article","isPartOf":{"@id":"https:\/\/www.noubarris.net\/web40\/vilapicina-i-la-torre-llobeta-celebra-la-seva-festa-major-del-4-al-13-doctubre\/"},"author":{"name":"Informatius","@id":"https:\/\/www.noubarris.net\/web40\/#\/schema\/person\/1827f92aaa316c54abbf4dac0de76069"},"headline":"Vilapicina i la Torre Llobeta celebra la seva festa major del 4 al 13 d&#8217;octubre","datePublished":"2024-09-30T22:00:58+00:00","mainEntityOfPage":{"@id":"https:\/\/www.noubarris.net\/web40\/vilapicina-i-la-torre-llobeta-celebra-la-seva-festa-major-del-4-al-13-doctubre\/"},"wordCount":467,"publisher":{"@id":"https:\/\/www.noubarris.net\/web40\/#organization"},"image":{"@id":"https:\/\/www.noubarris.net\/web40\/vilapicina-i-la-torre-llobeta-celebra-la-seva-festa-major-del-4-al-13-doctubre\/#primaryimage"},"thumbnailUrl":"https:\/\/www.noubarris.net\/web40\/wp-content\/uploads\/2024\/09\/fmtllob.jpg","keywords":["Festa Major"],"articleSection":["Cultura","Vilapicina i la Torre Llobeta"],"inLanguage":"ca"},{"@type":"WebPage","@id":"https:\/\/www.noubarris.net\/web40\/vilapicina-i-la-torre-llobeta-celebra-la-seva-festa-major-del-4-al-13-doctubre\/","url":"https:\/\/www.noubarris.net\/web40\/vilapicina-i-la-torre-llobeta-celebra-la-seva-festa-major-del-4-al-13-doctubre\/","name":"Vilapicina i la Torre Llobeta celebra la seva festa major del 4 al 13 d'octubre - NouBarris.Net","isPartOf":{"@id":"https:\/\/www.noubarris.net\/web40\/#website"},"primaryImageOfPage":{"@id":"https:\/\/www.noubarris.net\/web40\/vilapicina-i-la-torre-llobeta-celebra-la-seva-festa-major-del-4-al-13-doctubre\/#primaryimage"},"image":{"@id":"https:\/\/www.noubarris.net\/web40\/vilapicina-i-la-torre-llobeta-celebra-la-seva-festa-major-del-4-al-13-doctubre\/#primaryimage"},"thumbnailUrl":"https:\/\/www.noubarris.net\/web40\/wp-content\/uploads\/2024\/09\/fmtllob.jpg","datePublished":"2024-09-30T22:00:58+00:00","breadcrumb":{"@id":"https:\/\/www.noubarris.net\/web40\/vilapicina-i-la-torre-llobeta-celebra-la-seva-festa-major-del-4-al-13-doctubre\/#breadcrumb"},"inLanguage":"ca","potentialAction":[{"@type":"ReadAction","target":["https:\/\/www.noubarris.net\/web40\/vilapicina-i-la-torre-llobeta-celebra-la-seva-festa-major-del-4-al-13-doctubre\/"]}]},{"@type":"ImageObject","inLanguage":"ca","@id":"https:\/\/www.noubarris.net\/web40\/vilapicina-i-la-torre-llobeta-celebra-la-seva-festa-major-del-4-al-13-doctubre\/#primaryimage","url":"https:\/\/www.noubarris.net\/web40\/wp-content\/uploads\/2024\/09\/fmtllob.jpg","contentUrl":"https:\/\/www.noubarris.net\/web40\/wp-content\/uploads\/2024\/09\/fmtllob.jpg","width":768,"height":432},{"@type":"BreadcrumbList","@id":"https:\/\/www.noubarris.net\/web40\/vilapicina-i-la-torre-llobeta-celebra-la-seva-festa-major-del-4-al-13-doctubre\/#breadcrumb","itemListElement":[{"@type":"ListItem","position":1,"name":"Inici","item":"https:\/\/www.noubarris.net\/web40\/"},{"@type":"ListItem","position":2,"name":"Vilapicina i la Torre Llobeta celebra la seva festa major del 4 al 13 d&#8217;octubre"}]},{"@type":"WebSite","@id":"https:\/\/www.noubarris.net\/web40\/#website","url":"https:\/\/www.noubarris.net\/web40\/","name":"NouBarris.Net","description":"Seguint la vida de Nou Barris des de 1985","publisher":{"@id":"https:\/\/www.noubarris.net\/web40\/#organization"},"potentialAction":[{"@type":"SearchAction","target":{"@type":"EntryPoint","urlTemplate":"https:\/\/www.noubarris.net\/web40\/?s={search_term_string}"},"query-input":{"@type":"PropertyValueSpecification","valueRequired":true,"valueName":"search_term_string"}}],"inLanguage":"ca"},{"@type":"Organization","@id":"https:\/\/www.noubarris.net\/web40\/#organization","name":"NouBarris.Net","url":"https:\/\/www.noubarris.net\/web40\/","logo":{"@type":"ImageObject","inLanguage":"ca","@id":"https:\/\/www.noubarris.net\/web40\/#\/schema\/logo\/image\/","url":"https:\/\/www.noubarris.net\/web40\/wp-content\/uploads\/2024\/11\/cropped-cropped-LOGO_9BTV-2024_Insta-1.jpg","contentUrl":"https:\/\/www.noubarris.net\/web40\/wp-content\/uploads\/2024\/11\/cropped-cropped-LOGO_9BTV-2024_Insta-1.jpg","width":512,"height":512,"caption":"NouBarris.Net"},"image":{"@id":"https:\/\/www.noubarris.net\/web40\/#\/schema\/logo\/image\/"},"sameAs":["https:\/\/www.facebook.com\/NouBarris.net\/?locale=es_ES","https:\/\/x.com\/9BTV"]},{"@type":"Person","@id":"https:\/\/www.noubarris.net\/web40\/#\/schema\/person\/1827f92aaa316c54abbf4dac0de76069","name":"Informatius","image":{"@type":"ImageObject","inLanguage":"ca","@id":"https:\/\/www.noubarris.net\/web40\/#\/schema\/person\/image\/","url":"https:\/\/secure.gravatar.com\/avatar\/87a3b47928835fc72c6ee5b0e1a7263ef0c2d05003a98189bc14926c5f11bcdb?s=96&d=mm&r=g","contentUrl":"https:\/\/secure.gravatar.com\/avatar\/87a3b47928835fc72c6ee5b0e1a7263ef0c2d05003a98189bc14926c5f11bcdb?s=96&d=mm&r=g","caption":"Informatius"},"url":"https:\/\/www.noubarris.net\/web40\/author\/tele\/"}]}},"_links":{"self":[{"href":"https:\/\/www.noubarris.net\/web40\/wp-json\/wp\/v2\/posts\/83286","targetHints":{"allow":["GET"]}}],"collection":[{"href":"https:\/\/www.noubarris.net\/web40\/wp-json\/wp\/v2\/posts"}],"about":[{"href":"https:\/\/www.noubarris.net\/web40\/wp-json\/wp\/v2\/types\/post"}],"author":[{"embeddable":true,"href":"https:\/\/www.noubarris.net\/web40\/wp-json\/wp\/v2\/users\/2"}],"replies":[{"embeddable":true,"href":"https:\/\/www.noubarris.net\/web40\/wp-json\/wp\/v2\/comments?post=83286"}],"version-history":[{"count":1,"href":"https:\/\/www.noubarris.net\/web40\/wp-json\/wp\/v2\/posts\/83286\/revisions"}],"predecessor-version":[{"id":83288,"href":"https:\/\/www.noubarris.net\/web40\/wp-json\/wp\/v2\/posts\/83286\/revisions\/83288"}],"wp:featuredmedia":[{"embeddable":true,"href":"https:\/\/www.noubarris.net\/web40\/wp-json\/wp\/v2\/media\/83287"}],"wp:attachment":[{"href":"https:\/\/www.noubarris.net\/web40\/wp-json\/wp\/v2\/media?parent=83286"}],"wp:term":[{"taxonomy":"category","embeddable":true,"href":"https:\/\/www.noubarris.net\/web40\/wp-json\/wp\/v2\/categories?post=83286"},{"taxonomy":"post_tag","embeddable":true,"href":"https:\/\/www.noubarris.net\/web40\/wp-json\/wp\/v2\/tags?post=83286"}],"curies":[{"name":"wp","href":"https:\/\/api.w.org\/{rel}","templated":true}]}}