{"id":83327,"date":"2024-10-14T00:00:54","date_gmt":"2024-10-13T22:00:54","guid":{"rendered":"http:\/\/www.noubarris.net\/web40\/?p=83327"},"modified":"2024-10-11T18:55:36","modified_gmt":"2024-10-11T16:55:36","slug":"nou-barris-enceta-la-seva-festa-dels-40","status":"publish","type":"post","link":"https:\/\/www.noubarris.net\/web40\/nou-barris-enceta-la-seva-festa-dels-40\/","title":{"rendered":"Nou Barris enceta la seva &#8220;festa dels 40&#8221;"},"content":{"rendered":"<p><strong>L&#8217;Ajuntament ha organitzat tot d&#8217;activitats des del 14 al 27 d&#8217;octubre per commemorar la creaci\u00f3 del districte<\/strong><\/p>\n<p><span class=\"x_gmail-TextRun x_gmail-SCXW122718489 x_gmail-BCX8\" lang=\"CA-ES\"><span class=\"x_gmail-NormalTextRun x_gmail-SCXW122718489 x_gmail-BCX8\">El 18 de gener de 1984\u00a0<\/span><span class=\"x_gmail-NormalTextRun x_gmail-SCXW122718489 x_gmail-BCX8\">l\u2019Ajuntament de Barcelona va adoptar la divisi\u00f3 actual de la ciutat en deu districtes. El nostre, de nova creaci\u00f3 i l\u2019\u00fanic que no sorgia de cap poble anterior annexionat a la ciutat ni de cap nucli hist\u00f2ri<\/span><span class=\"x_gmail-NormalTextRun x_gmail-SCXW122718489 x_gmail-BCX8\">c original de la ciutat. Sin\u00f3 que <a href=\"https:\/\/www.noubarris.net\/web40\/?p=82261\"><strong>la creaci\u00f3 de Nou Barris<\/strong> <\/a>\u2013conegut en un primer moment com a Ciutat Nord- es va fer essencialment com una escissi\u00f3 de part del que\u00a0<\/span><span class=\"x_gmail-NormalTextRun x_gmail-SCXW122718489 x_gmail-BCX8\">havia estat el poble de Sant Andreu del Palomar.\u00a0<\/span><\/span><span class=\"x_gmail-EOP x_gmail-SCXW122718489 x_gmail-BCX8\">\u00a0<\/span><\/p>\n<p>Molt han canviat els barris i moltes lluites s&#8217;han viscut. Ara \u00e9s el moment de mirar enrere per valorar tot el cam\u00ed, i per aix\u00f2 <a href=\"https:\/\/media-edg.barcelona.cat\/wp-content\/uploads\/2024\/10\/02125558\/Programa-40-anys-Nou-Barris.pdf\"><strong>Districte de Nou Barris ha preparat una agenda d&#8217;actes<\/strong><\/a> que us resumim a continuaci\u00f3:<\/p>\n<ul>\n<li>Presentaci\u00f3 de l\u2019exposici\u00f3 \u201c40 anys del Districte de Nou Barris\u201d<br \/>\nDilluns 14 d\u2019octubre, a les 19 h, al pati de la Seu del Districte de Nou Barris. Es podr\u00e0 veure fins al 27 d&#8217;octubre. Horari de visites: de 9 a 18 h<\/li>\n<li>Presentaci\u00f3 del Mapa d\u2019Art i Patrimoni a Nou Barris<br \/>\nDivendres 18 d\u2019octubre, a les 18 h, a la Sala de Plens del Districte de Nou Barris<\/li>\n<li>Inauguraci\u00f3 dels jardins de Trinidad Gallego<br \/>\nDissabte 19 d\u2019octubre, a les 18 h. Carrer de Pintor Alsamora, 9<\/li>\n<li>Xerrada \u201c40 anys del Districte de Nou Barris\u201d<br \/>\nDimecres 23 d\u2019octubre, a les 18.30 h, a la Sala de Plens del Districte de Nou Barris. A c\u00e0rrec de l\u2019Arxiu Hist\u00f2ric de Roquetes-Nou Barris<\/li>\n<li>Taula Rodona \u201cNou Barris, 40 anys fent Districte\u201d. Divendres 25 d\u2019octubre, a les 18 h, a la Sala de Plens del Districte de Nou Barris<\/li>\n<\/ul>\n<p>El Districte de Nou Barris ha creat una <a href=\"https:\/\/ajuntament.barcelona.cat\/noubarris\/ca\/coneixeu-el-districte\/la-historia\/nou-barris-40-anys-fent-districte-1984-2024\">p\u00e0gina web espec\u00edfica<\/a> commemorativa que recull l\u2019evoluci\u00f3 del districte durant tot aquest temps, i tamb\u00e9 com era abans Nou Barris.<\/p>\n","protected":false},"excerpt":{"rendered":"<p>L&#8217;Ajuntament ha organitzat tot d&#8217;activitats des del 14 al 27 d&#8217;octubre per commemorar la creaci\u00f3 del districte El 18 de<\/p>\n","protected":false},"author":2,"featured_media":83328,"comment_status":"closed","ping_status":"closed","sticky":false,"template":"","format":"standard","meta":{"colormag_page_layout":"default_layout","_monsterinsights_skip_tracking":false,"_monsterinsights_sitenote_active":false,"_monsterinsights_sitenote_note":"","_monsterinsights_sitenote_category":0,"footnotes":""},"categories":[129,1],"tags":[],"class_list":["post-83327","post","type-post","status-publish","format-standard","has-post-thumbnail","hentry","category-cultura","category-nou-barris"],"yoast_head":"<!-- This site is optimized with the Yoast SEO plugin v25.3 - https:\/\/yoast.com\/wordpress\/plugins\/seo\/ -->\n<title>Nou Barris enceta la seva &quot;festa dels 40&quot; - NouBarris.Net<\/title>\n<meta name=\"robots\" content=\"index, follow, max-snippet:-1, max-image-preview:large, max-video-preview:-1\" \/>\n<link rel=\"canonical\" href=\"https:\/\/www.noubarris.net\/web40\/nou-barris-enceta-la-seva-festa-dels-40\/\" \/>\n<meta property=\"og:locale\" content=\"ca_ES\" \/>\n<meta property=\"og:type\" content=\"article\" \/>\n<meta property=\"og:title\" content=\"Nou Barris enceta la seva &quot;festa dels 40&quot; - NouBarris.Net\" \/>\n<meta property=\"og:description\" content=\"L&#8217;Ajuntament ha organitzat tot d&#8217;activitats des del 14 al 27 d&#8217;octubre per commemorar la creaci\u00f3 del districte El 18 de\" \/>\n<meta property=\"og:url\" content=\"https:\/\/www.noubarris.net\/web40\/nou-barris-enceta-la-seva-festa-dels-40\/\" \/>\n<meta property=\"og:site_name\" content=\"NouBarris.Net\" \/>\n<meta property=\"article:publisher\" content=\"https:\/\/www.facebook.com\/NouBarris.net\/?locale=es_ES\" \/>\n<meta property=\"article:published_time\" content=\"2024-10-13T22:00:54+00:00\" \/>\n<meta property=\"og:image\" content=\"https:\/\/www.noubarris.net\/web40\/wp-content\/uploads\/2024\/10\/141024.jpg\" \/>\n\t<meta property=\"og:image:width\" content=\"768\" \/>\n\t<meta property=\"og:image:height\" content=\"432\" \/>\n\t<meta property=\"og:image:type\" content=\"image\/jpeg\" \/>\n<meta name=\"author\" content=\"Informatius\" \/>\n<meta name=\"twitter:card\" content=\"summary_large_image\" \/>\n<meta name=\"twitter:creator\" content=\"@9BTV\" \/>\n<meta name=\"twitter:site\" content=\"@9BTV\" \/>\n<meta name=\"twitter:label1\" content=\"Escrit per\" \/>\n\t<meta name=\"twitter:data1\" content=\"Informatius\" \/>\n\t<meta name=\"twitter:label2\" content=\"Temps estimat de lectura\" \/>\n\t<meta name=\"twitter:data2\" content=\"2 minuts\" \/>\n<script type=\"application\/ld+json\" class=\"yoast-schema-graph\">{\"@context\":\"https:\/\/schema.org\",\"@graph\":[{\"@type\":\"Article\",\"@id\":\"https:\/\/www.noubarris.net\/web40\/nou-barris-enceta-la-seva-festa-dels-40\/#article\",\"isPartOf\":{\"@id\":\"https:\/\/www.noubarris.net\/web40\/nou-barris-enceta-la-seva-festa-dels-40\/\"},\"author\":{\"name\":\"Informatius\",\"@id\":\"https:\/\/www.noubarris.net\/web40\/#\/schema\/person\/1827f92aaa316c54abbf4dac0de76069\"},\"headline\":\"Nou Barris enceta la seva &#8220;festa dels 40&#8221;\",\"datePublished\":\"2024-10-13T22:00:54+00:00\",\"mainEntityOfPage\":{\"@id\":\"https:\/\/www.noubarris.net\/web40\/nou-barris-enceta-la-seva-festa-dels-40\/\"},\"wordCount\":320,\"publisher\":{\"@id\":\"https:\/\/www.noubarris.net\/web40\/#organization\"},\"image\":{\"@id\":\"https:\/\/www.noubarris.net\/web40\/nou-barris-enceta-la-seva-festa-dels-40\/#primaryimage\"},\"thumbnailUrl\":\"https:\/\/www.noubarris.net\/web40\/wp-content\/uploads\/2024\/10\/141024.jpg\",\"articleSection\":[\"Cultura\",\"Nou Barris\"],\"inLanguage\":\"ca\"},{\"@type\":\"WebPage\",\"@id\":\"https:\/\/www.noubarris.net\/web40\/nou-barris-enceta-la-seva-festa-dels-40\/\",\"url\":\"https:\/\/www.noubarris.net\/web40\/nou-barris-enceta-la-seva-festa-dels-40\/\",\"name\":\"Nou Barris enceta la seva \\\"festa dels 40\\\" - NouBarris.Net\",\"isPartOf\":{\"@id\":\"https:\/\/www.noubarris.net\/web40\/#website\"},\"primaryImageOfPage\":{\"@id\":\"https:\/\/www.noubarris.net\/web40\/nou-barris-enceta-la-seva-festa-dels-40\/#primaryimage\"},\"image\":{\"@id\":\"https:\/\/www.noubarris.net\/web40\/nou-barris-enceta-la-seva-festa-dels-40\/#primaryimage\"},\"thumbnailUrl\":\"https:\/\/www.noubarris.net\/web40\/wp-content\/uploads\/2024\/10\/141024.jpg\",\"datePublished\":\"2024-10-13T22:00:54+00:00\",\"breadcrumb\":{\"@id\":\"https:\/\/www.noubarris.net\/web40\/nou-barris-enceta-la-seva-festa-dels-40\/#breadcrumb\"},\"inLanguage\":\"ca\",\"potentialAction\":[{\"@type\":\"ReadAction\",\"target\":[\"https:\/\/www.noubarris.net\/web40\/nou-barris-enceta-la-seva-festa-dels-40\/\"]}]},{\"@type\":\"ImageObject\",\"inLanguage\":\"ca\",\"@id\":\"https:\/\/www.noubarris.net\/web40\/nou-barris-enceta-la-seva-festa-dels-40\/#primaryimage\",\"url\":\"https:\/\/www.noubarris.net\/web40\/wp-content\/uploads\/2024\/10\/141024.jpg\",\"contentUrl\":\"https:\/\/www.noubarris.net\/web40\/wp-content\/uploads\/2024\/10\/141024.jpg\",\"width\":768,\"height\":432},{\"@type\":\"BreadcrumbList\",\"@id\":\"https:\/\/www.noubarris.net\/web40\/nou-barris-enceta-la-seva-festa-dels-40\/#breadcrumb\",\"itemListElement\":[{\"@type\":\"ListItem\",\"position\":1,\"name\":\"Inici\",\"item\":\"https:\/\/www.noubarris.net\/web40\/\"},{\"@type\":\"ListItem\",\"position\":2,\"name\":\"Nou Barris enceta la seva &#8220;festa dels 40&#8221;\"}]},{\"@type\":\"WebSite\",\"@id\":\"https:\/\/www.noubarris.net\/web40\/#website\",\"url\":\"https:\/\/www.noubarris.net\/web40\/\",\"name\":\"NouBarris.Net\",\"description\":\"Seguint la vida de Nou Barris des de 1985\",\"publisher\":{\"@id\":\"https:\/\/www.noubarris.net\/web40\/#organization\"},\"potentialAction\":[{\"@type\":\"SearchAction\",\"target\":{\"@type\":\"EntryPoint\",\"urlTemplate\":\"https:\/\/www.noubarris.net\/web40\/?s={search_term_string}\"},\"query-input\":{\"@type\":\"PropertyValueSpecification\",\"valueRequired\":true,\"valueName\":\"search_term_string\"}}],\"inLanguage\":\"ca\"},{\"@type\":\"Organization\",\"@id\":\"https:\/\/www.noubarris.net\/web40\/#organization\",\"name\":\"NouBarris.Net\",\"url\":\"https:\/\/www.noubarris.net\/web40\/\",\"logo\":{\"@type\":\"ImageObject\",\"inLanguage\":\"ca\",\"@id\":\"https:\/\/www.noubarris.net\/web40\/#\/schema\/logo\/image\/\",\"url\":\"https:\/\/www.noubarris.net\/web40\/wp-content\/uploads\/2024\/11\/cropped-cropped-LOGO_9BTV-2024_Insta-1.jpg\",\"contentUrl\":\"https:\/\/www.noubarris.net\/web40\/wp-content\/uploads\/2024\/11\/cropped-cropped-LOGO_9BTV-2024_Insta-1.jpg\",\"width\":512,\"height\":512,\"caption\":\"NouBarris.Net\"},\"image\":{\"@id\":\"https:\/\/www.noubarris.net\/web40\/#\/schema\/logo\/image\/\"},\"sameAs\":[\"https:\/\/www.facebook.com\/NouBarris.net\/?locale=es_ES\",\"https:\/\/x.com\/9BTV\"]},{\"@type\":\"Person\",\"@id\":\"https:\/\/www.noubarris.net\/web40\/#\/schema\/person\/1827f92aaa316c54abbf4dac0de76069\",\"name\":\"Informatius\",\"image\":{\"@type\":\"ImageObject\",\"inLanguage\":\"ca\",\"@id\":\"https:\/\/www.noubarris.net\/web40\/#\/schema\/person\/image\/\",\"url\":\"https:\/\/secure.gravatar.com\/avatar\/87a3b47928835fc72c6ee5b0e1a7263ef0c2d05003a98189bc14926c5f11bcdb?s=96&d=mm&r=g\",\"contentUrl\":\"https:\/\/secure.gravatar.com\/avatar\/87a3b47928835fc72c6ee5b0e1a7263ef0c2d05003a98189bc14926c5f11bcdb?s=96&d=mm&r=g\",\"caption\":\"Informatius\"},\"url\":\"https:\/\/www.noubarris.net\/web40\/author\/tele\/\"}]}<\/script>\n<!-- \/ Yoast SEO plugin. -->","yoast_head_json":{"title":"Nou Barris enceta la seva \"festa dels 40\" - NouBarris.Net","robots":{"index":"index","follow":"follow","max-snippet":"max-snippet:-1","max-image-preview":"max-image-preview:large","max-video-preview":"max-video-preview:-1"},"canonical":"https:\/\/www.noubarris.net\/web40\/nou-barris-enceta-la-seva-festa-dels-40\/","og_locale":"ca_ES","og_type":"article","og_title":"Nou Barris enceta la seva \"festa dels 40\" - NouBarris.Net","og_description":"L&#8217;Ajuntament ha organitzat tot d&#8217;activitats des del 14 al 27 d&#8217;octubre per commemorar la creaci\u00f3 del districte El 18 de","og_url":"https:\/\/www.noubarris.net\/web40\/nou-barris-enceta-la-seva-festa-dels-40\/","og_site_name":"NouBarris.Net","article_publisher":"https:\/\/www.facebook.com\/NouBarris.net\/?locale=es_ES","article_published_time":"2024-10-13T22:00:54+00:00","og_image":[{"width":768,"height":432,"url":"https:\/\/www.noubarris.net\/web40\/wp-content\/uploads\/2024\/10\/141024.jpg","type":"image\/jpeg"}],"author":"Informatius","twitter_card":"summary_large_image","twitter_creator":"@9BTV","twitter_site":"@9BTV","twitter_misc":{"Escrit per":"Informatius","Temps estimat de lectura":"2 minuts"},"schema":{"@context":"https:\/\/schema.org","@graph":[{"@type":"Article","@id":"https:\/\/www.noubarris.net\/web40\/nou-barris-enceta-la-seva-festa-dels-40\/#article","isPartOf":{"@id":"https:\/\/www.noubarris.net\/web40\/nou-barris-enceta-la-seva-festa-dels-40\/"},"author":{"name":"Informatius","@id":"https:\/\/www.noubarris.net\/web40\/#\/schema\/person\/1827f92aaa316c54abbf4dac0de76069"},"headline":"Nou Barris enceta la seva &#8220;festa dels 40&#8221;","datePublished":"2024-10-13T22:00:54+00:00","mainEntityOfPage":{"@id":"https:\/\/www.noubarris.net\/web40\/nou-barris-enceta-la-seva-festa-dels-40\/"},"wordCount":320,"publisher":{"@id":"https:\/\/www.noubarris.net\/web40\/#organization"},"image":{"@id":"https:\/\/www.noubarris.net\/web40\/nou-barris-enceta-la-seva-festa-dels-40\/#primaryimage"},"thumbnailUrl":"https:\/\/www.noubarris.net\/web40\/wp-content\/uploads\/2024\/10\/141024.jpg","articleSection":["Cultura","Nou Barris"],"inLanguage":"ca"},{"@type":"WebPage","@id":"https:\/\/www.noubarris.net\/web40\/nou-barris-enceta-la-seva-festa-dels-40\/","url":"https:\/\/www.noubarris.net\/web40\/nou-barris-enceta-la-seva-festa-dels-40\/","name":"Nou Barris enceta la seva \"festa dels 40\" - NouBarris.Net","isPartOf":{"@id":"https:\/\/www.noubarris.net\/web40\/#website"},"primaryImageOfPage":{"@id":"https:\/\/www.noubarris.net\/web40\/nou-barris-enceta-la-seva-festa-dels-40\/#primaryimage"},"image":{"@id":"https:\/\/www.noubarris.net\/web40\/nou-barris-enceta-la-seva-festa-dels-40\/#primaryimage"},"thumbnailUrl":"https:\/\/www.noubarris.net\/web40\/wp-content\/uploads\/2024\/10\/141024.jpg","datePublished":"2024-10-13T22:00:54+00:00","breadcrumb":{"@id":"https:\/\/www.noubarris.net\/web40\/nou-barris-enceta-la-seva-festa-dels-40\/#breadcrumb"},"inLanguage":"ca","potentialAction":[{"@type":"ReadAction","target":["https:\/\/www.noubarris.net\/web40\/nou-barris-enceta-la-seva-festa-dels-40\/"]}]},{"@type":"ImageObject","inLanguage":"ca","@id":"https:\/\/www.noubarris.net\/web40\/nou-barris-enceta-la-seva-festa-dels-40\/#primaryimage","url":"https:\/\/www.noubarris.net\/web40\/wp-content\/uploads\/2024\/10\/141024.jpg","contentUrl":"https:\/\/www.noubarris.net\/web40\/wp-content\/uploads\/2024\/10\/141024.jpg","width":768,"height":432},{"@type":"BreadcrumbList","@id":"https:\/\/www.noubarris.net\/web40\/nou-barris-enceta-la-seva-festa-dels-40\/#breadcrumb","itemListElement":[{"@type":"ListItem","position":1,"name":"Inici","item":"https:\/\/www.noubarris.net\/web40\/"},{"@type":"ListItem","position":2,"name":"Nou Barris enceta la seva &#8220;festa dels 40&#8221;"}]},{"@type":"WebSite","@id":"https:\/\/www.noubarris.net\/web40\/#website","url":"https:\/\/www.noubarris.net\/web40\/","name":"NouBarris.Net","description":"Seguint la vida de Nou Barris des de 1985","publisher":{"@id":"https:\/\/www.noubarris.net\/web40\/#organization"},"potentialAction":[{"@type":"SearchAction","target":{"@type":"EntryPoint","urlTemplate":"https:\/\/www.noubarris.net\/web40\/?s={search_term_string}"},"query-input":{"@type":"PropertyValueSpecification","valueRequired":true,"valueName":"search_term_string"}}],"inLanguage":"ca"},{"@type":"Organization","@id":"https:\/\/www.noubarris.net\/web40\/#organization","name":"NouBarris.Net","url":"https:\/\/www.noubarris.net\/web40\/","logo":{"@type":"ImageObject","inLanguage":"ca","@id":"https:\/\/www.noubarris.net\/web40\/#\/schema\/logo\/image\/","url":"https:\/\/www.noubarris.net\/web40\/wp-content\/uploads\/2024\/11\/cropped-cropped-LOGO_9BTV-2024_Insta-1.jpg","contentUrl":"https:\/\/www.noubarris.net\/web40\/wp-content\/uploads\/2024\/11\/cropped-cropped-LOGO_9BTV-2024_Insta-1.jpg","width":512,"height":512,"caption":"NouBarris.Net"},"image":{"@id":"https:\/\/www.noubarris.net\/web40\/#\/schema\/logo\/image\/"},"sameAs":["https:\/\/www.facebook.com\/NouBarris.net\/?locale=es_ES","https:\/\/x.com\/9BTV"]},{"@type":"Person","@id":"https:\/\/www.noubarris.net\/web40\/#\/schema\/person\/1827f92aaa316c54abbf4dac0de76069","name":"Informatius","image":{"@type":"ImageObject","inLanguage":"ca","@id":"https:\/\/www.noubarris.net\/web40\/#\/schema\/person\/image\/","url":"https:\/\/secure.gravatar.com\/avatar\/87a3b47928835fc72c6ee5b0e1a7263ef0c2d05003a98189bc14926c5f11bcdb?s=96&d=mm&r=g","contentUrl":"https:\/\/secure.gravatar.com\/avatar\/87a3b47928835fc72c6ee5b0e1a7263ef0c2d05003a98189bc14926c5f11bcdb?s=96&d=mm&r=g","caption":"Informatius"},"url":"https:\/\/www.noubarris.net\/web40\/author\/tele\/"}]}},"_links":{"self":[{"href":"https:\/\/www.noubarris.net\/web40\/wp-json\/wp\/v2\/posts\/83327","targetHints":{"allow":["GET"]}}],"collection":[{"href":"https:\/\/www.noubarris.net\/web40\/wp-json\/wp\/v2\/posts"}],"about":[{"href":"https:\/\/www.noubarris.net\/web40\/wp-json\/wp\/v2\/types\/post"}],"author":[{"embeddable":true,"href":"https:\/\/www.noubarris.net\/web40\/wp-json\/wp\/v2\/users\/2"}],"replies":[{"embeddable":true,"href":"https:\/\/www.noubarris.net\/web40\/wp-json\/wp\/v2\/comments?post=83327"}],"version-history":[{"count":1,"href":"https:\/\/www.noubarris.net\/web40\/wp-json\/wp\/v2\/posts\/83327\/revisions"}],"predecessor-version":[{"id":83329,"href":"https:\/\/www.noubarris.net\/web40\/wp-json\/wp\/v2\/posts\/83327\/revisions\/83329"}],"wp:featuredmedia":[{"embeddable":true,"href":"https:\/\/www.noubarris.net\/web40\/wp-json\/wp\/v2\/media\/83328"}],"wp:attachment":[{"href":"https:\/\/www.noubarris.net\/web40\/wp-json\/wp\/v2\/media?parent=83327"}],"wp:term":[{"taxonomy":"category","embeddable":true,"href":"https:\/\/www.noubarris.net\/web40\/wp-json\/wp\/v2\/categories?post=83327"},{"taxonomy":"post_tag","embeddable":true,"href":"https:\/\/www.noubarris.net\/web40\/wp-json\/wp\/v2\/tags?post=83327"}],"curies":[{"name":"wp","href":"https:\/\/api.w.org\/{rel}","templated":true}]}}