{"id":83417,"date":"2024-11-07T00:00:31","date_gmt":"2024-11-06T22:00:31","guid":{"rendered":"https:\/\/www.noubarris.net\/web40\/?p=83417"},"modified":"2024-11-04T14:38:54","modified_gmt":"2024-11-04T12:38:54","slug":"tanca-dos-dies-per-treballs-de-manteniment-el-caminet-del-rec-comtal","status":"publish","type":"post","link":"https:\/\/www.noubarris.net\/web40\/tanca-dos-dies-per-treballs-de-manteniment-el-caminet-del-rec-comtal\/","title":{"rendered":"Tanca dos dies per treballs de manteniment el caminet del Rec Comtal"},"content":{"rendered":"<p><strong>Durant dijous\u00a0 7 i divendres 8 de novembre es faran tasques de neteja de llots i desbrossament a la s\u00e9quia<\/strong><\/p>\n<p>Els ve\u00efns i ve\u00efnes de Vallbona hauran de fer volta aquest dijous i divendres per anar al barri de Can Sant Joan, a Montcada i Reixac, i a l&#8217;inrev\u00e8s. Aquests dos dies l&#8217;Ajuntament de Barcelona tanca el caminet que uneix les dues ciutats en paral\u00b7lel al cabal del Rec Comtal, unint la pla\u00e7a del Primer de maig amb el carrer de Reixag\u00f3 de Montcada i Reixac.<\/p>\n<p>Aquest tancament respon als treballs de manteniment que s\u2019han de dur a terme en aquest tram del rec, i que consisteixen en el desbrossament de la zona d\u2019estacionament de llots a l\u2019espai proper a l\u2019aparcament del passeig de la Pineda i en l\u2019extracci\u00f3 de fangs i vegetaci\u00f3 del rec i el trasllat a la zona d\u2019estacionament.<\/p>\n<p>Com a alternativa hi ha l&#8217;alternativa del nou parc que es va obrir fa uns anys al final del carrer d&#8217;Orist\u00e0, i que resegueix en paral\u00b7lel per\u00f2 m\u00e9s amunt, el Rec Comtal i que acaba de connectar amb el carrer del Bosc, el passatge de Reixag\u00f3 i el carrer de Reixag\u00f3.<\/p>\n","protected":false},"excerpt":{"rendered":"<p>Durant dijous\u00a0 7 i divendres 8 de novembre es faran tasques de neteja de llots i desbrossament a la s\u00e9quia<\/p>\n","protected":false},"author":2,"featured_media":83418,"comment_status":"closed","ping_status":"closed","sticky":false,"template":"","format":"standard","meta":{"colormag_page_layout":"default_layout","_monsterinsights_skip_tracking":false,"_monsterinsights_sitenote_active":false,"_monsterinsights_sitenote_note":"","_monsterinsights_sitenote_category":0,"footnotes":""},"categories":[302,140],"tags":[],"class_list":["post-83417","post","type-post","status-publish","format-standard","has-post-thumbnail","hentry","category-urbanisme","category-vallbona"],"yoast_head":"<!-- This site is optimized with the Yoast SEO plugin v25.3 - https:\/\/yoast.com\/wordpress\/plugins\/seo\/ -->\n<title>Tanca dos dies per treballs de manteniment el caminet del Rec Comtal - NouBarris.Net<\/title>\n<meta name=\"robots\" content=\"index, follow, max-snippet:-1, max-image-preview:large, max-video-preview:-1\" \/>\n<link rel=\"canonical\" href=\"https:\/\/www.noubarris.net\/web40\/tanca-dos-dies-per-treballs-de-manteniment-el-caminet-del-rec-comtal\/\" \/>\n<meta property=\"og:locale\" content=\"ca_ES\" \/>\n<meta property=\"og:type\" content=\"article\" \/>\n<meta property=\"og:title\" content=\"Tanca dos dies per treballs de manteniment el caminet del Rec Comtal - NouBarris.Net\" \/>\n<meta property=\"og:description\" content=\"Durant dijous\u00a0 7 i divendres 8 de novembre es faran tasques de neteja de llots i desbrossament a la s\u00e9quia\" \/>\n<meta property=\"og:url\" content=\"https:\/\/www.noubarris.net\/web40\/tanca-dos-dies-per-treballs-de-manteniment-el-caminet-del-rec-comtal\/\" \/>\n<meta property=\"og:site_name\" content=\"NouBarris.Net\" \/>\n<meta property=\"article:publisher\" content=\"https:\/\/www.facebook.com\/NouBarris.net\/?locale=es_ES\" \/>\n<meta property=\"article:published_time\" content=\"2024-11-06T22:00:31+00:00\" \/>\n<meta property=\"og:image\" content=\"https:\/\/www.noubarris.net\/web40\/wp-content\/uploads\/2024\/11\/071124.jpg\" \/>\n\t<meta property=\"og:image:width\" content=\"768\" \/>\n\t<meta property=\"og:image:height\" content=\"432\" \/>\n\t<meta property=\"og:image:type\" content=\"image\/jpeg\" \/>\n<meta name=\"author\" content=\"Informatius\" \/>\n<meta name=\"twitter:card\" content=\"summary_large_image\" \/>\n<meta name=\"twitter:creator\" content=\"@9BTV\" \/>\n<meta name=\"twitter:site\" content=\"@9BTV\" \/>\n<meta name=\"twitter:label1\" content=\"Escrit per\" \/>\n\t<meta name=\"twitter:data1\" content=\"Informatius\" \/>\n\t<meta name=\"twitter:label2\" content=\"Temps estimat de lectura\" \/>\n\t<meta name=\"twitter:data2\" content=\"2 minuts\" \/>\n<script type=\"application\/ld+json\" class=\"yoast-schema-graph\">{\"@context\":\"https:\/\/schema.org\",\"@graph\":[{\"@type\":\"Article\",\"@id\":\"https:\/\/www.noubarris.net\/web40\/tanca-dos-dies-per-treballs-de-manteniment-el-caminet-del-rec-comtal\/#article\",\"isPartOf\":{\"@id\":\"https:\/\/www.noubarris.net\/web40\/tanca-dos-dies-per-treballs-de-manteniment-el-caminet-del-rec-comtal\/\"},\"author\":{\"name\":\"Informatius\",\"@id\":\"https:\/\/www.noubarris.net\/web40\/#\/schema\/person\/1827f92aaa316c54abbf4dac0de76069\"},\"headline\":\"Tanca dos dies per treballs de manteniment el caminet del Rec Comtal\",\"datePublished\":\"2024-11-06T22:00:31+00:00\",\"mainEntityOfPage\":{\"@id\":\"https:\/\/www.noubarris.net\/web40\/tanca-dos-dies-per-treballs-de-manteniment-el-caminet-del-rec-comtal\/\"},\"wordCount\":221,\"publisher\":{\"@id\":\"https:\/\/www.noubarris.net\/web40\/#organization\"},\"image\":{\"@id\":\"https:\/\/www.noubarris.net\/web40\/tanca-dos-dies-per-treballs-de-manteniment-el-caminet-del-rec-comtal\/#primaryimage\"},\"thumbnailUrl\":\"https:\/\/www.noubarris.net\/web40\/wp-content\/uploads\/2024\/11\/071124.jpg\",\"articleSection\":[\"Urbanisme\",\"Vallbona\"],\"inLanguage\":\"ca\"},{\"@type\":\"WebPage\",\"@id\":\"https:\/\/www.noubarris.net\/web40\/tanca-dos-dies-per-treballs-de-manteniment-el-caminet-del-rec-comtal\/\",\"url\":\"https:\/\/www.noubarris.net\/web40\/tanca-dos-dies-per-treballs-de-manteniment-el-caminet-del-rec-comtal\/\",\"name\":\"Tanca dos dies per treballs de manteniment el caminet del Rec Comtal - NouBarris.Net\",\"isPartOf\":{\"@id\":\"https:\/\/www.noubarris.net\/web40\/#website\"},\"primaryImageOfPage\":{\"@id\":\"https:\/\/www.noubarris.net\/web40\/tanca-dos-dies-per-treballs-de-manteniment-el-caminet-del-rec-comtal\/#primaryimage\"},\"image\":{\"@id\":\"https:\/\/www.noubarris.net\/web40\/tanca-dos-dies-per-treballs-de-manteniment-el-caminet-del-rec-comtal\/#primaryimage\"},\"thumbnailUrl\":\"https:\/\/www.noubarris.net\/web40\/wp-content\/uploads\/2024\/11\/071124.jpg\",\"datePublished\":\"2024-11-06T22:00:31+00:00\",\"breadcrumb\":{\"@id\":\"https:\/\/www.noubarris.net\/web40\/tanca-dos-dies-per-treballs-de-manteniment-el-caminet-del-rec-comtal\/#breadcrumb\"},\"inLanguage\":\"ca\",\"potentialAction\":[{\"@type\":\"ReadAction\",\"target\":[\"https:\/\/www.noubarris.net\/web40\/tanca-dos-dies-per-treballs-de-manteniment-el-caminet-del-rec-comtal\/\"]}]},{\"@type\":\"ImageObject\",\"inLanguage\":\"ca\",\"@id\":\"https:\/\/www.noubarris.net\/web40\/tanca-dos-dies-per-treballs-de-manteniment-el-caminet-del-rec-comtal\/#primaryimage\",\"url\":\"https:\/\/www.noubarris.net\/web40\/wp-content\/uploads\/2024\/11\/071124.jpg\",\"contentUrl\":\"https:\/\/www.noubarris.net\/web40\/wp-content\/uploads\/2024\/11\/071124.jpg\",\"width\":768,\"height\":432},{\"@type\":\"BreadcrumbList\",\"@id\":\"https:\/\/www.noubarris.net\/web40\/tanca-dos-dies-per-treballs-de-manteniment-el-caminet-del-rec-comtal\/#breadcrumb\",\"itemListElement\":[{\"@type\":\"ListItem\",\"position\":1,\"name\":\"Inici\",\"item\":\"https:\/\/www.noubarris.net\/web40\/\"},{\"@type\":\"ListItem\",\"position\":2,\"name\":\"Tanca dos dies per treballs de manteniment el caminet del Rec Comtal\"}]},{\"@type\":\"WebSite\",\"@id\":\"https:\/\/www.noubarris.net\/web40\/#website\",\"url\":\"https:\/\/www.noubarris.net\/web40\/\",\"name\":\"NouBarris.Net\",\"description\":\"Seguint la vida de Nou Barris des de 1985\",\"publisher\":{\"@id\":\"https:\/\/www.noubarris.net\/web40\/#organization\"},\"potentialAction\":[{\"@type\":\"SearchAction\",\"target\":{\"@type\":\"EntryPoint\",\"urlTemplate\":\"https:\/\/www.noubarris.net\/web40\/?s={search_term_string}\"},\"query-input\":{\"@type\":\"PropertyValueSpecification\",\"valueRequired\":true,\"valueName\":\"search_term_string\"}}],\"inLanguage\":\"ca\"},{\"@type\":\"Organization\",\"@id\":\"https:\/\/www.noubarris.net\/web40\/#organization\",\"name\":\"NouBarris.Net\",\"url\":\"https:\/\/www.noubarris.net\/web40\/\",\"logo\":{\"@type\":\"ImageObject\",\"inLanguage\":\"ca\",\"@id\":\"https:\/\/www.noubarris.net\/web40\/#\/schema\/logo\/image\/\",\"url\":\"https:\/\/www.noubarris.net\/web40\/wp-content\/uploads\/2024\/11\/cropped-cropped-LOGO_9BTV-2024_Insta-1.jpg\",\"contentUrl\":\"https:\/\/www.noubarris.net\/web40\/wp-content\/uploads\/2024\/11\/cropped-cropped-LOGO_9BTV-2024_Insta-1.jpg\",\"width\":512,\"height\":512,\"caption\":\"NouBarris.Net\"},\"image\":{\"@id\":\"https:\/\/www.noubarris.net\/web40\/#\/schema\/logo\/image\/\"},\"sameAs\":[\"https:\/\/www.facebook.com\/NouBarris.net\/?locale=es_ES\",\"https:\/\/x.com\/9BTV\"]},{\"@type\":\"Person\",\"@id\":\"https:\/\/www.noubarris.net\/web40\/#\/schema\/person\/1827f92aaa316c54abbf4dac0de76069\",\"name\":\"Informatius\",\"image\":{\"@type\":\"ImageObject\",\"inLanguage\":\"ca\",\"@id\":\"https:\/\/www.noubarris.net\/web40\/#\/schema\/person\/image\/\",\"url\":\"https:\/\/secure.gravatar.com\/avatar\/87a3b47928835fc72c6ee5b0e1a7263ef0c2d05003a98189bc14926c5f11bcdb?s=96&d=mm&r=g\",\"contentUrl\":\"https:\/\/secure.gravatar.com\/avatar\/87a3b47928835fc72c6ee5b0e1a7263ef0c2d05003a98189bc14926c5f11bcdb?s=96&d=mm&r=g\",\"caption\":\"Informatius\"},\"url\":\"https:\/\/www.noubarris.net\/web40\/author\/tele\/\"}]}<\/script>\n<!-- \/ Yoast SEO plugin. -->","yoast_head_json":{"title":"Tanca dos dies per treballs de manteniment el caminet del Rec Comtal - NouBarris.Net","robots":{"index":"index","follow":"follow","max-snippet":"max-snippet:-1","max-image-preview":"max-image-preview:large","max-video-preview":"max-video-preview:-1"},"canonical":"https:\/\/www.noubarris.net\/web40\/tanca-dos-dies-per-treballs-de-manteniment-el-caminet-del-rec-comtal\/","og_locale":"ca_ES","og_type":"article","og_title":"Tanca dos dies per treballs de manteniment el caminet del Rec Comtal - NouBarris.Net","og_description":"Durant dijous\u00a0 7 i divendres 8 de novembre es faran tasques de neteja de llots i desbrossament a la s\u00e9quia","og_url":"https:\/\/www.noubarris.net\/web40\/tanca-dos-dies-per-treballs-de-manteniment-el-caminet-del-rec-comtal\/","og_site_name":"NouBarris.Net","article_publisher":"https:\/\/www.facebook.com\/NouBarris.net\/?locale=es_ES","article_published_time":"2024-11-06T22:00:31+00:00","og_image":[{"width":768,"height":432,"url":"https:\/\/www.noubarris.net\/web40\/wp-content\/uploads\/2024\/11\/071124.jpg","type":"image\/jpeg"}],"author":"Informatius","twitter_card":"summary_large_image","twitter_creator":"@9BTV","twitter_site":"@9BTV","twitter_misc":{"Escrit per":"Informatius","Temps estimat de lectura":"2 minuts"},"schema":{"@context":"https:\/\/schema.org","@graph":[{"@type":"Article","@id":"https:\/\/www.noubarris.net\/web40\/tanca-dos-dies-per-treballs-de-manteniment-el-caminet-del-rec-comtal\/#article","isPartOf":{"@id":"https:\/\/www.noubarris.net\/web40\/tanca-dos-dies-per-treballs-de-manteniment-el-caminet-del-rec-comtal\/"},"author":{"name":"Informatius","@id":"https:\/\/www.noubarris.net\/web40\/#\/schema\/person\/1827f92aaa316c54abbf4dac0de76069"},"headline":"Tanca dos dies per treballs de manteniment el caminet del Rec Comtal","datePublished":"2024-11-06T22:00:31+00:00","mainEntityOfPage":{"@id":"https:\/\/www.noubarris.net\/web40\/tanca-dos-dies-per-treballs-de-manteniment-el-caminet-del-rec-comtal\/"},"wordCount":221,"publisher":{"@id":"https:\/\/www.noubarris.net\/web40\/#organization"},"image":{"@id":"https:\/\/www.noubarris.net\/web40\/tanca-dos-dies-per-treballs-de-manteniment-el-caminet-del-rec-comtal\/#primaryimage"},"thumbnailUrl":"https:\/\/www.noubarris.net\/web40\/wp-content\/uploads\/2024\/11\/071124.jpg","articleSection":["Urbanisme","Vallbona"],"inLanguage":"ca"},{"@type":"WebPage","@id":"https:\/\/www.noubarris.net\/web40\/tanca-dos-dies-per-treballs-de-manteniment-el-caminet-del-rec-comtal\/","url":"https:\/\/www.noubarris.net\/web40\/tanca-dos-dies-per-treballs-de-manteniment-el-caminet-del-rec-comtal\/","name":"Tanca dos dies per treballs de manteniment el caminet del Rec Comtal - NouBarris.Net","isPartOf":{"@id":"https:\/\/www.noubarris.net\/web40\/#website"},"primaryImageOfPage":{"@id":"https:\/\/www.noubarris.net\/web40\/tanca-dos-dies-per-treballs-de-manteniment-el-caminet-del-rec-comtal\/#primaryimage"},"image":{"@id":"https:\/\/www.noubarris.net\/web40\/tanca-dos-dies-per-treballs-de-manteniment-el-caminet-del-rec-comtal\/#primaryimage"},"thumbnailUrl":"https:\/\/www.noubarris.net\/web40\/wp-content\/uploads\/2024\/11\/071124.jpg","datePublished":"2024-11-06T22:00:31+00:00","breadcrumb":{"@id":"https:\/\/www.noubarris.net\/web40\/tanca-dos-dies-per-treballs-de-manteniment-el-caminet-del-rec-comtal\/#breadcrumb"},"inLanguage":"ca","potentialAction":[{"@type":"ReadAction","target":["https:\/\/www.noubarris.net\/web40\/tanca-dos-dies-per-treballs-de-manteniment-el-caminet-del-rec-comtal\/"]}]},{"@type":"ImageObject","inLanguage":"ca","@id":"https:\/\/www.noubarris.net\/web40\/tanca-dos-dies-per-treballs-de-manteniment-el-caminet-del-rec-comtal\/#primaryimage","url":"https:\/\/www.noubarris.net\/web40\/wp-content\/uploads\/2024\/11\/071124.jpg","contentUrl":"https:\/\/www.noubarris.net\/web40\/wp-content\/uploads\/2024\/11\/071124.jpg","width":768,"height":432},{"@type":"BreadcrumbList","@id":"https:\/\/www.noubarris.net\/web40\/tanca-dos-dies-per-treballs-de-manteniment-el-caminet-del-rec-comtal\/#breadcrumb","itemListElement":[{"@type":"ListItem","position":1,"name":"Inici","item":"https:\/\/www.noubarris.net\/web40\/"},{"@type":"ListItem","position":2,"name":"Tanca dos dies per treballs de manteniment el caminet del Rec Comtal"}]},{"@type":"WebSite","@id":"https:\/\/www.noubarris.net\/web40\/#website","url":"https:\/\/www.noubarris.net\/web40\/","name":"NouBarris.Net","description":"Seguint la vida de Nou Barris des de 1985","publisher":{"@id":"https:\/\/www.noubarris.net\/web40\/#organization"},"potentialAction":[{"@type":"SearchAction","target":{"@type":"EntryPoint","urlTemplate":"https:\/\/www.noubarris.net\/web40\/?s={search_term_string}"},"query-input":{"@type":"PropertyValueSpecification","valueRequired":true,"valueName":"search_term_string"}}],"inLanguage":"ca"},{"@type":"Organization","@id":"https:\/\/www.noubarris.net\/web40\/#organization","name":"NouBarris.Net","url":"https:\/\/www.noubarris.net\/web40\/","logo":{"@type":"ImageObject","inLanguage":"ca","@id":"https:\/\/www.noubarris.net\/web40\/#\/schema\/logo\/image\/","url":"https:\/\/www.noubarris.net\/web40\/wp-content\/uploads\/2024\/11\/cropped-cropped-LOGO_9BTV-2024_Insta-1.jpg","contentUrl":"https:\/\/www.noubarris.net\/web40\/wp-content\/uploads\/2024\/11\/cropped-cropped-LOGO_9BTV-2024_Insta-1.jpg","width":512,"height":512,"caption":"NouBarris.Net"},"image":{"@id":"https:\/\/www.noubarris.net\/web40\/#\/schema\/logo\/image\/"},"sameAs":["https:\/\/www.facebook.com\/NouBarris.net\/?locale=es_ES","https:\/\/x.com\/9BTV"]},{"@type":"Person","@id":"https:\/\/www.noubarris.net\/web40\/#\/schema\/person\/1827f92aaa316c54abbf4dac0de76069","name":"Informatius","image":{"@type":"ImageObject","inLanguage":"ca","@id":"https:\/\/www.noubarris.net\/web40\/#\/schema\/person\/image\/","url":"https:\/\/secure.gravatar.com\/avatar\/87a3b47928835fc72c6ee5b0e1a7263ef0c2d05003a98189bc14926c5f11bcdb?s=96&d=mm&r=g","contentUrl":"https:\/\/secure.gravatar.com\/avatar\/87a3b47928835fc72c6ee5b0e1a7263ef0c2d05003a98189bc14926c5f11bcdb?s=96&d=mm&r=g","caption":"Informatius"},"url":"https:\/\/www.noubarris.net\/web40\/author\/tele\/"}]}},"_links":{"self":[{"href":"https:\/\/www.noubarris.net\/web40\/wp-json\/wp\/v2\/posts\/83417","targetHints":{"allow":["GET"]}}],"collection":[{"href":"https:\/\/www.noubarris.net\/web40\/wp-json\/wp\/v2\/posts"}],"about":[{"href":"https:\/\/www.noubarris.net\/web40\/wp-json\/wp\/v2\/types\/post"}],"author":[{"embeddable":true,"href":"https:\/\/www.noubarris.net\/web40\/wp-json\/wp\/v2\/users\/2"}],"replies":[{"embeddable":true,"href":"https:\/\/www.noubarris.net\/web40\/wp-json\/wp\/v2\/comments?post=83417"}],"version-history":[{"count":1,"href":"https:\/\/www.noubarris.net\/web40\/wp-json\/wp\/v2\/posts\/83417\/revisions"}],"predecessor-version":[{"id":83419,"href":"https:\/\/www.noubarris.net\/web40\/wp-json\/wp\/v2\/posts\/83417\/revisions\/83419"}],"wp:featuredmedia":[{"embeddable":true,"href":"https:\/\/www.noubarris.net\/web40\/wp-json\/wp\/v2\/media\/83418"}],"wp:attachment":[{"href":"https:\/\/www.noubarris.net\/web40\/wp-json\/wp\/v2\/media?parent=83417"}],"wp:term":[{"taxonomy":"category","embeddable":true,"href":"https:\/\/www.noubarris.net\/web40\/wp-json\/wp\/v2\/categories?post=83417"},{"taxonomy":"post_tag","embeddable":true,"href":"https:\/\/www.noubarris.net\/web40\/wp-json\/wp\/v2\/tags?post=83417"}],"curies":[{"name":"wp","href":"https:\/\/api.w.org\/{rel}","templated":true}]}}