{"id":83456,"date":"2024-11-20T00:00:48","date_gmt":"2024-11-19T22:00:48","guid":{"rendered":"http:\/\/www.noubarris.net\/web40\/?p=83456"},"modified":"2024-11-18T20:05:55","modified_gmt":"2024-11-18T18:05:55","slug":"arrenca-la-construccio-dun-mirador-i-zona-destada-a-torre-baro","status":"publish","type":"post","link":"https:\/\/www.noubarris.net\/web40\/arrenca-la-construccio-dun-mirador-i-zona-destada-a-torre-baro\/","title":{"rendered":"Arrenca la construcci\u00f3 d&#8217;un mirador i zona d&#8217;estada a Torre Bar\u00f3"},"content":{"rendered":"<p><strong>Les obres serviran tamb\u00e9 per millorar la mobilitat a l\u2019\u00e0mbit situat entre els carrers de Sant Feliu de Codines i dels Prats de Rei<\/strong><\/p>\n<p>L&#8217;Ajuntament ha anunciat l&#8217;inici aquesta setmana de les obres que han de remodelar un terreny forestal situat entre els carrers de Sant Feliu de Codines, a l\u2019al\u00e7ada del n\u00famero 108, i dels Prats de Rei, al barri de Torre Bar\u00f3. Aquest terreny abasta 2.010 m\u00b2 de superf\u00edcie i la intenci\u00f3 \u00e9s, per un costat,\u00a0 millorar la seguretat dels vianants i tamb\u00e9 generar espais d\u2019estada. En concret s&#8217;hi crear\u00e0 un mirador on s&#8217;hi preveu plantar nou arbrat i espais verds, i instal\u00b7lar mobiliari urb\u00e0 i enllumenat p\u00fablic. Al carrer dels Prats de Rei s\u2019implantar\u00e0 una plataforma \u00fanica. I la part del terreny restant s\u2019adequar\u00e0 com a zona d\u2019aparcament.<\/p>\n<p>L\u2019obra t\u00e9 un cost de 713.854 euros i est\u00e0 finan\u00e7ada pel Pla de Barris de la Zona Nord. El calendari previst calcula que el projecte estigui enllestit l\u2019abril de 2025.<\/p>\n","protected":false},"excerpt":{"rendered":"<p>Les obres serviran tamb\u00e9 per millorar la mobilitat a l\u2019\u00e0mbit situat entre els carrers de Sant Feliu de Codines i<\/p>\n","protected":false},"author":2,"featured_media":83457,"comment_status":"closed","ping_status":"closed","sticky":false,"template":"","format":"standard","meta":{"colormag_page_layout":"default_layout","_monsterinsights_skip_tracking":false,"_monsterinsights_sitenote_active":false,"_monsterinsights_sitenote_note":"","_monsterinsights_sitenote_category":0,"footnotes":""},"categories":[137,302],"tags":[],"class_list":["post-83456","post","type-post","status-publish","format-standard","has-post-thumbnail","hentry","category-torre-baro","category-urbanisme"],"yoast_head":"<!-- This site is optimized with the Yoast SEO plugin v25.3 - https:\/\/yoast.com\/wordpress\/plugins\/seo\/ -->\n<title>Arrenca la construcci\u00f3 d&#039;un mirador i zona d&#039;estada a Torre Bar\u00f3 - NouBarris.Net<\/title>\n<meta name=\"robots\" content=\"index, follow, max-snippet:-1, max-image-preview:large, max-video-preview:-1\" \/>\n<link rel=\"canonical\" href=\"https:\/\/www.noubarris.net\/web40\/arrenca-la-construccio-dun-mirador-i-zona-destada-a-torre-baro\/\" \/>\n<meta property=\"og:locale\" content=\"ca_ES\" \/>\n<meta property=\"og:type\" content=\"article\" \/>\n<meta property=\"og:title\" content=\"Arrenca la construcci\u00f3 d&#039;un mirador i zona d&#039;estada a Torre Bar\u00f3 - NouBarris.Net\" \/>\n<meta property=\"og:description\" content=\"Les obres serviran tamb\u00e9 per millorar la mobilitat a l\u2019\u00e0mbit situat entre els carrers de Sant Feliu de Codines i\" \/>\n<meta property=\"og:url\" content=\"https:\/\/www.noubarris.net\/web40\/arrenca-la-construccio-dun-mirador-i-zona-destada-a-torre-baro\/\" \/>\n<meta property=\"og:site_name\" content=\"NouBarris.Net\" \/>\n<meta property=\"article:publisher\" content=\"https:\/\/www.facebook.com\/NouBarris.net\/?locale=es_ES\" \/>\n<meta property=\"article:published_time\" content=\"2024-11-19T22:00:48+00:00\" \/>\n<meta property=\"og:image\" content=\"https:\/\/www.noubarris.net\/web40\/wp-content\/uploads\/2024\/11\/201124.jpg\" \/>\n\t<meta property=\"og:image:width\" content=\"768\" \/>\n\t<meta property=\"og:image:height\" content=\"432\" \/>\n\t<meta property=\"og:image:type\" content=\"image\/jpeg\" \/>\n<meta name=\"author\" content=\"Informatius\" \/>\n<meta name=\"twitter:card\" content=\"summary_large_image\" \/>\n<meta name=\"twitter:creator\" content=\"@9BTV\" \/>\n<meta name=\"twitter:site\" content=\"@9BTV\" \/>\n<meta name=\"twitter:label1\" content=\"Escrit per\" \/>\n\t<meta name=\"twitter:data1\" content=\"Informatius\" \/>\n\t<meta name=\"twitter:label2\" content=\"Temps estimat de lectura\" \/>\n\t<meta name=\"twitter:data2\" content=\"2 minuts\" \/>\n<script type=\"application\/ld+json\" class=\"yoast-schema-graph\">{\"@context\":\"https:\/\/schema.org\",\"@graph\":[{\"@type\":\"Article\",\"@id\":\"https:\/\/www.noubarris.net\/web40\/arrenca-la-construccio-dun-mirador-i-zona-destada-a-torre-baro\/#article\",\"isPartOf\":{\"@id\":\"https:\/\/www.noubarris.net\/web40\/arrenca-la-construccio-dun-mirador-i-zona-destada-a-torre-baro\/\"},\"author\":{\"name\":\"Informatius\",\"@id\":\"https:\/\/www.noubarris.net\/web40\/#\/schema\/person\/1827f92aaa316c54abbf4dac0de76069\"},\"headline\":\"Arrenca la construcci\u00f3 d&#8217;un mirador i zona d&#8217;estada a Torre Bar\u00f3\",\"datePublished\":\"2024-11-19T22:00:48+00:00\",\"mainEntityOfPage\":{\"@id\":\"https:\/\/www.noubarris.net\/web40\/arrenca-la-construccio-dun-mirador-i-zona-destada-a-torre-baro\/\"},\"wordCount\":188,\"publisher\":{\"@id\":\"https:\/\/www.noubarris.net\/web40\/#organization\"},\"image\":{\"@id\":\"https:\/\/www.noubarris.net\/web40\/arrenca-la-construccio-dun-mirador-i-zona-destada-a-torre-baro\/#primaryimage\"},\"thumbnailUrl\":\"https:\/\/www.noubarris.net\/web40\/wp-content\/uploads\/2024\/11\/201124.jpg\",\"articleSection\":[\"Torre Bar\u00f3\",\"Urbanisme\"],\"inLanguage\":\"ca\"},{\"@type\":\"WebPage\",\"@id\":\"https:\/\/www.noubarris.net\/web40\/arrenca-la-construccio-dun-mirador-i-zona-destada-a-torre-baro\/\",\"url\":\"https:\/\/www.noubarris.net\/web40\/arrenca-la-construccio-dun-mirador-i-zona-destada-a-torre-baro\/\",\"name\":\"Arrenca la construcci\u00f3 d'un mirador i zona d'estada a Torre Bar\u00f3 - NouBarris.Net\",\"isPartOf\":{\"@id\":\"https:\/\/www.noubarris.net\/web40\/#website\"},\"primaryImageOfPage\":{\"@id\":\"https:\/\/www.noubarris.net\/web40\/arrenca-la-construccio-dun-mirador-i-zona-destada-a-torre-baro\/#primaryimage\"},\"image\":{\"@id\":\"https:\/\/www.noubarris.net\/web40\/arrenca-la-construccio-dun-mirador-i-zona-destada-a-torre-baro\/#primaryimage\"},\"thumbnailUrl\":\"https:\/\/www.noubarris.net\/web40\/wp-content\/uploads\/2024\/11\/201124.jpg\",\"datePublished\":\"2024-11-19T22:00:48+00:00\",\"breadcrumb\":{\"@id\":\"https:\/\/www.noubarris.net\/web40\/arrenca-la-construccio-dun-mirador-i-zona-destada-a-torre-baro\/#breadcrumb\"},\"inLanguage\":\"ca\",\"potentialAction\":[{\"@type\":\"ReadAction\",\"target\":[\"https:\/\/www.noubarris.net\/web40\/arrenca-la-construccio-dun-mirador-i-zona-destada-a-torre-baro\/\"]}]},{\"@type\":\"ImageObject\",\"inLanguage\":\"ca\",\"@id\":\"https:\/\/www.noubarris.net\/web40\/arrenca-la-construccio-dun-mirador-i-zona-destada-a-torre-baro\/#primaryimage\",\"url\":\"https:\/\/www.noubarris.net\/web40\/wp-content\/uploads\/2024\/11\/201124.jpg\",\"contentUrl\":\"https:\/\/www.noubarris.net\/web40\/wp-content\/uploads\/2024\/11\/201124.jpg\",\"width\":768,\"height\":432},{\"@type\":\"BreadcrumbList\",\"@id\":\"https:\/\/www.noubarris.net\/web40\/arrenca-la-construccio-dun-mirador-i-zona-destada-a-torre-baro\/#breadcrumb\",\"itemListElement\":[{\"@type\":\"ListItem\",\"position\":1,\"name\":\"Inici\",\"item\":\"https:\/\/www.noubarris.net\/web40\/\"},{\"@type\":\"ListItem\",\"position\":2,\"name\":\"Arrenca la construcci\u00f3 d&#8217;un mirador i zona d&#8217;estada a Torre Bar\u00f3\"}]},{\"@type\":\"WebSite\",\"@id\":\"https:\/\/www.noubarris.net\/web40\/#website\",\"url\":\"https:\/\/www.noubarris.net\/web40\/\",\"name\":\"NouBarris.Net\",\"description\":\"Seguint la vida de Nou Barris des de 1985\",\"publisher\":{\"@id\":\"https:\/\/www.noubarris.net\/web40\/#organization\"},\"potentialAction\":[{\"@type\":\"SearchAction\",\"target\":{\"@type\":\"EntryPoint\",\"urlTemplate\":\"https:\/\/www.noubarris.net\/web40\/?s={search_term_string}\"},\"query-input\":{\"@type\":\"PropertyValueSpecification\",\"valueRequired\":true,\"valueName\":\"search_term_string\"}}],\"inLanguage\":\"ca\"},{\"@type\":\"Organization\",\"@id\":\"https:\/\/www.noubarris.net\/web40\/#organization\",\"name\":\"NouBarris.Net\",\"url\":\"https:\/\/www.noubarris.net\/web40\/\",\"logo\":{\"@type\":\"ImageObject\",\"inLanguage\":\"ca\",\"@id\":\"https:\/\/www.noubarris.net\/web40\/#\/schema\/logo\/image\/\",\"url\":\"https:\/\/www.noubarris.net\/web40\/wp-content\/uploads\/2024\/11\/cropped-cropped-LOGO_9BTV-2024_Insta-1.jpg\",\"contentUrl\":\"https:\/\/www.noubarris.net\/web40\/wp-content\/uploads\/2024\/11\/cropped-cropped-LOGO_9BTV-2024_Insta-1.jpg\",\"width\":512,\"height\":512,\"caption\":\"NouBarris.Net\"},\"image\":{\"@id\":\"https:\/\/www.noubarris.net\/web40\/#\/schema\/logo\/image\/\"},\"sameAs\":[\"https:\/\/www.facebook.com\/NouBarris.net\/?locale=es_ES\",\"https:\/\/x.com\/9BTV\"]},{\"@type\":\"Person\",\"@id\":\"https:\/\/www.noubarris.net\/web40\/#\/schema\/person\/1827f92aaa316c54abbf4dac0de76069\",\"name\":\"Informatius\",\"image\":{\"@type\":\"ImageObject\",\"inLanguage\":\"ca\",\"@id\":\"https:\/\/www.noubarris.net\/web40\/#\/schema\/person\/image\/\",\"url\":\"https:\/\/secure.gravatar.com\/avatar\/87a3b47928835fc72c6ee5b0e1a7263ef0c2d05003a98189bc14926c5f11bcdb?s=96&d=mm&r=g\",\"contentUrl\":\"https:\/\/secure.gravatar.com\/avatar\/87a3b47928835fc72c6ee5b0e1a7263ef0c2d05003a98189bc14926c5f11bcdb?s=96&d=mm&r=g\",\"caption\":\"Informatius\"},\"url\":\"https:\/\/www.noubarris.net\/web40\/author\/tele\/\"}]}<\/script>\n<!-- \/ Yoast SEO plugin. -->","yoast_head_json":{"title":"Arrenca la construcci\u00f3 d'un mirador i zona d'estada a Torre Bar\u00f3 - NouBarris.Net","robots":{"index":"index","follow":"follow","max-snippet":"max-snippet:-1","max-image-preview":"max-image-preview:large","max-video-preview":"max-video-preview:-1"},"canonical":"https:\/\/www.noubarris.net\/web40\/arrenca-la-construccio-dun-mirador-i-zona-destada-a-torre-baro\/","og_locale":"ca_ES","og_type":"article","og_title":"Arrenca la construcci\u00f3 d'un mirador i zona d'estada a Torre Bar\u00f3 - NouBarris.Net","og_description":"Les obres serviran tamb\u00e9 per millorar la mobilitat a l\u2019\u00e0mbit situat entre els carrers de Sant Feliu de Codines i","og_url":"https:\/\/www.noubarris.net\/web40\/arrenca-la-construccio-dun-mirador-i-zona-destada-a-torre-baro\/","og_site_name":"NouBarris.Net","article_publisher":"https:\/\/www.facebook.com\/NouBarris.net\/?locale=es_ES","article_published_time":"2024-11-19T22:00:48+00:00","og_image":[{"width":768,"height":432,"url":"https:\/\/www.noubarris.net\/web40\/wp-content\/uploads\/2024\/11\/201124.jpg","type":"image\/jpeg"}],"author":"Informatius","twitter_card":"summary_large_image","twitter_creator":"@9BTV","twitter_site":"@9BTV","twitter_misc":{"Escrit per":"Informatius","Temps estimat de lectura":"2 minuts"},"schema":{"@context":"https:\/\/schema.org","@graph":[{"@type":"Article","@id":"https:\/\/www.noubarris.net\/web40\/arrenca-la-construccio-dun-mirador-i-zona-destada-a-torre-baro\/#article","isPartOf":{"@id":"https:\/\/www.noubarris.net\/web40\/arrenca-la-construccio-dun-mirador-i-zona-destada-a-torre-baro\/"},"author":{"name":"Informatius","@id":"https:\/\/www.noubarris.net\/web40\/#\/schema\/person\/1827f92aaa316c54abbf4dac0de76069"},"headline":"Arrenca la construcci\u00f3 d&#8217;un mirador i zona d&#8217;estada a Torre Bar\u00f3","datePublished":"2024-11-19T22:00:48+00:00","mainEntityOfPage":{"@id":"https:\/\/www.noubarris.net\/web40\/arrenca-la-construccio-dun-mirador-i-zona-destada-a-torre-baro\/"},"wordCount":188,"publisher":{"@id":"https:\/\/www.noubarris.net\/web40\/#organization"},"image":{"@id":"https:\/\/www.noubarris.net\/web40\/arrenca-la-construccio-dun-mirador-i-zona-destada-a-torre-baro\/#primaryimage"},"thumbnailUrl":"https:\/\/www.noubarris.net\/web40\/wp-content\/uploads\/2024\/11\/201124.jpg","articleSection":["Torre Bar\u00f3","Urbanisme"],"inLanguage":"ca"},{"@type":"WebPage","@id":"https:\/\/www.noubarris.net\/web40\/arrenca-la-construccio-dun-mirador-i-zona-destada-a-torre-baro\/","url":"https:\/\/www.noubarris.net\/web40\/arrenca-la-construccio-dun-mirador-i-zona-destada-a-torre-baro\/","name":"Arrenca la construcci\u00f3 d'un mirador i zona d'estada a Torre Bar\u00f3 - NouBarris.Net","isPartOf":{"@id":"https:\/\/www.noubarris.net\/web40\/#website"},"primaryImageOfPage":{"@id":"https:\/\/www.noubarris.net\/web40\/arrenca-la-construccio-dun-mirador-i-zona-destada-a-torre-baro\/#primaryimage"},"image":{"@id":"https:\/\/www.noubarris.net\/web40\/arrenca-la-construccio-dun-mirador-i-zona-destada-a-torre-baro\/#primaryimage"},"thumbnailUrl":"https:\/\/www.noubarris.net\/web40\/wp-content\/uploads\/2024\/11\/201124.jpg","datePublished":"2024-11-19T22:00:48+00:00","breadcrumb":{"@id":"https:\/\/www.noubarris.net\/web40\/arrenca-la-construccio-dun-mirador-i-zona-destada-a-torre-baro\/#breadcrumb"},"inLanguage":"ca","potentialAction":[{"@type":"ReadAction","target":["https:\/\/www.noubarris.net\/web40\/arrenca-la-construccio-dun-mirador-i-zona-destada-a-torre-baro\/"]}]},{"@type":"ImageObject","inLanguage":"ca","@id":"https:\/\/www.noubarris.net\/web40\/arrenca-la-construccio-dun-mirador-i-zona-destada-a-torre-baro\/#primaryimage","url":"https:\/\/www.noubarris.net\/web40\/wp-content\/uploads\/2024\/11\/201124.jpg","contentUrl":"https:\/\/www.noubarris.net\/web40\/wp-content\/uploads\/2024\/11\/201124.jpg","width":768,"height":432},{"@type":"BreadcrumbList","@id":"https:\/\/www.noubarris.net\/web40\/arrenca-la-construccio-dun-mirador-i-zona-destada-a-torre-baro\/#breadcrumb","itemListElement":[{"@type":"ListItem","position":1,"name":"Inici","item":"https:\/\/www.noubarris.net\/web40\/"},{"@type":"ListItem","position":2,"name":"Arrenca la construcci\u00f3 d&#8217;un mirador i zona d&#8217;estada a Torre Bar\u00f3"}]},{"@type":"WebSite","@id":"https:\/\/www.noubarris.net\/web40\/#website","url":"https:\/\/www.noubarris.net\/web40\/","name":"NouBarris.Net","description":"Seguint la vida de Nou Barris des de 1985","publisher":{"@id":"https:\/\/www.noubarris.net\/web40\/#organization"},"potentialAction":[{"@type":"SearchAction","target":{"@type":"EntryPoint","urlTemplate":"https:\/\/www.noubarris.net\/web40\/?s={search_term_string}"},"query-input":{"@type":"PropertyValueSpecification","valueRequired":true,"valueName":"search_term_string"}}],"inLanguage":"ca"},{"@type":"Organization","@id":"https:\/\/www.noubarris.net\/web40\/#organization","name":"NouBarris.Net","url":"https:\/\/www.noubarris.net\/web40\/","logo":{"@type":"ImageObject","inLanguage":"ca","@id":"https:\/\/www.noubarris.net\/web40\/#\/schema\/logo\/image\/","url":"https:\/\/www.noubarris.net\/web40\/wp-content\/uploads\/2024\/11\/cropped-cropped-LOGO_9BTV-2024_Insta-1.jpg","contentUrl":"https:\/\/www.noubarris.net\/web40\/wp-content\/uploads\/2024\/11\/cropped-cropped-LOGO_9BTV-2024_Insta-1.jpg","width":512,"height":512,"caption":"NouBarris.Net"},"image":{"@id":"https:\/\/www.noubarris.net\/web40\/#\/schema\/logo\/image\/"},"sameAs":["https:\/\/www.facebook.com\/NouBarris.net\/?locale=es_ES","https:\/\/x.com\/9BTV"]},{"@type":"Person","@id":"https:\/\/www.noubarris.net\/web40\/#\/schema\/person\/1827f92aaa316c54abbf4dac0de76069","name":"Informatius","image":{"@type":"ImageObject","inLanguage":"ca","@id":"https:\/\/www.noubarris.net\/web40\/#\/schema\/person\/image\/","url":"https:\/\/secure.gravatar.com\/avatar\/87a3b47928835fc72c6ee5b0e1a7263ef0c2d05003a98189bc14926c5f11bcdb?s=96&d=mm&r=g","contentUrl":"https:\/\/secure.gravatar.com\/avatar\/87a3b47928835fc72c6ee5b0e1a7263ef0c2d05003a98189bc14926c5f11bcdb?s=96&d=mm&r=g","caption":"Informatius"},"url":"https:\/\/www.noubarris.net\/web40\/author\/tele\/"}]}},"_links":{"self":[{"href":"https:\/\/www.noubarris.net\/web40\/wp-json\/wp\/v2\/posts\/83456","targetHints":{"allow":["GET"]}}],"collection":[{"href":"https:\/\/www.noubarris.net\/web40\/wp-json\/wp\/v2\/posts"}],"about":[{"href":"https:\/\/www.noubarris.net\/web40\/wp-json\/wp\/v2\/types\/post"}],"author":[{"embeddable":true,"href":"https:\/\/www.noubarris.net\/web40\/wp-json\/wp\/v2\/users\/2"}],"replies":[{"embeddable":true,"href":"https:\/\/www.noubarris.net\/web40\/wp-json\/wp\/v2\/comments?post=83456"}],"version-history":[{"count":1,"href":"https:\/\/www.noubarris.net\/web40\/wp-json\/wp\/v2\/posts\/83456\/revisions"}],"predecessor-version":[{"id":83458,"href":"https:\/\/www.noubarris.net\/web40\/wp-json\/wp\/v2\/posts\/83456\/revisions\/83458"}],"wp:featuredmedia":[{"embeddable":true,"href":"https:\/\/www.noubarris.net\/web40\/wp-json\/wp\/v2\/media\/83457"}],"wp:attachment":[{"href":"https:\/\/www.noubarris.net\/web40\/wp-json\/wp\/v2\/media?parent=83456"}],"wp:term":[{"taxonomy":"category","embeddable":true,"href":"https:\/\/www.noubarris.net\/web40\/wp-json\/wp\/v2\/categories?post=83456"},{"taxonomy":"post_tag","embeddable":true,"href":"https:\/\/www.noubarris.net\/web40\/wp-json\/wp\/v2\/tags?post=83456"}],"curies":[{"name":"wp","href":"https:\/\/api.w.org\/{rel}","templated":true}]}}