{"id":83459,"date":"2024-11-21T00:00:14","date_gmt":"2024-11-20T22:00:14","guid":{"rendered":"http:\/\/www.noubarris.net\/web40\/?p=83459"},"modified":"2024-11-18T20:41:32","modified_gmt":"2024-11-18T18:41:32","slug":"les-obres-de-soterrament-de-lr2-ja-transformen-el-paisatge-de-vallbona","status":"publish","type":"post","link":"https:\/\/www.noubarris.net\/web40\/les-obres-de-soterrament-de-lr2-ja-transformen-el-paisatge-de-vallbona\/","title":{"rendered":"Les obres de soterrament de l&#8217;R2 ja transformen el paisatge de Vallbona"},"content":{"rendered":"<p><strong>Les m\u00e0quines treballen al sector proper a les vies i a la zona que ocupava fins fa unes setmanes el camp de futbol<\/strong><\/p>\n<p>Despr\u00e9s d&#8217;algunes prospeccions i tasques pr\u00e8vies, les obres de soterrament de l&#8217;R2 comencen a engegar motors a l&#8217;altura de Vallbona i ha canviat completament el paisatge fronterer amb les vies. El camp de futbol del R\u00e0cing Vallbona ja \u00e9s hist\u00f2ria i les porteries i grades han quedat esborrades per deixar espai a la log\u00edstica i l&#8217;emmagatzematge. Unes tanques envolten tamb\u00e9 l&#8217;espai que s&#8217;utillitzava com a aparcament pels ve\u00efns i ve\u00efnes, i usuaris del camp de futbol.\u00a0<\/p>\n<p>Durant l&#8217;estiu van comen\u00e7ar a desapar\u00e8ixer els arbres que s&#8217;al\u00e7aven al costat de les vies i \u00e9s en aquesta franja on ara comencen a treballar les m\u00e0quines excavadores, entre d&#8217;altres.\u00a0\u00a0<\/p>\n\n\n<div class=\"wp-block-jetpack-slideshow aligncenter\" data-effect=\"slide\"><div class=\"wp-block-jetpack-slideshow_container swiper-container\"><ul class=\"wp-block-jetpack-slideshow_swiper-wrapper swiper-wrapper\"><li class=\"wp-block-jetpack-slideshow_slide swiper-slide\"><figure><img loading=\"lazy\" decoding=\"async\" width=\"768\" height=\"432\" alt=\"\" class=\"wp-block-jetpack-slideshow_image wp-image-83463\" data-id=\"83463\" src=\"https:\/\/www.noubarris.net\/web40\/wp-content\/uploads\/2024\/11\/vallbona5.jpg\" srcset=\"https:\/\/www.noubarris.net\/web40\/wp-content\/uploads\/2024\/11\/vallbona5.jpg 768w, https:\/\/www.noubarris.net\/web40\/wp-content\/uploads\/2024\/11\/vallbona5-300x169.jpg 300w, https:\/\/www.noubarris.net\/web40\/wp-content\/uploads\/2024\/11\/vallbona5-600x338.jpg 600w\" sizes=\"auto, (max-width: 768px) 100vw, 768px\" \/><\/figure><\/li><li class=\"wp-block-jetpack-slideshow_slide swiper-slide\"><figure><img loading=\"lazy\" decoding=\"async\" width=\"768\" height=\"432\" alt=\"\" class=\"wp-block-jetpack-slideshow_image wp-image-83465\" data-id=\"83465\" src=\"https:\/\/www.noubarris.net\/web40\/wp-content\/uploads\/2024\/11\/vallbona4.jpg\" srcset=\"https:\/\/www.noubarris.net\/web40\/wp-content\/uploads\/2024\/11\/vallbona4.jpg 768w, https:\/\/www.noubarris.net\/web40\/wp-content\/uploads\/2024\/11\/vallbona4-300x169.jpg 300w, https:\/\/www.noubarris.net\/web40\/wp-content\/uploads\/2024\/11\/vallbona4-600x338.jpg 600w\" sizes=\"auto, (max-width: 768px) 100vw, 768px\" \/><\/figure><\/li><li class=\"wp-block-jetpack-slideshow_slide swiper-slide\"><figure><img loading=\"lazy\" decoding=\"async\" width=\"768\" height=\"432\" alt=\"\" class=\"wp-block-jetpack-slideshow_image wp-image-83464\" data-id=\"83464\" src=\"https:\/\/www.noubarris.net\/web40\/wp-content\/uploads\/2024\/11\/vallbona3.jpg\" srcset=\"https:\/\/www.noubarris.net\/web40\/wp-content\/uploads\/2024\/11\/vallbona3.jpg 768w, https:\/\/www.noubarris.net\/web40\/wp-content\/uploads\/2024\/11\/vallbona3-300x169.jpg 300w, https:\/\/www.noubarris.net\/web40\/wp-content\/uploads\/2024\/11\/vallbona3-600x338.jpg 600w\" sizes=\"auto, (max-width: 768px) 100vw, 768px\" \/><\/figure><\/li><li class=\"wp-block-jetpack-slideshow_slide swiper-slide\"><figure><img loading=\"lazy\" decoding=\"async\" width=\"768\" height=\"432\" alt=\"\" class=\"wp-block-jetpack-slideshow_image wp-image-83466\" data-id=\"83466\" src=\"https:\/\/www.noubarris.net\/web40\/wp-content\/uploads\/2024\/11\/vallbona1.jpg\" srcset=\"https:\/\/www.noubarris.net\/web40\/wp-content\/uploads\/2024\/11\/vallbona1.jpg 768w, https:\/\/www.noubarris.net\/web40\/wp-content\/uploads\/2024\/11\/vallbona1-300x169.jpg 300w, https:\/\/www.noubarris.net\/web40\/wp-content\/uploads\/2024\/11\/vallbona1-600x338.jpg 600w\" sizes=\"auto, (max-width: 768px) 100vw, 768px\" \/><\/figure><\/li><\/ul><a class=\"wp-block-jetpack-slideshow_button-prev swiper-button-prev swiper-button-white\" role=\"button\"><\/a><a class=\"wp-block-jetpack-slideshow_button-next swiper-button-next swiper-button-white\" role=\"button\"><\/a><a aria-label=\"Pause Slideshow\" class=\"wp-block-jetpack-slideshow_button-pause\" role=\"button\"><\/a><div class=\"wp-block-jetpack-slideshow_pagination swiper-pagination swiper-pagination-white\"><\/div><\/div><\/div>\n","protected":false},"excerpt":{"rendered":"<p>Les m\u00e0quines treballen al sector proper a les vies i a la zona que ocupava fins fa unes setmanes el<\/p>\n","protected":false},"author":2,"featured_media":83462,"comment_status":"closed","ping_status":"closed","sticky":false,"template":"","format":"standard","meta":{"colormag_page_layout":"default_layout","_monsterinsights_skip_tracking":false,"_monsterinsights_sitenote_active":false,"_monsterinsights_sitenote_note":"","_monsterinsights_sitenote_category":0,"footnotes":""},"categories":[302,140],"tags":[],"class_list":["post-83459","post","type-post","status-publish","format-standard","has-post-thumbnail","hentry","category-urbanisme","category-vallbona"],"yoast_head":"<!-- This site is optimized with the Yoast SEO plugin v25.3 - https:\/\/yoast.com\/wordpress\/plugins\/seo\/ -->\n<title>Les obres de soterrament de l&#039;R2 ja transformen el paisatge de Vallbona - NouBarris.Net<\/title>\n<meta name=\"robots\" content=\"index, follow, max-snippet:-1, max-image-preview:large, max-video-preview:-1\" \/>\n<link rel=\"canonical\" href=\"https:\/\/www.noubarris.net\/web40\/les-obres-de-soterrament-de-lr2-ja-transformen-el-paisatge-de-vallbona\/\" \/>\n<meta property=\"og:locale\" content=\"ca_ES\" \/>\n<meta property=\"og:type\" content=\"article\" \/>\n<meta property=\"og:title\" content=\"Les obres de soterrament de l&#039;R2 ja transformen el paisatge de Vallbona - NouBarris.Net\" \/>\n<meta property=\"og:description\" content=\"Les m\u00e0quines treballen al sector proper a les vies i a la zona que ocupava fins fa unes setmanes el\" \/>\n<meta property=\"og:url\" content=\"https:\/\/www.noubarris.net\/web40\/les-obres-de-soterrament-de-lr2-ja-transformen-el-paisatge-de-vallbona\/\" \/>\n<meta property=\"og:site_name\" content=\"NouBarris.Net\" \/>\n<meta property=\"article:publisher\" content=\"https:\/\/www.facebook.com\/NouBarris.net\/?locale=es_ES\" \/>\n<meta property=\"article:published_time\" content=\"2024-11-20T22:00:14+00:00\" \/>\n<meta property=\"og:image\" content=\"https:\/\/www.noubarris.net\/web40\/wp-content\/uploads\/2024\/11\/vallbona2.jpg\" \/>\n\t<meta property=\"og:image:width\" content=\"768\" \/>\n\t<meta property=\"og:image:height\" content=\"432\" \/>\n\t<meta property=\"og:image:type\" content=\"image\/jpeg\" \/>\n<meta name=\"author\" content=\"Informatius\" \/>\n<meta name=\"twitter:card\" content=\"summary_large_image\" \/>\n<meta name=\"twitter:creator\" content=\"@9BTV\" \/>\n<meta name=\"twitter:site\" content=\"@9BTV\" \/>\n<meta name=\"twitter:label1\" content=\"Escrit per\" \/>\n\t<meta name=\"twitter:data1\" content=\"Informatius\" \/>\n\t<meta name=\"twitter:label2\" content=\"Temps estimat de lectura\" \/>\n\t<meta name=\"twitter:data2\" content=\"2 minuts\" \/>\n<script type=\"application\/ld+json\" class=\"yoast-schema-graph\">{\"@context\":\"https:\/\/schema.org\",\"@graph\":[{\"@type\":\"Article\",\"@id\":\"https:\/\/www.noubarris.net\/web40\/les-obres-de-soterrament-de-lr2-ja-transformen-el-paisatge-de-vallbona\/#article\",\"isPartOf\":{\"@id\":\"https:\/\/www.noubarris.net\/web40\/les-obres-de-soterrament-de-lr2-ja-transformen-el-paisatge-de-vallbona\/\"},\"author\":{\"name\":\"Informatius\",\"@id\":\"https:\/\/www.noubarris.net\/web40\/#\/schema\/person\/1827f92aaa316c54abbf4dac0de76069\"},\"headline\":\"Les obres de soterrament de l&#8217;R2 ja transformen el paisatge de Vallbona\",\"datePublished\":\"2024-11-20T22:00:14+00:00\",\"mainEntityOfPage\":{\"@id\":\"https:\/\/www.noubarris.net\/web40\/les-obres-de-soterrament-de-lr2-ja-transformen-el-paisatge-de-vallbona\/\"},\"wordCount\":163,\"publisher\":{\"@id\":\"https:\/\/www.noubarris.net\/web40\/#organization\"},\"image\":{\"@id\":\"https:\/\/www.noubarris.net\/web40\/les-obres-de-soterrament-de-lr2-ja-transformen-el-paisatge-de-vallbona\/#primaryimage\"},\"thumbnailUrl\":\"https:\/\/www.noubarris.net\/web40\/wp-content\/uploads\/2024\/11\/vallbona2.jpg\",\"articleSection\":[\"Urbanisme\",\"Vallbona\"],\"inLanguage\":\"ca\"},{\"@type\":\"WebPage\",\"@id\":\"https:\/\/www.noubarris.net\/web40\/les-obres-de-soterrament-de-lr2-ja-transformen-el-paisatge-de-vallbona\/\",\"url\":\"https:\/\/www.noubarris.net\/web40\/les-obres-de-soterrament-de-lr2-ja-transformen-el-paisatge-de-vallbona\/\",\"name\":\"Les obres de soterrament de l'R2 ja transformen el paisatge de Vallbona - NouBarris.Net\",\"isPartOf\":{\"@id\":\"https:\/\/www.noubarris.net\/web40\/#website\"},\"primaryImageOfPage\":{\"@id\":\"https:\/\/www.noubarris.net\/web40\/les-obres-de-soterrament-de-lr2-ja-transformen-el-paisatge-de-vallbona\/#primaryimage\"},\"image\":{\"@id\":\"https:\/\/www.noubarris.net\/web40\/les-obres-de-soterrament-de-lr2-ja-transformen-el-paisatge-de-vallbona\/#primaryimage\"},\"thumbnailUrl\":\"https:\/\/www.noubarris.net\/web40\/wp-content\/uploads\/2024\/11\/vallbona2.jpg\",\"datePublished\":\"2024-11-20T22:00:14+00:00\",\"breadcrumb\":{\"@id\":\"https:\/\/www.noubarris.net\/web40\/les-obres-de-soterrament-de-lr2-ja-transformen-el-paisatge-de-vallbona\/#breadcrumb\"},\"inLanguage\":\"ca\",\"potentialAction\":[{\"@type\":\"ReadAction\",\"target\":[\"https:\/\/www.noubarris.net\/web40\/les-obres-de-soterrament-de-lr2-ja-transformen-el-paisatge-de-vallbona\/\"]}]},{\"@type\":\"ImageObject\",\"inLanguage\":\"ca\",\"@id\":\"https:\/\/www.noubarris.net\/web40\/les-obres-de-soterrament-de-lr2-ja-transformen-el-paisatge-de-vallbona\/#primaryimage\",\"url\":\"https:\/\/www.noubarris.net\/web40\/wp-content\/uploads\/2024\/11\/vallbona2.jpg\",\"contentUrl\":\"https:\/\/www.noubarris.net\/web40\/wp-content\/uploads\/2024\/11\/vallbona2.jpg\",\"width\":768,\"height\":432},{\"@type\":\"BreadcrumbList\",\"@id\":\"https:\/\/www.noubarris.net\/web40\/les-obres-de-soterrament-de-lr2-ja-transformen-el-paisatge-de-vallbona\/#breadcrumb\",\"itemListElement\":[{\"@type\":\"ListItem\",\"position\":1,\"name\":\"Inici\",\"item\":\"https:\/\/www.noubarris.net\/web40\/\"},{\"@type\":\"ListItem\",\"position\":2,\"name\":\"Les obres de soterrament de l&#8217;R2 ja transformen el paisatge de Vallbona\"}]},{\"@type\":\"WebSite\",\"@id\":\"https:\/\/www.noubarris.net\/web40\/#website\",\"url\":\"https:\/\/www.noubarris.net\/web40\/\",\"name\":\"NouBarris.Net\",\"description\":\"Seguint la vida de Nou Barris des de 1985\",\"publisher\":{\"@id\":\"https:\/\/www.noubarris.net\/web40\/#organization\"},\"potentialAction\":[{\"@type\":\"SearchAction\",\"target\":{\"@type\":\"EntryPoint\",\"urlTemplate\":\"https:\/\/www.noubarris.net\/web40\/?s={search_term_string}\"},\"query-input\":{\"@type\":\"PropertyValueSpecification\",\"valueRequired\":true,\"valueName\":\"search_term_string\"}}],\"inLanguage\":\"ca\"},{\"@type\":\"Organization\",\"@id\":\"https:\/\/www.noubarris.net\/web40\/#organization\",\"name\":\"NouBarris.Net\",\"url\":\"https:\/\/www.noubarris.net\/web40\/\",\"logo\":{\"@type\":\"ImageObject\",\"inLanguage\":\"ca\",\"@id\":\"https:\/\/www.noubarris.net\/web40\/#\/schema\/logo\/image\/\",\"url\":\"https:\/\/www.noubarris.net\/web40\/wp-content\/uploads\/2024\/11\/cropped-cropped-LOGO_9BTV-2024_Insta-1.jpg\",\"contentUrl\":\"https:\/\/www.noubarris.net\/web40\/wp-content\/uploads\/2024\/11\/cropped-cropped-LOGO_9BTV-2024_Insta-1.jpg\",\"width\":512,\"height\":512,\"caption\":\"NouBarris.Net\"},\"image\":{\"@id\":\"https:\/\/www.noubarris.net\/web40\/#\/schema\/logo\/image\/\"},\"sameAs\":[\"https:\/\/www.facebook.com\/NouBarris.net\/?locale=es_ES\",\"https:\/\/x.com\/9BTV\"]},{\"@type\":\"Person\",\"@id\":\"https:\/\/www.noubarris.net\/web40\/#\/schema\/person\/1827f92aaa316c54abbf4dac0de76069\",\"name\":\"Informatius\",\"image\":{\"@type\":\"ImageObject\",\"inLanguage\":\"ca\",\"@id\":\"https:\/\/www.noubarris.net\/web40\/#\/schema\/person\/image\/\",\"url\":\"https:\/\/secure.gravatar.com\/avatar\/87a3b47928835fc72c6ee5b0e1a7263ef0c2d05003a98189bc14926c5f11bcdb?s=96&d=mm&r=g\",\"contentUrl\":\"https:\/\/secure.gravatar.com\/avatar\/87a3b47928835fc72c6ee5b0e1a7263ef0c2d05003a98189bc14926c5f11bcdb?s=96&d=mm&r=g\",\"caption\":\"Informatius\"},\"url\":\"https:\/\/www.noubarris.net\/web40\/author\/tele\/\"}]}<\/script>\n<!-- \/ Yoast SEO plugin. -->","yoast_head_json":{"title":"Les obres de soterrament de l'R2 ja transformen el paisatge de Vallbona - NouBarris.Net","robots":{"index":"index","follow":"follow","max-snippet":"max-snippet:-1","max-image-preview":"max-image-preview:large","max-video-preview":"max-video-preview:-1"},"canonical":"https:\/\/www.noubarris.net\/web40\/les-obres-de-soterrament-de-lr2-ja-transformen-el-paisatge-de-vallbona\/","og_locale":"ca_ES","og_type":"article","og_title":"Les obres de soterrament de l'R2 ja transformen el paisatge de Vallbona - NouBarris.Net","og_description":"Les m\u00e0quines treballen al sector proper a les vies i a la zona que ocupava fins fa unes setmanes el","og_url":"https:\/\/www.noubarris.net\/web40\/les-obres-de-soterrament-de-lr2-ja-transformen-el-paisatge-de-vallbona\/","og_site_name":"NouBarris.Net","article_publisher":"https:\/\/www.facebook.com\/NouBarris.net\/?locale=es_ES","article_published_time":"2024-11-20T22:00:14+00:00","og_image":[{"width":768,"height":432,"url":"https:\/\/www.noubarris.net\/web40\/wp-content\/uploads\/2024\/11\/vallbona2.jpg","type":"image\/jpeg"}],"author":"Informatius","twitter_card":"summary_large_image","twitter_creator":"@9BTV","twitter_site":"@9BTV","twitter_misc":{"Escrit per":"Informatius","Temps estimat de lectura":"2 minuts"},"schema":{"@context":"https:\/\/schema.org","@graph":[{"@type":"Article","@id":"https:\/\/www.noubarris.net\/web40\/les-obres-de-soterrament-de-lr2-ja-transformen-el-paisatge-de-vallbona\/#article","isPartOf":{"@id":"https:\/\/www.noubarris.net\/web40\/les-obres-de-soterrament-de-lr2-ja-transformen-el-paisatge-de-vallbona\/"},"author":{"name":"Informatius","@id":"https:\/\/www.noubarris.net\/web40\/#\/schema\/person\/1827f92aaa316c54abbf4dac0de76069"},"headline":"Les obres de soterrament de l&#8217;R2 ja transformen el paisatge de Vallbona","datePublished":"2024-11-20T22:00:14+00:00","mainEntityOfPage":{"@id":"https:\/\/www.noubarris.net\/web40\/les-obres-de-soterrament-de-lr2-ja-transformen-el-paisatge-de-vallbona\/"},"wordCount":163,"publisher":{"@id":"https:\/\/www.noubarris.net\/web40\/#organization"},"image":{"@id":"https:\/\/www.noubarris.net\/web40\/les-obres-de-soterrament-de-lr2-ja-transformen-el-paisatge-de-vallbona\/#primaryimage"},"thumbnailUrl":"https:\/\/www.noubarris.net\/web40\/wp-content\/uploads\/2024\/11\/vallbona2.jpg","articleSection":["Urbanisme","Vallbona"],"inLanguage":"ca"},{"@type":"WebPage","@id":"https:\/\/www.noubarris.net\/web40\/les-obres-de-soterrament-de-lr2-ja-transformen-el-paisatge-de-vallbona\/","url":"https:\/\/www.noubarris.net\/web40\/les-obres-de-soterrament-de-lr2-ja-transformen-el-paisatge-de-vallbona\/","name":"Les obres de soterrament de l'R2 ja transformen el paisatge de Vallbona - NouBarris.Net","isPartOf":{"@id":"https:\/\/www.noubarris.net\/web40\/#website"},"primaryImageOfPage":{"@id":"https:\/\/www.noubarris.net\/web40\/les-obres-de-soterrament-de-lr2-ja-transformen-el-paisatge-de-vallbona\/#primaryimage"},"image":{"@id":"https:\/\/www.noubarris.net\/web40\/les-obres-de-soterrament-de-lr2-ja-transformen-el-paisatge-de-vallbona\/#primaryimage"},"thumbnailUrl":"https:\/\/www.noubarris.net\/web40\/wp-content\/uploads\/2024\/11\/vallbona2.jpg","datePublished":"2024-11-20T22:00:14+00:00","breadcrumb":{"@id":"https:\/\/www.noubarris.net\/web40\/les-obres-de-soterrament-de-lr2-ja-transformen-el-paisatge-de-vallbona\/#breadcrumb"},"inLanguage":"ca","potentialAction":[{"@type":"ReadAction","target":["https:\/\/www.noubarris.net\/web40\/les-obres-de-soterrament-de-lr2-ja-transformen-el-paisatge-de-vallbona\/"]}]},{"@type":"ImageObject","inLanguage":"ca","@id":"https:\/\/www.noubarris.net\/web40\/les-obres-de-soterrament-de-lr2-ja-transformen-el-paisatge-de-vallbona\/#primaryimage","url":"https:\/\/www.noubarris.net\/web40\/wp-content\/uploads\/2024\/11\/vallbona2.jpg","contentUrl":"https:\/\/www.noubarris.net\/web40\/wp-content\/uploads\/2024\/11\/vallbona2.jpg","width":768,"height":432},{"@type":"BreadcrumbList","@id":"https:\/\/www.noubarris.net\/web40\/les-obres-de-soterrament-de-lr2-ja-transformen-el-paisatge-de-vallbona\/#breadcrumb","itemListElement":[{"@type":"ListItem","position":1,"name":"Inici","item":"https:\/\/www.noubarris.net\/web40\/"},{"@type":"ListItem","position":2,"name":"Les obres de soterrament de l&#8217;R2 ja transformen el paisatge de Vallbona"}]},{"@type":"WebSite","@id":"https:\/\/www.noubarris.net\/web40\/#website","url":"https:\/\/www.noubarris.net\/web40\/","name":"NouBarris.Net","description":"Seguint la vida de Nou Barris des de 1985","publisher":{"@id":"https:\/\/www.noubarris.net\/web40\/#organization"},"potentialAction":[{"@type":"SearchAction","target":{"@type":"EntryPoint","urlTemplate":"https:\/\/www.noubarris.net\/web40\/?s={search_term_string}"},"query-input":{"@type":"PropertyValueSpecification","valueRequired":true,"valueName":"search_term_string"}}],"inLanguage":"ca"},{"@type":"Organization","@id":"https:\/\/www.noubarris.net\/web40\/#organization","name":"NouBarris.Net","url":"https:\/\/www.noubarris.net\/web40\/","logo":{"@type":"ImageObject","inLanguage":"ca","@id":"https:\/\/www.noubarris.net\/web40\/#\/schema\/logo\/image\/","url":"https:\/\/www.noubarris.net\/web40\/wp-content\/uploads\/2024\/11\/cropped-cropped-LOGO_9BTV-2024_Insta-1.jpg","contentUrl":"https:\/\/www.noubarris.net\/web40\/wp-content\/uploads\/2024\/11\/cropped-cropped-LOGO_9BTV-2024_Insta-1.jpg","width":512,"height":512,"caption":"NouBarris.Net"},"image":{"@id":"https:\/\/www.noubarris.net\/web40\/#\/schema\/logo\/image\/"},"sameAs":["https:\/\/www.facebook.com\/NouBarris.net\/?locale=es_ES","https:\/\/x.com\/9BTV"]},{"@type":"Person","@id":"https:\/\/www.noubarris.net\/web40\/#\/schema\/person\/1827f92aaa316c54abbf4dac0de76069","name":"Informatius","image":{"@type":"ImageObject","inLanguage":"ca","@id":"https:\/\/www.noubarris.net\/web40\/#\/schema\/person\/image\/","url":"https:\/\/secure.gravatar.com\/avatar\/87a3b47928835fc72c6ee5b0e1a7263ef0c2d05003a98189bc14926c5f11bcdb?s=96&d=mm&r=g","contentUrl":"https:\/\/secure.gravatar.com\/avatar\/87a3b47928835fc72c6ee5b0e1a7263ef0c2d05003a98189bc14926c5f11bcdb?s=96&d=mm&r=g","caption":"Informatius"},"url":"https:\/\/www.noubarris.net\/web40\/author\/tele\/"}]}},"_links":{"self":[{"href":"https:\/\/www.noubarris.net\/web40\/wp-json\/wp\/v2\/posts\/83459","targetHints":{"allow":["GET"]}}],"collection":[{"href":"https:\/\/www.noubarris.net\/web40\/wp-json\/wp\/v2\/posts"}],"about":[{"href":"https:\/\/www.noubarris.net\/web40\/wp-json\/wp\/v2\/types\/post"}],"author":[{"embeddable":true,"href":"https:\/\/www.noubarris.net\/web40\/wp-json\/wp\/v2\/users\/2"}],"replies":[{"embeddable":true,"href":"https:\/\/www.noubarris.net\/web40\/wp-json\/wp\/v2\/comments?post=83459"}],"version-history":[{"count":5,"href":"https:\/\/www.noubarris.net\/web40\/wp-json\/wp\/v2\/posts\/83459\/revisions"}],"predecessor-version":[{"id":83469,"href":"https:\/\/www.noubarris.net\/web40\/wp-json\/wp\/v2\/posts\/83459\/revisions\/83469"}],"wp:featuredmedia":[{"embeddable":true,"href":"https:\/\/www.noubarris.net\/web40\/wp-json\/wp\/v2\/media\/83462"}],"wp:attachment":[{"href":"https:\/\/www.noubarris.net\/web40\/wp-json\/wp\/v2\/media?parent=83459"}],"wp:term":[{"taxonomy":"category","embeddable":true,"href":"https:\/\/www.noubarris.net\/web40\/wp-json\/wp\/v2\/categories?post=83459"},{"taxonomy":"post_tag","embeddable":true,"href":"https:\/\/www.noubarris.net\/web40\/wp-json\/wp\/v2\/tags?post=83459"}],"curies":[{"name":"wp","href":"https:\/\/api.w.org\/{rel}","templated":true}]}}