{"id":83584,"date":"2024-12-23T14:12:46","date_gmt":"2024-12-23T12:12:46","guid":{"rendered":"https:\/\/www.noubarris.net\/web40\/?p=83584"},"modified":"2024-12-23T14:12:46","modified_gmt":"2024-12-23T12:12:46","slug":"ja-tenim-nova-edicio-de-la-revista-de-larxiu","status":"publish","type":"post","link":"https:\/\/www.noubarris.net\/web40\/ja-tenim-nova-edicio-de-la-revista-de-larxiu\/","title":{"rendered":"Ja tenim nova edici\u00f3 de la revista de l\u2019Arxiu"},"content":{"rendered":"<p class=\"p1\"><strong><span class=\"s1\">L\u2019Arxiu Hist\u00f2ric de Roquetes &#8211; Nou Barris va presentar aquest mes de desembre el n\u00famero 87 de la seva revista.<\/span><\/strong><\/p>\n<p class=\"p1\"><span class=\"s1\">Dos cops l\u2019any, a l\u2019estiu i per Nadal, l\u2019entitat edita la seva revista, feta a partir dels articles de socis i col\u00b7laboradors.<\/span><\/p>\n<p class=\"p1\"><span class=\"s1\">Aquest n\u00famero t\u00e9 com a portada una fotografia de l\u2019exitosa \u201cRuta del 47\u201d, que van organitzar en conmemoraci\u00f3 del Manolo Vital, personatge que \u00faltimament est\u00e0 m\u00e9s que de moda gr\u00e0cies a la pel\u00b7l\u00edcula \u201cEl 47\u201d.<\/span><\/p>\n<p><img loading=\"lazy\" decoding=\"async\" class=\"aligncenter wp-image-83585 size-large\" src=\"https:\/\/www.noubarris.net\/web40\/wp-content\/uploads\/2024\/12\/WhatsApp-Image-2024-12-23-at-13.05.02-1-1024x577.jpeg\" alt=\"\" width=\"800\" height=\"451\" srcset=\"https:\/\/www.noubarris.net\/web40\/wp-content\/uploads\/2024\/12\/WhatsApp-Image-2024-12-23-at-13.05.02-1-1024x577.jpeg 1024w, https:\/\/www.noubarris.net\/web40\/wp-content\/uploads\/2024\/12\/WhatsApp-Image-2024-12-23-at-13.05.02-1-300x169.jpeg 300w, https:\/\/www.noubarris.net\/web40\/wp-content\/uploads\/2024\/12\/WhatsApp-Image-2024-12-23-at-13.05.02-1-768x432.jpeg 768w, https:\/\/www.noubarris.net\/web40\/wp-content\/uploads\/2024\/12\/WhatsApp-Image-2024-12-23-at-13.05.02-1-600x338.jpeg 600w, https:\/\/www.noubarris.net\/web40\/wp-content\/uploads\/2024\/12\/WhatsApp-Image-2024-12-23-at-13.05.02-1-1536x865.jpeg 1536w, https:\/\/www.noubarris.net\/web40\/wp-content\/uploads\/2024\/12\/WhatsApp-Image-2024-12-23-at-13.05.02-1-2048x1153.jpeg 2048w\" sizes=\"auto, (max-width: 800px) 100vw, 800px\" \/><\/p>\n<p class=\"p1\"><span class=\"s1\">Com no podia ser d\u2019una altra manera, tamb\u00e9 trobem diversos continguts referents als 40 anys del districte de Nou Barris, la celebraci\u00f3 del qual va tenir lloc el passat mes d\u2019octubre.<\/span><\/p>\n<p class=\"p1\"><span class=\"s1\">Seguint amb els aniversaris, trobem tamb\u00e9 un parell d\u2019articles que tracten els 50 anys de dues entitats educatives: l\u2019Escola Mestre Morera i l\u2019Institiut Escola Mol\u00ed.<\/span><\/p>\n<p class=\"p1\"><span class=\"s1\">A banda d\u2019aix\u00f2, com sempre, trobarem altres articles de col\u00b7laboradors, el recull de les activitats i accions de l\u2019entitat i algun joc per fer-nos les vacances de nadal m\u00e9s entretingudes.<\/span><\/p>\n<p>La revista \u00e9s gratu\u00efta per a totes les s\u00f2cies i t\u00e9 un preu de 2\u20ac per a la resta del p\u00fablic.<\/p>\n","protected":false},"excerpt":{"rendered":"<p>L\u2019Arxiu Hist\u00f2ric de Roquetes &#8211; Nou Barris va presentar aquest mes de desembre el n\u00famero 87 de la seva revista.<\/p>\n","protected":false},"author":2,"featured_media":83586,"comment_status":"closed","ping_status":"closed","sticky":false,"template":"","format":"standard","meta":{"colormag_page_layout":"default_layout","_monsterinsights_skip_tracking":false,"_monsterinsights_sitenote_active":false,"_monsterinsights_sitenote_note":"","_monsterinsights_sitenote_category":0,"footnotes":""},"categories":[1],"tags":[],"class_list":["post-83584","post","type-post","status-publish","format-standard","has-post-thumbnail","hentry","category-nou-barris"],"yoast_head":"<!-- This site is optimized with the Yoast SEO plugin v25.3 - https:\/\/yoast.com\/wordpress\/plugins\/seo\/ -->\n<title>Ja tenim nova edici\u00f3 de la revista de l\u2019Arxiu - NouBarris.Net<\/title>\n<meta name=\"robots\" content=\"index, follow, max-snippet:-1, max-image-preview:large, max-video-preview:-1\" \/>\n<link rel=\"canonical\" href=\"https:\/\/www.noubarris.net\/web40\/ja-tenim-nova-edicio-de-la-revista-de-larxiu\/\" \/>\n<meta property=\"og:locale\" content=\"ca_ES\" \/>\n<meta property=\"og:type\" content=\"article\" \/>\n<meta property=\"og:title\" content=\"Ja tenim nova edici\u00f3 de la revista de l\u2019Arxiu - NouBarris.Net\" \/>\n<meta property=\"og:description\" content=\"L\u2019Arxiu Hist\u00f2ric de Roquetes &#8211; Nou Barris va presentar aquest mes de desembre el n\u00famero 87 de la seva revista.\" \/>\n<meta property=\"og:url\" content=\"https:\/\/www.noubarris.net\/web40\/ja-tenim-nova-edicio-de-la-revista-de-larxiu\/\" \/>\n<meta property=\"og:site_name\" content=\"NouBarris.Net\" \/>\n<meta property=\"article:publisher\" content=\"https:\/\/www.facebook.com\/NouBarris.net\/?locale=es_ES\" \/>\n<meta property=\"article:published_time\" content=\"2024-12-23T12:12:46+00:00\" \/>\n<meta property=\"og:image\" content=\"https:\/\/www.noubarris.net\/web40\/wp-content\/uploads\/2024\/12\/WhatsApp-Image-2024-12-23-at-13.05.02-scaled.jpeg\" \/>\n\t<meta property=\"og:image:width\" content=\"2560\" \/>\n\t<meta property=\"og:image:height\" content=\"1442\" \/>\n\t<meta property=\"og:image:type\" content=\"image\/jpeg\" \/>\n<meta name=\"author\" content=\"Informatius\" \/>\n<meta name=\"twitter:card\" content=\"summary_large_image\" \/>\n<meta name=\"twitter:creator\" content=\"@9BTV\" \/>\n<meta name=\"twitter:site\" content=\"@9BTV\" \/>\n<meta name=\"twitter:label1\" content=\"Escrit per\" \/>\n\t<meta name=\"twitter:data1\" content=\"Informatius\" \/>\n\t<meta name=\"twitter:label2\" content=\"Temps estimat de lectura\" \/>\n\t<meta name=\"twitter:data2\" content=\"2 minuts\" \/>\n<script type=\"application\/ld+json\" class=\"yoast-schema-graph\">{\"@context\":\"https:\/\/schema.org\",\"@graph\":[{\"@type\":\"Article\",\"@id\":\"https:\/\/www.noubarris.net\/web40\/ja-tenim-nova-edicio-de-la-revista-de-larxiu\/#article\",\"isPartOf\":{\"@id\":\"https:\/\/www.noubarris.net\/web40\/ja-tenim-nova-edicio-de-la-revista-de-larxiu\/\"},\"author\":{\"name\":\"Informatius\",\"@id\":\"https:\/\/www.noubarris.net\/web40\/#\/schema\/person\/1827f92aaa316c54abbf4dac0de76069\"},\"headline\":\"Ja tenim nova edici\u00f3 de la revista de l\u2019Arxiu\",\"datePublished\":\"2024-12-23T12:12:46+00:00\",\"mainEntityOfPage\":{\"@id\":\"https:\/\/www.noubarris.net\/web40\/ja-tenim-nova-edicio-de-la-revista-de-larxiu\/\"},\"wordCount\":213,\"publisher\":{\"@id\":\"https:\/\/www.noubarris.net\/web40\/#organization\"},\"image\":{\"@id\":\"https:\/\/www.noubarris.net\/web40\/ja-tenim-nova-edicio-de-la-revista-de-larxiu\/#primaryimage\"},\"thumbnailUrl\":\"https:\/\/www.noubarris.net\/web40\/wp-content\/uploads\/2024\/12\/WhatsApp-Image-2024-12-23-at-13.05.02-scaled.jpeg\",\"articleSection\":[\"Nou Barris\"],\"inLanguage\":\"ca\"},{\"@type\":\"WebPage\",\"@id\":\"https:\/\/www.noubarris.net\/web40\/ja-tenim-nova-edicio-de-la-revista-de-larxiu\/\",\"url\":\"https:\/\/www.noubarris.net\/web40\/ja-tenim-nova-edicio-de-la-revista-de-larxiu\/\",\"name\":\"Ja tenim nova edici\u00f3 de la revista de l\u2019Arxiu - NouBarris.Net\",\"isPartOf\":{\"@id\":\"https:\/\/www.noubarris.net\/web40\/#website\"},\"primaryImageOfPage\":{\"@id\":\"https:\/\/www.noubarris.net\/web40\/ja-tenim-nova-edicio-de-la-revista-de-larxiu\/#primaryimage\"},\"image\":{\"@id\":\"https:\/\/www.noubarris.net\/web40\/ja-tenim-nova-edicio-de-la-revista-de-larxiu\/#primaryimage\"},\"thumbnailUrl\":\"https:\/\/www.noubarris.net\/web40\/wp-content\/uploads\/2024\/12\/WhatsApp-Image-2024-12-23-at-13.05.02-scaled.jpeg\",\"datePublished\":\"2024-12-23T12:12:46+00:00\",\"breadcrumb\":{\"@id\":\"https:\/\/www.noubarris.net\/web40\/ja-tenim-nova-edicio-de-la-revista-de-larxiu\/#breadcrumb\"},\"inLanguage\":\"ca\",\"potentialAction\":[{\"@type\":\"ReadAction\",\"target\":[\"https:\/\/www.noubarris.net\/web40\/ja-tenim-nova-edicio-de-la-revista-de-larxiu\/\"]}]},{\"@type\":\"ImageObject\",\"inLanguage\":\"ca\",\"@id\":\"https:\/\/www.noubarris.net\/web40\/ja-tenim-nova-edicio-de-la-revista-de-larxiu\/#primaryimage\",\"url\":\"https:\/\/www.noubarris.net\/web40\/wp-content\/uploads\/2024\/12\/WhatsApp-Image-2024-12-23-at-13.05.02-scaled.jpeg\",\"contentUrl\":\"https:\/\/www.noubarris.net\/web40\/wp-content\/uploads\/2024\/12\/WhatsApp-Image-2024-12-23-at-13.05.02-scaled.jpeg\",\"width\":2560,\"height\":1442,\"caption\":\"Presentaci\u00f3 Revista Arxiu Hist\u00f2ric\"},{\"@type\":\"BreadcrumbList\",\"@id\":\"https:\/\/www.noubarris.net\/web40\/ja-tenim-nova-edicio-de-la-revista-de-larxiu\/#breadcrumb\",\"itemListElement\":[{\"@type\":\"ListItem\",\"position\":1,\"name\":\"Inici\",\"item\":\"https:\/\/www.noubarris.net\/web40\/\"},{\"@type\":\"ListItem\",\"position\":2,\"name\":\"Ja tenim nova edici\u00f3 de la revista de l\u2019Arxiu\"}]},{\"@type\":\"WebSite\",\"@id\":\"https:\/\/www.noubarris.net\/web40\/#website\",\"url\":\"https:\/\/www.noubarris.net\/web40\/\",\"name\":\"NouBarris.Net\",\"description\":\"Seguint la vida de Nou Barris des de 1985\",\"publisher\":{\"@id\":\"https:\/\/www.noubarris.net\/web40\/#organization\"},\"potentialAction\":[{\"@type\":\"SearchAction\",\"target\":{\"@type\":\"EntryPoint\",\"urlTemplate\":\"https:\/\/www.noubarris.net\/web40\/?s={search_term_string}\"},\"query-input\":{\"@type\":\"PropertyValueSpecification\",\"valueRequired\":true,\"valueName\":\"search_term_string\"}}],\"inLanguage\":\"ca\"},{\"@type\":\"Organization\",\"@id\":\"https:\/\/www.noubarris.net\/web40\/#organization\",\"name\":\"NouBarris.Net\",\"url\":\"https:\/\/www.noubarris.net\/web40\/\",\"logo\":{\"@type\":\"ImageObject\",\"inLanguage\":\"ca\",\"@id\":\"https:\/\/www.noubarris.net\/web40\/#\/schema\/logo\/image\/\",\"url\":\"https:\/\/www.noubarris.net\/web40\/wp-content\/uploads\/2024\/11\/cropped-cropped-LOGO_9BTV-2024_Insta-1.jpg\",\"contentUrl\":\"https:\/\/www.noubarris.net\/web40\/wp-content\/uploads\/2024\/11\/cropped-cropped-LOGO_9BTV-2024_Insta-1.jpg\",\"width\":512,\"height\":512,\"caption\":\"NouBarris.Net\"},\"image\":{\"@id\":\"https:\/\/www.noubarris.net\/web40\/#\/schema\/logo\/image\/\"},\"sameAs\":[\"https:\/\/www.facebook.com\/NouBarris.net\/?locale=es_ES\",\"https:\/\/x.com\/9BTV\"]},{\"@type\":\"Person\",\"@id\":\"https:\/\/www.noubarris.net\/web40\/#\/schema\/person\/1827f92aaa316c54abbf4dac0de76069\",\"name\":\"Informatius\",\"image\":{\"@type\":\"ImageObject\",\"inLanguage\":\"ca\",\"@id\":\"https:\/\/www.noubarris.net\/web40\/#\/schema\/person\/image\/\",\"url\":\"https:\/\/secure.gravatar.com\/avatar\/87a3b47928835fc72c6ee5b0e1a7263ef0c2d05003a98189bc14926c5f11bcdb?s=96&d=mm&r=g\",\"contentUrl\":\"https:\/\/secure.gravatar.com\/avatar\/87a3b47928835fc72c6ee5b0e1a7263ef0c2d05003a98189bc14926c5f11bcdb?s=96&d=mm&r=g\",\"caption\":\"Informatius\"},\"url\":\"https:\/\/www.noubarris.net\/web40\/author\/tele\/\"}]}<\/script>\n<!-- \/ Yoast SEO plugin. -->","yoast_head_json":{"title":"Ja tenim nova edici\u00f3 de la revista de l\u2019Arxiu - NouBarris.Net","robots":{"index":"index","follow":"follow","max-snippet":"max-snippet:-1","max-image-preview":"max-image-preview:large","max-video-preview":"max-video-preview:-1"},"canonical":"https:\/\/www.noubarris.net\/web40\/ja-tenim-nova-edicio-de-la-revista-de-larxiu\/","og_locale":"ca_ES","og_type":"article","og_title":"Ja tenim nova edici\u00f3 de la revista de l\u2019Arxiu - NouBarris.Net","og_description":"L\u2019Arxiu Hist\u00f2ric de Roquetes &#8211; Nou Barris va presentar aquest mes de desembre el n\u00famero 87 de la seva revista.","og_url":"https:\/\/www.noubarris.net\/web40\/ja-tenim-nova-edicio-de-la-revista-de-larxiu\/","og_site_name":"NouBarris.Net","article_publisher":"https:\/\/www.facebook.com\/NouBarris.net\/?locale=es_ES","article_published_time":"2024-12-23T12:12:46+00:00","og_image":[{"width":2560,"height":1442,"url":"https:\/\/www.noubarris.net\/web40\/wp-content\/uploads\/2024\/12\/WhatsApp-Image-2024-12-23-at-13.05.02-scaled.jpeg","type":"image\/jpeg"}],"author":"Informatius","twitter_card":"summary_large_image","twitter_creator":"@9BTV","twitter_site":"@9BTV","twitter_misc":{"Escrit per":"Informatius","Temps estimat de lectura":"2 minuts"},"schema":{"@context":"https:\/\/schema.org","@graph":[{"@type":"Article","@id":"https:\/\/www.noubarris.net\/web40\/ja-tenim-nova-edicio-de-la-revista-de-larxiu\/#article","isPartOf":{"@id":"https:\/\/www.noubarris.net\/web40\/ja-tenim-nova-edicio-de-la-revista-de-larxiu\/"},"author":{"name":"Informatius","@id":"https:\/\/www.noubarris.net\/web40\/#\/schema\/person\/1827f92aaa316c54abbf4dac0de76069"},"headline":"Ja tenim nova edici\u00f3 de la revista de l\u2019Arxiu","datePublished":"2024-12-23T12:12:46+00:00","mainEntityOfPage":{"@id":"https:\/\/www.noubarris.net\/web40\/ja-tenim-nova-edicio-de-la-revista-de-larxiu\/"},"wordCount":213,"publisher":{"@id":"https:\/\/www.noubarris.net\/web40\/#organization"},"image":{"@id":"https:\/\/www.noubarris.net\/web40\/ja-tenim-nova-edicio-de-la-revista-de-larxiu\/#primaryimage"},"thumbnailUrl":"https:\/\/www.noubarris.net\/web40\/wp-content\/uploads\/2024\/12\/WhatsApp-Image-2024-12-23-at-13.05.02-scaled.jpeg","articleSection":["Nou Barris"],"inLanguage":"ca"},{"@type":"WebPage","@id":"https:\/\/www.noubarris.net\/web40\/ja-tenim-nova-edicio-de-la-revista-de-larxiu\/","url":"https:\/\/www.noubarris.net\/web40\/ja-tenim-nova-edicio-de-la-revista-de-larxiu\/","name":"Ja tenim nova edici\u00f3 de la revista de l\u2019Arxiu - NouBarris.Net","isPartOf":{"@id":"https:\/\/www.noubarris.net\/web40\/#website"},"primaryImageOfPage":{"@id":"https:\/\/www.noubarris.net\/web40\/ja-tenim-nova-edicio-de-la-revista-de-larxiu\/#primaryimage"},"image":{"@id":"https:\/\/www.noubarris.net\/web40\/ja-tenim-nova-edicio-de-la-revista-de-larxiu\/#primaryimage"},"thumbnailUrl":"https:\/\/www.noubarris.net\/web40\/wp-content\/uploads\/2024\/12\/WhatsApp-Image-2024-12-23-at-13.05.02-scaled.jpeg","datePublished":"2024-12-23T12:12:46+00:00","breadcrumb":{"@id":"https:\/\/www.noubarris.net\/web40\/ja-tenim-nova-edicio-de-la-revista-de-larxiu\/#breadcrumb"},"inLanguage":"ca","potentialAction":[{"@type":"ReadAction","target":["https:\/\/www.noubarris.net\/web40\/ja-tenim-nova-edicio-de-la-revista-de-larxiu\/"]}]},{"@type":"ImageObject","inLanguage":"ca","@id":"https:\/\/www.noubarris.net\/web40\/ja-tenim-nova-edicio-de-la-revista-de-larxiu\/#primaryimage","url":"https:\/\/www.noubarris.net\/web40\/wp-content\/uploads\/2024\/12\/WhatsApp-Image-2024-12-23-at-13.05.02-scaled.jpeg","contentUrl":"https:\/\/www.noubarris.net\/web40\/wp-content\/uploads\/2024\/12\/WhatsApp-Image-2024-12-23-at-13.05.02-scaled.jpeg","width":2560,"height":1442,"caption":"Presentaci\u00f3 Revista Arxiu Hist\u00f2ric"},{"@type":"BreadcrumbList","@id":"https:\/\/www.noubarris.net\/web40\/ja-tenim-nova-edicio-de-la-revista-de-larxiu\/#breadcrumb","itemListElement":[{"@type":"ListItem","position":1,"name":"Inici","item":"https:\/\/www.noubarris.net\/web40\/"},{"@type":"ListItem","position":2,"name":"Ja tenim nova edici\u00f3 de la revista de l\u2019Arxiu"}]},{"@type":"WebSite","@id":"https:\/\/www.noubarris.net\/web40\/#website","url":"https:\/\/www.noubarris.net\/web40\/","name":"NouBarris.Net","description":"Seguint la vida de Nou Barris des de 1985","publisher":{"@id":"https:\/\/www.noubarris.net\/web40\/#organization"},"potentialAction":[{"@type":"SearchAction","target":{"@type":"EntryPoint","urlTemplate":"https:\/\/www.noubarris.net\/web40\/?s={search_term_string}"},"query-input":{"@type":"PropertyValueSpecification","valueRequired":true,"valueName":"search_term_string"}}],"inLanguage":"ca"},{"@type":"Organization","@id":"https:\/\/www.noubarris.net\/web40\/#organization","name":"NouBarris.Net","url":"https:\/\/www.noubarris.net\/web40\/","logo":{"@type":"ImageObject","inLanguage":"ca","@id":"https:\/\/www.noubarris.net\/web40\/#\/schema\/logo\/image\/","url":"https:\/\/www.noubarris.net\/web40\/wp-content\/uploads\/2024\/11\/cropped-cropped-LOGO_9BTV-2024_Insta-1.jpg","contentUrl":"https:\/\/www.noubarris.net\/web40\/wp-content\/uploads\/2024\/11\/cropped-cropped-LOGO_9BTV-2024_Insta-1.jpg","width":512,"height":512,"caption":"NouBarris.Net"},"image":{"@id":"https:\/\/www.noubarris.net\/web40\/#\/schema\/logo\/image\/"},"sameAs":["https:\/\/www.facebook.com\/NouBarris.net\/?locale=es_ES","https:\/\/x.com\/9BTV"]},{"@type":"Person","@id":"https:\/\/www.noubarris.net\/web40\/#\/schema\/person\/1827f92aaa316c54abbf4dac0de76069","name":"Informatius","image":{"@type":"ImageObject","inLanguage":"ca","@id":"https:\/\/www.noubarris.net\/web40\/#\/schema\/person\/image\/","url":"https:\/\/secure.gravatar.com\/avatar\/87a3b47928835fc72c6ee5b0e1a7263ef0c2d05003a98189bc14926c5f11bcdb?s=96&d=mm&r=g","contentUrl":"https:\/\/secure.gravatar.com\/avatar\/87a3b47928835fc72c6ee5b0e1a7263ef0c2d05003a98189bc14926c5f11bcdb?s=96&d=mm&r=g","caption":"Informatius"},"url":"https:\/\/www.noubarris.net\/web40\/author\/tele\/"}]}},"_links":{"self":[{"href":"https:\/\/www.noubarris.net\/web40\/wp-json\/wp\/v2\/posts\/83584","targetHints":{"allow":["GET"]}}],"collection":[{"href":"https:\/\/www.noubarris.net\/web40\/wp-json\/wp\/v2\/posts"}],"about":[{"href":"https:\/\/www.noubarris.net\/web40\/wp-json\/wp\/v2\/types\/post"}],"author":[{"embeddable":true,"href":"https:\/\/www.noubarris.net\/web40\/wp-json\/wp\/v2\/users\/2"}],"replies":[{"embeddable":true,"href":"https:\/\/www.noubarris.net\/web40\/wp-json\/wp\/v2\/comments?post=83584"}],"version-history":[{"count":2,"href":"https:\/\/www.noubarris.net\/web40\/wp-json\/wp\/v2\/posts\/83584\/revisions"}],"predecessor-version":[{"id":83588,"href":"https:\/\/www.noubarris.net\/web40\/wp-json\/wp\/v2\/posts\/83584\/revisions\/83588"}],"wp:featuredmedia":[{"embeddable":true,"href":"https:\/\/www.noubarris.net\/web40\/wp-json\/wp\/v2\/media\/83586"}],"wp:attachment":[{"href":"https:\/\/www.noubarris.net\/web40\/wp-json\/wp\/v2\/media?parent=83584"}],"wp:term":[{"taxonomy":"category","embeddable":true,"href":"https:\/\/www.noubarris.net\/web40\/wp-json\/wp\/v2\/categories?post=83584"},{"taxonomy":"post_tag","embeddable":true,"href":"https:\/\/www.noubarris.net\/web40\/wp-json\/wp\/v2\/tags?post=83584"}],"curies":[{"name":"wp","href":"https:\/\/api.w.org\/{rel}","templated":true}]}}