{"id":83591,"date":"2024-12-28T00:00:39","date_gmt":"2024-12-27T22:00:39","guid":{"rendered":"http:\/\/www.noubarris.net\/web40\/?p=83591"},"modified":"2024-12-28T11:08:03","modified_gmt":"2024-12-28T09:08:03","slug":"installaran-a-torre-baro-una-replica-del-bus-47-per-homenatjar-la-lluita-del-barri","status":"publish","type":"post","link":"https:\/\/www.noubarris.net\/web40\/installaran-a-torre-baro-una-replica-del-bus-47-per-homenatjar-la-lluita-del-barri\/","title":{"rendered":"Instal\u00b7laran a Torre Bar\u00f3 una r\u00e8plica del bus 47 per homenatjar la lluita del barri"},"content":{"rendered":"<p><strong>La intenci\u00f3 \u00e9s fixar-lo a la baixada del carrer de Lli\u00e7\u00e0, que passaria a ser peatonal<\/strong><\/p>\r\n<p>La pel\u00b7l\u00edcula <em>El 47<\/em> va obrir la via a retre homenatge a la lluita ve\u00efnal i en especial a Manuel Vital. Fa unes setmanes se li va dedicar una marquesina a la rotonda del carrer de Castellv\u00ed, una rotonda que s&#8217;ha anunciat que es batejar\u00e0 amb el nom de Manuel Vital. I ara us podem avan\u00e7ar que l&#8217;Ajuntament est\u00e0 estudiant instal\u00b7lar una escultura gegant al barri en homenatge no nom\u00e9s a Vital i la Carme Vila, sin\u00f3 a tot el moviment ve\u00efnal. Es tracta de, ni m\u00e9s ni menys, una r\u00e8plica del bus articulat que va segrestar Vital a tamany real. Encara no es coneixen els detalls de com quedar\u00e0: o b\u00e9 en acer c\u00f2rten o b\u00e9 pintat de vermell com l&#8217;original. El que s\u00ed est\u00e0 clar \u00e9s que tan sols ser\u00e0 la carcasa del vehicle i estar\u00e0 ben fixat al terra per evitar que llisqui pendent avall i ocasioni accidents o s&#8217;encasti contra alguna casa. Als laterals, als espais on hi sol haver publicitat, el bus lluir\u00e0 un llistat de lluites ve\u00efnals, il\u00b7lustrat amb imatges de l&#8217;Arxiu Hist\u00f2ric de Roquetes-Nou Barris.<\/p>\r\n<p>Un aspecte important, ja que la intenci\u00f3 \u00e9s ubicar-lo a la baixada del carrer de Lli\u00e7\u00e0, entre la rotonda de Manuel Vital i la conflu\u00e8ncia amb els carrers del Castell d&#8217;Argen\u00e7ola i Castellv\u00ed. D&#8217;aquesta manera, seria perfectament visible des del Castell de Torre Bar\u00f3 i es recordaria una de les imatges \u00e8piques del film de Marcel Barrena, quan el bus puja per aquest tram de carrer (encara que en la realitat, el bus va fer el trajecte de baixada, ja uqe va pujar per la Carretera Alta de les Roquetes).\u00a0Si el pla tira endavant, aquest tram de baixada del carrer de Llic\u00e0 quedaria d&#8217;\u00fas exclusiu per a vianants, ja que el tamany del bus no permetria la citculaci\u00f3 de cap altre vehicle. Nom\u00e9s hi podrien accedir, aix\u00f2 s\u00ed, els vehicles d&#8217;emerg\u00e8ncia dels bombers i ambul\u00e0ncies. La resta de vehicles pujaran i baixaran pel carrer de Castellv\u00ed. Un sem\u00e0for regular\u00e0 la circulaci\u00f3 en sentit pujada o baixada alternativament.<\/p>\r\n\r\n\r\n\r\n\r\n\r\n<p>Ara Districte de Nou Barris ultima el pl\u00e0nols i debat amb els ve\u00efns i ve\u00efnes de la zona el projecte. Una de les q\u00fcestions que m\u00e9s preocupa als ve\u00efns del carrer de Lli\u00e7\u00e0 \u00e9s si el bus els tapar\u00e0 el sol i les vistes del Castell. <strong>En tot cas, de moment tant ells com tothom que est\u00e0 llegint aquestes l\u00ednies rebeu la felicitaci\u00f3 per part de l&#8217;equip de NouBarrisNet. <\/strong><\/p>\r\n<p><span style=\"font-size: 18pt;\"><strong>FELI\u00c7 DIA DELS INNOCENTS!!<\/strong><\/span><\/p>\r\n<p>Com a regal per la vostra paci\u00e8ncia o com a disculpes, us oferim de nou l&#8217;entrevista que Nou Barris TV vam fer al Manuel Vital real l&#8217;any 2002, amb motiu de la inauguraci\u00f3 de l&#8217;L11, el metro lleuger:<\/p>\r\n<p><iframe loading=\"lazy\" title=\"Entrevista a l&#039;aut\u00e8ntic Manuel Vital, protagonista de &quot;El 47&quot;\" width=\"800\" height=\"450\" src=\"https:\/\/www.youtube.com\/embed\/5-Zl2-cocvQ?feature=oembed\" frameborder=\"0\" allow=\"accelerometer; autoplay; clipboard-write; encrypted-media; gyroscope; picture-in-picture; web-share\" referrerpolicy=\"strict-origin-when-cross-origin\" allowfullscreen><\/iframe><\/p>\r\n\r\n\r\n\r\n<figure class=\"wp-block-embed is-type-video is-provider-youtube wp-block-embed-youtube wp-embed-aspect-16-9 wp-has-aspect-ratio\">\r\n<div class=\"wp-block-embed__wrapper\">\u00a0<\/div>\r\n<\/figure>\r\n","protected":false},"excerpt":{"rendered":"<p>La intenci\u00f3 \u00e9s fixar-lo a la baixada del carrer de Lli\u00e7\u00e0, que passaria a ser peatonal La pel\u00b7l\u00edcula El 47<\/p>\n","protected":false},"author":2,"featured_media":83130,"comment_status":"closed","ping_status":"closed","sticky":false,"template":"","format":"standard","meta":{"colormag_page_layout":"default_layout","_monsterinsights_skip_tracking":false,"_monsterinsights_sitenote_active":false,"_monsterinsights_sitenote_note":"","_monsterinsights_sitenote_category":0,"footnotes":""},"categories":[124,137],"tags":[489],"class_list":["post-83591","post","type-post","status-publish","format-standard","has-post-thumbnail","hentry","category-societat","category-torre-baro","tag-tradicions"],"yoast_head":"<!-- This site is optimized with the Yoast SEO plugin v25.3 - https:\/\/yoast.com\/wordpress\/plugins\/seo\/ -->\n<title>Instal\u00b7laran a Torre Bar\u00f3 una r\u00e8plica del bus 47 per homenatjar la lluita del barri - NouBarris.Net<\/title>\n<meta name=\"robots\" content=\"index, follow, max-snippet:-1, max-image-preview:large, max-video-preview:-1\" \/>\n<link rel=\"canonical\" href=\"https:\/\/www.noubarris.net\/web40\/installaran-a-torre-baro-una-replica-del-bus-47-per-homenatjar-la-lluita-del-barri\/\" \/>\n<meta property=\"og:locale\" content=\"ca_ES\" \/>\n<meta property=\"og:type\" content=\"article\" \/>\n<meta property=\"og:title\" content=\"Instal\u00b7laran a Torre Bar\u00f3 una r\u00e8plica del bus 47 per homenatjar la lluita del barri - NouBarris.Net\" \/>\n<meta property=\"og:description\" content=\"La intenci\u00f3 \u00e9s fixar-lo a la baixada del carrer de Lli\u00e7\u00e0, que passaria a ser peatonal La pel\u00b7l\u00edcula El 47\" \/>\n<meta property=\"og:url\" content=\"https:\/\/www.noubarris.net\/web40\/installaran-a-torre-baro-una-replica-del-bus-47-per-homenatjar-la-lluita-del-barri\/\" \/>\n<meta property=\"og:site_name\" content=\"NouBarris.Net\" \/>\n<meta property=\"article:publisher\" content=\"https:\/\/www.facebook.com\/NouBarris.net\/?locale=es_ES\" \/>\n<meta property=\"article:published_time\" content=\"2024-12-27T22:00:39+00:00\" \/>\n<meta property=\"article:modified_time\" content=\"2024-12-28T09:08:03+00:00\" \/>\n<meta property=\"og:image\" content=\"https:\/\/www.noubarris.net\/web40\/wp-content\/uploads\/2024\/09\/pelicula-el47-torre-baro-120624.jpg\" \/>\n\t<meta property=\"og:image:width\" content=\"1920\" \/>\n\t<meta property=\"og:image:height\" content=\"1080\" \/>\n\t<meta property=\"og:image:type\" content=\"image\/jpeg\" \/>\n<meta name=\"author\" content=\"Informatius\" \/>\n<meta name=\"twitter:card\" content=\"summary_large_image\" \/>\n<meta name=\"twitter:creator\" content=\"@9BTV\" \/>\n<meta name=\"twitter:site\" content=\"@9BTV\" \/>\n<meta name=\"twitter:label1\" content=\"Escrit per\" \/>\n\t<meta name=\"twitter:data1\" content=\"Informatius\" \/>\n\t<meta name=\"twitter:label2\" content=\"Temps estimat de lectura\" \/>\n\t<meta name=\"twitter:data2\" content=\"3 minuts\" \/>\n<script type=\"application\/ld+json\" class=\"yoast-schema-graph\">{\"@context\":\"https:\/\/schema.org\",\"@graph\":[{\"@type\":\"Article\",\"@id\":\"https:\/\/www.noubarris.net\/web40\/installaran-a-torre-baro-una-replica-del-bus-47-per-homenatjar-la-lluita-del-barri\/#article\",\"isPartOf\":{\"@id\":\"https:\/\/www.noubarris.net\/web40\/installaran-a-torre-baro-una-replica-del-bus-47-per-homenatjar-la-lluita-del-barri\/\"},\"author\":{\"name\":\"Informatius\",\"@id\":\"https:\/\/www.noubarris.net\/web40\/#\/schema\/person\/1827f92aaa316c54abbf4dac0de76069\"},\"headline\":\"Instal\u00b7laran a Torre Bar\u00f3 una r\u00e8plica del bus 47 per homenatjar la lluita del barri\",\"datePublished\":\"2024-12-27T22:00:39+00:00\",\"dateModified\":\"2024-12-28T09:08:03+00:00\",\"mainEntityOfPage\":{\"@id\":\"https:\/\/www.noubarris.net\/web40\/installaran-a-torre-baro-una-replica-del-bus-47-per-homenatjar-la-lluita-del-barri\/\"},\"wordCount\":529,\"publisher\":{\"@id\":\"https:\/\/www.noubarris.net\/web40\/#organization\"},\"image\":{\"@id\":\"https:\/\/www.noubarris.net\/web40\/installaran-a-torre-baro-una-replica-del-bus-47-per-homenatjar-la-lluita-del-barri\/#primaryimage\"},\"thumbnailUrl\":\"https:\/\/www.noubarris.net\/web40\/wp-content\/uploads\/2024\/09\/pelicula-el47-torre-baro-120624.jpg\",\"keywords\":[\"Tradicions\"],\"articleSection\":[\"Societat\",\"Torre Bar\u00f3\"],\"inLanguage\":\"ca\"},{\"@type\":\"WebPage\",\"@id\":\"https:\/\/www.noubarris.net\/web40\/installaran-a-torre-baro-una-replica-del-bus-47-per-homenatjar-la-lluita-del-barri\/\",\"url\":\"https:\/\/www.noubarris.net\/web40\/installaran-a-torre-baro-una-replica-del-bus-47-per-homenatjar-la-lluita-del-barri\/\",\"name\":\"Instal\u00b7laran a Torre Bar\u00f3 una r\u00e8plica del bus 47 per homenatjar la lluita del barri - NouBarris.Net\",\"isPartOf\":{\"@id\":\"https:\/\/www.noubarris.net\/web40\/#website\"},\"primaryImageOfPage\":{\"@id\":\"https:\/\/www.noubarris.net\/web40\/installaran-a-torre-baro-una-replica-del-bus-47-per-homenatjar-la-lluita-del-barri\/#primaryimage\"},\"image\":{\"@id\":\"https:\/\/www.noubarris.net\/web40\/installaran-a-torre-baro-una-replica-del-bus-47-per-homenatjar-la-lluita-del-barri\/#primaryimage\"},\"thumbnailUrl\":\"https:\/\/www.noubarris.net\/web40\/wp-content\/uploads\/2024\/09\/pelicula-el47-torre-baro-120624.jpg\",\"datePublished\":\"2024-12-27T22:00:39+00:00\",\"dateModified\":\"2024-12-28T09:08:03+00:00\",\"breadcrumb\":{\"@id\":\"https:\/\/www.noubarris.net\/web40\/installaran-a-torre-baro-una-replica-del-bus-47-per-homenatjar-la-lluita-del-barri\/#breadcrumb\"},\"inLanguage\":\"ca\",\"potentialAction\":[{\"@type\":\"ReadAction\",\"target\":[\"https:\/\/www.noubarris.net\/web40\/installaran-a-torre-baro-una-replica-del-bus-47-per-homenatjar-la-lluita-del-barri\/\"]}]},{\"@type\":\"ImageObject\",\"inLanguage\":\"ca\",\"@id\":\"https:\/\/www.noubarris.net\/web40\/installaran-a-torre-baro-una-replica-del-bus-47-per-homenatjar-la-lluita-del-barri\/#primaryimage\",\"url\":\"https:\/\/www.noubarris.net\/web40\/wp-content\/uploads\/2024\/09\/pelicula-el47-torre-baro-120624.jpg\",\"contentUrl\":\"https:\/\/www.noubarris.net\/web40\/wp-content\/uploads\/2024\/09\/pelicula-el47-torre-baro-120624.jpg\",\"width\":1920,\"height\":1080},{\"@type\":\"BreadcrumbList\",\"@id\":\"https:\/\/www.noubarris.net\/web40\/installaran-a-torre-baro-una-replica-del-bus-47-per-homenatjar-la-lluita-del-barri\/#breadcrumb\",\"itemListElement\":[{\"@type\":\"ListItem\",\"position\":1,\"name\":\"Inici\",\"item\":\"https:\/\/www.noubarris.net\/web40\/\"},{\"@type\":\"ListItem\",\"position\":2,\"name\":\"Instal\u00b7laran a Torre Bar\u00f3 una r\u00e8plica del bus 47 per homenatjar la lluita del barri\"}]},{\"@type\":\"WebSite\",\"@id\":\"https:\/\/www.noubarris.net\/web40\/#website\",\"url\":\"https:\/\/www.noubarris.net\/web40\/\",\"name\":\"NouBarris.Net\",\"description\":\"Seguint la vida de Nou Barris des de 1985\",\"publisher\":{\"@id\":\"https:\/\/www.noubarris.net\/web40\/#organization\"},\"potentialAction\":[{\"@type\":\"SearchAction\",\"target\":{\"@type\":\"EntryPoint\",\"urlTemplate\":\"https:\/\/www.noubarris.net\/web40\/?s={search_term_string}\"},\"query-input\":{\"@type\":\"PropertyValueSpecification\",\"valueRequired\":true,\"valueName\":\"search_term_string\"}}],\"inLanguage\":\"ca\"},{\"@type\":\"Organization\",\"@id\":\"https:\/\/www.noubarris.net\/web40\/#organization\",\"name\":\"NouBarris.Net\",\"url\":\"https:\/\/www.noubarris.net\/web40\/\",\"logo\":{\"@type\":\"ImageObject\",\"inLanguage\":\"ca\",\"@id\":\"https:\/\/www.noubarris.net\/web40\/#\/schema\/logo\/image\/\",\"url\":\"https:\/\/www.noubarris.net\/web40\/wp-content\/uploads\/2024\/11\/cropped-cropped-LOGO_9BTV-2024_Insta-1.jpg\",\"contentUrl\":\"https:\/\/www.noubarris.net\/web40\/wp-content\/uploads\/2024\/11\/cropped-cropped-LOGO_9BTV-2024_Insta-1.jpg\",\"width\":512,\"height\":512,\"caption\":\"NouBarris.Net\"},\"image\":{\"@id\":\"https:\/\/www.noubarris.net\/web40\/#\/schema\/logo\/image\/\"},\"sameAs\":[\"https:\/\/www.facebook.com\/NouBarris.net\/?locale=es_ES\",\"https:\/\/x.com\/9BTV\"]},{\"@type\":\"Person\",\"@id\":\"https:\/\/www.noubarris.net\/web40\/#\/schema\/person\/1827f92aaa316c54abbf4dac0de76069\",\"name\":\"Informatius\",\"image\":{\"@type\":\"ImageObject\",\"inLanguage\":\"ca\",\"@id\":\"https:\/\/www.noubarris.net\/web40\/#\/schema\/person\/image\/\",\"url\":\"https:\/\/secure.gravatar.com\/avatar\/87a3b47928835fc72c6ee5b0e1a7263ef0c2d05003a98189bc14926c5f11bcdb?s=96&d=mm&r=g\",\"contentUrl\":\"https:\/\/secure.gravatar.com\/avatar\/87a3b47928835fc72c6ee5b0e1a7263ef0c2d05003a98189bc14926c5f11bcdb?s=96&d=mm&r=g\",\"caption\":\"Informatius\"},\"url\":\"https:\/\/www.noubarris.net\/web40\/author\/tele\/\"}]}<\/script>\n<!-- \/ Yoast SEO plugin. -->","yoast_head_json":{"title":"Instal\u00b7laran a Torre Bar\u00f3 una r\u00e8plica del bus 47 per homenatjar la lluita del barri - NouBarris.Net","robots":{"index":"index","follow":"follow","max-snippet":"max-snippet:-1","max-image-preview":"max-image-preview:large","max-video-preview":"max-video-preview:-1"},"canonical":"https:\/\/www.noubarris.net\/web40\/installaran-a-torre-baro-una-replica-del-bus-47-per-homenatjar-la-lluita-del-barri\/","og_locale":"ca_ES","og_type":"article","og_title":"Instal\u00b7laran a Torre Bar\u00f3 una r\u00e8plica del bus 47 per homenatjar la lluita del barri - NouBarris.Net","og_description":"La intenci\u00f3 \u00e9s fixar-lo a la baixada del carrer de Lli\u00e7\u00e0, que passaria a ser peatonal La pel\u00b7l\u00edcula El 47","og_url":"https:\/\/www.noubarris.net\/web40\/installaran-a-torre-baro-una-replica-del-bus-47-per-homenatjar-la-lluita-del-barri\/","og_site_name":"NouBarris.Net","article_publisher":"https:\/\/www.facebook.com\/NouBarris.net\/?locale=es_ES","article_published_time":"2024-12-27T22:00:39+00:00","article_modified_time":"2024-12-28T09:08:03+00:00","og_image":[{"width":1920,"height":1080,"url":"https:\/\/www.noubarris.net\/web40\/wp-content\/uploads\/2024\/09\/pelicula-el47-torre-baro-120624.jpg","type":"image\/jpeg"}],"author":"Informatius","twitter_card":"summary_large_image","twitter_creator":"@9BTV","twitter_site":"@9BTV","twitter_misc":{"Escrit per":"Informatius","Temps estimat de lectura":"3 minuts"},"schema":{"@context":"https:\/\/schema.org","@graph":[{"@type":"Article","@id":"https:\/\/www.noubarris.net\/web40\/installaran-a-torre-baro-una-replica-del-bus-47-per-homenatjar-la-lluita-del-barri\/#article","isPartOf":{"@id":"https:\/\/www.noubarris.net\/web40\/installaran-a-torre-baro-una-replica-del-bus-47-per-homenatjar-la-lluita-del-barri\/"},"author":{"name":"Informatius","@id":"https:\/\/www.noubarris.net\/web40\/#\/schema\/person\/1827f92aaa316c54abbf4dac0de76069"},"headline":"Instal\u00b7laran a Torre Bar\u00f3 una r\u00e8plica del bus 47 per homenatjar la lluita del barri","datePublished":"2024-12-27T22:00:39+00:00","dateModified":"2024-12-28T09:08:03+00:00","mainEntityOfPage":{"@id":"https:\/\/www.noubarris.net\/web40\/installaran-a-torre-baro-una-replica-del-bus-47-per-homenatjar-la-lluita-del-barri\/"},"wordCount":529,"publisher":{"@id":"https:\/\/www.noubarris.net\/web40\/#organization"},"image":{"@id":"https:\/\/www.noubarris.net\/web40\/installaran-a-torre-baro-una-replica-del-bus-47-per-homenatjar-la-lluita-del-barri\/#primaryimage"},"thumbnailUrl":"https:\/\/www.noubarris.net\/web40\/wp-content\/uploads\/2024\/09\/pelicula-el47-torre-baro-120624.jpg","keywords":["Tradicions"],"articleSection":["Societat","Torre Bar\u00f3"],"inLanguage":"ca"},{"@type":"WebPage","@id":"https:\/\/www.noubarris.net\/web40\/installaran-a-torre-baro-una-replica-del-bus-47-per-homenatjar-la-lluita-del-barri\/","url":"https:\/\/www.noubarris.net\/web40\/installaran-a-torre-baro-una-replica-del-bus-47-per-homenatjar-la-lluita-del-barri\/","name":"Instal\u00b7laran a Torre Bar\u00f3 una r\u00e8plica del bus 47 per homenatjar la lluita del barri - NouBarris.Net","isPartOf":{"@id":"https:\/\/www.noubarris.net\/web40\/#website"},"primaryImageOfPage":{"@id":"https:\/\/www.noubarris.net\/web40\/installaran-a-torre-baro-una-replica-del-bus-47-per-homenatjar-la-lluita-del-barri\/#primaryimage"},"image":{"@id":"https:\/\/www.noubarris.net\/web40\/installaran-a-torre-baro-una-replica-del-bus-47-per-homenatjar-la-lluita-del-barri\/#primaryimage"},"thumbnailUrl":"https:\/\/www.noubarris.net\/web40\/wp-content\/uploads\/2024\/09\/pelicula-el47-torre-baro-120624.jpg","datePublished":"2024-12-27T22:00:39+00:00","dateModified":"2024-12-28T09:08:03+00:00","breadcrumb":{"@id":"https:\/\/www.noubarris.net\/web40\/installaran-a-torre-baro-una-replica-del-bus-47-per-homenatjar-la-lluita-del-barri\/#breadcrumb"},"inLanguage":"ca","potentialAction":[{"@type":"ReadAction","target":["https:\/\/www.noubarris.net\/web40\/installaran-a-torre-baro-una-replica-del-bus-47-per-homenatjar-la-lluita-del-barri\/"]}]},{"@type":"ImageObject","inLanguage":"ca","@id":"https:\/\/www.noubarris.net\/web40\/installaran-a-torre-baro-una-replica-del-bus-47-per-homenatjar-la-lluita-del-barri\/#primaryimage","url":"https:\/\/www.noubarris.net\/web40\/wp-content\/uploads\/2024\/09\/pelicula-el47-torre-baro-120624.jpg","contentUrl":"https:\/\/www.noubarris.net\/web40\/wp-content\/uploads\/2024\/09\/pelicula-el47-torre-baro-120624.jpg","width":1920,"height":1080},{"@type":"BreadcrumbList","@id":"https:\/\/www.noubarris.net\/web40\/installaran-a-torre-baro-una-replica-del-bus-47-per-homenatjar-la-lluita-del-barri\/#breadcrumb","itemListElement":[{"@type":"ListItem","position":1,"name":"Inici","item":"https:\/\/www.noubarris.net\/web40\/"},{"@type":"ListItem","position":2,"name":"Instal\u00b7laran a Torre Bar\u00f3 una r\u00e8plica del bus 47 per homenatjar la lluita del barri"}]},{"@type":"WebSite","@id":"https:\/\/www.noubarris.net\/web40\/#website","url":"https:\/\/www.noubarris.net\/web40\/","name":"NouBarris.Net","description":"Seguint la vida de Nou Barris des de 1985","publisher":{"@id":"https:\/\/www.noubarris.net\/web40\/#organization"},"potentialAction":[{"@type":"SearchAction","target":{"@type":"EntryPoint","urlTemplate":"https:\/\/www.noubarris.net\/web40\/?s={search_term_string}"},"query-input":{"@type":"PropertyValueSpecification","valueRequired":true,"valueName":"search_term_string"}}],"inLanguage":"ca"},{"@type":"Organization","@id":"https:\/\/www.noubarris.net\/web40\/#organization","name":"NouBarris.Net","url":"https:\/\/www.noubarris.net\/web40\/","logo":{"@type":"ImageObject","inLanguage":"ca","@id":"https:\/\/www.noubarris.net\/web40\/#\/schema\/logo\/image\/","url":"https:\/\/www.noubarris.net\/web40\/wp-content\/uploads\/2024\/11\/cropped-cropped-LOGO_9BTV-2024_Insta-1.jpg","contentUrl":"https:\/\/www.noubarris.net\/web40\/wp-content\/uploads\/2024\/11\/cropped-cropped-LOGO_9BTV-2024_Insta-1.jpg","width":512,"height":512,"caption":"NouBarris.Net"},"image":{"@id":"https:\/\/www.noubarris.net\/web40\/#\/schema\/logo\/image\/"},"sameAs":["https:\/\/www.facebook.com\/NouBarris.net\/?locale=es_ES","https:\/\/x.com\/9BTV"]},{"@type":"Person","@id":"https:\/\/www.noubarris.net\/web40\/#\/schema\/person\/1827f92aaa316c54abbf4dac0de76069","name":"Informatius","image":{"@type":"ImageObject","inLanguage":"ca","@id":"https:\/\/www.noubarris.net\/web40\/#\/schema\/person\/image\/","url":"https:\/\/secure.gravatar.com\/avatar\/87a3b47928835fc72c6ee5b0e1a7263ef0c2d05003a98189bc14926c5f11bcdb?s=96&d=mm&r=g","contentUrl":"https:\/\/secure.gravatar.com\/avatar\/87a3b47928835fc72c6ee5b0e1a7263ef0c2d05003a98189bc14926c5f11bcdb?s=96&d=mm&r=g","caption":"Informatius"},"url":"https:\/\/www.noubarris.net\/web40\/author\/tele\/"}]}},"_links":{"self":[{"href":"https:\/\/www.noubarris.net\/web40\/wp-json\/wp\/v2\/posts\/83591","targetHints":{"allow":["GET"]}}],"collection":[{"href":"https:\/\/www.noubarris.net\/web40\/wp-json\/wp\/v2\/posts"}],"about":[{"href":"https:\/\/www.noubarris.net\/web40\/wp-json\/wp\/v2\/types\/post"}],"author":[{"embeddable":true,"href":"https:\/\/www.noubarris.net\/web40\/wp-json\/wp\/v2\/users\/2"}],"replies":[{"embeddable":true,"href":"https:\/\/www.noubarris.net\/web40\/wp-json\/wp\/v2\/comments?post=83591"}],"version-history":[{"count":7,"href":"https:\/\/www.noubarris.net\/web40\/wp-json\/wp\/v2\/posts\/83591\/revisions"}],"predecessor-version":[{"id":83613,"href":"https:\/\/www.noubarris.net\/web40\/wp-json\/wp\/v2\/posts\/83591\/revisions\/83613"}],"wp:featuredmedia":[{"embeddable":true,"href":"https:\/\/www.noubarris.net\/web40\/wp-json\/wp\/v2\/media\/83130"}],"wp:attachment":[{"href":"https:\/\/www.noubarris.net\/web40\/wp-json\/wp\/v2\/media?parent=83591"}],"wp:term":[{"taxonomy":"category","embeddable":true,"href":"https:\/\/www.noubarris.net\/web40\/wp-json\/wp\/v2\/categories?post=83591"},{"taxonomy":"post_tag","embeddable":true,"href":"https:\/\/www.noubarris.net\/web40\/wp-json\/wp\/v2\/tags?post=83591"}],"curies":[{"name":"wp","href":"https:\/\/api.w.org\/{rel}","templated":true}]}}