{"id":83631,"date":"2025-01-02T12:27:00","date_gmt":"2025-01-02T10:27:00","guid":{"rendered":"https:\/\/www.noubarris.net\/web40\/?p=83631"},"modified":"2025-01-03T14:26:00","modified_gmt":"2025-01-03T12:26:00","slug":"el-campament-reial-sobre-als-infants-i-families-de-nou-barris","status":"publish","type":"post","link":"https:\/\/www.noubarris.net\/web40\/el-campament-reial-sobre-als-infants-i-families-de-nou-barris\/","title":{"rendered":"El Campament Reial s\u2019obre als infants i fam\u00edlies de Nou Barris"},"content":{"rendered":"<p><strong>Es podr\u00e0 visitar gratu\u00eftament al Pati de la Seu del Districte les tardes del 2 al 4 de gener<\/strong><\/p>\n<p>Per cinqu\u00e8 any consecutiu, el seguici que acompanya els Reis d\u2019Orient s\u2019atura a Nou Barris per descansar tres dies abans de la cavalcada que recorrer\u00e0 els nostres carrers. I com \u00e9s costum, el campament obre les portes els dies 2, 3 i 4 de gener al Pati de la Seu del Districte entre les 17 i les 21h a tothom que vulgui con\u00e8ixer m\u00e9s de prop totes les persones m\u00e0giques que el conformen. En el cas d\u2019avui, 2 de gener, hi haur\u00e0 disponible un codi QR amb audiodescripci\u00f3, visita t\u00e0ctil, visita guiada en LSC, recorregut accessible per a persones amb mobilitat redu\u00efda i visita adaptada per a infants amb autisme (hora tranquil\u00b7la).<\/p>\n<p>Hi trobareu l\u2019estel, els astr\u00f2legs, les gimnastes reials, els vigilants dels desitjos immaterials, les fades de la son, els carters reials, els fabricants de joguines, els vigilants de la clau m\u00e0gica, les caramel\u00b7leres, les cosidores, els xumeters, els patges reials, la carbonera i els guardians de la llum. Aquest any, a m\u00e9s, s\u2019hi incorporen els arquitectes reials, que han constru\u00eft un seguit de casetes on s\u2019allotjaran durant aquests dies.<\/p>\n<p>A m\u00e9s, s\u2019ha ampliat el cos de ball. A les espurnes de foc i les gimnastes reials, s\u2019hi suma el Ballet de Barcelona, que far\u00e0 una interpretaci\u00f3 del Trencanous, un espectacle de dansa cl\u00e0ssica que s\u2019afegeix al de gimn\u00e0stica r\u00edtmica i a les coreografies de jazz. La companyia La Fam amenitzar\u00e0 tamb\u00e9 les estones d\u2019espera amb un espectacle basat en uns divertits personatges: els minairons.<\/p>\n<p><iframe loading=\"lazy\" title=\"Campament Reial de Nou Barris 2024\" width=\"800\" height=\"450\" src=\"https:\/\/www.youtube.com\/embed\/mpUg4YI_Gfs?feature=oembed\" frameborder=\"0\" allow=\"accelerometer; autoplay; clipboard-write; encrypted-media; gyroscope; picture-in-picture; web-share\" referrerpolicy=\"strict-origin-when-cross-origin\" allowfullscreen><\/iframe><\/p>\n","protected":false},"excerpt":{"rendered":"<p>Es podr\u00e0 visitar gratu\u00eftament al Pati de la Seu del Districte les tardes del 2 al 4 de gener Per<\/p>\n","protected":false},"author":2,"featured_media":83632,"comment_status":"closed","ping_status":"closed","sticky":false,"template":"","format":"standard","meta":{"colormag_page_layout":"default_layout","_monsterinsights_skip_tracking":false,"_monsterinsights_sitenote_active":false,"_monsterinsights_sitenote_note":"","_monsterinsights_sitenote_category":0,"footnotes":""},"categories":[1],"tags":[],"class_list":["post-83631","post","type-post","status-publish","format-standard","has-post-thumbnail","hentry","category-nou-barris"],"yoast_head":"<!-- This site is optimized with the Yoast SEO plugin v25.3 - https:\/\/yoast.com\/wordpress\/plugins\/seo\/ -->\n<title>El Campament Reial s\u2019obre als infants i fam\u00edlies de Nou Barris - NouBarris.Net<\/title>\n<meta name=\"robots\" content=\"index, follow, max-snippet:-1, max-image-preview:large, max-video-preview:-1\" \/>\n<link rel=\"canonical\" href=\"https:\/\/www.noubarris.net\/web40\/el-campament-reial-sobre-als-infants-i-families-de-nou-barris\/\" \/>\n<meta property=\"og:locale\" content=\"ca_ES\" \/>\n<meta property=\"og:type\" content=\"article\" \/>\n<meta property=\"og:title\" content=\"El Campament Reial s\u2019obre als infants i fam\u00edlies de Nou Barris - NouBarris.Net\" \/>\n<meta property=\"og:description\" content=\"Es podr\u00e0 visitar gratu\u00eftament al Pati de la Seu del Districte les tardes del 2 al 4 de gener Per\" \/>\n<meta property=\"og:url\" content=\"https:\/\/www.noubarris.net\/web40\/el-campament-reial-sobre-als-infants-i-families-de-nou-barris\/\" \/>\n<meta property=\"og:site_name\" content=\"NouBarris.Net\" \/>\n<meta property=\"article:publisher\" content=\"https:\/\/www.facebook.com\/NouBarris.net\/?locale=es_ES\" \/>\n<meta property=\"article:published_time\" content=\"2025-01-02T10:27:00+00:00\" \/>\n<meta property=\"article:modified_time\" content=\"2025-01-03T12:26:00+00:00\" \/>\n<meta property=\"og:image\" content=\"https:\/\/www.noubarris.net\/web40\/wp-content\/uploads\/2025\/01\/5861fffd-bd92-486d-8218-f29ce9e43587.jpeg\" \/>\n\t<meta property=\"og:image:width\" content=\"1600\" \/>\n\t<meta property=\"og:image:height\" content=\"1064\" \/>\n\t<meta property=\"og:image:type\" content=\"image\/jpeg\" \/>\n<meta name=\"author\" content=\"Informatius\" \/>\n<meta name=\"twitter:card\" content=\"summary_large_image\" \/>\n<meta name=\"twitter:creator\" content=\"@9BTV\" \/>\n<meta name=\"twitter:site\" content=\"@9BTV\" \/>\n<meta name=\"twitter:label1\" content=\"Escrit per\" \/>\n\t<meta name=\"twitter:data1\" content=\"Informatius\" \/>\n\t<meta name=\"twitter:label2\" content=\"Temps estimat de lectura\" \/>\n\t<meta name=\"twitter:data2\" content=\"2 minuts\" \/>\n<script type=\"application\/ld+json\" class=\"yoast-schema-graph\">{\"@context\":\"https:\/\/schema.org\",\"@graph\":[{\"@type\":\"Article\",\"@id\":\"https:\/\/www.noubarris.net\/web40\/el-campament-reial-sobre-als-infants-i-families-de-nou-barris\/#article\",\"isPartOf\":{\"@id\":\"https:\/\/www.noubarris.net\/web40\/el-campament-reial-sobre-als-infants-i-families-de-nou-barris\/\"},\"author\":{\"name\":\"Informatius\",\"@id\":\"https:\/\/www.noubarris.net\/web40\/#\/schema\/person\/1827f92aaa316c54abbf4dac0de76069\"},\"headline\":\"El Campament Reial s\u2019obre als infants i fam\u00edlies de Nou Barris\",\"datePublished\":\"2025-01-02T10:27:00+00:00\",\"dateModified\":\"2025-01-03T12:26:00+00:00\",\"mainEntityOfPage\":{\"@id\":\"https:\/\/www.noubarris.net\/web40\/el-campament-reial-sobre-als-infants-i-families-de-nou-barris\/\"},\"wordCount\":305,\"publisher\":{\"@id\":\"https:\/\/www.noubarris.net\/web40\/#organization\"},\"image\":{\"@id\":\"https:\/\/www.noubarris.net\/web40\/el-campament-reial-sobre-als-infants-i-families-de-nou-barris\/#primaryimage\"},\"thumbnailUrl\":\"https:\/\/www.noubarris.net\/web40\/wp-content\/uploads\/2025\/01\/5861fffd-bd92-486d-8218-f29ce9e43587.jpeg\",\"articleSection\":[\"Nou Barris\"],\"inLanguage\":\"ca\"},{\"@type\":\"WebPage\",\"@id\":\"https:\/\/www.noubarris.net\/web40\/el-campament-reial-sobre-als-infants-i-families-de-nou-barris\/\",\"url\":\"https:\/\/www.noubarris.net\/web40\/el-campament-reial-sobre-als-infants-i-families-de-nou-barris\/\",\"name\":\"El Campament Reial s\u2019obre als infants i fam\u00edlies de Nou Barris - NouBarris.Net\",\"isPartOf\":{\"@id\":\"https:\/\/www.noubarris.net\/web40\/#website\"},\"primaryImageOfPage\":{\"@id\":\"https:\/\/www.noubarris.net\/web40\/el-campament-reial-sobre-als-infants-i-families-de-nou-barris\/#primaryimage\"},\"image\":{\"@id\":\"https:\/\/www.noubarris.net\/web40\/el-campament-reial-sobre-als-infants-i-families-de-nou-barris\/#primaryimage\"},\"thumbnailUrl\":\"https:\/\/www.noubarris.net\/web40\/wp-content\/uploads\/2025\/01\/5861fffd-bd92-486d-8218-f29ce9e43587.jpeg\",\"datePublished\":\"2025-01-02T10:27:00+00:00\",\"dateModified\":\"2025-01-03T12:26:00+00:00\",\"breadcrumb\":{\"@id\":\"https:\/\/www.noubarris.net\/web40\/el-campament-reial-sobre-als-infants-i-families-de-nou-barris\/#breadcrumb\"},\"inLanguage\":\"ca\",\"potentialAction\":[{\"@type\":\"ReadAction\",\"target\":[\"https:\/\/www.noubarris.net\/web40\/el-campament-reial-sobre-als-infants-i-families-de-nou-barris\/\"]}]},{\"@type\":\"ImageObject\",\"inLanguage\":\"ca\",\"@id\":\"https:\/\/www.noubarris.net\/web40\/el-campament-reial-sobre-als-infants-i-families-de-nou-barris\/#primaryimage\",\"url\":\"https:\/\/www.noubarris.net\/web40\/wp-content\/uploads\/2025\/01\/5861fffd-bd92-486d-8218-f29ce9e43587.jpeg\",\"contentUrl\":\"https:\/\/www.noubarris.net\/web40\/wp-content\/uploads\/2025\/01\/5861fffd-bd92-486d-8218-f29ce9e43587.jpeg\",\"width\":1600,\"height\":1064,\"caption\":\"Campament Reial Nou Barris\"},{\"@type\":\"BreadcrumbList\",\"@id\":\"https:\/\/www.noubarris.net\/web40\/el-campament-reial-sobre-als-infants-i-families-de-nou-barris\/#breadcrumb\",\"itemListElement\":[{\"@type\":\"ListItem\",\"position\":1,\"name\":\"Inici\",\"item\":\"https:\/\/www.noubarris.net\/web40\/\"},{\"@type\":\"ListItem\",\"position\":2,\"name\":\"El Campament Reial s\u2019obre als infants i fam\u00edlies de Nou Barris\"}]},{\"@type\":\"WebSite\",\"@id\":\"https:\/\/www.noubarris.net\/web40\/#website\",\"url\":\"https:\/\/www.noubarris.net\/web40\/\",\"name\":\"NouBarris.Net\",\"description\":\"Seguint la vida de Nou Barris des de 1985\",\"publisher\":{\"@id\":\"https:\/\/www.noubarris.net\/web40\/#organization\"},\"potentialAction\":[{\"@type\":\"SearchAction\",\"target\":{\"@type\":\"EntryPoint\",\"urlTemplate\":\"https:\/\/www.noubarris.net\/web40\/?s={search_term_string}\"},\"query-input\":{\"@type\":\"PropertyValueSpecification\",\"valueRequired\":true,\"valueName\":\"search_term_string\"}}],\"inLanguage\":\"ca\"},{\"@type\":\"Organization\",\"@id\":\"https:\/\/www.noubarris.net\/web40\/#organization\",\"name\":\"NouBarris.Net\",\"url\":\"https:\/\/www.noubarris.net\/web40\/\",\"logo\":{\"@type\":\"ImageObject\",\"inLanguage\":\"ca\",\"@id\":\"https:\/\/www.noubarris.net\/web40\/#\/schema\/logo\/image\/\",\"url\":\"https:\/\/www.noubarris.net\/web40\/wp-content\/uploads\/2024\/11\/cropped-cropped-LOGO_9BTV-2024_Insta-1.jpg\",\"contentUrl\":\"https:\/\/www.noubarris.net\/web40\/wp-content\/uploads\/2024\/11\/cropped-cropped-LOGO_9BTV-2024_Insta-1.jpg\",\"width\":512,\"height\":512,\"caption\":\"NouBarris.Net\"},\"image\":{\"@id\":\"https:\/\/www.noubarris.net\/web40\/#\/schema\/logo\/image\/\"},\"sameAs\":[\"https:\/\/www.facebook.com\/NouBarris.net\/?locale=es_ES\",\"https:\/\/x.com\/9BTV\"]},{\"@type\":\"Person\",\"@id\":\"https:\/\/www.noubarris.net\/web40\/#\/schema\/person\/1827f92aaa316c54abbf4dac0de76069\",\"name\":\"Informatius\",\"image\":{\"@type\":\"ImageObject\",\"inLanguage\":\"ca\",\"@id\":\"https:\/\/www.noubarris.net\/web40\/#\/schema\/person\/image\/\",\"url\":\"https:\/\/secure.gravatar.com\/avatar\/87a3b47928835fc72c6ee5b0e1a7263ef0c2d05003a98189bc14926c5f11bcdb?s=96&d=mm&r=g\",\"contentUrl\":\"https:\/\/secure.gravatar.com\/avatar\/87a3b47928835fc72c6ee5b0e1a7263ef0c2d05003a98189bc14926c5f11bcdb?s=96&d=mm&r=g\",\"caption\":\"Informatius\"},\"url\":\"https:\/\/www.noubarris.net\/web40\/author\/tele\/\"}]}<\/script>\n<!-- \/ Yoast SEO plugin. -->","yoast_head_json":{"title":"El Campament Reial s\u2019obre als infants i fam\u00edlies de Nou Barris - NouBarris.Net","robots":{"index":"index","follow":"follow","max-snippet":"max-snippet:-1","max-image-preview":"max-image-preview:large","max-video-preview":"max-video-preview:-1"},"canonical":"https:\/\/www.noubarris.net\/web40\/el-campament-reial-sobre-als-infants-i-families-de-nou-barris\/","og_locale":"ca_ES","og_type":"article","og_title":"El Campament Reial s\u2019obre als infants i fam\u00edlies de Nou Barris - NouBarris.Net","og_description":"Es podr\u00e0 visitar gratu\u00eftament al Pati de la Seu del Districte les tardes del 2 al 4 de gener Per","og_url":"https:\/\/www.noubarris.net\/web40\/el-campament-reial-sobre-als-infants-i-families-de-nou-barris\/","og_site_name":"NouBarris.Net","article_publisher":"https:\/\/www.facebook.com\/NouBarris.net\/?locale=es_ES","article_published_time":"2025-01-02T10:27:00+00:00","article_modified_time":"2025-01-03T12:26:00+00:00","og_image":[{"width":1600,"height":1064,"url":"https:\/\/www.noubarris.net\/web40\/wp-content\/uploads\/2025\/01\/5861fffd-bd92-486d-8218-f29ce9e43587.jpeg","type":"image\/jpeg"}],"author":"Informatius","twitter_card":"summary_large_image","twitter_creator":"@9BTV","twitter_site":"@9BTV","twitter_misc":{"Escrit per":"Informatius","Temps estimat de lectura":"2 minuts"},"schema":{"@context":"https:\/\/schema.org","@graph":[{"@type":"Article","@id":"https:\/\/www.noubarris.net\/web40\/el-campament-reial-sobre-als-infants-i-families-de-nou-barris\/#article","isPartOf":{"@id":"https:\/\/www.noubarris.net\/web40\/el-campament-reial-sobre-als-infants-i-families-de-nou-barris\/"},"author":{"name":"Informatius","@id":"https:\/\/www.noubarris.net\/web40\/#\/schema\/person\/1827f92aaa316c54abbf4dac0de76069"},"headline":"El Campament Reial s\u2019obre als infants i fam\u00edlies de Nou Barris","datePublished":"2025-01-02T10:27:00+00:00","dateModified":"2025-01-03T12:26:00+00:00","mainEntityOfPage":{"@id":"https:\/\/www.noubarris.net\/web40\/el-campament-reial-sobre-als-infants-i-families-de-nou-barris\/"},"wordCount":305,"publisher":{"@id":"https:\/\/www.noubarris.net\/web40\/#organization"},"image":{"@id":"https:\/\/www.noubarris.net\/web40\/el-campament-reial-sobre-als-infants-i-families-de-nou-barris\/#primaryimage"},"thumbnailUrl":"https:\/\/www.noubarris.net\/web40\/wp-content\/uploads\/2025\/01\/5861fffd-bd92-486d-8218-f29ce9e43587.jpeg","articleSection":["Nou Barris"],"inLanguage":"ca"},{"@type":"WebPage","@id":"https:\/\/www.noubarris.net\/web40\/el-campament-reial-sobre-als-infants-i-families-de-nou-barris\/","url":"https:\/\/www.noubarris.net\/web40\/el-campament-reial-sobre-als-infants-i-families-de-nou-barris\/","name":"El Campament Reial s\u2019obre als infants i fam\u00edlies de Nou Barris - NouBarris.Net","isPartOf":{"@id":"https:\/\/www.noubarris.net\/web40\/#website"},"primaryImageOfPage":{"@id":"https:\/\/www.noubarris.net\/web40\/el-campament-reial-sobre-als-infants-i-families-de-nou-barris\/#primaryimage"},"image":{"@id":"https:\/\/www.noubarris.net\/web40\/el-campament-reial-sobre-als-infants-i-families-de-nou-barris\/#primaryimage"},"thumbnailUrl":"https:\/\/www.noubarris.net\/web40\/wp-content\/uploads\/2025\/01\/5861fffd-bd92-486d-8218-f29ce9e43587.jpeg","datePublished":"2025-01-02T10:27:00+00:00","dateModified":"2025-01-03T12:26:00+00:00","breadcrumb":{"@id":"https:\/\/www.noubarris.net\/web40\/el-campament-reial-sobre-als-infants-i-families-de-nou-barris\/#breadcrumb"},"inLanguage":"ca","potentialAction":[{"@type":"ReadAction","target":["https:\/\/www.noubarris.net\/web40\/el-campament-reial-sobre-als-infants-i-families-de-nou-barris\/"]}]},{"@type":"ImageObject","inLanguage":"ca","@id":"https:\/\/www.noubarris.net\/web40\/el-campament-reial-sobre-als-infants-i-families-de-nou-barris\/#primaryimage","url":"https:\/\/www.noubarris.net\/web40\/wp-content\/uploads\/2025\/01\/5861fffd-bd92-486d-8218-f29ce9e43587.jpeg","contentUrl":"https:\/\/www.noubarris.net\/web40\/wp-content\/uploads\/2025\/01\/5861fffd-bd92-486d-8218-f29ce9e43587.jpeg","width":1600,"height":1064,"caption":"Campament Reial Nou Barris"},{"@type":"BreadcrumbList","@id":"https:\/\/www.noubarris.net\/web40\/el-campament-reial-sobre-als-infants-i-families-de-nou-barris\/#breadcrumb","itemListElement":[{"@type":"ListItem","position":1,"name":"Inici","item":"https:\/\/www.noubarris.net\/web40\/"},{"@type":"ListItem","position":2,"name":"El Campament Reial s\u2019obre als infants i fam\u00edlies de Nou Barris"}]},{"@type":"WebSite","@id":"https:\/\/www.noubarris.net\/web40\/#website","url":"https:\/\/www.noubarris.net\/web40\/","name":"NouBarris.Net","description":"Seguint la vida de Nou Barris des de 1985","publisher":{"@id":"https:\/\/www.noubarris.net\/web40\/#organization"},"potentialAction":[{"@type":"SearchAction","target":{"@type":"EntryPoint","urlTemplate":"https:\/\/www.noubarris.net\/web40\/?s={search_term_string}"},"query-input":{"@type":"PropertyValueSpecification","valueRequired":true,"valueName":"search_term_string"}}],"inLanguage":"ca"},{"@type":"Organization","@id":"https:\/\/www.noubarris.net\/web40\/#organization","name":"NouBarris.Net","url":"https:\/\/www.noubarris.net\/web40\/","logo":{"@type":"ImageObject","inLanguage":"ca","@id":"https:\/\/www.noubarris.net\/web40\/#\/schema\/logo\/image\/","url":"https:\/\/www.noubarris.net\/web40\/wp-content\/uploads\/2024\/11\/cropped-cropped-LOGO_9BTV-2024_Insta-1.jpg","contentUrl":"https:\/\/www.noubarris.net\/web40\/wp-content\/uploads\/2024\/11\/cropped-cropped-LOGO_9BTV-2024_Insta-1.jpg","width":512,"height":512,"caption":"NouBarris.Net"},"image":{"@id":"https:\/\/www.noubarris.net\/web40\/#\/schema\/logo\/image\/"},"sameAs":["https:\/\/www.facebook.com\/NouBarris.net\/?locale=es_ES","https:\/\/x.com\/9BTV"]},{"@type":"Person","@id":"https:\/\/www.noubarris.net\/web40\/#\/schema\/person\/1827f92aaa316c54abbf4dac0de76069","name":"Informatius","image":{"@type":"ImageObject","inLanguage":"ca","@id":"https:\/\/www.noubarris.net\/web40\/#\/schema\/person\/image\/","url":"https:\/\/secure.gravatar.com\/avatar\/87a3b47928835fc72c6ee5b0e1a7263ef0c2d05003a98189bc14926c5f11bcdb?s=96&d=mm&r=g","contentUrl":"https:\/\/secure.gravatar.com\/avatar\/87a3b47928835fc72c6ee5b0e1a7263ef0c2d05003a98189bc14926c5f11bcdb?s=96&d=mm&r=g","caption":"Informatius"},"url":"https:\/\/www.noubarris.net\/web40\/author\/tele\/"}]}},"_links":{"self":[{"href":"https:\/\/www.noubarris.net\/web40\/wp-json\/wp\/v2\/posts\/83631","targetHints":{"allow":["GET"]}}],"collection":[{"href":"https:\/\/www.noubarris.net\/web40\/wp-json\/wp\/v2\/posts"}],"about":[{"href":"https:\/\/www.noubarris.net\/web40\/wp-json\/wp\/v2\/types\/post"}],"author":[{"embeddable":true,"href":"https:\/\/www.noubarris.net\/web40\/wp-json\/wp\/v2\/users\/2"}],"replies":[{"embeddable":true,"href":"https:\/\/www.noubarris.net\/web40\/wp-json\/wp\/v2\/comments?post=83631"}],"version-history":[{"count":2,"href":"https:\/\/www.noubarris.net\/web40\/wp-json\/wp\/v2\/posts\/83631\/revisions"}],"predecessor-version":[{"id":83636,"href":"https:\/\/www.noubarris.net\/web40\/wp-json\/wp\/v2\/posts\/83631\/revisions\/83636"}],"wp:featuredmedia":[{"embeddable":true,"href":"https:\/\/www.noubarris.net\/web40\/wp-json\/wp\/v2\/media\/83632"}],"wp:attachment":[{"href":"https:\/\/www.noubarris.net\/web40\/wp-json\/wp\/v2\/media?parent=83631"}],"wp:term":[{"taxonomy":"category","embeddable":true,"href":"https:\/\/www.noubarris.net\/web40\/wp-json\/wp\/v2\/categories?post=83631"},{"taxonomy":"post_tag","embeddable":true,"href":"https:\/\/www.noubarris.net\/web40\/wp-json\/wp\/v2\/tags?post=83631"}],"curies":[{"name":"wp","href":"https:\/\/api.w.org\/{rel}","templated":true}]}}