{"id":83637,"date":"2025-01-04T21:43:40","date_gmt":"2025-01-04T19:43:40","guid":{"rendered":"https:\/\/www.noubarris.net\/web40\/?p=83637"},"modified":"2025-01-04T21:43:40","modified_gmt":"2025-01-04T19:43:40","slug":"atencio-nou-barris-aquests-son-els-horaris-de-larribada-i-la-cavalcada-dels-reis-dorient","status":"publish","type":"post","link":"https:\/\/www.noubarris.net\/web40\/atencio-nou-barris-aquests-son-els-horaris-de-larribada-i-la-cavalcada-dels-reis-dorient\/","title":{"rendered":"Atenci\u00f3 Nou Barris: aquests s\u00f3n els horaris de l&#8217;arribada i la cavalcada dels Reis d&#8217;Orient"},"content":{"rendered":"<p><strong>Com ja \u00e9s habitual, Ses Majestats arribaran primer a la Zona Nord abans de sortir al balc\u00f3 de la Seu del Districte<\/strong><\/p>\n<p>Ja \u00e9s aqu\u00ed un dels dies m\u00e9s m\u00e0gics i impacients de l&#8217;any: la vig\u00edlia del dia de Reis, amb les darreres cartes de desitjos i l&#8217;esperada cavalcada de Ses Majestats d&#8217;Orient. Des de fa uns dies el <a href=\"https:\/\/www.youtube.com\/watch?v=mpUg4YI_Gfs\" target=\"_blank\" rel=\"noopener\"><strong>seguici ha estat descansant al campament instal\u00b7lat al Pati de la Seu del Districte<\/strong><\/a> per agafar forces per a aquesta nit. Abans de repartir els regals -o el carb\u00f3- per\u00f2, encara tenen una agenda apretada, amb l&#8217;arribada dels tres Reis i la cavalcada. Aquests s\u00f3n els horaris i ubicacions:<\/p>\n<p>-16 h: Cercavila a la Zona Nord. Diverses entitats de la Zona Nord han organitzat una cavalcada pr\u00e8via a l&#8217;arribada de Ses Majestats pels carrers de Ciutat Meridiana, per tal de repartir caramels i ajudar a recollir les cartes de les fam\u00edlies. \u00a0El recorregut \u00e9s: sortida de l\u2019escola Mestre Morera, carrer de Perafita, avinguda dels Rasos de Peguera, carrer de les Agudes, carrer de Costabona, avinguda dels Rasos de Peguera, carrer de Vallcivera, avinguda Vallbona, i pla\u00e7a Roja.<\/p>\n<p>-17.15h:\u00a0Melcior, Gaspar i Baltasar arribaran a la pla\u00e7a Roja de Ciutat Meridiana. All\u00e0 s&#8217;adre\u00e7aran a petits i grans, i rebran de mans de representants del Districte de Nou Barris el pa i la sal com a senyal de benvinguda, i una cosa molt important: la clau que obre totes les portes.<\/p>\n<p>-18h A la pla\u00e7a Major arrencar\u00e0 el tradicional espectacle que amenitza l&#8217;espera dels tres reis. Cal dir que a partir de les 17.30h s&#8217;habilitar\u00e0 un espai reservat per a persones amb mobilitat redu\u00efda al costat de l\u2019escenari (es prega arribar una estona abans), servei de llengua de signes i subtitulaci\u00f3.<\/p>\n<p>-Arribada de Melcior, Gaspar i Baltasar. Sortiran al balc\u00f3 de la Seu de Districte, acompanyats per representants del govern de Nou Barris. Saludaran els assistents a la pla\u00e7a i repetiran el protocol de benvinguda tradicional.<\/p>\n<p>-19h Arrenca la cavalcada amb una vintena d\u2019entitats participants. La comitiva sortir\u00e0 des de la conflu\u00e8ncia de la Via Fav\u00e8ncia amb la Via J\u00falia i passar\u00e0 per la pla\u00e7a de la Rep\u00fablica, el passeig de Verdun, el carrer del doctor Pi i Molist, el passeig de Fabra i Puig i finalment arribar\u00e0 a l\u2019avinguda de la Meridiana.<\/p>\n<p>-Toca anar a dormir aviat sense oblidar deixar aigua i menjar per als camells i Ses Majestats.<\/p>\n","protected":false},"excerpt":{"rendered":"<p>Com ja \u00e9s habitual, Ses Majestats arribaran primer a la Zona Nord abans de sortir al balc\u00f3 de la Seu<\/p>\n","protected":false},"author":2,"featured_media":83638,"comment_status":"closed","ping_status":"closed","sticky":false,"template":"","format":"standard","meta":{"colormag_page_layout":"default_layout","_monsterinsights_skip_tracking":false,"_monsterinsights_sitenote_active":false,"_monsterinsights_sitenote_note":"","_monsterinsights_sitenote_category":0,"footnotes":""},"categories":[129],"tags":[410,369,411],"class_list":["post-83637","post","type-post","status-publish","format-standard","has-post-thumbnail","hentry","category-cultura","tag-cavalcada","tag-nadal","tag-reis-mags"],"yoast_head":"<!-- This site is optimized with the Yoast SEO plugin v25.3 - https:\/\/yoast.com\/wordpress\/plugins\/seo\/ -->\n<title>Atenci\u00f3 Nou Barris: aquests s\u00f3n els horaris de l&#039;arribada i la cavalcada dels Reis d&#039;Orient - NouBarris.Net<\/title>\n<meta name=\"robots\" content=\"index, follow, max-snippet:-1, max-image-preview:large, max-video-preview:-1\" \/>\n<link rel=\"canonical\" href=\"https:\/\/www.noubarris.net\/web40\/atencio-nou-barris-aquests-son-els-horaris-de-larribada-i-la-cavalcada-dels-reis-dorient\/\" \/>\n<meta property=\"og:locale\" content=\"ca_ES\" \/>\n<meta property=\"og:type\" content=\"article\" \/>\n<meta property=\"og:title\" content=\"Atenci\u00f3 Nou Barris: aquests s\u00f3n els horaris de l&#039;arribada i la cavalcada dels Reis d&#039;Orient - NouBarris.Net\" \/>\n<meta property=\"og:description\" content=\"Com ja \u00e9s habitual, Ses Majestats arribaran primer a la Zona Nord abans de sortir al balc\u00f3 de la Seu\" \/>\n<meta property=\"og:url\" content=\"https:\/\/www.noubarris.net\/web40\/atencio-nou-barris-aquests-son-els-horaris-de-larribada-i-la-cavalcada-dels-reis-dorient\/\" \/>\n<meta property=\"og:site_name\" content=\"NouBarris.Net\" \/>\n<meta property=\"article:publisher\" content=\"https:\/\/www.facebook.com\/NouBarris.net\/?locale=es_ES\" \/>\n<meta property=\"article:published_time\" content=\"2025-01-04T19:43:40+00:00\" \/>\n<meta property=\"og:image\" content=\"https:\/\/www.noubarris.net\/web40\/wp-content\/uploads\/2025\/01\/050125.jpg\" \/>\n\t<meta property=\"og:image:width\" content=\"768\" \/>\n\t<meta property=\"og:image:height\" content=\"432\" \/>\n\t<meta property=\"og:image:type\" content=\"image\/jpeg\" \/>\n<meta name=\"author\" content=\"Informatius\" \/>\n<meta name=\"twitter:card\" content=\"summary_large_image\" \/>\n<meta name=\"twitter:creator\" content=\"@9BTV\" \/>\n<meta name=\"twitter:site\" content=\"@9BTV\" \/>\n<meta name=\"twitter:label1\" content=\"Escrit per\" \/>\n\t<meta name=\"twitter:data1\" content=\"Informatius\" \/>\n\t<meta name=\"twitter:label2\" content=\"Temps estimat de lectura\" \/>\n\t<meta name=\"twitter:data2\" content=\"3 minuts\" \/>\n<script type=\"application\/ld+json\" class=\"yoast-schema-graph\">{\"@context\":\"https:\/\/schema.org\",\"@graph\":[{\"@type\":\"Article\",\"@id\":\"https:\/\/www.noubarris.net\/web40\/atencio-nou-barris-aquests-son-els-horaris-de-larribada-i-la-cavalcada-dels-reis-dorient\/#article\",\"isPartOf\":{\"@id\":\"https:\/\/www.noubarris.net\/web40\/atencio-nou-barris-aquests-son-els-horaris-de-larribada-i-la-cavalcada-dels-reis-dorient\/\"},\"author\":{\"name\":\"Informatius\",\"@id\":\"https:\/\/www.noubarris.net\/web40\/#\/schema\/person\/1827f92aaa316c54abbf4dac0de76069\"},\"headline\":\"Atenci\u00f3 Nou Barris: aquests s\u00f3n els horaris de l&#8217;arribada i la cavalcada dels Reis d&#8217;Orient\",\"datePublished\":\"2025-01-04T19:43:40+00:00\",\"mainEntityOfPage\":{\"@id\":\"https:\/\/www.noubarris.net\/web40\/atencio-nou-barris-aquests-son-els-horaris-de-larribada-i-la-cavalcada-dels-reis-dorient\/\"},\"wordCount\":449,\"publisher\":{\"@id\":\"https:\/\/www.noubarris.net\/web40\/#organization\"},\"image\":{\"@id\":\"https:\/\/www.noubarris.net\/web40\/atencio-nou-barris-aquests-son-els-horaris-de-larribada-i-la-cavalcada-dels-reis-dorient\/#primaryimage\"},\"thumbnailUrl\":\"https:\/\/www.noubarris.net\/web40\/wp-content\/uploads\/2025\/01\/050125.jpg\",\"keywords\":[\"Cavalcada\",\"Nadal\",\"Reis Mags\"],\"articleSection\":[\"Cultura\"],\"inLanguage\":\"ca\"},{\"@type\":\"WebPage\",\"@id\":\"https:\/\/www.noubarris.net\/web40\/atencio-nou-barris-aquests-son-els-horaris-de-larribada-i-la-cavalcada-dels-reis-dorient\/\",\"url\":\"https:\/\/www.noubarris.net\/web40\/atencio-nou-barris-aquests-son-els-horaris-de-larribada-i-la-cavalcada-dels-reis-dorient\/\",\"name\":\"Atenci\u00f3 Nou Barris: aquests s\u00f3n els horaris de l'arribada i la cavalcada dels Reis d'Orient - NouBarris.Net\",\"isPartOf\":{\"@id\":\"https:\/\/www.noubarris.net\/web40\/#website\"},\"primaryImageOfPage\":{\"@id\":\"https:\/\/www.noubarris.net\/web40\/atencio-nou-barris-aquests-son-els-horaris-de-larribada-i-la-cavalcada-dels-reis-dorient\/#primaryimage\"},\"image\":{\"@id\":\"https:\/\/www.noubarris.net\/web40\/atencio-nou-barris-aquests-son-els-horaris-de-larribada-i-la-cavalcada-dels-reis-dorient\/#primaryimage\"},\"thumbnailUrl\":\"https:\/\/www.noubarris.net\/web40\/wp-content\/uploads\/2025\/01\/050125.jpg\",\"datePublished\":\"2025-01-04T19:43:40+00:00\",\"breadcrumb\":{\"@id\":\"https:\/\/www.noubarris.net\/web40\/atencio-nou-barris-aquests-son-els-horaris-de-larribada-i-la-cavalcada-dels-reis-dorient\/#breadcrumb\"},\"inLanguage\":\"ca\",\"potentialAction\":[{\"@type\":\"ReadAction\",\"target\":[\"https:\/\/www.noubarris.net\/web40\/atencio-nou-barris-aquests-son-els-horaris-de-larribada-i-la-cavalcada-dels-reis-dorient\/\"]}]},{\"@type\":\"ImageObject\",\"inLanguage\":\"ca\",\"@id\":\"https:\/\/www.noubarris.net\/web40\/atencio-nou-barris-aquests-son-els-horaris-de-larribada-i-la-cavalcada-dels-reis-dorient\/#primaryimage\",\"url\":\"https:\/\/www.noubarris.net\/web40\/wp-content\/uploads\/2025\/01\/050125.jpg\",\"contentUrl\":\"https:\/\/www.noubarris.net\/web40\/wp-content\/uploads\/2025\/01\/050125.jpg\",\"width\":768,\"height\":432},{\"@type\":\"BreadcrumbList\",\"@id\":\"https:\/\/www.noubarris.net\/web40\/atencio-nou-barris-aquests-son-els-horaris-de-larribada-i-la-cavalcada-dels-reis-dorient\/#breadcrumb\",\"itemListElement\":[{\"@type\":\"ListItem\",\"position\":1,\"name\":\"Inici\",\"item\":\"https:\/\/www.noubarris.net\/web40\/\"},{\"@type\":\"ListItem\",\"position\":2,\"name\":\"Atenci\u00f3 Nou Barris: aquests s\u00f3n els horaris de l&#8217;arribada i la cavalcada dels Reis d&#8217;Orient\"}]},{\"@type\":\"WebSite\",\"@id\":\"https:\/\/www.noubarris.net\/web40\/#website\",\"url\":\"https:\/\/www.noubarris.net\/web40\/\",\"name\":\"NouBarris.Net\",\"description\":\"Seguint la vida de Nou Barris des de 1985\",\"publisher\":{\"@id\":\"https:\/\/www.noubarris.net\/web40\/#organization\"},\"potentialAction\":[{\"@type\":\"SearchAction\",\"target\":{\"@type\":\"EntryPoint\",\"urlTemplate\":\"https:\/\/www.noubarris.net\/web40\/?s={search_term_string}\"},\"query-input\":{\"@type\":\"PropertyValueSpecification\",\"valueRequired\":true,\"valueName\":\"search_term_string\"}}],\"inLanguage\":\"ca\"},{\"@type\":\"Organization\",\"@id\":\"https:\/\/www.noubarris.net\/web40\/#organization\",\"name\":\"NouBarris.Net\",\"url\":\"https:\/\/www.noubarris.net\/web40\/\",\"logo\":{\"@type\":\"ImageObject\",\"inLanguage\":\"ca\",\"@id\":\"https:\/\/www.noubarris.net\/web40\/#\/schema\/logo\/image\/\",\"url\":\"https:\/\/www.noubarris.net\/web40\/wp-content\/uploads\/2024\/11\/cropped-cropped-LOGO_9BTV-2024_Insta-1.jpg\",\"contentUrl\":\"https:\/\/www.noubarris.net\/web40\/wp-content\/uploads\/2024\/11\/cropped-cropped-LOGO_9BTV-2024_Insta-1.jpg\",\"width\":512,\"height\":512,\"caption\":\"NouBarris.Net\"},\"image\":{\"@id\":\"https:\/\/www.noubarris.net\/web40\/#\/schema\/logo\/image\/\"},\"sameAs\":[\"https:\/\/www.facebook.com\/NouBarris.net\/?locale=es_ES\",\"https:\/\/x.com\/9BTV\"]},{\"@type\":\"Person\",\"@id\":\"https:\/\/www.noubarris.net\/web40\/#\/schema\/person\/1827f92aaa316c54abbf4dac0de76069\",\"name\":\"Informatius\",\"image\":{\"@type\":\"ImageObject\",\"inLanguage\":\"ca\",\"@id\":\"https:\/\/www.noubarris.net\/web40\/#\/schema\/person\/image\/\",\"url\":\"https:\/\/secure.gravatar.com\/avatar\/87a3b47928835fc72c6ee5b0e1a7263ef0c2d05003a98189bc14926c5f11bcdb?s=96&d=mm&r=g\",\"contentUrl\":\"https:\/\/secure.gravatar.com\/avatar\/87a3b47928835fc72c6ee5b0e1a7263ef0c2d05003a98189bc14926c5f11bcdb?s=96&d=mm&r=g\",\"caption\":\"Informatius\"},\"url\":\"https:\/\/www.noubarris.net\/web40\/author\/tele\/\"}]}<\/script>\n<!-- \/ Yoast SEO plugin. -->","yoast_head_json":{"title":"Atenci\u00f3 Nou Barris: aquests s\u00f3n els horaris de l'arribada i la cavalcada dels Reis d'Orient - NouBarris.Net","robots":{"index":"index","follow":"follow","max-snippet":"max-snippet:-1","max-image-preview":"max-image-preview:large","max-video-preview":"max-video-preview:-1"},"canonical":"https:\/\/www.noubarris.net\/web40\/atencio-nou-barris-aquests-son-els-horaris-de-larribada-i-la-cavalcada-dels-reis-dorient\/","og_locale":"ca_ES","og_type":"article","og_title":"Atenci\u00f3 Nou Barris: aquests s\u00f3n els horaris de l'arribada i la cavalcada dels Reis d'Orient - NouBarris.Net","og_description":"Com ja \u00e9s habitual, Ses Majestats arribaran primer a la Zona Nord abans de sortir al balc\u00f3 de la Seu","og_url":"https:\/\/www.noubarris.net\/web40\/atencio-nou-barris-aquests-son-els-horaris-de-larribada-i-la-cavalcada-dels-reis-dorient\/","og_site_name":"NouBarris.Net","article_publisher":"https:\/\/www.facebook.com\/NouBarris.net\/?locale=es_ES","article_published_time":"2025-01-04T19:43:40+00:00","og_image":[{"width":768,"height":432,"url":"https:\/\/www.noubarris.net\/web40\/wp-content\/uploads\/2025\/01\/050125.jpg","type":"image\/jpeg"}],"author":"Informatius","twitter_card":"summary_large_image","twitter_creator":"@9BTV","twitter_site":"@9BTV","twitter_misc":{"Escrit per":"Informatius","Temps estimat de lectura":"3 minuts"},"schema":{"@context":"https:\/\/schema.org","@graph":[{"@type":"Article","@id":"https:\/\/www.noubarris.net\/web40\/atencio-nou-barris-aquests-son-els-horaris-de-larribada-i-la-cavalcada-dels-reis-dorient\/#article","isPartOf":{"@id":"https:\/\/www.noubarris.net\/web40\/atencio-nou-barris-aquests-son-els-horaris-de-larribada-i-la-cavalcada-dels-reis-dorient\/"},"author":{"name":"Informatius","@id":"https:\/\/www.noubarris.net\/web40\/#\/schema\/person\/1827f92aaa316c54abbf4dac0de76069"},"headline":"Atenci\u00f3 Nou Barris: aquests s\u00f3n els horaris de l&#8217;arribada i la cavalcada dels Reis d&#8217;Orient","datePublished":"2025-01-04T19:43:40+00:00","mainEntityOfPage":{"@id":"https:\/\/www.noubarris.net\/web40\/atencio-nou-barris-aquests-son-els-horaris-de-larribada-i-la-cavalcada-dels-reis-dorient\/"},"wordCount":449,"publisher":{"@id":"https:\/\/www.noubarris.net\/web40\/#organization"},"image":{"@id":"https:\/\/www.noubarris.net\/web40\/atencio-nou-barris-aquests-son-els-horaris-de-larribada-i-la-cavalcada-dels-reis-dorient\/#primaryimage"},"thumbnailUrl":"https:\/\/www.noubarris.net\/web40\/wp-content\/uploads\/2025\/01\/050125.jpg","keywords":["Cavalcada","Nadal","Reis Mags"],"articleSection":["Cultura"],"inLanguage":"ca"},{"@type":"WebPage","@id":"https:\/\/www.noubarris.net\/web40\/atencio-nou-barris-aquests-son-els-horaris-de-larribada-i-la-cavalcada-dels-reis-dorient\/","url":"https:\/\/www.noubarris.net\/web40\/atencio-nou-barris-aquests-son-els-horaris-de-larribada-i-la-cavalcada-dels-reis-dorient\/","name":"Atenci\u00f3 Nou Barris: aquests s\u00f3n els horaris de l'arribada i la cavalcada dels Reis d'Orient - NouBarris.Net","isPartOf":{"@id":"https:\/\/www.noubarris.net\/web40\/#website"},"primaryImageOfPage":{"@id":"https:\/\/www.noubarris.net\/web40\/atencio-nou-barris-aquests-son-els-horaris-de-larribada-i-la-cavalcada-dels-reis-dorient\/#primaryimage"},"image":{"@id":"https:\/\/www.noubarris.net\/web40\/atencio-nou-barris-aquests-son-els-horaris-de-larribada-i-la-cavalcada-dels-reis-dorient\/#primaryimage"},"thumbnailUrl":"https:\/\/www.noubarris.net\/web40\/wp-content\/uploads\/2025\/01\/050125.jpg","datePublished":"2025-01-04T19:43:40+00:00","breadcrumb":{"@id":"https:\/\/www.noubarris.net\/web40\/atencio-nou-barris-aquests-son-els-horaris-de-larribada-i-la-cavalcada-dels-reis-dorient\/#breadcrumb"},"inLanguage":"ca","potentialAction":[{"@type":"ReadAction","target":["https:\/\/www.noubarris.net\/web40\/atencio-nou-barris-aquests-son-els-horaris-de-larribada-i-la-cavalcada-dels-reis-dorient\/"]}]},{"@type":"ImageObject","inLanguage":"ca","@id":"https:\/\/www.noubarris.net\/web40\/atencio-nou-barris-aquests-son-els-horaris-de-larribada-i-la-cavalcada-dels-reis-dorient\/#primaryimage","url":"https:\/\/www.noubarris.net\/web40\/wp-content\/uploads\/2025\/01\/050125.jpg","contentUrl":"https:\/\/www.noubarris.net\/web40\/wp-content\/uploads\/2025\/01\/050125.jpg","width":768,"height":432},{"@type":"BreadcrumbList","@id":"https:\/\/www.noubarris.net\/web40\/atencio-nou-barris-aquests-son-els-horaris-de-larribada-i-la-cavalcada-dels-reis-dorient\/#breadcrumb","itemListElement":[{"@type":"ListItem","position":1,"name":"Inici","item":"https:\/\/www.noubarris.net\/web40\/"},{"@type":"ListItem","position":2,"name":"Atenci\u00f3 Nou Barris: aquests s\u00f3n els horaris de l&#8217;arribada i la cavalcada dels Reis d&#8217;Orient"}]},{"@type":"WebSite","@id":"https:\/\/www.noubarris.net\/web40\/#website","url":"https:\/\/www.noubarris.net\/web40\/","name":"NouBarris.Net","description":"Seguint la vida de Nou Barris des de 1985","publisher":{"@id":"https:\/\/www.noubarris.net\/web40\/#organization"},"potentialAction":[{"@type":"SearchAction","target":{"@type":"EntryPoint","urlTemplate":"https:\/\/www.noubarris.net\/web40\/?s={search_term_string}"},"query-input":{"@type":"PropertyValueSpecification","valueRequired":true,"valueName":"search_term_string"}}],"inLanguage":"ca"},{"@type":"Organization","@id":"https:\/\/www.noubarris.net\/web40\/#organization","name":"NouBarris.Net","url":"https:\/\/www.noubarris.net\/web40\/","logo":{"@type":"ImageObject","inLanguage":"ca","@id":"https:\/\/www.noubarris.net\/web40\/#\/schema\/logo\/image\/","url":"https:\/\/www.noubarris.net\/web40\/wp-content\/uploads\/2024\/11\/cropped-cropped-LOGO_9BTV-2024_Insta-1.jpg","contentUrl":"https:\/\/www.noubarris.net\/web40\/wp-content\/uploads\/2024\/11\/cropped-cropped-LOGO_9BTV-2024_Insta-1.jpg","width":512,"height":512,"caption":"NouBarris.Net"},"image":{"@id":"https:\/\/www.noubarris.net\/web40\/#\/schema\/logo\/image\/"},"sameAs":["https:\/\/www.facebook.com\/NouBarris.net\/?locale=es_ES","https:\/\/x.com\/9BTV"]},{"@type":"Person","@id":"https:\/\/www.noubarris.net\/web40\/#\/schema\/person\/1827f92aaa316c54abbf4dac0de76069","name":"Informatius","image":{"@type":"ImageObject","inLanguage":"ca","@id":"https:\/\/www.noubarris.net\/web40\/#\/schema\/person\/image\/","url":"https:\/\/secure.gravatar.com\/avatar\/87a3b47928835fc72c6ee5b0e1a7263ef0c2d05003a98189bc14926c5f11bcdb?s=96&d=mm&r=g","contentUrl":"https:\/\/secure.gravatar.com\/avatar\/87a3b47928835fc72c6ee5b0e1a7263ef0c2d05003a98189bc14926c5f11bcdb?s=96&d=mm&r=g","caption":"Informatius"},"url":"https:\/\/www.noubarris.net\/web40\/author\/tele\/"}]}},"_links":{"self":[{"href":"https:\/\/www.noubarris.net\/web40\/wp-json\/wp\/v2\/posts\/83637","targetHints":{"allow":["GET"]}}],"collection":[{"href":"https:\/\/www.noubarris.net\/web40\/wp-json\/wp\/v2\/posts"}],"about":[{"href":"https:\/\/www.noubarris.net\/web40\/wp-json\/wp\/v2\/types\/post"}],"author":[{"embeddable":true,"href":"https:\/\/www.noubarris.net\/web40\/wp-json\/wp\/v2\/users\/2"}],"replies":[{"embeddable":true,"href":"https:\/\/www.noubarris.net\/web40\/wp-json\/wp\/v2\/comments?post=83637"}],"version-history":[{"count":1,"href":"https:\/\/www.noubarris.net\/web40\/wp-json\/wp\/v2\/posts\/83637\/revisions"}],"predecessor-version":[{"id":83640,"href":"https:\/\/www.noubarris.net\/web40\/wp-json\/wp\/v2\/posts\/83637\/revisions\/83640"}],"wp:featuredmedia":[{"embeddable":true,"href":"https:\/\/www.noubarris.net\/web40\/wp-json\/wp\/v2\/media\/83638"}],"wp:attachment":[{"href":"https:\/\/www.noubarris.net\/web40\/wp-json\/wp\/v2\/media?parent=83637"}],"wp:term":[{"taxonomy":"category","embeddable":true,"href":"https:\/\/www.noubarris.net\/web40\/wp-json\/wp\/v2\/categories?post=83637"},{"taxonomy":"post_tag","embeddable":true,"href":"https:\/\/www.noubarris.net\/web40\/wp-json\/wp\/v2\/tags?post=83637"}],"curies":[{"name":"wp","href":"https:\/\/api.w.org\/{rel}","templated":true}]}}