{"id":83641,"date":"2025-01-07T00:00:00","date_gmt":"2025-01-06T22:00:00","guid":{"rendered":"https:\/\/www.noubarris.net\/web40\/?p=83641"},"modified":"2025-01-04T22:10:04","modified_gmt":"2025-01-04T20:10:04","slug":"les-obres-del-nou-parc-agrari-de-can-valent-comencaran-a-la-primavera","status":"publish","type":"post","link":"https:\/\/www.noubarris.net\/web40\/les-obres-del-nou-parc-agrari-de-can-valent-comencaran-a-la-primavera\/","title":{"rendered":"Les obres del nou parc agrari de Can Valent comen\u00e7aran a la primavera"},"content":{"rendered":"<p><strong>El projecte traslladar\u00e0 els horts urbans actuals i crear\u00e0 una franja verda al costat del Cementiri de Sant Andreu<\/strong><\/p>\n<p>L\u2019Ajuntament de Barcelona ha aprovat definitivament el projecte del parc agrari de Can Valent, una de les propostes pendents de realitzar dels pressupostos participatius 2020-2024, que proposa convertir l&#8217;actual aparcament en un corredor verd (un \u00fas que s&#8217;ajustaria a la qualificaci\u00f3 urban\u00edstica que t\u00e9 el terreny, de jard\u00ed urb\u00e0). Ara, en una primera fase, es preveu traslladar els actuals horts urbans situats al costat de la masia de Can Valent a tocar del mur del Cementiri de Sant Andreu, amb una inversi\u00f3 de 1.473.000 \u20ac, i un termini d\u2019execuci\u00f3 de vuit mesos un cop comencin. Ara s\u00f3n en fase de licitaci\u00f3 i s&#8217;espera que arrenquin al mes de mar\u00e7.<\/p>\n<p>La primera fase de la remodelaci\u00f3 de la pastilla abarca un 20% de l\u2019\u00e0mbit total, amb un total de 8.467 m\u00b2 de superf\u00edcie. Reubica els horts urbans per guanyar millors condicions i, a m\u00e9s, defineix dues parts diferenciades: els horts de Can Valent i una zona d\u2019arbres fruiters. Aquesta darrera zona d\u2019arbres fruiters ser\u00e0 una superf\u00edcie de parterre lineal entapissada amb un pla florit i amb arbrat, seguint la vora de la geometria de l\u2019\u00e0mbit.<\/p>\n<p>La zona dels horts de Can Valent s\u2019organitzar\u00e0 en feixes adaptades als desnivells del terreny. Es conformaran un total de 6 plataformes i un cam\u00ed de saul\u00f3 les connectar\u00e0 i en far\u00e0 d\u2019eix vertebrador. Alhora, aquest cam\u00ed connectar\u00e0 amb els dos accessos que estaran situats en cadascun dels dos extrems. La plataforma central ser\u00e0 el cor de l\u2019hort, amb un espai d\u2019emmagatzematge, lavabos accessibles, superf\u00edcies de treball, i espais per ubicar taules per a reunions i altres activitats.<\/p>\n<p>A la plataforma central s\u2019integrar\u00e0 una p\u00e8rgola que compleix diverses funcions: estructurar visualment l\u2019espai, oferir ombra i servir\u00e0 de suport per al creixement d\u2019una parra, afegint un component natural i productiu al conjunt.<\/p>\n<p>A la feixa de l\u2019extrem nord se li donar\u00e0 una funci\u00f3 espec\u00edfica, ser\u00e0 la plataforma d\u2019arbres fruiters, que contribuir\u00e0 a la diversitat de l\u2019hort. Tamb\u00e9 comptar\u00e0 amb una zona de compostatge intern. Les altres plataformes estan preparades per a la plantaci\u00f3, compten amb la seva pr\u00f2pia boca de reg, terra f\u00e8rtil i jardineres en les vores per a la plantaci\u00f3 de arom\u00e0tiques i altres esp\u00e8cies.<\/p>\n\n\n<figure class=\"wp-block-image size-full\"><img loading=\"lazy\" decoding=\"async\" width=\"768\" height=\"432\" src=\"https:\/\/www.noubarris.net\/web40\/wp-content\/uploads\/2025\/01\/070125b.jpg\" alt=\"\" class=\"wp-image-83645\" srcset=\"https:\/\/www.noubarris.net\/web40\/wp-content\/uploads\/2025\/01\/070125b.jpg 768w, https:\/\/www.noubarris.net\/web40\/wp-content\/uploads\/2025\/01\/070125b-300x169.jpg 300w, https:\/\/www.noubarris.net\/web40\/wp-content\/uploads\/2025\/01\/070125b-600x338.jpg 600w\" sizes=\"auto, (max-width: 768px) 100vw, 768px\" \/><\/figure>\n\n\n\n<p><strong>Rehabilitaci\u00f3 del mur del cementiri<\/strong><\/p>\n\n\n\n<p>Desapareix aix\u00ed una part del terreny que s\u2019havia emprat com a aparcament i que actualment ja no s\u2019utilitzava per prevenci\u00f3, ja que hi ha risc de caiguda del mur del cementiri, per\u00f2 es guanya un gran espai p\u00fablic enfocat a l\u2019\u00fas dels vianants i tamb\u00e9 a la biodiversitat, amb l\u2019activitat d\u2019hort urb\u00e0 al centre<\/p>\n\n\n\n<p>Pel que fa a l\u2019obra al mur del cementiri de Sant Andreu, el projecte preveu refor\u00e7ar i consolidar aquest mur. Ja s\u2019han fet algunes actuacions pr\u00e8vies de reparaci\u00f3 d\u2019aquest mur entre els blocs 36 i 25 per una banda, i entre els blocs 22 i 21, per l\u2019altra. Amb el nou projecte s\u2019acabar\u00e0 de reparar i refor\u00e7ar tot el mur.<\/p>\n\n\n\n<figure class=\"wp-block-image size-full\"><img loading=\"lazy\" decoding=\"async\" width=\"768\" height=\"432\" src=\"https:\/\/www.noubarris.net\/web40\/wp-content\/uploads\/2025\/01\/070125c.jpg\" alt=\"\" class=\"wp-image-83644\" srcset=\"https:\/\/www.noubarris.net\/web40\/wp-content\/uploads\/2025\/01\/070125c.jpg 768w, https:\/\/www.noubarris.net\/web40\/wp-content\/uploads\/2025\/01\/070125c-300x169.jpg 300w, https:\/\/www.noubarris.net\/web40\/wp-content\/uploads\/2025\/01\/070125c-600x338.jpg 600w\" sizes=\"auto, (max-width: 768px) 100vw, 768px\" \/><\/figure>\n\n\n","protected":false},"excerpt":{"rendered":"<p>El projecte traslladar\u00e0 els horts urbans actuals i crear\u00e0 una franja verda al costat del Cementiri de Sant Andreu L\u2019Ajuntament<\/p>\n","protected":false},"author":2,"featured_media":83642,"comment_status":"closed","ping_status":"closed","sticky":false,"template":"","format":"standard","meta":{"colormag_page_layout":"default_layout","_monsterinsights_skip_tracking":false,"_monsterinsights_sitenote_active":false,"_monsterinsights_sitenote_note":"","_monsterinsights_sitenote_category":0,"footnotes":""},"categories":[134,302],"tags":[],"class_list":["post-83641","post","type-post","status-publish","format-standard","has-post-thumbnail","hentry","category-porta","category-urbanisme"],"yoast_head":"<!-- This site is optimized with the Yoast SEO plugin v25.3 - https:\/\/yoast.com\/wordpress\/plugins\/seo\/ -->\n<title>Les obres del nou parc agrari de Can Valent comen\u00e7aran a la primavera - NouBarris.Net<\/title>\n<meta name=\"robots\" content=\"index, follow, max-snippet:-1, max-image-preview:large, max-video-preview:-1\" \/>\n<link rel=\"canonical\" href=\"https:\/\/www.noubarris.net\/web40\/les-obres-del-nou-parc-agrari-de-can-valent-comencaran-a-la-primavera\/\" \/>\n<meta property=\"og:locale\" content=\"ca_ES\" \/>\n<meta property=\"og:type\" content=\"article\" \/>\n<meta property=\"og:title\" content=\"Les obres del nou parc agrari de Can Valent comen\u00e7aran a la primavera - NouBarris.Net\" \/>\n<meta property=\"og:description\" content=\"El projecte traslladar\u00e0 els horts urbans actuals i crear\u00e0 una franja verda al costat del Cementiri de Sant Andreu L\u2019Ajuntament\" \/>\n<meta property=\"og:url\" content=\"https:\/\/www.noubarris.net\/web40\/les-obres-del-nou-parc-agrari-de-can-valent-comencaran-a-la-primavera\/\" \/>\n<meta property=\"og:site_name\" content=\"NouBarris.Net\" \/>\n<meta property=\"article:publisher\" content=\"https:\/\/www.facebook.com\/NouBarris.net\/?locale=es_ES\" \/>\n<meta property=\"article:published_time\" content=\"2025-01-06T22:00:00+00:00\" \/>\n<meta property=\"og:image\" content=\"https:\/\/www.noubarris.net\/web40\/wp-content\/uploads\/2025\/01\/070125.jpg\" \/>\n\t<meta property=\"og:image:width\" content=\"768\" \/>\n\t<meta property=\"og:image:height\" content=\"432\" \/>\n\t<meta property=\"og:image:type\" content=\"image\/jpeg\" \/>\n<meta name=\"author\" content=\"Informatius\" \/>\n<meta name=\"twitter:card\" content=\"summary_large_image\" \/>\n<meta name=\"twitter:creator\" content=\"@9BTV\" \/>\n<meta name=\"twitter:site\" content=\"@9BTV\" \/>\n<meta name=\"twitter:label1\" content=\"Escrit per\" \/>\n\t<meta name=\"twitter:data1\" content=\"Informatius\" \/>\n\t<meta name=\"twitter:label2\" content=\"Temps estimat de lectura\" \/>\n\t<meta name=\"twitter:data2\" content=\"4 minuts\" \/>\n<script type=\"application\/ld+json\" class=\"yoast-schema-graph\">{\"@context\":\"https:\/\/schema.org\",\"@graph\":[{\"@type\":\"Article\",\"@id\":\"https:\/\/www.noubarris.net\/web40\/les-obres-del-nou-parc-agrari-de-can-valent-comencaran-a-la-primavera\/#article\",\"isPartOf\":{\"@id\":\"https:\/\/www.noubarris.net\/web40\/les-obres-del-nou-parc-agrari-de-can-valent-comencaran-a-la-primavera\/\"},\"author\":{\"name\":\"Informatius\",\"@id\":\"https:\/\/www.noubarris.net\/web40\/#\/schema\/person\/1827f92aaa316c54abbf4dac0de76069\"},\"headline\":\"Les obres del nou parc agrari de Can Valent comen\u00e7aran a la primavera\",\"datePublished\":\"2025-01-06T22:00:00+00:00\",\"mainEntityOfPage\":{\"@id\":\"https:\/\/www.noubarris.net\/web40\/les-obres-del-nou-parc-agrari-de-can-valent-comencaran-a-la-primavera\/\"},\"wordCount\":548,\"publisher\":{\"@id\":\"https:\/\/www.noubarris.net\/web40\/#organization\"},\"image\":{\"@id\":\"https:\/\/www.noubarris.net\/web40\/les-obres-del-nou-parc-agrari-de-can-valent-comencaran-a-la-primavera\/#primaryimage\"},\"thumbnailUrl\":\"https:\/\/www.noubarris.net\/web40\/wp-content\/uploads\/2025\/01\/070125.jpg\",\"articleSection\":[\"Porta\",\"Urbanisme\"],\"inLanguage\":\"ca\"},{\"@type\":\"WebPage\",\"@id\":\"https:\/\/www.noubarris.net\/web40\/les-obres-del-nou-parc-agrari-de-can-valent-comencaran-a-la-primavera\/\",\"url\":\"https:\/\/www.noubarris.net\/web40\/les-obres-del-nou-parc-agrari-de-can-valent-comencaran-a-la-primavera\/\",\"name\":\"Les obres del nou parc agrari de Can Valent comen\u00e7aran a la primavera - NouBarris.Net\",\"isPartOf\":{\"@id\":\"https:\/\/www.noubarris.net\/web40\/#website\"},\"primaryImageOfPage\":{\"@id\":\"https:\/\/www.noubarris.net\/web40\/les-obres-del-nou-parc-agrari-de-can-valent-comencaran-a-la-primavera\/#primaryimage\"},\"image\":{\"@id\":\"https:\/\/www.noubarris.net\/web40\/les-obres-del-nou-parc-agrari-de-can-valent-comencaran-a-la-primavera\/#primaryimage\"},\"thumbnailUrl\":\"https:\/\/www.noubarris.net\/web40\/wp-content\/uploads\/2025\/01\/070125.jpg\",\"datePublished\":\"2025-01-06T22:00:00+00:00\",\"breadcrumb\":{\"@id\":\"https:\/\/www.noubarris.net\/web40\/les-obres-del-nou-parc-agrari-de-can-valent-comencaran-a-la-primavera\/#breadcrumb\"},\"inLanguage\":\"ca\",\"potentialAction\":[{\"@type\":\"ReadAction\",\"target\":[\"https:\/\/www.noubarris.net\/web40\/les-obres-del-nou-parc-agrari-de-can-valent-comencaran-a-la-primavera\/\"]}]},{\"@type\":\"ImageObject\",\"inLanguage\":\"ca\",\"@id\":\"https:\/\/www.noubarris.net\/web40\/les-obres-del-nou-parc-agrari-de-can-valent-comencaran-a-la-primavera\/#primaryimage\",\"url\":\"https:\/\/www.noubarris.net\/web40\/wp-content\/uploads\/2025\/01\/070125.jpg\",\"contentUrl\":\"https:\/\/www.noubarris.net\/web40\/wp-content\/uploads\/2025\/01\/070125.jpg\",\"width\":768,\"height\":432},{\"@type\":\"BreadcrumbList\",\"@id\":\"https:\/\/www.noubarris.net\/web40\/les-obres-del-nou-parc-agrari-de-can-valent-comencaran-a-la-primavera\/#breadcrumb\",\"itemListElement\":[{\"@type\":\"ListItem\",\"position\":1,\"name\":\"Inici\",\"item\":\"https:\/\/www.noubarris.net\/web40\/\"},{\"@type\":\"ListItem\",\"position\":2,\"name\":\"Les obres del nou parc agrari de Can Valent comen\u00e7aran a la primavera\"}]},{\"@type\":\"WebSite\",\"@id\":\"https:\/\/www.noubarris.net\/web40\/#website\",\"url\":\"https:\/\/www.noubarris.net\/web40\/\",\"name\":\"NouBarris.Net\",\"description\":\"Seguint la vida de Nou Barris des de 1985\",\"publisher\":{\"@id\":\"https:\/\/www.noubarris.net\/web40\/#organization\"},\"potentialAction\":[{\"@type\":\"SearchAction\",\"target\":{\"@type\":\"EntryPoint\",\"urlTemplate\":\"https:\/\/www.noubarris.net\/web40\/?s={search_term_string}\"},\"query-input\":{\"@type\":\"PropertyValueSpecification\",\"valueRequired\":true,\"valueName\":\"search_term_string\"}}],\"inLanguage\":\"ca\"},{\"@type\":\"Organization\",\"@id\":\"https:\/\/www.noubarris.net\/web40\/#organization\",\"name\":\"NouBarris.Net\",\"url\":\"https:\/\/www.noubarris.net\/web40\/\",\"logo\":{\"@type\":\"ImageObject\",\"inLanguage\":\"ca\",\"@id\":\"https:\/\/www.noubarris.net\/web40\/#\/schema\/logo\/image\/\",\"url\":\"https:\/\/www.noubarris.net\/web40\/wp-content\/uploads\/2024\/11\/cropped-cropped-LOGO_9BTV-2024_Insta-1.jpg\",\"contentUrl\":\"https:\/\/www.noubarris.net\/web40\/wp-content\/uploads\/2024\/11\/cropped-cropped-LOGO_9BTV-2024_Insta-1.jpg\",\"width\":512,\"height\":512,\"caption\":\"NouBarris.Net\"},\"image\":{\"@id\":\"https:\/\/www.noubarris.net\/web40\/#\/schema\/logo\/image\/\"},\"sameAs\":[\"https:\/\/www.facebook.com\/NouBarris.net\/?locale=es_ES\",\"https:\/\/x.com\/9BTV\"]},{\"@type\":\"Person\",\"@id\":\"https:\/\/www.noubarris.net\/web40\/#\/schema\/person\/1827f92aaa316c54abbf4dac0de76069\",\"name\":\"Informatius\",\"image\":{\"@type\":\"ImageObject\",\"inLanguage\":\"ca\",\"@id\":\"https:\/\/www.noubarris.net\/web40\/#\/schema\/person\/image\/\",\"url\":\"https:\/\/secure.gravatar.com\/avatar\/87a3b47928835fc72c6ee5b0e1a7263ef0c2d05003a98189bc14926c5f11bcdb?s=96&d=mm&r=g\",\"contentUrl\":\"https:\/\/secure.gravatar.com\/avatar\/87a3b47928835fc72c6ee5b0e1a7263ef0c2d05003a98189bc14926c5f11bcdb?s=96&d=mm&r=g\",\"caption\":\"Informatius\"},\"url\":\"https:\/\/www.noubarris.net\/web40\/author\/tele\/\"}]}<\/script>\n<!-- \/ Yoast SEO plugin. -->","yoast_head_json":{"title":"Les obres del nou parc agrari de Can Valent comen\u00e7aran a la primavera - NouBarris.Net","robots":{"index":"index","follow":"follow","max-snippet":"max-snippet:-1","max-image-preview":"max-image-preview:large","max-video-preview":"max-video-preview:-1"},"canonical":"https:\/\/www.noubarris.net\/web40\/les-obres-del-nou-parc-agrari-de-can-valent-comencaran-a-la-primavera\/","og_locale":"ca_ES","og_type":"article","og_title":"Les obres del nou parc agrari de Can Valent comen\u00e7aran a la primavera - NouBarris.Net","og_description":"El projecte traslladar\u00e0 els horts urbans actuals i crear\u00e0 una franja verda al costat del Cementiri de Sant Andreu L\u2019Ajuntament","og_url":"https:\/\/www.noubarris.net\/web40\/les-obres-del-nou-parc-agrari-de-can-valent-comencaran-a-la-primavera\/","og_site_name":"NouBarris.Net","article_publisher":"https:\/\/www.facebook.com\/NouBarris.net\/?locale=es_ES","article_published_time":"2025-01-06T22:00:00+00:00","og_image":[{"width":768,"height":432,"url":"https:\/\/www.noubarris.net\/web40\/wp-content\/uploads\/2025\/01\/070125.jpg","type":"image\/jpeg"}],"author":"Informatius","twitter_card":"summary_large_image","twitter_creator":"@9BTV","twitter_site":"@9BTV","twitter_misc":{"Escrit per":"Informatius","Temps estimat de lectura":"4 minuts"},"schema":{"@context":"https:\/\/schema.org","@graph":[{"@type":"Article","@id":"https:\/\/www.noubarris.net\/web40\/les-obres-del-nou-parc-agrari-de-can-valent-comencaran-a-la-primavera\/#article","isPartOf":{"@id":"https:\/\/www.noubarris.net\/web40\/les-obres-del-nou-parc-agrari-de-can-valent-comencaran-a-la-primavera\/"},"author":{"name":"Informatius","@id":"https:\/\/www.noubarris.net\/web40\/#\/schema\/person\/1827f92aaa316c54abbf4dac0de76069"},"headline":"Les obres del nou parc agrari de Can Valent comen\u00e7aran a la primavera","datePublished":"2025-01-06T22:00:00+00:00","mainEntityOfPage":{"@id":"https:\/\/www.noubarris.net\/web40\/les-obres-del-nou-parc-agrari-de-can-valent-comencaran-a-la-primavera\/"},"wordCount":548,"publisher":{"@id":"https:\/\/www.noubarris.net\/web40\/#organization"},"image":{"@id":"https:\/\/www.noubarris.net\/web40\/les-obres-del-nou-parc-agrari-de-can-valent-comencaran-a-la-primavera\/#primaryimage"},"thumbnailUrl":"https:\/\/www.noubarris.net\/web40\/wp-content\/uploads\/2025\/01\/070125.jpg","articleSection":["Porta","Urbanisme"],"inLanguage":"ca"},{"@type":"WebPage","@id":"https:\/\/www.noubarris.net\/web40\/les-obres-del-nou-parc-agrari-de-can-valent-comencaran-a-la-primavera\/","url":"https:\/\/www.noubarris.net\/web40\/les-obres-del-nou-parc-agrari-de-can-valent-comencaran-a-la-primavera\/","name":"Les obres del nou parc agrari de Can Valent comen\u00e7aran a la primavera - NouBarris.Net","isPartOf":{"@id":"https:\/\/www.noubarris.net\/web40\/#website"},"primaryImageOfPage":{"@id":"https:\/\/www.noubarris.net\/web40\/les-obres-del-nou-parc-agrari-de-can-valent-comencaran-a-la-primavera\/#primaryimage"},"image":{"@id":"https:\/\/www.noubarris.net\/web40\/les-obres-del-nou-parc-agrari-de-can-valent-comencaran-a-la-primavera\/#primaryimage"},"thumbnailUrl":"https:\/\/www.noubarris.net\/web40\/wp-content\/uploads\/2025\/01\/070125.jpg","datePublished":"2025-01-06T22:00:00+00:00","breadcrumb":{"@id":"https:\/\/www.noubarris.net\/web40\/les-obres-del-nou-parc-agrari-de-can-valent-comencaran-a-la-primavera\/#breadcrumb"},"inLanguage":"ca","potentialAction":[{"@type":"ReadAction","target":["https:\/\/www.noubarris.net\/web40\/les-obres-del-nou-parc-agrari-de-can-valent-comencaran-a-la-primavera\/"]}]},{"@type":"ImageObject","inLanguage":"ca","@id":"https:\/\/www.noubarris.net\/web40\/les-obres-del-nou-parc-agrari-de-can-valent-comencaran-a-la-primavera\/#primaryimage","url":"https:\/\/www.noubarris.net\/web40\/wp-content\/uploads\/2025\/01\/070125.jpg","contentUrl":"https:\/\/www.noubarris.net\/web40\/wp-content\/uploads\/2025\/01\/070125.jpg","width":768,"height":432},{"@type":"BreadcrumbList","@id":"https:\/\/www.noubarris.net\/web40\/les-obres-del-nou-parc-agrari-de-can-valent-comencaran-a-la-primavera\/#breadcrumb","itemListElement":[{"@type":"ListItem","position":1,"name":"Inici","item":"https:\/\/www.noubarris.net\/web40\/"},{"@type":"ListItem","position":2,"name":"Les obres del nou parc agrari de Can Valent comen\u00e7aran a la primavera"}]},{"@type":"WebSite","@id":"https:\/\/www.noubarris.net\/web40\/#website","url":"https:\/\/www.noubarris.net\/web40\/","name":"NouBarris.Net","description":"Seguint la vida de Nou Barris des de 1985","publisher":{"@id":"https:\/\/www.noubarris.net\/web40\/#organization"},"potentialAction":[{"@type":"SearchAction","target":{"@type":"EntryPoint","urlTemplate":"https:\/\/www.noubarris.net\/web40\/?s={search_term_string}"},"query-input":{"@type":"PropertyValueSpecification","valueRequired":true,"valueName":"search_term_string"}}],"inLanguage":"ca"},{"@type":"Organization","@id":"https:\/\/www.noubarris.net\/web40\/#organization","name":"NouBarris.Net","url":"https:\/\/www.noubarris.net\/web40\/","logo":{"@type":"ImageObject","inLanguage":"ca","@id":"https:\/\/www.noubarris.net\/web40\/#\/schema\/logo\/image\/","url":"https:\/\/www.noubarris.net\/web40\/wp-content\/uploads\/2024\/11\/cropped-cropped-LOGO_9BTV-2024_Insta-1.jpg","contentUrl":"https:\/\/www.noubarris.net\/web40\/wp-content\/uploads\/2024\/11\/cropped-cropped-LOGO_9BTV-2024_Insta-1.jpg","width":512,"height":512,"caption":"NouBarris.Net"},"image":{"@id":"https:\/\/www.noubarris.net\/web40\/#\/schema\/logo\/image\/"},"sameAs":["https:\/\/www.facebook.com\/NouBarris.net\/?locale=es_ES","https:\/\/x.com\/9BTV"]},{"@type":"Person","@id":"https:\/\/www.noubarris.net\/web40\/#\/schema\/person\/1827f92aaa316c54abbf4dac0de76069","name":"Informatius","image":{"@type":"ImageObject","inLanguage":"ca","@id":"https:\/\/www.noubarris.net\/web40\/#\/schema\/person\/image\/","url":"https:\/\/secure.gravatar.com\/avatar\/87a3b47928835fc72c6ee5b0e1a7263ef0c2d05003a98189bc14926c5f11bcdb?s=96&d=mm&r=g","contentUrl":"https:\/\/secure.gravatar.com\/avatar\/87a3b47928835fc72c6ee5b0e1a7263ef0c2d05003a98189bc14926c5f11bcdb?s=96&d=mm&r=g","caption":"Informatius"},"url":"https:\/\/www.noubarris.net\/web40\/author\/tele\/"}]}},"_links":{"self":[{"href":"https:\/\/www.noubarris.net\/web40\/wp-json\/wp\/v2\/posts\/83641","targetHints":{"allow":["GET"]}}],"collection":[{"href":"https:\/\/www.noubarris.net\/web40\/wp-json\/wp\/v2\/posts"}],"about":[{"href":"https:\/\/www.noubarris.net\/web40\/wp-json\/wp\/v2\/types\/post"}],"author":[{"embeddable":true,"href":"https:\/\/www.noubarris.net\/web40\/wp-json\/wp\/v2\/users\/2"}],"replies":[{"embeddable":true,"href":"https:\/\/www.noubarris.net\/web40\/wp-json\/wp\/v2\/comments?post=83641"}],"version-history":[{"count":3,"href":"https:\/\/www.noubarris.net\/web40\/wp-json\/wp\/v2\/posts\/83641\/revisions"}],"predecessor-version":[{"id":83652,"href":"https:\/\/www.noubarris.net\/web40\/wp-json\/wp\/v2\/posts\/83641\/revisions\/83652"}],"wp:featuredmedia":[{"embeddable":true,"href":"https:\/\/www.noubarris.net\/web40\/wp-json\/wp\/v2\/media\/83642"}],"wp:attachment":[{"href":"https:\/\/www.noubarris.net\/web40\/wp-json\/wp\/v2\/media?parent=83641"}],"wp:term":[{"taxonomy":"category","embeddable":true,"href":"https:\/\/www.noubarris.net\/web40\/wp-json\/wp\/v2\/categories?post=83641"},{"taxonomy":"post_tag","embeddable":true,"href":"https:\/\/www.noubarris.net\/web40\/wp-json\/wp\/v2\/tags?post=83641"}],"curies":[{"name":"wp","href":"https:\/\/api.w.org\/{rel}","templated":true}]}}