{"id":83647,"date":"2025-01-09T00:00:19","date_gmt":"2025-01-08T22:00:19","guid":{"rendered":"https:\/\/www.noubarris.net\/web40\/?p=83647"},"modified":"2025-01-04T22:34:05","modified_gmt":"2025-01-04T20:34:05","slug":"sencarrila-el-projecte-per-can-carreras-la-darrera-masia-pendent-de-rehabilitar-a-nou-barris","status":"publish","type":"post","link":"https:\/\/www.noubarris.net\/web40\/sencarrila-el-projecte-per-can-carreras-la-darrera-masia-pendent-de-rehabilitar-a-nou-barris\/","title":{"rendered":"S&#8217;encarrila el projecte per Can Carreras, la darrera masia pendent de rehabilitar a Nou Barris"},"content":{"rendered":"<p><strong>Es convertir\u00e0 en una escola bressol municipal i un Servei d\u2019atenci\u00f3 a la inf\u00e0ncia i l\u2019adolesc\u00e8ncia\u00a0<\/strong><\/p>\n<p>Despr\u00e9s de molts anys al llimb, sembla que ara finalment tira endavant un projecte per recuperar i donar \u00fas a l&#8217;\u00fanica masia de Nou Barris que quedava per rehabilitar (recordem que Can Valent \u00e9s buida per\u00f2 est\u00e0 restaurada estructuralment i externa). Parlem de la masia de Can Carreras, situada al bell mig del Parc Central i que, segon el projecte aprovat inicialment per l&#8217;Ajuntament de Barcelona, es convertir\u00e0 en una escola bressol municipal\u00a0 i un equip d\u2019atenci\u00f3 a la inf\u00e0ncia i l\u2019adolesc\u00e8ncia (EAIA). Per aconseguir-ho, s&#8217;haur\u00e0 de fer una ampliaci\u00f3 de la masia, cosa que, d&#8217;entrada, ha provocat algunes cr\u00edtiques en el passat per desdibuixar l&#8217;aspecte original. Segons defensa l&#8217;Ajuntament, es respecta el volum i aparen\u00e7a, i es potenciar\u00e0 el seu valor simb\u00f2lic. La previsi\u00f3 apunta que les obres es podran iniciar l\u2019estiu de 2025 i s\u2019allargaran un total de dos anys. La inversi\u00f3 prevista \u00e9s de prop de 9 milions d&#8217;euros.<\/p>\n<p>Segons el projecte que s\u2019est\u00e0 tramitant, els dos equipaments seran independents entre ells i alhora s&#8217;integrar\u00e0 l\u2019edifici en l\u2019entorn del Parc Central de Nou Barris i del llac, resolent els accessos i els desnivells actuals. El Servei d\u2019atenci\u00f3 a la inf\u00e0ncia i l\u2019adolesc\u00e8ncia ser\u00e0 a l\u2019edifici de la masia, mentre que l\u2019escola bressol s&#8217;ubicar\u00e0 al subsol, aprofitant el desnivell existent entre la planta baixa de la masia i el terreny de l\u2019entorn, orientada cap al sud. El projecte preveu tamb\u00e9 afegir dos nous cossos adossats a les fa\u00e7anes laterals de la masia per resoldre les comunicacions verticals i els circuits de circulaci\u00f3 interna del Servei d\u2019atenci\u00f3 a la inf\u00e0ncia i l\u2019adolesc\u00e8ncia. Al mateix temps, aquests cossos adossats milloren el comportament clim\u00e0tic de l\u2019edifici a mode de \u201cgaleries\u201d. La seva formalitzaci\u00f3, lleugera, amb estructura de fusta i tancaments de vidre, respecta la volumetria de l\u2019edifici preexistent i permet seguir apreciant la composici\u00f3 i materialitat de les fa\u00e7anes de la masia on es proposa recuperar l\u2019estuc de cal\u00e7 tradicional.\u00a0Finalment, el projecte el completen les actuacions de reurbanitzaci\u00f3 dels entorns i dels accessos, per tal de resoldre els desnivells existents i generar un recorregut adaptat que permeti l\u2019acc\u00e9s a l\u2019equipament i connecti els barris de Can Peguera i la Guineueta.<\/p>\n<p><strong>87 places d&#8217;escola bressol per a tres barris<\/strong><\/p>\n<p>L&#8217;EBM Can Carreras tindr\u00e0 en principi sis grups, amb un total de 87 places d\u2019infants entre els 4 mesos i els 3 anys. Per la seva ubicaci\u00f3, donar\u00e0 servei als barris de la Guineueta, del Tur\u00f3 de la Peira i de Can Peguera. Tindr\u00e0 1.223,64 m\u00b2 de superf\u00edcie, incloent-hi els patis i les zones porxades de l\u2019entrada a l\u2019edifici. Pel que fa a les estances, a banda de les aules destinades als diferents grups d\u2019edat (amb superf\u00edcies que oscil\u00b7len entre els 40 i els 60 m\u00b2 per estan\u00e7a), estar\u00e0 equipada amb cuina i rebost, menjador, bugaderia, guarda cotxets, sala de professorat, sala d\u2019usos m\u00faltiples (de 160 m\u00b2), un taller, sala per visites, i un traster.<\/p>\n<p>\u00a0<\/p>\n\n\n<figure class=\"wp-block-image size-full\"><img loading=\"lazy\" decoding=\"async\" width=\"768\" height=\"432\" src=\"https:\/\/www.noubarris.net\/web40\/wp-content\/uploads\/2025\/01\/090125b.jpg\" alt=\"\" class=\"wp-image-83650\" srcset=\"https:\/\/www.noubarris.net\/web40\/wp-content\/uploads\/2025\/01\/090125b.jpg 768w, https:\/\/www.noubarris.net\/web40\/wp-content\/uploads\/2025\/01\/090125b-300x169.jpg 300w, https:\/\/www.noubarris.net\/web40\/wp-content\/uploads\/2025\/01\/090125b-600x338.jpg 600w\" sizes=\"auto, (max-width: 768px) 100vw, 768px\" \/><\/figure>\n\n\n\n<p>\u00a0<\/p>\n<p><strong>Servei d\u2019atenci\u00f3 a la inf\u00e0ncia i l\u2019adolesc\u00e8ncia<\/strong><\/p>\n<p>El programa del Servei d\u2019atenci\u00f3 a la inf\u00e0ncia i l\u2019adolesc\u00e8ncia se situa \u00edntegrament a la masia repartit en dues plantes. L\u2019acc\u00e9s es realitza per la fa\u00e7ana sud est a trav\u00e7es de la porta principal de l\u2019edifici. A la planta baixa s\u2019hi habilitaran els espais d\u2019atenci\u00f3 directa als usuaris: recepci\u00f3, sala d\u2019espera, i 7 sales d\u2019entrevistes, tres de les quals habilitades per entrevistar fam\u00edlies. Tamb\u00e9 s\u2019hi ubica l\u2019arxiu i un petit grup de lavabos. A la planta primera se situa l\u2019\u00e0rea de treball intern dels professionals, aix\u00ed com el despatx de direcci\u00f3 i sales de reuni\u00f3 i de descans-office.<\/p>\n<p>L\u2019organitzaci\u00f3 dels espais segueix l\u2019esquema tradicional de 3 crugies de l\u2019estructura preexistent de la masia que es rehabilitar\u00e0. Un nucli de serveis exempt situat a la crugia central acull les depend\u00e8ncies que no necessiten llum natural. La resta d\u2019espais gaudeix d\u2019il\u00b7luminaci\u00f3 i de ventilaci\u00f3 naturals. Els dos cossos longitudinals externs adossats a les fa\u00e7anes nord est i sud oest resolen les circulacions vesticals i els recorreguts interns de seguretat. Aquesta configuraci\u00f3 permet accedir a qualsevol de les sales d\u2019entrevista de la planta baixa des de l\u2019espai de treball intern. Tots els espais d\u2019\u00fas p\u00fablic i treball intern s\u00f3n adaptats i accessibles per a persones amb mobilitat redu\u00efda.<\/p>\n<p>Els serveis d\u2019atenci\u00f3 a la inf\u00e0ncia i l\u2019adolesc\u00e8ncia (SEAIA) treballen en\u00a0 l\u2019atenci\u00f3 i protecci\u00f3 d\u2019infants i adolescents, de 0 a 18 anys, en situaci\u00f3 de risc greu i\/o desemparament, i a les seves fam\u00edlies. Porten a terme funcions de valoraci\u00f3 especialitzada, de seguiment i tractament mitjan\u00e7ant un abordatge especialitzat i interdisciplinar. El SEAIA de Nou Barris est\u00e0 format per 27 professionals de disciplines de la psicologia, de pedagogia, el treball social, l\u2019educaci\u00f3 social, i el suport administratiu. Estan organitzats en unitats, segons processos t\u00e8cnics d\u2019atenci\u00f3, d\u2019estudis i seguiments, i compten tamb\u00e9 amb una unitat de suport administratiu i un\/a cap de secci\u00f3. El SEAIA de Nou Barris ha at\u00e8s durant el darrer any m\u00e9s de 650 expedients d\u2019infants i adolescents i les seves fam\u00edlies del districte.<\/p>\n","protected":false},"excerpt":{"rendered":"<p>Es convertir\u00e0 en una escola bressol municipal i un Servei d\u2019atenci\u00f3 a la inf\u00e0ncia i l\u2019adolesc\u00e8ncia\u00a0 Despr\u00e9s de molts anys<\/p>\n","protected":false},"author":2,"featured_media":83648,"comment_status":"closed","ping_status":"closed","sticky":false,"template":"","format":"standard","meta":{"colormag_page_layout":"default_layout","_monsterinsights_skip_tracking":false,"_monsterinsights_sitenote_active":false,"_monsterinsights_sitenote_note":"","_monsterinsights_sitenote_category":0,"footnotes":""},"categories":[133,302],"tags":[],"class_list":["post-83647","post","type-post","status-publish","format-standard","has-post-thumbnail","hentry","category-la-guineueta","category-urbanisme"],"yoast_head":"<!-- This site is optimized with the Yoast SEO plugin v25.3 - https:\/\/yoast.com\/wordpress\/plugins\/seo\/ -->\n<title>S&#039;encarrila el projecte per Can Carreras, la darrera masia pendent de rehabilitar a Nou Barris - NouBarris.Net<\/title>\n<meta name=\"robots\" content=\"index, follow, max-snippet:-1, max-image-preview:large, max-video-preview:-1\" \/>\n<link rel=\"canonical\" href=\"https:\/\/www.noubarris.net\/web40\/sencarrila-el-projecte-per-can-carreras-la-darrera-masia-pendent-de-rehabilitar-a-nou-barris\/\" \/>\n<meta property=\"og:locale\" content=\"ca_ES\" \/>\n<meta property=\"og:type\" content=\"article\" \/>\n<meta property=\"og:title\" content=\"S&#039;encarrila el projecte per Can Carreras, la darrera masia pendent de rehabilitar a Nou Barris - NouBarris.Net\" \/>\n<meta property=\"og:description\" content=\"Es convertir\u00e0 en una escola bressol municipal i un Servei d\u2019atenci\u00f3 a la inf\u00e0ncia i l\u2019adolesc\u00e8ncia\u00a0 Despr\u00e9s de molts anys\" \/>\n<meta property=\"og:url\" content=\"https:\/\/www.noubarris.net\/web40\/sencarrila-el-projecte-per-can-carreras-la-darrera-masia-pendent-de-rehabilitar-a-nou-barris\/\" \/>\n<meta property=\"og:site_name\" content=\"NouBarris.Net\" \/>\n<meta property=\"article:publisher\" content=\"https:\/\/www.facebook.com\/NouBarris.net\/?locale=es_ES\" \/>\n<meta property=\"article:published_time\" content=\"2025-01-08T22:00:19+00:00\" \/>\n<meta property=\"og:image\" content=\"https:\/\/www.noubarris.net\/web40\/wp-content\/uploads\/2025\/01\/090125.jpg\" \/>\n\t<meta property=\"og:image:width\" content=\"768\" \/>\n\t<meta property=\"og:image:height\" content=\"432\" \/>\n\t<meta property=\"og:image:type\" content=\"image\/jpeg\" \/>\n<meta name=\"author\" content=\"Informatius\" \/>\n<meta name=\"twitter:card\" content=\"summary_large_image\" \/>\n<meta name=\"twitter:creator\" content=\"@9BTV\" \/>\n<meta name=\"twitter:site\" content=\"@9BTV\" \/>\n<meta name=\"twitter:label1\" content=\"Escrit per\" \/>\n\t<meta name=\"twitter:data1\" content=\"Informatius\" \/>\n\t<meta name=\"twitter:label2\" content=\"Temps estimat de lectura\" \/>\n\t<meta name=\"twitter:data2\" content=\"5 minuts\" \/>\n<script type=\"application\/ld+json\" class=\"yoast-schema-graph\">{\"@context\":\"https:\/\/schema.org\",\"@graph\":[{\"@type\":\"Article\",\"@id\":\"https:\/\/www.noubarris.net\/web40\/sencarrila-el-projecte-per-can-carreras-la-darrera-masia-pendent-de-rehabilitar-a-nou-barris\/#article\",\"isPartOf\":{\"@id\":\"https:\/\/www.noubarris.net\/web40\/sencarrila-el-projecte-per-can-carreras-la-darrera-masia-pendent-de-rehabilitar-a-nou-barris\/\"},\"author\":{\"name\":\"Informatius\",\"@id\":\"https:\/\/www.noubarris.net\/web40\/#\/schema\/person\/1827f92aaa316c54abbf4dac0de76069\"},\"headline\":\"S&#8217;encarrila el projecte per Can Carreras, la darrera masia pendent de rehabilitar a Nou Barris\",\"datePublished\":\"2025-01-08T22:00:19+00:00\",\"mainEntityOfPage\":{\"@id\":\"https:\/\/www.noubarris.net\/web40\/sencarrila-el-projecte-per-can-carreras-la-darrera-masia-pendent-de-rehabilitar-a-nou-barris\/\"},\"wordCount\":948,\"publisher\":{\"@id\":\"https:\/\/www.noubarris.net\/web40\/#organization\"},\"image\":{\"@id\":\"https:\/\/www.noubarris.net\/web40\/sencarrila-el-projecte-per-can-carreras-la-darrera-masia-pendent-de-rehabilitar-a-nou-barris\/#primaryimage\"},\"thumbnailUrl\":\"https:\/\/www.noubarris.net\/web40\/wp-content\/uploads\/2025\/01\/090125.jpg\",\"articleSection\":[\"La Guineueta\",\"Urbanisme\"],\"inLanguage\":\"ca\"},{\"@type\":\"WebPage\",\"@id\":\"https:\/\/www.noubarris.net\/web40\/sencarrila-el-projecte-per-can-carreras-la-darrera-masia-pendent-de-rehabilitar-a-nou-barris\/\",\"url\":\"https:\/\/www.noubarris.net\/web40\/sencarrila-el-projecte-per-can-carreras-la-darrera-masia-pendent-de-rehabilitar-a-nou-barris\/\",\"name\":\"S'encarrila el projecte per Can Carreras, la darrera masia pendent de rehabilitar a Nou Barris - NouBarris.Net\",\"isPartOf\":{\"@id\":\"https:\/\/www.noubarris.net\/web40\/#website\"},\"primaryImageOfPage\":{\"@id\":\"https:\/\/www.noubarris.net\/web40\/sencarrila-el-projecte-per-can-carreras-la-darrera-masia-pendent-de-rehabilitar-a-nou-barris\/#primaryimage\"},\"image\":{\"@id\":\"https:\/\/www.noubarris.net\/web40\/sencarrila-el-projecte-per-can-carreras-la-darrera-masia-pendent-de-rehabilitar-a-nou-barris\/#primaryimage\"},\"thumbnailUrl\":\"https:\/\/www.noubarris.net\/web40\/wp-content\/uploads\/2025\/01\/090125.jpg\",\"datePublished\":\"2025-01-08T22:00:19+00:00\",\"breadcrumb\":{\"@id\":\"https:\/\/www.noubarris.net\/web40\/sencarrila-el-projecte-per-can-carreras-la-darrera-masia-pendent-de-rehabilitar-a-nou-barris\/#breadcrumb\"},\"inLanguage\":\"ca\",\"potentialAction\":[{\"@type\":\"ReadAction\",\"target\":[\"https:\/\/www.noubarris.net\/web40\/sencarrila-el-projecte-per-can-carreras-la-darrera-masia-pendent-de-rehabilitar-a-nou-barris\/\"]}]},{\"@type\":\"ImageObject\",\"inLanguage\":\"ca\",\"@id\":\"https:\/\/www.noubarris.net\/web40\/sencarrila-el-projecte-per-can-carreras-la-darrera-masia-pendent-de-rehabilitar-a-nou-barris\/#primaryimage\",\"url\":\"https:\/\/www.noubarris.net\/web40\/wp-content\/uploads\/2025\/01\/090125.jpg\",\"contentUrl\":\"https:\/\/www.noubarris.net\/web40\/wp-content\/uploads\/2025\/01\/090125.jpg\",\"width\":768,\"height\":432},{\"@type\":\"BreadcrumbList\",\"@id\":\"https:\/\/www.noubarris.net\/web40\/sencarrila-el-projecte-per-can-carreras-la-darrera-masia-pendent-de-rehabilitar-a-nou-barris\/#breadcrumb\",\"itemListElement\":[{\"@type\":\"ListItem\",\"position\":1,\"name\":\"Inici\",\"item\":\"https:\/\/www.noubarris.net\/web40\/\"},{\"@type\":\"ListItem\",\"position\":2,\"name\":\"S&#8217;encarrila el projecte per Can Carreras, la darrera masia pendent de rehabilitar a Nou Barris\"}]},{\"@type\":\"WebSite\",\"@id\":\"https:\/\/www.noubarris.net\/web40\/#website\",\"url\":\"https:\/\/www.noubarris.net\/web40\/\",\"name\":\"NouBarris.Net\",\"description\":\"Seguint la vida de Nou Barris des de 1985\",\"publisher\":{\"@id\":\"https:\/\/www.noubarris.net\/web40\/#organization\"},\"potentialAction\":[{\"@type\":\"SearchAction\",\"target\":{\"@type\":\"EntryPoint\",\"urlTemplate\":\"https:\/\/www.noubarris.net\/web40\/?s={search_term_string}\"},\"query-input\":{\"@type\":\"PropertyValueSpecification\",\"valueRequired\":true,\"valueName\":\"search_term_string\"}}],\"inLanguage\":\"ca\"},{\"@type\":\"Organization\",\"@id\":\"https:\/\/www.noubarris.net\/web40\/#organization\",\"name\":\"NouBarris.Net\",\"url\":\"https:\/\/www.noubarris.net\/web40\/\",\"logo\":{\"@type\":\"ImageObject\",\"inLanguage\":\"ca\",\"@id\":\"https:\/\/www.noubarris.net\/web40\/#\/schema\/logo\/image\/\",\"url\":\"https:\/\/www.noubarris.net\/web40\/wp-content\/uploads\/2024\/11\/cropped-cropped-LOGO_9BTV-2024_Insta-1.jpg\",\"contentUrl\":\"https:\/\/www.noubarris.net\/web40\/wp-content\/uploads\/2024\/11\/cropped-cropped-LOGO_9BTV-2024_Insta-1.jpg\",\"width\":512,\"height\":512,\"caption\":\"NouBarris.Net\"},\"image\":{\"@id\":\"https:\/\/www.noubarris.net\/web40\/#\/schema\/logo\/image\/\"},\"sameAs\":[\"https:\/\/www.facebook.com\/NouBarris.net\/?locale=es_ES\",\"https:\/\/x.com\/9BTV\"]},{\"@type\":\"Person\",\"@id\":\"https:\/\/www.noubarris.net\/web40\/#\/schema\/person\/1827f92aaa316c54abbf4dac0de76069\",\"name\":\"Informatius\",\"image\":{\"@type\":\"ImageObject\",\"inLanguage\":\"ca\",\"@id\":\"https:\/\/www.noubarris.net\/web40\/#\/schema\/person\/image\/\",\"url\":\"https:\/\/secure.gravatar.com\/avatar\/87a3b47928835fc72c6ee5b0e1a7263ef0c2d05003a98189bc14926c5f11bcdb?s=96&d=mm&r=g\",\"contentUrl\":\"https:\/\/secure.gravatar.com\/avatar\/87a3b47928835fc72c6ee5b0e1a7263ef0c2d05003a98189bc14926c5f11bcdb?s=96&d=mm&r=g\",\"caption\":\"Informatius\"},\"url\":\"https:\/\/www.noubarris.net\/web40\/author\/tele\/\"}]}<\/script>\n<!-- \/ Yoast SEO plugin. -->","yoast_head_json":{"title":"S'encarrila el projecte per Can Carreras, la darrera masia pendent de rehabilitar a Nou Barris - NouBarris.Net","robots":{"index":"index","follow":"follow","max-snippet":"max-snippet:-1","max-image-preview":"max-image-preview:large","max-video-preview":"max-video-preview:-1"},"canonical":"https:\/\/www.noubarris.net\/web40\/sencarrila-el-projecte-per-can-carreras-la-darrera-masia-pendent-de-rehabilitar-a-nou-barris\/","og_locale":"ca_ES","og_type":"article","og_title":"S'encarrila el projecte per Can Carreras, la darrera masia pendent de rehabilitar a Nou Barris - NouBarris.Net","og_description":"Es convertir\u00e0 en una escola bressol municipal i un Servei d\u2019atenci\u00f3 a la inf\u00e0ncia i l\u2019adolesc\u00e8ncia\u00a0 Despr\u00e9s de molts anys","og_url":"https:\/\/www.noubarris.net\/web40\/sencarrila-el-projecte-per-can-carreras-la-darrera-masia-pendent-de-rehabilitar-a-nou-barris\/","og_site_name":"NouBarris.Net","article_publisher":"https:\/\/www.facebook.com\/NouBarris.net\/?locale=es_ES","article_published_time":"2025-01-08T22:00:19+00:00","og_image":[{"width":768,"height":432,"url":"https:\/\/www.noubarris.net\/web40\/wp-content\/uploads\/2025\/01\/090125.jpg","type":"image\/jpeg"}],"author":"Informatius","twitter_card":"summary_large_image","twitter_creator":"@9BTV","twitter_site":"@9BTV","twitter_misc":{"Escrit per":"Informatius","Temps estimat de lectura":"5 minuts"},"schema":{"@context":"https:\/\/schema.org","@graph":[{"@type":"Article","@id":"https:\/\/www.noubarris.net\/web40\/sencarrila-el-projecte-per-can-carreras-la-darrera-masia-pendent-de-rehabilitar-a-nou-barris\/#article","isPartOf":{"@id":"https:\/\/www.noubarris.net\/web40\/sencarrila-el-projecte-per-can-carreras-la-darrera-masia-pendent-de-rehabilitar-a-nou-barris\/"},"author":{"name":"Informatius","@id":"https:\/\/www.noubarris.net\/web40\/#\/schema\/person\/1827f92aaa316c54abbf4dac0de76069"},"headline":"S&#8217;encarrila el projecte per Can Carreras, la darrera masia pendent de rehabilitar a Nou Barris","datePublished":"2025-01-08T22:00:19+00:00","mainEntityOfPage":{"@id":"https:\/\/www.noubarris.net\/web40\/sencarrila-el-projecte-per-can-carreras-la-darrera-masia-pendent-de-rehabilitar-a-nou-barris\/"},"wordCount":948,"publisher":{"@id":"https:\/\/www.noubarris.net\/web40\/#organization"},"image":{"@id":"https:\/\/www.noubarris.net\/web40\/sencarrila-el-projecte-per-can-carreras-la-darrera-masia-pendent-de-rehabilitar-a-nou-barris\/#primaryimage"},"thumbnailUrl":"https:\/\/www.noubarris.net\/web40\/wp-content\/uploads\/2025\/01\/090125.jpg","articleSection":["La Guineueta","Urbanisme"],"inLanguage":"ca"},{"@type":"WebPage","@id":"https:\/\/www.noubarris.net\/web40\/sencarrila-el-projecte-per-can-carreras-la-darrera-masia-pendent-de-rehabilitar-a-nou-barris\/","url":"https:\/\/www.noubarris.net\/web40\/sencarrila-el-projecte-per-can-carreras-la-darrera-masia-pendent-de-rehabilitar-a-nou-barris\/","name":"S'encarrila el projecte per Can Carreras, la darrera masia pendent de rehabilitar a Nou Barris - NouBarris.Net","isPartOf":{"@id":"https:\/\/www.noubarris.net\/web40\/#website"},"primaryImageOfPage":{"@id":"https:\/\/www.noubarris.net\/web40\/sencarrila-el-projecte-per-can-carreras-la-darrera-masia-pendent-de-rehabilitar-a-nou-barris\/#primaryimage"},"image":{"@id":"https:\/\/www.noubarris.net\/web40\/sencarrila-el-projecte-per-can-carreras-la-darrera-masia-pendent-de-rehabilitar-a-nou-barris\/#primaryimage"},"thumbnailUrl":"https:\/\/www.noubarris.net\/web40\/wp-content\/uploads\/2025\/01\/090125.jpg","datePublished":"2025-01-08T22:00:19+00:00","breadcrumb":{"@id":"https:\/\/www.noubarris.net\/web40\/sencarrila-el-projecte-per-can-carreras-la-darrera-masia-pendent-de-rehabilitar-a-nou-barris\/#breadcrumb"},"inLanguage":"ca","potentialAction":[{"@type":"ReadAction","target":["https:\/\/www.noubarris.net\/web40\/sencarrila-el-projecte-per-can-carreras-la-darrera-masia-pendent-de-rehabilitar-a-nou-barris\/"]}]},{"@type":"ImageObject","inLanguage":"ca","@id":"https:\/\/www.noubarris.net\/web40\/sencarrila-el-projecte-per-can-carreras-la-darrera-masia-pendent-de-rehabilitar-a-nou-barris\/#primaryimage","url":"https:\/\/www.noubarris.net\/web40\/wp-content\/uploads\/2025\/01\/090125.jpg","contentUrl":"https:\/\/www.noubarris.net\/web40\/wp-content\/uploads\/2025\/01\/090125.jpg","width":768,"height":432},{"@type":"BreadcrumbList","@id":"https:\/\/www.noubarris.net\/web40\/sencarrila-el-projecte-per-can-carreras-la-darrera-masia-pendent-de-rehabilitar-a-nou-barris\/#breadcrumb","itemListElement":[{"@type":"ListItem","position":1,"name":"Inici","item":"https:\/\/www.noubarris.net\/web40\/"},{"@type":"ListItem","position":2,"name":"S&#8217;encarrila el projecte per Can Carreras, la darrera masia pendent de rehabilitar a Nou Barris"}]},{"@type":"WebSite","@id":"https:\/\/www.noubarris.net\/web40\/#website","url":"https:\/\/www.noubarris.net\/web40\/","name":"NouBarris.Net","description":"Seguint la vida de Nou Barris des de 1985","publisher":{"@id":"https:\/\/www.noubarris.net\/web40\/#organization"},"potentialAction":[{"@type":"SearchAction","target":{"@type":"EntryPoint","urlTemplate":"https:\/\/www.noubarris.net\/web40\/?s={search_term_string}"},"query-input":{"@type":"PropertyValueSpecification","valueRequired":true,"valueName":"search_term_string"}}],"inLanguage":"ca"},{"@type":"Organization","@id":"https:\/\/www.noubarris.net\/web40\/#organization","name":"NouBarris.Net","url":"https:\/\/www.noubarris.net\/web40\/","logo":{"@type":"ImageObject","inLanguage":"ca","@id":"https:\/\/www.noubarris.net\/web40\/#\/schema\/logo\/image\/","url":"https:\/\/www.noubarris.net\/web40\/wp-content\/uploads\/2024\/11\/cropped-cropped-LOGO_9BTV-2024_Insta-1.jpg","contentUrl":"https:\/\/www.noubarris.net\/web40\/wp-content\/uploads\/2024\/11\/cropped-cropped-LOGO_9BTV-2024_Insta-1.jpg","width":512,"height":512,"caption":"NouBarris.Net"},"image":{"@id":"https:\/\/www.noubarris.net\/web40\/#\/schema\/logo\/image\/"},"sameAs":["https:\/\/www.facebook.com\/NouBarris.net\/?locale=es_ES","https:\/\/x.com\/9BTV"]},{"@type":"Person","@id":"https:\/\/www.noubarris.net\/web40\/#\/schema\/person\/1827f92aaa316c54abbf4dac0de76069","name":"Informatius","image":{"@type":"ImageObject","inLanguage":"ca","@id":"https:\/\/www.noubarris.net\/web40\/#\/schema\/person\/image\/","url":"https:\/\/secure.gravatar.com\/avatar\/87a3b47928835fc72c6ee5b0e1a7263ef0c2d05003a98189bc14926c5f11bcdb?s=96&d=mm&r=g","contentUrl":"https:\/\/secure.gravatar.com\/avatar\/87a3b47928835fc72c6ee5b0e1a7263ef0c2d05003a98189bc14926c5f11bcdb?s=96&d=mm&r=g","caption":"Informatius"},"url":"https:\/\/www.noubarris.net\/web40\/author\/tele\/"}]}},"_links":{"self":[{"href":"https:\/\/www.noubarris.net\/web40\/wp-json\/wp\/v2\/posts\/83647","targetHints":{"allow":["GET"]}}],"collection":[{"href":"https:\/\/www.noubarris.net\/web40\/wp-json\/wp\/v2\/posts"}],"about":[{"href":"https:\/\/www.noubarris.net\/web40\/wp-json\/wp\/v2\/types\/post"}],"author":[{"embeddable":true,"href":"https:\/\/www.noubarris.net\/web40\/wp-json\/wp\/v2\/users\/2"}],"replies":[{"embeddable":true,"href":"https:\/\/www.noubarris.net\/web40\/wp-json\/wp\/v2\/comments?post=83647"}],"version-history":[{"count":2,"href":"https:\/\/www.noubarris.net\/web40\/wp-json\/wp\/v2\/posts\/83647\/revisions"}],"predecessor-version":[{"id":83651,"href":"https:\/\/www.noubarris.net\/web40\/wp-json\/wp\/v2\/posts\/83647\/revisions\/83651"}],"wp:featuredmedia":[{"embeddable":true,"href":"https:\/\/www.noubarris.net\/web40\/wp-json\/wp\/v2\/media\/83648"}],"wp:attachment":[{"href":"https:\/\/www.noubarris.net\/web40\/wp-json\/wp\/v2\/media?parent=83647"}],"wp:term":[{"taxonomy":"category","embeddable":true,"href":"https:\/\/www.noubarris.net\/web40\/wp-json\/wp\/v2\/categories?post=83647"},{"taxonomy":"post_tag","embeddable":true,"href":"https:\/\/www.noubarris.net\/web40\/wp-json\/wp\/v2\/tags?post=83647"}],"curies":[{"name":"wp","href":"https:\/\/api.w.org\/{rel}","templated":true}]}}