{"id":83657,"date":"2025-01-13T00:00:14","date_gmt":"2025-01-12T22:00:14","guid":{"rendered":"https:\/\/www.noubarris.net\/web40\/?p=83657"},"modified":"2025-01-12T19:17:51","modified_gmt":"2025-01-12T17:17:51","slug":"darrera-setmana-per-gaudir-de-les-rara-avis-del-circ-dhivern","status":"publish","type":"post","link":"https:\/\/www.noubarris.net\/web40\/darrera-setmana-per-gaudir-de-les-rara-avis-del-circ-dhivern\/","title":{"rendered":"Darrera setmana per gaudir de les &#8216;Rara Avis&#8217; del Circ d&#8217;Hivern"},"content":{"rendered":"<p><strong>L&#8217;Ateneu Popular de 9 Barris acull les darreres sessions d&#8217;aquest espectacle de producci\u00f3 pr\u00f2pia<\/strong><\/p>\n<p>Ja fa una setmana que hem recuperat la vida quotidiana i els guarniments nadalencs s\u00f3n a les capses de nou, per\u00f2 a l&#8217;Ateneu Popular de 9 Barris encara hi ha l&#8217;oportunitat de gaudir d&#8217;un dels cl\u00e0ssics del Nadal noubarrienc: el Circ d&#8217;Hivern. L&#8217;espectacle de producci\u00f3 pr\u00f2pia &#8216;Rara Avis&#8217; volar\u00e0 per darrer cop aquest diumenge 19 despr\u00e9s de les quatre darreres sessions que tindran lloc entre divendres i diumenge. Si encara no hi heu anat, no badeu, ja que ja <a href=\"https:\/\/es.patronbase.com\/_Ateneu9B\/Productions\/2134\/Performances\"><strong>no queden entrades per a la darrera sessi\u00f3 i s\u00f3n pocs els bitllets per a la resta d&#8217;horaris.\u00a0\u00a0<\/strong><\/a><\/p>\n<p>L&#8217;espectacle d&#8217;enguany el protagonitzen cinc &#8220;rara avis&#8221;, cinc \u201cocells rars\u201d, un terme que fa refer\u00e8ncia a all\u00f2 que \u00e9s especial, poc com\u00fa o estrany. L\u2019obra celebra la singularitat que tothom portem a dins i ens transporta a un m\u00f3n on all\u00f2 que ens fa \u00fanics es converteix tamb\u00e9 en all\u00f2 que ens uneix. Fa unes setmanes vam entrevistar la directora de l&#8217;espectacle, Natalia Barraza. SI no heu vist l&#8217;entrevista, aqu\u00ed la teniu:<\/p>\n<p><iframe loading=\"lazy\" title=\"29\u00e8 Circ d\u2019Hivern a l&#039;Ateneu Popular de Nou Barris: \u2018Rara avis\u2019 - Entrevista a Natalia Barraza\" width=\"800\" height=\"450\" src=\"https:\/\/www.youtube.com\/embed\/3jikzZmbAp8?feature=oembed\" frameborder=\"0\" allow=\"accelerometer; autoplay; clipboard-write; encrypted-media; gyroscope; picture-in-picture; web-share\" referrerpolicy=\"strict-origin-when-cross-origin\" allowfullscreen><\/iframe><\/p>\n","protected":false},"excerpt":{"rendered":"<p>L&#8217;Ateneu Popular de 9 Barris acull les darreres sessions d&#8217;aquest espectacle de producci\u00f3 pr\u00f2pia Ja fa una setmana que hem<\/p>\n","protected":false},"author":2,"featured_media":83550,"comment_status":"closed","ping_status":"closed","sticky":false,"template":"","format":"standard","meta":{"colormag_page_layout":"default_layout","_monsterinsights_skip_tracking":false,"_monsterinsights_sitenote_active":false,"_monsterinsights_sitenote_note":"","_monsterinsights_sitenote_category":0,"footnotes":""},"categories":[129],"tags":[77,495],"class_list":["post-83657","post","type-post","status-publish","format-standard","has-post-thumbnail","hentry","category-cultura","tag-ateneu-popular-de-nou-barris","tag-circ-dhivern"],"yoast_head":"<!-- This site is optimized with the Yoast SEO plugin v25.3 - https:\/\/yoast.com\/wordpress\/plugins\/seo\/ -->\n<title>Darrera setmana per gaudir de les &#039;Rara Avis&#039; del Circ d&#039;Hivern - NouBarris.Net<\/title>\n<meta name=\"robots\" content=\"index, follow, max-snippet:-1, max-image-preview:large, max-video-preview:-1\" \/>\n<link rel=\"canonical\" href=\"https:\/\/www.noubarris.net\/web40\/darrera-setmana-per-gaudir-de-les-rara-avis-del-circ-dhivern\/\" \/>\n<meta property=\"og:locale\" content=\"ca_ES\" \/>\n<meta property=\"og:type\" content=\"article\" \/>\n<meta property=\"og:title\" content=\"Darrera setmana per gaudir de les &#039;Rara Avis&#039; del Circ d&#039;Hivern - NouBarris.Net\" \/>\n<meta property=\"og:description\" content=\"L&#8217;Ateneu Popular de 9 Barris acull les darreres sessions d&#8217;aquest espectacle de producci\u00f3 pr\u00f2pia Ja fa una setmana que hem\" \/>\n<meta property=\"og:url\" content=\"https:\/\/www.noubarris.net\/web40\/darrera-setmana-per-gaudir-de-les-rara-avis-del-circ-dhivern\/\" \/>\n<meta property=\"og:site_name\" content=\"NouBarris.Net\" \/>\n<meta property=\"article:publisher\" content=\"https:\/\/www.facebook.com\/NouBarris.net\/?locale=es_ES\" \/>\n<meta property=\"article:published_time\" content=\"2025-01-12T22:00:14+00:00\" \/>\n<meta property=\"og:image\" content=\"https:\/\/www.noubarris.net\/web40\/wp-content\/uploads\/2024\/12\/151224.jpg\" \/>\n\t<meta property=\"og:image:width\" content=\"768\" \/>\n\t<meta property=\"og:image:height\" content=\"432\" \/>\n\t<meta property=\"og:image:type\" content=\"image\/jpeg\" \/>\n<meta name=\"author\" content=\"Informatius\" \/>\n<meta name=\"twitter:card\" content=\"summary_large_image\" \/>\n<meta name=\"twitter:creator\" content=\"@9BTV\" \/>\n<meta name=\"twitter:site\" content=\"@9BTV\" \/>\n<meta name=\"twitter:label1\" content=\"Escrit per\" \/>\n\t<meta name=\"twitter:data1\" content=\"Informatius\" \/>\n\t<meta name=\"twitter:label2\" content=\"Temps estimat de lectura\" \/>\n\t<meta name=\"twitter:data2\" content=\"2 minuts\" \/>\n<script type=\"application\/ld+json\" class=\"yoast-schema-graph\">{\"@context\":\"https:\/\/schema.org\",\"@graph\":[{\"@type\":\"Article\",\"@id\":\"https:\/\/www.noubarris.net\/web40\/darrera-setmana-per-gaudir-de-les-rara-avis-del-circ-dhivern\/#article\",\"isPartOf\":{\"@id\":\"https:\/\/www.noubarris.net\/web40\/darrera-setmana-per-gaudir-de-les-rara-avis-del-circ-dhivern\/\"},\"author\":{\"name\":\"Informatius\",\"@id\":\"https:\/\/www.noubarris.net\/web40\/#\/schema\/person\/1827f92aaa316c54abbf4dac0de76069\"},\"headline\":\"Darrera setmana per gaudir de les &#8216;Rara Avis&#8217; del Circ d&#8217;Hivern\",\"datePublished\":\"2025-01-12T22:00:14+00:00\",\"mainEntityOfPage\":{\"@id\":\"https:\/\/www.noubarris.net\/web40\/darrera-setmana-per-gaudir-de-les-rara-avis-del-circ-dhivern\/\"},\"wordCount\":220,\"publisher\":{\"@id\":\"https:\/\/www.noubarris.net\/web40\/#organization\"},\"image\":{\"@id\":\"https:\/\/www.noubarris.net\/web40\/darrera-setmana-per-gaudir-de-les-rara-avis-del-circ-dhivern\/#primaryimage\"},\"thumbnailUrl\":\"https:\/\/www.noubarris.net\/web40\/wp-content\/uploads\/2024\/12\/151224.jpg\",\"keywords\":[\"Ateneu Popular de Nou Barris\",\"circ d'hivern\"],\"articleSection\":[\"Cultura\"],\"inLanguage\":\"ca\"},{\"@type\":\"WebPage\",\"@id\":\"https:\/\/www.noubarris.net\/web40\/darrera-setmana-per-gaudir-de-les-rara-avis-del-circ-dhivern\/\",\"url\":\"https:\/\/www.noubarris.net\/web40\/darrera-setmana-per-gaudir-de-les-rara-avis-del-circ-dhivern\/\",\"name\":\"Darrera setmana per gaudir de les 'Rara Avis' del Circ d'Hivern - NouBarris.Net\",\"isPartOf\":{\"@id\":\"https:\/\/www.noubarris.net\/web40\/#website\"},\"primaryImageOfPage\":{\"@id\":\"https:\/\/www.noubarris.net\/web40\/darrera-setmana-per-gaudir-de-les-rara-avis-del-circ-dhivern\/#primaryimage\"},\"image\":{\"@id\":\"https:\/\/www.noubarris.net\/web40\/darrera-setmana-per-gaudir-de-les-rara-avis-del-circ-dhivern\/#primaryimage\"},\"thumbnailUrl\":\"https:\/\/www.noubarris.net\/web40\/wp-content\/uploads\/2024\/12\/151224.jpg\",\"datePublished\":\"2025-01-12T22:00:14+00:00\",\"breadcrumb\":{\"@id\":\"https:\/\/www.noubarris.net\/web40\/darrera-setmana-per-gaudir-de-les-rara-avis-del-circ-dhivern\/#breadcrumb\"},\"inLanguage\":\"ca\",\"potentialAction\":[{\"@type\":\"ReadAction\",\"target\":[\"https:\/\/www.noubarris.net\/web40\/darrera-setmana-per-gaudir-de-les-rara-avis-del-circ-dhivern\/\"]}]},{\"@type\":\"ImageObject\",\"inLanguage\":\"ca\",\"@id\":\"https:\/\/www.noubarris.net\/web40\/darrera-setmana-per-gaudir-de-les-rara-avis-del-circ-dhivern\/#primaryimage\",\"url\":\"https:\/\/www.noubarris.net\/web40\/wp-content\/uploads\/2024\/12\/151224.jpg\",\"contentUrl\":\"https:\/\/www.noubarris.net\/web40\/wp-content\/uploads\/2024\/12\/151224.jpg\",\"width\":768,\"height\":432},{\"@type\":\"BreadcrumbList\",\"@id\":\"https:\/\/www.noubarris.net\/web40\/darrera-setmana-per-gaudir-de-les-rara-avis-del-circ-dhivern\/#breadcrumb\",\"itemListElement\":[{\"@type\":\"ListItem\",\"position\":1,\"name\":\"Inici\",\"item\":\"https:\/\/www.noubarris.net\/web40\/\"},{\"@type\":\"ListItem\",\"position\":2,\"name\":\"Darrera setmana per gaudir de les &#8216;Rara Avis&#8217; del Circ d&#8217;Hivern\"}]},{\"@type\":\"WebSite\",\"@id\":\"https:\/\/www.noubarris.net\/web40\/#website\",\"url\":\"https:\/\/www.noubarris.net\/web40\/\",\"name\":\"NouBarris.Net\",\"description\":\"Seguint la vida de Nou Barris des de 1985\",\"publisher\":{\"@id\":\"https:\/\/www.noubarris.net\/web40\/#organization\"},\"potentialAction\":[{\"@type\":\"SearchAction\",\"target\":{\"@type\":\"EntryPoint\",\"urlTemplate\":\"https:\/\/www.noubarris.net\/web40\/?s={search_term_string}\"},\"query-input\":{\"@type\":\"PropertyValueSpecification\",\"valueRequired\":true,\"valueName\":\"search_term_string\"}}],\"inLanguage\":\"ca\"},{\"@type\":\"Organization\",\"@id\":\"https:\/\/www.noubarris.net\/web40\/#organization\",\"name\":\"NouBarris.Net\",\"url\":\"https:\/\/www.noubarris.net\/web40\/\",\"logo\":{\"@type\":\"ImageObject\",\"inLanguage\":\"ca\",\"@id\":\"https:\/\/www.noubarris.net\/web40\/#\/schema\/logo\/image\/\",\"url\":\"https:\/\/www.noubarris.net\/web40\/wp-content\/uploads\/2024\/11\/cropped-cropped-LOGO_9BTV-2024_Insta-1.jpg\",\"contentUrl\":\"https:\/\/www.noubarris.net\/web40\/wp-content\/uploads\/2024\/11\/cropped-cropped-LOGO_9BTV-2024_Insta-1.jpg\",\"width\":512,\"height\":512,\"caption\":\"NouBarris.Net\"},\"image\":{\"@id\":\"https:\/\/www.noubarris.net\/web40\/#\/schema\/logo\/image\/\"},\"sameAs\":[\"https:\/\/www.facebook.com\/NouBarris.net\/?locale=es_ES\",\"https:\/\/x.com\/9BTV\"]},{\"@type\":\"Person\",\"@id\":\"https:\/\/www.noubarris.net\/web40\/#\/schema\/person\/1827f92aaa316c54abbf4dac0de76069\",\"name\":\"Informatius\",\"image\":{\"@type\":\"ImageObject\",\"inLanguage\":\"ca\",\"@id\":\"https:\/\/www.noubarris.net\/web40\/#\/schema\/person\/image\/\",\"url\":\"https:\/\/secure.gravatar.com\/avatar\/87a3b47928835fc72c6ee5b0e1a7263ef0c2d05003a98189bc14926c5f11bcdb?s=96&d=mm&r=g\",\"contentUrl\":\"https:\/\/secure.gravatar.com\/avatar\/87a3b47928835fc72c6ee5b0e1a7263ef0c2d05003a98189bc14926c5f11bcdb?s=96&d=mm&r=g\",\"caption\":\"Informatius\"},\"url\":\"https:\/\/www.noubarris.net\/web40\/author\/tele\/\"}]}<\/script>\n<!-- \/ Yoast SEO plugin. -->","yoast_head_json":{"title":"Darrera setmana per gaudir de les 'Rara Avis' del Circ d'Hivern - NouBarris.Net","robots":{"index":"index","follow":"follow","max-snippet":"max-snippet:-1","max-image-preview":"max-image-preview:large","max-video-preview":"max-video-preview:-1"},"canonical":"https:\/\/www.noubarris.net\/web40\/darrera-setmana-per-gaudir-de-les-rara-avis-del-circ-dhivern\/","og_locale":"ca_ES","og_type":"article","og_title":"Darrera setmana per gaudir de les 'Rara Avis' del Circ d'Hivern - NouBarris.Net","og_description":"L&#8217;Ateneu Popular de 9 Barris acull les darreres sessions d&#8217;aquest espectacle de producci\u00f3 pr\u00f2pia Ja fa una setmana que hem","og_url":"https:\/\/www.noubarris.net\/web40\/darrera-setmana-per-gaudir-de-les-rara-avis-del-circ-dhivern\/","og_site_name":"NouBarris.Net","article_publisher":"https:\/\/www.facebook.com\/NouBarris.net\/?locale=es_ES","article_published_time":"2025-01-12T22:00:14+00:00","og_image":[{"width":768,"height":432,"url":"https:\/\/www.noubarris.net\/web40\/wp-content\/uploads\/2024\/12\/151224.jpg","type":"image\/jpeg"}],"author":"Informatius","twitter_card":"summary_large_image","twitter_creator":"@9BTV","twitter_site":"@9BTV","twitter_misc":{"Escrit per":"Informatius","Temps estimat de lectura":"2 minuts"},"schema":{"@context":"https:\/\/schema.org","@graph":[{"@type":"Article","@id":"https:\/\/www.noubarris.net\/web40\/darrera-setmana-per-gaudir-de-les-rara-avis-del-circ-dhivern\/#article","isPartOf":{"@id":"https:\/\/www.noubarris.net\/web40\/darrera-setmana-per-gaudir-de-les-rara-avis-del-circ-dhivern\/"},"author":{"name":"Informatius","@id":"https:\/\/www.noubarris.net\/web40\/#\/schema\/person\/1827f92aaa316c54abbf4dac0de76069"},"headline":"Darrera setmana per gaudir de les &#8216;Rara Avis&#8217; del Circ d&#8217;Hivern","datePublished":"2025-01-12T22:00:14+00:00","mainEntityOfPage":{"@id":"https:\/\/www.noubarris.net\/web40\/darrera-setmana-per-gaudir-de-les-rara-avis-del-circ-dhivern\/"},"wordCount":220,"publisher":{"@id":"https:\/\/www.noubarris.net\/web40\/#organization"},"image":{"@id":"https:\/\/www.noubarris.net\/web40\/darrera-setmana-per-gaudir-de-les-rara-avis-del-circ-dhivern\/#primaryimage"},"thumbnailUrl":"https:\/\/www.noubarris.net\/web40\/wp-content\/uploads\/2024\/12\/151224.jpg","keywords":["Ateneu Popular de Nou Barris","circ d'hivern"],"articleSection":["Cultura"],"inLanguage":"ca"},{"@type":"WebPage","@id":"https:\/\/www.noubarris.net\/web40\/darrera-setmana-per-gaudir-de-les-rara-avis-del-circ-dhivern\/","url":"https:\/\/www.noubarris.net\/web40\/darrera-setmana-per-gaudir-de-les-rara-avis-del-circ-dhivern\/","name":"Darrera setmana per gaudir de les 'Rara Avis' del Circ d'Hivern - NouBarris.Net","isPartOf":{"@id":"https:\/\/www.noubarris.net\/web40\/#website"},"primaryImageOfPage":{"@id":"https:\/\/www.noubarris.net\/web40\/darrera-setmana-per-gaudir-de-les-rara-avis-del-circ-dhivern\/#primaryimage"},"image":{"@id":"https:\/\/www.noubarris.net\/web40\/darrera-setmana-per-gaudir-de-les-rara-avis-del-circ-dhivern\/#primaryimage"},"thumbnailUrl":"https:\/\/www.noubarris.net\/web40\/wp-content\/uploads\/2024\/12\/151224.jpg","datePublished":"2025-01-12T22:00:14+00:00","breadcrumb":{"@id":"https:\/\/www.noubarris.net\/web40\/darrera-setmana-per-gaudir-de-les-rara-avis-del-circ-dhivern\/#breadcrumb"},"inLanguage":"ca","potentialAction":[{"@type":"ReadAction","target":["https:\/\/www.noubarris.net\/web40\/darrera-setmana-per-gaudir-de-les-rara-avis-del-circ-dhivern\/"]}]},{"@type":"ImageObject","inLanguage":"ca","@id":"https:\/\/www.noubarris.net\/web40\/darrera-setmana-per-gaudir-de-les-rara-avis-del-circ-dhivern\/#primaryimage","url":"https:\/\/www.noubarris.net\/web40\/wp-content\/uploads\/2024\/12\/151224.jpg","contentUrl":"https:\/\/www.noubarris.net\/web40\/wp-content\/uploads\/2024\/12\/151224.jpg","width":768,"height":432},{"@type":"BreadcrumbList","@id":"https:\/\/www.noubarris.net\/web40\/darrera-setmana-per-gaudir-de-les-rara-avis-del-circ-dhivern\/#breadcrumb","itemListElement":[{"@type":"ListItem","position":1,"name":"Inici","item":"https:\/\/www.noubarris.net\/web40\/"},{"@type":"ListItem","position":2,"name":"Darrera setmana per gaudir de les &#8216;Rara Avis&#8217; del Circ d&#8217;Hivern"}]},{"@type":"WebSite","@id":"https:\/\/www.noubarris.net\/web40\/#website","url":"https:\/\/www.noubarris.net\/web40\/","name":"NouBarris.Net","description":"Seguint la vida de Nou Barris des de 1985","publisher":{"@id":"https:\/\/www.noubarris.net\/web40\/#organization"},"potentialAction":[{"@type":"SearchAction","target":{"@type":"EntryPoint","urlTemplate":"https:\/\/www.noubarris.net\/web40\/?s={search_term_string}"},"query-input":{"@type":"PropertyValueSpecification","valueRequired":true,"valueName":"search_term_string"}}],"inLanguage":"ca"},{"@type":"Organization","@id":"https:\/\/www.noubarris.net\/web40\/#organization","name":"NouBarris.Net","url":"https:\/\/www.noubarris.net\/web40\/","logo":{"@type":"ImageObject","inLanguage":"ca","@id":"https:\/\/www.noubarris.net\/web40\/#\/schema\/logo\/image\/","url":"https:\/\/www.noubarris.net\/web40\/wp-content\/uploads\/2024\/11\/cropped-cropped-LOGO_9BTV-2024_Insta-1.jpg","contentUrl":"https:\/\/www.noubarris.net\/web40\/wp-content\/uploads\/2024\/11\/cropped-cropped-LOGO_9BTV-2024_Insta-1.jpg","width":512,"height":512,"caption":"NouBarris.Net"},"image":{"@id":"https:\/\/www.noubarris.net\/web40\/#\/schema\/logo\/image\/"},"sameAs":["https:\/\/www.facebook.com\/NouBarris.net\/?locale=es_ES","https:\/\/x.com\/9BTV"]},{"@type":"Person","@id":"https:\/\/www.noubarris.net\/web40\/#\/schema\/person\/1827f92aaa316c54abbf4dac0de76069","name":"Informatius","image":{"@type":"ImageObject","inLanguage":"ca","@id":"https:\/\/www.noubarris.net\/web40\/#\/schema\/person\/image\/","url":"https:\/\/secure.gravatar.com\/avatar\/87a3b47928835fc72c6ee5b0e1a7263ef0c2d05003a98189bc14926c5f11bcdb?s=96&d=mm&r=g","contentUrl":"https:\/\/secure.gravatar.com\/avatar\/87a3b47928835fc72c6ee5b0e1a7263ef0c2d05003a98189bc14926c5f11bcdb?s=96&d=mm&r=g","caption":"Informatius"},"url":"https:\/\/www.noubarris.net\/web40\/author\/tele\/"}]}},"_links":{"self":[{"href":"https:\/\/www.noubarris.net\/web40\/wp-json\/wp\/v2\/posts\/83657","targetHints":{"allow":["GET"]}}],"collection":[{"href":"https:\/\/www.noubarris.net\/web40\/wp-json\/wp\/v2\/posts"}],"about":[{"href":"https:\/\/www.noubarris.net\/web40\/wp-json\/wp\/v2\/types\/post"}],"author":[{"embeddable":true,"href":"https:\/\/www.noubarris.net\/web40\/wp-json\/wp\/v2\/users\/2"}],"replies":[{"embeddable":true,"href":"https:\/\/www.noubarris.net\/web40\/wp-json\/wp\/v2\/comments?post=83657"}],"version-history":[{"count":1,"href":"https:\/\/www.noubarris.net\/web40\/wp-json\/wp\/v2\/posts\/83657\/revisions"}],"predecessor-version":[{"id":83658,"href":"https:\/\/www.noubarris.net\/web40\/wp-json\/wp\/v2\/posts\/83657\/revisions\/83658"}],"wp:featuredmedia":[{"embeddable":true,"href":"https:\/\/www.noubarris.net\/web40\/wp-json\/wp\/v2\/media\/83550"}],"wp:attachment":[{"href":"https:\/\/www.noubarris.net\/web40\/wp-json\/wp\/v2\/media?parent=83657"}],"wp:term":[{"taxonomy":"category","embeddable":true,"href":"https:\/\/www.noubarris.net\/web40\/wp-json\/wp\/v2\/categories?post=83657"},{"taxonomy":"post_tag","embeddable":true,"href":"https:\/\/www.noubarris.net\/web40\/wp-json\/wp\/v2\/tags?post=83657"}],"curies":[{"name":"wp","href":"https:\/\/api.w.org\/{rel}","templated":true}]}}