{"id":83659,"date":"2025-01-14T00:00:27","date_gmt":"2025-01-13T22:00:27","guid":{"rendered":"https:\/\/www.noubarris.net\/web40\/?p=83659"},"modified":"2025-01-12T19:43:52","modified_gmt":"2025-01-12T17:43:52","slug":"comenca-la-remodelacio-dels-entorns-de-la-residencia-del-carrer-del-moli-i-la-torre-julia","status":"publish","type":"post","link":"https:\/\/www.noubarris.net\/web40\/comenca-la-remodelacio-dels-entorns-de-la-residencia-del-carrer-del-moli-i-la-torre-julia\/","title":{"rendered":"Comen\u00e7a la remodelaci\u00f3 dels entorns de la resid\u00e8ncia del carrer del Mol\u00ed i la Torre J\u00falia"},"content":{"rendered":"<p><strong>El projecte suposa una inversi\u00f3 de 2,3 M\u20ac del Pla de Barris de la Prosperitat<\/strong><\/p>\n<p>Arrenquen les obres de remodelaci\u00f3 d&#8217;uns 5.000 m2 als entorns dels equipaments del carrer del Mol\u00ed, en el tram entre la Via Fav\u00e8ncia i el carrer de la Flor de Neu. Amb una inversi\u00f3 de 2,3 milions d&#8217;euros, procedents de Pla de Barris, es calcula que l\u2019obra s\u2019allargar\u00e0 aproximadament fins a finals del mes de desembre de 2025. D&#8217;aquests, nou mesos es dedicaran als entorns del carrer del Mol\u00ed entre l\u2019Institut Escola El Mol\u00ed i el carrer de la Flor de Neu. I quatre mesos al tram del carrer del Mol\u00ed que segueix fins a la Via Fav\u00e8ncia i als accessos de la resid\u00e8ncia.<\/p>\n<p>La intenci\u00f3, segons l&#8217;Ajuntament, es millorar l&#8217;espai p\u00fablic sobretot per als estudiants de l&#8217;institut escola, i les persones grans del centre de dia i de la resid\u00e8ncia. Per aix\u00f2 es vol pacificar i aplanar el creuament d\u2019aquests dos carrers, que ara \u00e9s una pendent amb les voreres estretes i amb poca visibilitat. Precisament per aixo una de les prioritats \u00e9s millorar l&#8217;accessibilitat. S&#8217;ha de dir, per\u00f2, que en el cas de la resid\u00e8ncia de gent gran, aquesta actuaci\u00f3 tindr\u00e0 uns l\u00edmits. Les fam\u00edlies demanaven que l&#8217;acc\u00e9s fos completament accessible, ja que ara un dels dos accessos t\u00e9 escales. Tanmateix, segons va explicar el govern de districte al darrer plenari, no es pot eliminar del tot el desnivell. A m\u00e9s, es tracta d&#8217;un equipament de la Generalitat.<\/p>\n<p>L\u2019actuaci\u00f3 tamb\u00e9 consisteix a arranjar diverses zones: de circulaci\u00f3, aparcament i d&#8217;estada, amb espais m\u00e9s tranquils i m\u00e9s din\u00e0mics, i espais verds.<\/p>\n<p>Tot aquest projecte de transformaci\u00f3 \u00e9s el resultat d\u2019un ampli proc\u00e9s de participaci\u00f3 que es va dur a terme amb m\u00faltiples agents de l\u2019entorn entre juny i desembre de 2021. A aquests treballs s&#8217;hi sumaran les obres de reforma dels locals situats als baixos de la Torre J\u00falia. Amb una extensi\u00f3 de 279 m\u00b2, es preveu que tinguin una doble funcionalitat: espai polivalent per a entitats, i per altra banda, com a espai per a serveis municipals.<\/p>\n","protected":false},"excerpt":{"rendered":"<p>El projecte suposa una inversi\u00f3 de 2,3 M\u20ac del Pla de Barris de la Prosperitat Arrenquen les obres de remodelaci\u00f3<\/p>\n","protected":false},"author":2,"featured_media":83660,"comment_status":"closed","ping_status":"closed","sticky":false,"template":"","format":"standard","meta":{"colormag_page_layout":"default_layout","_monsterinsights_skip_tracking":false,"_monsterinsights_sitenote_active":false,"_monsterinsights_sitenote_note":"","_monsterinsights_sitenote_category":0,"footnotes":""},"categories":[135,302],"tags":[],"class_list":["post-83659","post","type-post","status-publish","format-standard","has-post-thumbnail","hentry","category-la-prosperitat","category-urbanisme"],"yoast_head":"<!-- This site is optimized with the Yoast SEO plugin v25.3 - https:\/\/yoast.com\/wordpress\/plugins\/seo\/ -->\n<title>Comen\u00e7a la remodelaci\u00f3 dels entorns de la resid\u00e8ncia del carrer del Mol\u00ed i la Torre J\u00falia - NouBarris.Net<\/title>\n<meta name=\"robots\" content=\"index, follow, max-snippet:-1, max-image-preview:large, max-video-preview:-1\" \/>\n<link rel=\"canonical\" href=\"https:\/\/www.noubarris.net\/web40\/comenca-la-remodelacio-dels-entorns-de-la-residencia-del-carrer-del-moli-i-la-torre-julia\/\" \/>\n<meta property=\"og:locale\" content=\"ca_ES\" \/>\n<meta property=\"og:type\" content=\"article\" \/>\n<meta property=\"og:title\" content=\"Comen\u00e7a la remodelaci\u00f3 dels entorns de la resid\u00e8ncia del carrer del Mol\u00ed i la Torre J\u00falia - NouBarris.Net\" \/>\n<meta property=\"og:description\" content=\"El projecte suposa una inversi\u00f3 de 2,3 M\u20ac del Pla de Barris de la Prosperitat Arrenquen les obres de remodelaci\u00f3\" \/>\n<meta property=\"og:url\" content=\"https:\/\/www.noubarris.net\/web40\/comenca-la-remodelacio-dels-entorns-de-la-residencia-del-carrer-del-moli-i-la-torre-julia\/\" \/>\n<meta property=\"og:site_name\" content=\"NouBarris.Net\" \/>\n<meta property=\"article:publisher\" content=\"https:\/\/www.facebook.com\/NouBarris.net\/?locale=es_ES\" \/>\n<meta property=\"article:published_time\" content=\"2025-01-13T22:00:27+00:00\" \/>\n<meta property=\"og:image\" content=\"https:\/\/www.noubarris.net\/web40\/wp-content\/uploads\/2025\/01\/140125.jpg\" \/>\n\t<meta property=\"og:image:width\" content=\"768\" \/>\n\t<meta property=\"og:image:height\" content=\"432\" \/>\n\t<meta property=\"og:image:type\" content=\"image\/jpeg\" \/>\n<meta name=\"author\" content=\"Informatius\" \/>\n<meta name=\"twitter:card\" content=\"summary_large_image\" \/>\n<meta name=\"twitter:creator\" content=\"@9BTV\" \/>\n<meta name=\"twitter:site\" content=\"@9BTV\" \/>\n<meta name=\"twitter:label1\" content=\"Escrit per\" \/>\n\t<meta name=\"twitter:data1\" content=\"Informatius\" \/>\n\t<meta name=\"twitter:label2\" content=\"Temps estimat de lectura\" \/>\n\t<meta name=\"twitter:data2\" content=\"3 minuts\" \/>\n<script type=\"application\/ld+json\" class=\"yoast-schema-graph\">{\"@context\":\"https:\/\/schema.org\",\"@graph\":[{\"@type\":\"Article\",\"@id\":\"https:\/\/www.noubarris.net\/web40\/comenca-la-remodelacio-dels-entorns-de-la-residencia-del-carrer-del-moli-i-la-torre-julia\/#article\",\"isPartOf\":{\"@id\":\"https:\/\/www.noubarris.net\/web40\/comenca-la-remodelacio-dels-entorns-de-la-residencia-del-carrer-del-moli-i-la-torre-julia\/\"},\"author\":{\"name\":\"Informatius\",\"@id\":\"https:\/\/www.noubarris.net\/web40\/#\/schema\/person\/1827f92aaa316c54abbf4dac0de76069\"},\"headline\":\"Comen\u00e7a la remodelaci\u00f3 dels entorns de la resid\u00e8ncia del carrer del Mol\u00ed i la Torre J\u00falia\",\"datePublished\":\"2025-01-13T22:00:27+00:00\",\"mainEntityOfPage\":{\"@id\":\"https:\/\/www.noubarris.net\/web40\/comenca-la-remodelacio-dels-entorns-de-la-residencia-del-carrer-del-moli-i-la-torre-julia\/\"},\"wordCount\":392,\"publisher\":{\"@id\":\"https:\/\/www.noubarris.net\/web40\/#organization\"},\"image\":{\"@id\":\"https:\/\/www.noubarris.net\/web40\/comenca-la-remodelacio-dels-entorns-de-la-residencia-del-carrer-del-moli-i-la-torre-julia\/#primaryimage\"},\"thumbnailUrl\":\"https:\/\/www.noubarris.net\/web40\/wp-content\/uploads\/2025\/01\/140125.jpg\",\"articleSection\":[\"La Prosperitat\",\"Urbanisme\"],\"inLanguage\":\"ca\"},{\"@type\":\"WebPage\",\"@id\":\"https:\/\/www.noubarris.net\/web40\/comenca-la-remodelacio-dels-entorns-de-la-residencia-del-carrer-del-moli-i-la-torre-julia\/\",\"url\":\"https:\/\/www.noubarris.net\/web40\/comenca-la-remodelacio-dels-entorns-de-la-residencia-del-carrer-del-moli-i-la-torre-julia\/\",\"name\":\"Comen\u00e7a la remodelaci\u00f3 dels entorns de la resid\u00e8ncia del carrer del Mol\u00ed i la Torre J\u00falia - NouBarris.Net\",\"isPartOf\":{\"@id\":\"https:\/\/www.noubarris.net\/web40\/#website\"},\"primaryImageOfPage\":{\"@id\":\"https:\/\/www.noubarris.net\/web40\/comenca-la-remodelacio-dels-entorns-de-la-residencia-del-carrer-del-moli-i-la-torre-julia\/#primaryimage\"},\"image\":{\"@id\":\"https:\/\/www.noubarris.net\/web40\/comenca-la-remodelacio-dels-entorns-de-la-residencia-del-carrer-del-moli-i-la-torre-julia\/#primaryimage\"},\"thumbnailUrl\":\"https:\/\/www.noubarris.net\/web40\/wp-content\/uploads\/2025\/01\/140125.jpg\",\"datePublished\":\"2025-01-13T22:00:27+00:00\",\"breadcrumb\":{\"@id\":\"https:\/\/www.noubarris.net\/web40\/comenca-la-remodelacio-dels-entorns-de-la-residencia-del-carrer-del-moli-i-la-torre-julia\/#breadcrumb\"},\"inLanguage\":\"ca\",\"potentialAction\":[{\"@type\":\"ReadAction\",\"target\":[\"https:\/\/www.noubarris.net\/web40\/comenca-la-remodelacio-dels-entorns-de-la-residencia-del-carrer-del-moli-i-la-torre-julia\/\"]}]},{\"@type\":\"ImageObject\",\"inLanguage\":\"ca\",\"@id\":\"https:\/\/www.noubarris.net\/web40\/comenca-la-remodelacio-dels-entorns-de-la-residencia-del-carrer-del-moli-i-la-torre-julia\/#primaryimage\",\"url\":\"https:\/\/www.noubarris.net\/web40\/wp-content\/uploads\/2025\/01\/140125.jpg\",\"contentUrl\":\"https:\/\/www.noubarris.net\/web40\/wp-content\/uploads\/2025\/01\/140125.jpg\",\"width\":768,\"height\":432},{\"@type\":\"BreadcrumbList\",\"@id\":\"https:\/\/www.noubarris.net\/web40\/comenca-la-remodelacio-dels-entorns-de-la-residencia-del-carrer-del-moli-i-la-torre-julia\/#breadcrumb\",\"itemListElement\":[{\"@type\":\"ListItem\",\"position\":1,\"name\":\"Inici\",\"item\":\"https:\/\/www.noubarris.net\/web40\/\"},{\"@type\":\"ListItem\",\"position\":2,\"name\":\"Comen\u00e7a la remodelaci\u00f3 dels entorns de la resid\u00e8ncia del carrer del Mol\u00ed i la Torre J\u00falia\"}]},{\"@type\":\"WebSite\",\"@id\":\"https:\/\/www.noubarris.net\/web40\/#website\",\"url\":\"https:\/\/www.noubarris.net\/web40\/\",\"name\":\"NouBarris.Net\",\"description\":\"Seguint la vida de Nou Barris des de 1985\",\"publisher\":{\"@id\":\"https:\/\/www.noubarris.net\/web40\/#organization\"},\"potentialAction\":[{\"@type\":\"SearchAction\",\"target\":{\"@type\":\"EntryPoint\",\"urlTemplate\":\"https:\/\/www.noubarris.net\/web40\/?s={search_term_string}\"},\"query-input\":{\"@type\":\"PropertyValueSpecification\",\"valueRequired\":true,\"valueName\":\"search_term_string\"}}],\"inLanguage\":\"ca\"},{\"@type\":\"Organization\",\"@id\":\"https:\/\/www.noubarris.net\/web40\/#organization\",\"name\":\"NouBarris.Net\",\"url\":\"https:\/\/www.noubarris.net\/web40\/\",\"logo\":{\"@type\":\"ImageObject\",\"inLanguage\":\"ca\",\"@id\":\"https:\/\/www.noubarris.net\/web40\/#\/schema\/logo\/image\/\",\"url\":\"https:\/\/www.noubarris.net\/web40\/wp-content\/uploads\/2024\/11\/cropped-cropped-LOGO_9BTV-2024_Insta-1.jpg\",\"contentUrl\":\"https:\/\/www.noubarris.net\/web40\/wp-content\/uploads\/2024\/11\/cropped-cropped-LOGO_9BTV-2024_Insta-1.jpg\",\"width\":512,\"height\":512,\"caption\":\"NouBarris.Net\"},\"image\":{\"@id\":\"https:\/\/www.noubarris.net\/web40\/#\/schema\/logo\/image\/\"},\"sameAs\":[\"https:\/\/www.facebook.com\/NouBarris.net\/?locale=es_ES\",\"https:\/\/x.com\/9BTV\"]},{\"@type\":\"Person\",\"@id\":\"https:\/\/www.noubarris.net\/web40\/#\/schema\/person\/1827f92aaa316c54abbf4dac0de76069\",\"name\":\"Informatius\",\"image\":{\"@type\":\"ImageObject\",\"inLanguage\":\"ca\",\"@id\":\"https:\/\/www.noubarris.net\/web40\/#\/schema\/person\/image\/\",\"url\":\"https:\/\/secure.gravatar.com\/avatar\/87a3b47928835fc72c6ee5b0e1a7263ef0c2d05003a98189bc14926c5f11bcdb?s=96&d=mm&r=g\",\"contentUrl\":\"https:\/\/secure.gravatar.com\/avatar\/87a3b47928835fc72c6ee5b0e1a7263ef0c2d05003a98189bc14926c5f11bcdb?s=96&d=mm&r=g\",\"caption\":\"Informatius\"},\"url\":\"https:\/\/www.noubarris.net\/web40\/author\/tele\/\"}]}<\/script>\n<!-- \/ Yoast SEO plugin. -->","yoast_head_json":{"title":"Comen\u00e7a la remodelaci\u00f3 dels entorns de la resid\u00e8ncia del carrer del Mol\u00ed i la Torre J\u00falia - NouBarris.Net","robots":{"index":"index","follow":"follow","max-snippet":"max-snippet:-1","max-image-preview":"max-image-preview:large","max-video-preview":"max-video-preview:-1"},"canonical":"https:\/\/www.noubarris.net\/web40\/comenca-la-remodelacio-dels-entorns-de-la-residencia-del-carrer-del-moli-i-la-torre-julia\/","og_locale":"ca_ES","og_type":"article","og_title":"Comen\u00e7a la remodelaci\u00f3 dels entorns de la resid\u00e8ncia del carrer del Mol\u00ed i la Torre J\u00falia - NouBarris.Net","og_description":"El projecte suposa una inversi\u00f3 de 2,3 M\u20ac del Pla de Barris de la Prosperitat Arrenquen les obres de remodelaci\u00f3","og_url":"https:\/\/www.noubarris.net\/web40\/comenca-la-remodelacio-dels-entorns-de-la-residencia-del-carrer-del-moli-i-la-torre-julia\/","og_site_name":"NouBarris.Net","article_publisher":"https:\/\/www.facebook.com\/NouBarris.net\/?locale=es_ES","article_published_time":"2025-01-13T22:00:27+00:00","og_image":[{"width":768,"height":432,"url":"https:\/\/www.noubarris.net\/web40\/wp-content\/uploads\/2025\/01\/140125.jpg","type":"image\/jpeg"}],"author":"Informatius","twitter_card":"summary_large_image","twitter_creator":"@9BTV","twitter_site":"@9BTV","twitter_misc":{"Escrit per":"Informatius","Temps estimat de lectura":"3 minuts"},"schema":{"@context":"https:\/\/schema.org","@graph":[{"@type":"Article","@id":"https:\/\/www.noubarris.net\/web40\/comenca-la-remodelacio-dels-entorns-de-la-residencia-del-carrer-del-moli-i-la-torre-julia\/#article","isPartOf":{"@id":"https:\/\/www.noubarris.net\/web40\/comenca-la-remodelacio-dels-entorns-de-la-residencia-del-carrer-del-moli-i-la-torre-julia\/"},"author":{"name":"Informatius","@id":"https:\/\/www.noubarris.net\/web40\/#\/schema\/person\/1827f92aaa316c54abbf4dac0de76069"},"headline":"Comen\u00e7a la remodelaci\u00f3 dels entorns de la resid\u00e8ncia del carrer del Mol\u00ed i la Torre J\u00falia","datePublished":"2025-01-13T22:00:27+00:00","mainEntityOfPage":{"@id":"https:\/\/www.noubarris.net\/web40\/comenca-la-remodelacio-dels-entorns-de-la-residencia-del-carrer-del-moli-i-la-torre-julia\/"},"wordCount":392,"publisher":{"@id":"https:\/\/www.noubarris.net\/web40\/#organization"},"image":{"@id":"https:\/\/www.noubarris.net\/web40\/comenca-la-remodelacio-dels-entorns-de-la-residencia-del-carrer-del-moli-i-la-torre-julia\/#primaryimage"},"thumbnailUrl":"https:\/\/www.noubarris.net\/web40\/wp-content\/uploads\/2025\/01\/140125.jpg","articleSection":["La Prosperitat","Urbanisme"],"inLanguage":"ca"},{"@type":"WebPage","@id":"https:\/\/www.noubarris.net\/web40\/comenca-la-remodelacio-dels-entorns-de-la-residencia-del-carrer-del-moli-i-la-torre-julia\/","url":"https:\/\/www.noubarris.net\/web40\/comenca-la-remodelacio-dels-entorns-de-la-residencia-del-carrer-del-moli-i-la-torre-julia\/","name":"Comen\u00e7a la remodelaci\u00f3 dels entorns de la resid\u00e8ncia del carrer del Mol\u00ed i la Torre J\u00falia - NouBarris.Net","isPartOf":{"@id":"https:\/\/www.noubarris.net\/web40\/#website"},"primaryImageOfPage":{"@id":"https:\/\/www.noubarris.net\/web40\/comenca-la-remodelacio-dels-entorns-de-la-residencia-del-carrer-del-moli-i-la-torre-julia\/#primaryimage"},"image":{"@id":"https:\/\/www.noubarris.net\/web40\/comenca-la-remodelacio-dels-entorns-de-la-residencia-del-carrer-del-moli-i-la-torre-julia\/#primaryimage"},"thumbnailUrl":"https:\/\/www.noubarris.net\/web40\/wp-content\/uploads\/2025\/01\/140125.jpg","datePublished":"2025-01-13T22:00:27+00:00","breadcrumb":{"@id":"https:\/\/www.noubarris.net\/web40\/comenca-la-remodelacio-dels-entorns-de-la-residencia-del-carrer-del-moli-i-la-torre-julia\/#breadcrumb"},"inLanguage":"ca","potentialAction":[{"@type":"ReadAction","target":["https:\/\/www.noubarris.net\/web40\/comenca-la-remodelacio-dels-entorns-de-la-residencia-del-carrer-del-moli-i-la-torre-julia\/"]}]},{"@type":"ImageObject","inLanguage":"ca","@id":"https:\/\/www.noubarris.net\/web40\/comenca-la-remodelacio-dels-entorns-de-la-residencia-del-carrer-del-moli-i-la-torre-julia\/#primaryimage","url":"https:\/\/www.noubarris.net\/web40\/wp-content\/uploads\/2025\/01\/140125.jpg","contentUrl":"https:\/\/www.noubarris.net\/web40\/wp-content\/uploads\/2025\/01\/140125.jpg","width":768,"height":432},{"@type":"BreadcrumbList","@id":"https:\/\/www.noubarris.net\/web40\/comenca-la-remodelacio-dels-entorns-de-la-residencia-del-carrer-del-moli-i-la-torre-julia\/#breadcrumb","itemListElement":[{"@type":"ListItem","position":1,"name":"Inici","item":"https:\/\/www.noubarris.net\/web40\/"},{"@type":"ListItem","position":2,"name":"Comen\u00e7a la remodelaci\u00f3 dels entorns de la resid\u00e8ncia del carrer del Mol\u00ed i la Torre J\u00falia"}]},{"@type":"WebSite","@id":"https:\/\/www.noubarris.net\/web40\/#website","url":"https:\/\/www.noubarris.net\/web40\/","name":"NouBarris.Net","description":"Seguint la vida de Nou Barris des de 1985","publisher":{"@id":"https:\/\/www.noubarris.net\/web40\/#organization"},"potentialAction":[{"@type":"SearchAction","target":{"@type":"EntryPoint","urlTemplate":"https:\/\/www.noubarris.net\/web40\/?s={search_term_string}"},"query-input":{"@type":"PropertyValueSpecification","valueRequired":true,"valueName":"search_term_string"}}],"inLanguage":"ca"},{"@type":"Organization","@id":"https:\/\/www.noubarris.net\/web40\/#organization","name":"NouBarris.Net","url":"https:\/\/www.noubarris.net\/web40\/","logo":{"@type":"ImageObject","inLanguage":"ca","@id":"https:\/\/www.noubarris.net\/web40\/#\/schema\/logo\/image\/","url":"https:\/\/www.noubarris.net\/web40\/wp-content\/uploads\/2024\/11\/cropped-cropped-LOGO_9BTV-2024_Insta-1.jpg","contentUrl":"https:\/\/www.noubarris.net\/web40\/wp-content\/uploads\/2024\/11\/cropped-cropped-LOGO_9BTV-2024_Insta-1.jpg","width":512,"height":512,"caption":"NouBarris.Net"},"image":{"@id":"https:\/\/www.noubarris.net\/web40\/#\/schema\/logo\/image\/"},"sameAs":["https:\/\/www.facebook.com\/NouBarris.net\/?locale=es_ES","https:\/\/x.com\/9BTV"]},{"@type":"Person","@id":"https:\/\/www.noubarris.net\/web40\/#\/schema\/person\/1827f92aaa316c54abbf4dac0de76069","name":"Informatius","image":{"@type":"ImageObject","inLanguage":"ca","@id":"https:\/\/www.noubarris.net\/web40\/#\/schema\/person\/image\/","url":"https:\/\/secure.gravatar.com\/avatar\/87a3b47928835fc72c6ee5b0e1a7263ef0c2d05003a98189bc14926c5f11bcdb?s=96&d=mm&r=g","contentUrl":"https:\/\/secure.gravatar.com\/avatar\/87a3b47928835fc72c6ee5b0e1a7263ef0c2d05003a98189bc14926c5f11bcdb?s=96&d=mm&r=g","caption":"Informatius"},"url":"https:\/\/www.noubarris.net\/web40\/author\/tele\/"}]}},"_links":{"self":[{"href":"https:\/\/www.noubarris.net\/web40\/wp-json\/wp\/v2\/posts\/83659","targetHints":{"allow":["GET"]}}],"collection":[{"href":"https:\/\/www.noubarris.net\/web40\/wp-json\/wp\/v2\/posts"}],"about":[{"href":"https:\/\/www.noubarris.net\/web40\/wp-json\/wp\/v2\/types\/post"}],"author":[{"embeddable":true,"href":"https:\/\/www.noubarris.net\/web40\/wp-json\/wp\/v2\/users\/2"}],"replies":[{"embeddable":true,"href":"https:\/\/www.noubarris.net\/web40\/wp-json\/wp\/v2\/comments?post=83659"}],"version-history":[{"count":1,"href":"https:\/\/www.noubarris.net\/web40\/wp-json\/wp\/v2\/posts\/83659\/revisions"}],"predecessor-version":[{"id":83661,"href":"https:\/\/www.noubarris.net\/web40\/wp-json\/wp\/v2\/posts\/83659\/revisions\/83661"}],"wp:featuredmedia":[{"embeddable":true,"href":"https:\/\/www.noubarris.net\/web40\/wp-json\/wp\/v2\/media\/83660"}],"wp:attachment":[{"href":"https:\/\/www.noubarris.net\/web40\/wp-json\/wp\/v2\/media?parent=83659"}],"wp:term":[{"taxonomy":"category","embeddable":true,"href":"https:\/\/www.noubarris.net\/web40\/wp-json\/wp\/v2\/categories?post=83659"},{"taxonomy":"post_tag","embeddable":true,"href":"https:\/\/www.noubarris.net\/web40\/wp-json\/wp\/v2\/tags?post=83659"}],"curies":[{"name":"wp","href":"https:\/\/api.w.org\/{rel}","templated":true}]}}