{"id":83670,"date":"2025-01-16T00:00:40","date_gmt":"2025-01-15T22:00:40","guid":{"rendered":"https:\/\/www.noubarris.net\/web40\/?p=83670"},"modified":"2025-01-15T18:03:03","modified_gmt":"2025-01-15T16:03:03","slug":"denuncien-actes-vandalics-a-les-fonts-del-parc-natural-de-la-serra-de-collserola","status":"publish","type":"post","link":"https:\/\/www.noubarris.net\/web40\/denuncien-actes-vandalics-a-les-fonts-del-parc-natural-de-la-serra-de-collserola\/","title":{"rendered":"Denuncien actes vand\u00e0lics a les fonts del Parc Natural de la Serra de Collserola"},"content":{"rendered":"<p><strong>L\u2019Arxiu Hist\u00f2ric de Roquetes-Nou Barris reclama que el pla de rehabilitaci\u00f3 s\u2019executi al m\u00e9s aviat possible<\/strong><\/p>\n<p>Diversos grafits embruten des de fa temps la Font Nova de Canyelles, a la Carretera Alta de les Roquetes. I no \u00e9s l\u2019\u00fanica. La font de Santa Eul\u00e0lia tamb\u00e9 va apar\u00e8ixer amb les restes d\u2019actes vand\u00e0lics temps enrere, i la Font Vella de Canyelles tamb\u00e9 n\u2019ha patit. Segons Arnaldo Gil, de l\u2019Arxiu Hist\u00f2ric de Roquetes, alerta sobre el maltractament que, en general, estan patint les fonts. Assegura que, mitjan\u00e7ant les xarxes socials, molts dels ve\u00efns ja han (o estan) denunciant aquests actes vand\u00e0lics d\u2019uns elements del patrimoni natural i hist\u00f2ric dels nostres barris.<\/p>\n<p>Davant aquesta situaci\u00f3, el passat mes de novembre es va presentar l\u2019avantprojecte per l\u2019adequaci\u00f3 i la restauraci\u00f3 de fonts del Parc Natural de la Serra de Collserola que, des dels inicis es van congregar com a s\u00edmbol y refer\u00e8ncia per als ve\u00efns dels diversos barris barcelonins m\u00e9s propers a la serra de Collserola com serien Sarri\u00e0 &#8211; Sant Gervasi, Horta &#8211; Guinard\u00f3 o Nou Barris. En aquest pla hi ha un total de 13 fonts, de les quals 4 (Font de l\u2019Alba, Font de Canyelles Vella i Nova i la Font de Santa Eul\u00e0lia) formen part del districte de Nou Barris. Aquest avantprojecte consta de subvencions del Fons Europeu de la Uni\u00f3 Europea, incloses en el Pla de Sostenibilitat Tur\u00edstica en Destinacions a Barcelona.<\/p>\n<p>Arnaldo Gil adverteix, per\u00f2, que si el projecte d\u2019adequaci\u00f3 i restauraci\u00f3 s\u2019estira molt en el temps s\u2019hi podria arribar tard i hi ha en risc perdre tot un punt de refer\u00e8ncia hist\u00f2ric i d\u2019identitat per als barris propers.<\/p>\n<p><span style=\"font-size: 10pt;\">Redacci\u00f3: Laura Roa<\/span><\/p>\n<p><iframe loading=\"lazy\" title=\"Denuncien actes vand\u00e0lics a les fonts del Parc Natural de la Serra de Collserola\" width=\"800\" height=\"450\" src=\"https:\/\/www.youtube.com\/embed\/QQqcXiMXmMg?feature=oembed\" frameborder=\"0\" allow=\"accelerometer; autoplay; clipboard-write; encrypted-media; gyroscope; picture-in-picture; web-share\" referrerpolicy=\"strict-origin-when-cross-origin\" allowfullscreen><\/iframe><\/p>\n","protected":false},"excerpt":{"rendered":"<p>L\u2019Arxiu Hist\u00f2ric de Roquetes-Nou Barris reclama que el pla de rehabilitaci\u00f3 s\u2019executi al m\u00e9s aviat possible Diversos grafits embruten des<\/p>\n","protected":false},"author":2,"featured_media":83671,"comment_status":"closed","ping_status":"closed","sticky":false,"template":"","format":"standard","meta":{"colormag_page_layout":"default_layout","_monsterinsights_skip_tracking":false,"_monsterinsights_sitenote_active":false,"_monsterinsights_sitenote_note":"","_monsterinsights_sitenote_category":0,"footnotes":""},"categories":[1],"tags":[],"class_list":["post-83670","post","type-post","status-publish","format-standard","has-post-thumbnail","hentry","category-nou-barris"],"yoast_head":"<!-- This site is optimized with the Yoast SEO plugin v25.3 - https:\/\/yoast.com\/wordpress\/plugins\/seo\/ -->\n<title>Denuncien actes vand\u00e0lics a les fonts del Parc Natural de la Serra de Collserola - NouBarris.Net<\/title>\n<meta name=\"robots\" content=\"index, follow, max-snippet:-1, max-image-preview:large, max-video-preview:-1\" \/>\n<link rel=\"canonical\" href=\"https:\/\/www.noubarris.net\/web40\/denuncien-actes-vandalics-a-les-fonts-del-parc-natural-de-la-serra-de-collserola\/\" \/>\n<meta property=\"og:locale\" content=\"ca_ES\" \/>\n<meta property=\"og:type\" content=\"article\" \/>\n<meta property=\"og:title\" content=\"Denuncien actes vand\u00e0lics a les fonts del Parc Natural de la Serra de Collserola - NouBarris.Net\" \/>\n<meta property=\"og:description\" content=\"L\u2019Arxiu Hist\u00f2ric de Roquetes-Nou Barris reclama que el pla de rehabilitaci\u00f3 s\u2019executi al m\u00e9s aviat possible Diversos grafits embruten des\" \/>\n<meta property=\"og:url\" content=\"https:\/\/www.noubarris.net\/web40\/denuncien-actes-vandalics-a-les-fonts-del-parc-natural-de-la-serra-de-collserola\/\" \/>\n<meta property=\"og:site_name\" content=\"NouBarris.Net\" \/>\n<meta property=\"article:publisher\" content=\"https:\/\/www.facebook.com\/NouBarris.net\/?locale=es_ES\" \/>\n<meta property=\"article:published_time\" content=\"2025-01-15T22:00:40+00:00\" \/>\n<meta property=\"og:image\" content=\"https:\/\/www.noubarris.net\/web40\/wp-content\/uploads\/2025\/01\/WhatsApp-Image-2025-01-15-at-09.30.03-scaled.jpeg\" \/>\n\t<meta property=\"og:image:width\" content=\"2560\" \/>\n\t<meta property=\"og:image:height\" content=\"1442\" \/>\n\t<meta property=\"og:image:type\" content=\"image\/jpeg\" \/>\n<meta name=\"author\" content=\"Informatius\" \/>\n<meta name=\"twitter:card\" content=\"summary_large_image\" \/>\n<meta name=\"twitter:creator\" content=\"@9BTV\" \/>\n<meta name=\"twitter:site\" content=\"@9BTV\" \/>\n<meta name=\"twitter:label1\" content=\"Escrit per\" \/>\n\t<meta name=\"twitter:data1\" content=\"Informatius\" \/>\n\t<meta name=\"twitter:label2\" content=\"Temps estimat de lectura\" \/>\n\t<meta name=\"twitter:data2\" content=\"2 minuts\" \/>\n<script type=\"application\/ld+json\" class=\"yoast-schema-graph\">{\"@context\":\"https:\/\/schema.org\",\"@graph\":[{\"@type\":\"Article\",\"@id\":\"https:\/\/www.noubarris.net\/web40\/denuncien-actes-vandalics-a-les-fonts-del-parc-natural-de-la-serra-de-collserola\/#article\",\"isPartOf\":{\"@id\":\"https:\/\/www.noubarris.net\/web40\/denuncien-actes-vandalics-a-les-fonts-del-parc-natural-de-la-serra-de-collserola\/\"},\"author\":{\"name\":\"Informatius\",\"@id\":\"https:\/\/www.noubarris.net\/web40\/#\/schema\/person\/1827f92aaa316c54abbf4dac0de76069\"},\"headline\":\"Denuncien actes vand\u00e0lics a les fonts del Parc Natural de la Serra de Collserola\",\"datePublished\":\"2025-01-15T22:00:40+00:00\",\"mainEntityOfPage\":{\"@id\":\"https:\/\/www.noubarris.net\/web40\/denuncien-actes-vandalics-a-les-fonts-del-parc-natural-de-la-serra-de-collserola\/\"},\"wordCount\":325,\"publisher\":{\"@id\":\"https:\/\/www.noubarris.net\/web40\/#organization\"},\"image\":{\"@id\":\"https:\/\/www.noubarris.net\/web40\/denuncien-actes-vandalics-a-les-fonts-del-parc-natural-de-la-serra-de-collserola\/#primaryimage\"},\"thumbnailUrl\":\"https:\/\/www.noubarris.net\/web40\/wp-content\/uploads\/2025\/01\/WhatsApp-Image-2025-01-15-at-09.30.03-scaled.jpeg\",\"articleSection\":[\"Nou Barris\"],\"inLanguage\":\"ca\"},{\"@type\":\"WebPage\",\"@id\":\"https:\/\/www.noubarris.net\/web40\/denuncien-actes-vandalics-a-les-fonts-del-parc-natural-de-la-serra-de-collserola\/\",\"url\":\"https:\/\/www.noubarris.net\/web40\/denuncien-actes-vandalics-a-les-fonts-del-parc-natural-de-la-serra-de-collserola\/\",\"name\":\"Denuncien actes vand\u00e0lics a les fonts del Parc Natural de la Serra de Collserola - NouBarris.Net\",\"isPartOf\":{\"@id\":\"https:\/\/www.noubarris.net\/web40\/#website\"},\"primaryImageOfPage\":{\"@id\":\"https:\/\/www.noubarris.net\/web40\/denuncien-actes-vandalics-a-les-fonts-del-parc-natural-de-la-serra-de-collserola\/#primaryimage\"},\"image\":{\"@id\":\"https:\/\/www.noubarris.net\/web40\/denuncien-actes-vandalics-a-les-fonts-del-parc-natural-de-la-serra-de-collserola\/#primaryimage\"},\"thumbnailUrl\":\"https:\/\/www.noubarris.net\/web40\/wp-content\/uploads\/2025\/01\/WhatsApp-Image-2025-01-15-at-09.30.03-scaled.jpeg\",\"datePublished\":\"2025-01-15T22:00:40+00:00\",\"breadcrumb\":{\"@id\":\"https:\/\/www.noubarris.net\/web40\/denuncien-actes-vandalics-a-les-fonts-del-parc-natural-de-la-serra-de-collserola\/#breadcrumb\"},\"inLanguage\":\"ca\",\"potentialAction\":[{\"@type\":\"ReadAction\",\"target\":[\"https:\/\/www.noubarris.net\/web40\/denuncien-actes-vandalics-a-les-fonts-del-parc-natural-de-la-serra-de-collserola\/\"]}]},{\"@type\":\"ImageObject\",\"inLanguage\":\"ca\",\"@id\":\"https:\/\/www.noubarris.net\/web40\/denuncien-actes-vandalics-a-les-fonts-del-parc-natural-de-la-serra-de-collserola\/#primaryimage\",\"url\":\"https:\/\/www.noubarris.net\/web40\/wp-content\/uploads\/2025\/01\/WhatsApp-Image-2025-01-15-at-09.30.03-scaled.jpeg\",\"contentUrl\":\"https:\/\/www.noubarris.net\/web40\/wp-content\/uploads\/2025\/01\/WhatsApp-Image-2025-01-15-at-09.30.03-scaled.jpeg\",\"width\":2560,\"height\":1442,\"caption\":\"Font de Canyelles vandalitzada\"},{\"@type\":\"BreadcrumbList\",\"@id\":\"https:\/\/www.noubarris.net\/web40\/denuncien-actes-vandalics-a-les-fonts-del-parc-natural-de-la-serra-de-collserola\/#breadcrumb\",\"itemListElement\":[{\"@type\":\"ListItem\",\"position\":1,\"name\":\"Inici\",\"item\":\"https:\/\/www.noubarris.net\/web40\/\"},{\"@type\":\"ListItem\",\"position\":2,\"name\":\"Denuncien actes vand\u00e0lics a les fonts del Parc Natural de la Serra de Collserola\"}]},{\"@type\":\"WebSite\",\"@id\":\"https:\/\/www.noubarris.net\/web40\/#website\",\"url\":\"https:\/\/www.noubarris.net\/web40\/\",\"name\":\"NouBarris.Net\",\"description\":\"Seguint la vida de Nou Barris des de 1985\",\"publisher\":{\"@id\":\"https:\/\/www.noubarris.net\/web40\/#organization\"},\"potentialAction\":[{\"@type\":\"SearchAction\",\"target\":{\"@type\":\"EntryPoint\",\"urlTemplate\":\"https:\/\/www.noubarris.net\/web40\/?s={search_term_string}\"},\"query-input\":{\"@type\":\"PropertyValueSpecification\",\"valueRequired\":true,\"valueName\":\"search_term_string\"}}],\"inLanguage\":\"ca\"},{\"@type\":\"Organization\",\"@id\":\"https:\/\/www.noubarris.net\/web40\/#organization\",\"name\":\"NouBarris.Net\",\"url\":\"https:\/\/www.noubarris.net\/web40\/\",\"logo\":{\"@type\":\"ImageObject\",\"inLanguage\":\"ca\",\"@id\":\"https:\/\/www.noubarris.net\/web40\/#\/schema\/logo\/image\/\",\"url\":\"https:\/\/www.noubarris.net\/web40\/wp-content\/uploads\/2024\/11\/cropped-cropped-LOGO_9BTV-2024_Insta-1.jpg\",\"contentUrl\":\"https:\/\/www.noubarris.net\/web40\/wp-content\/uploads\/2024\/11\/cropped-cropped-LOGO_9BTV-2024_Insta-1.jpg\",\"width\":512,\"height\":512,\"caption\":\"NouBarris.Net\"},\"image\":{\"@id\":\"https:\/\/www.noubarris.net\/web40\/#\/schema\/logo\/image\/\"},\"sameAs\":[\"https:\/\/www.facebook.com\/NouBarris.net\/?locale=es_ES\",\"https:\/\/x.com\/9BTV\"]},{\"@type\":\"Person\",\"@id\":\"https:\/\/www.noubarris.net\/web40\/#\/schema\/person\/1827f92aaa316c54abbf4dac0de76069\",\"name\":\"Informatius\",\"image\":{\"@type\":\"ImageObject\",\"inLanguage\":\"ca\",\"@id\":\"https:\/\/www.noubarris.net\/web40\/#\/schema\/person\/image\/\",\"url\":\"https:\/\/secure.gravatar.com\/avatar\/87a3b47928835fc72c6ee5b0e1a7263ef0c2d05003a98189bc14926c5f11bcdb?s=96&d=mm&r=g\",\"contentUrl\":\"https:\/\/secure.gravatar.com\/avatar\/87a3b47928835fc72c6ee5b0e1a7263ef0c2d05003a98189bc14926c5f11bcdb?s=96&d=mm&r=g\",\"caption\":\"Informatius\"},\"url\":\"https:\/\/www.noubarris.net\/web40\/author\/tele\/\"}]}<\/script>\n<!-- \/ Yoast SEO plugin. -->","yoast_head_json":{"title":"Denuncien actes vand\u00e0lics a les fonts del Parc Natural de la Serra de Collserola - NouBarris.Net","robots":{"index":"index","follow":"follow","max-snippet":"max-snippet:-1","max-image-preview":"max-image-preview:large","max-video-preview":"max-video-preview:-1"},"canonical":"https:\/\/www.noubarris.net\/web40\/denuncien-actes-vandalics-a-les-fonts-del-parc-natural-de-la-serra-de-collserola\/","og_locale":"ca_ES","og_type":"article","og_title":"Denuncien actes vand\u00e0lics a les fonts del Parc Natural de la Serra de Collserola - NouBarris.Net","og_description":"L\u2019Arxiu Hist\u00f2ric de Roquetes-Nou Barris reclama que el pla de rehabilitaci\u00f3 s\u2019executi al m\u00e9s aviat possible Diversos grafits embruten des","og_url":"https:\/\/www.noubarris.net\/web40\/denuncien-actes-vandalics-a-les-fonts-del-parc-natural-de-la-serra-de-collserola\/","og_site_name":"NouBarris.Net","article_publisher":"https:\/\/www.facebook.com\/NouBarris.net\/?locale=es_ES","article_published_time":"2025-01-15T22:00:40+00:00","og_image":[{"width":2560,"height":1442,"url":"https:\/\/www.noubarris.net\/web40\/wp-content\/uploads\/2025\/01\/WhatsApp-Image-2025-01-15-at-09.30.03-scaled.jpeg","type":"image\/jpeg"}],"author":"Informatius","twitter_card":"summary_large_image","twitter_creator":"@9BTV","twitter_site":"@9BTV","twitter_misc":{"Escrit per":"Informatius","Temps estimat de lectura":"2 minuts"},"schema":{"@context":"https:\/\/schema.org","@graph":[{"@type":"Article","@id":"https:\/\/www.noubarris.net\/web40\/denuncien-actes-vandalics-a-les-fonts-del-parc-natural-de-la-serra-de-collserola\/#article","isPartOf":{"@id":"https:\/\/www.noubarris.net\/web40\/denuncien-actes-vandalics-a-les-fonts-del-parc-natural-de-la-serra-de-collserola\/"},"author":{"name":"Informatius","@id":"https:\/\/www.noubarris.net\/web40\/#\/schema\/person\/1827f92aaa316c54abbf4dac0de76069"},"headline":"Denuncien actes vand\u00e0lics a les fonts del Parc Natural de la Serra de Collserola","datePublished":"2025-01-15T22:00:40+00:00","mainEntityOfPage":{"@id":"https:\/\/www.noubarris.net\/web40\/denuncien-actes-vandalics-a-les-fonts-del-parc-natural-de-la-serra-de-collserola\/"},"wordCount":325,"publisher":{"@id":"https:\/\/www.noubarris.net\/web40\/#organization"},"image":{"@id":"https:\/\/www.noubarris.net\/web40\/denuncien-actes-vandalics-a-les-fonts-del-parc-natural-de-la-serra-de-collserola\/#primaryimage"},"thumbnailUrl":"https:\/\/www.noubarris.net\/web40\/wp-content\/uploads\/2025\/01\/WhatsApp-Image-2025-01-15-at-09.30.03-scaled.jpeg","articleSection":["Nou Barris"],"inLanguage":"ca"},{"@type":"WebPage","@id":"https:\/\/www.noubarris.net\/web40\/denuncien-actes-vandalics-a-les-fonts-del-parc-natural-de-la-serra-de-collserola\/","url":"https:\/\/www.noubarris.net\/web40\/denuncien-actes-vandalics-a-les-fonts-del-parc-natural-de-la-serra-de-collserola\/","name":"Denuncien actes vand\u00e0lics a les fonts del Parc Natural de la Serra de Collserola - NouBarris.Net","isPartOf":{"@id":"https:\/\/www.noubarris.net\/web40\/#website"},"primaryImageOfPage":{"@id":"https:\/\/www.noubarris.net\/web40\/denuncien-actes-vandalics-a-les-fonts-del-parc-natural-de-la-serra-de-collserola\/#primaryimage"},"image":{"@id":"https:\/\/www.noubarris.net\/web40\/denuncien-actes-vandalics-a-les-fonts-del-parc-natural-de-la-serra-de-collserola\/#primaryimage"},"thumbnailUrl":"https:\/\/www.noubarris.net\/web40\/wp-content\/uploads\/2025\/01\/WhatsApp-Image-2025-01-15-at-09.30.03-scaled.jpeg","datePublished":"2025-01-15T22:00:40+00:00","breadcrumb":{"@id":"https:\/\/www.noubarris.net\/web40\/denuncien-actes-vandalics-a-les-fonts-del-parc-natural-de-la-serra-de-collserola\/#breadcrumb"},"inLanguage":"ca","potentialAction":[{"@type":"ReadAction","target":["https:\/\/www.noubarris.net\/web40\/denuncien-actes-vandalics-a-les-fonts-del-parc-natural-de-la-serra-de-collserola\/"]}]},{"@type":"ImageObject","inLanguage":"ca","@id":"https:\/\/www.noubarris.net\/web40\/denuncien-actes-vandalics-a-les-fonts-del-parc-natural-de-la-serra-de-collserola\/#primaryimage","url":"https:\/\/www.noubarris.net\/web40\/wp-content\/uploads\/2025\/01\/WhatsApp-Image-2025-01-15-at-09.30.03-scaled.jpeg","contentUrl":"https:\/\/www.noubarris.net\/web40\/wp-content\/uploads\/2025\/01\/WhatsApp-Image-2025-01-15-at-09.30.03-scaled.jpeg","width":2560,"height":1442,"caption":"Font de Canyelles vandalitzada"},{"@type":"BreadcrumbList","@id":"https:\/\/www.noubarris.net\/web40\/denuncien-actes-vandalics-a-les-fonts-del-parc-natural-de-la-serra-de-collserola\/#breadcrumb","itemListElement":[{"@type":"ListItem","position":1,"name":"Inici","item":"https:\/\/www.noubarris.net\/web40\/"},{"@type":"ListItem","position":2,"name":"Denuncien actes vand\u00e0lics a les fonts del Parc Natural de la Serra de Collserola"}]},{"@type":"WebSite","@id":"https:\/\/www.noubarris.net\/web40\/#website","url":"https:\/\/www.noubarris.net\/web40\/","name":"NouBarris.Net","description":"Seguint la vida de Nou Barris des de 1985","publisher":{"@id":"https:\/\/www.noubarris.net\/web40\/#organization"},"potentialAction":[{"@type":"SearchAction","target":{"@type":"EntryPoint","urlTemplate":"https:\/\/www.noubarris.net\/web40\/?s={search_term_string}"},"query-input":{"@type":"PropertyValueSpecification","valueRequired":true,"valueName":"search_term_string"}}],"inLanguage":"ca"},{"@type":"Organization","@id":"https:\/\/www.noubarris.net\/web40\/#organization","name":"NouBarris.Net","url":"https:\/\/www.noubarris.net\/web40\/","logo":{"@type":"ImageObject","inLanguage":"ca","@id":"https:\/\/www.noubarris.net\/web40\/#\/schema\/logo\/image\/","url":"https:\/\/www.noubarris.net\/web40\/wp-content\/uploads\/2024\/11\/cropped-cropped-LOGO_9BTV-2024_Insta-1.jpg","contentUrl":"https:\/\/www.noubarris.net\/web40\/wp-content\/uploads\/2024\/11\/cropped-cropped-LOGO_9BTV-2024_Insta-1.jpg","width":512,"height":512,"caption":"NouBarris.Net"},"image":{"@id":"https:\/\/www.noubarris.net\/web40\/#\/schema\/logo\/image\/"},"sameAs":["https:\/\/www.facebook.com\/NouBarris.net\/?locale=es_ES","https:\/\/x.com\/9BTV"]},{"@type":"Person","@id":"https:\/\/www.noubarris.net\/web40\/#\/schema\/person\/1827f92aaa316c54abbf4dac0de76069","name":"Informatius","image":{"@type":"ImageObject","inLanguage":"ca","@id":"https:\/\/www.noubarris.net\/web40\/#\/schema\/person\/image\/","url":"https:\/\/secure.gravatar.com\/avatar\/87a3b47928835fc72c6ee5b0e1a7263ef0c2d05003a98189bc14926c5f11bcdb?s=96&d=mm&r=g","contentUrl":"https:\/\/secure.gravatar.com\/avatar\/87a3b47928835fc72c6ee5b0e1a7263ef0c2d05003a98189bc14926c5f11bcdb?s=96&d=mm&r=g","caption":"Informatius"},"url":"https:\/\/www.noubarris.net\/web40\/author\/tele\/"}]}},"_links":{"self":[{"href":"https:\/\/www.noubarris.net\/web40\/wp-json\/wp\/v2\/posts\/83670","targetHints":{"allow":["GET"]}}],"collection":[{"href":"https:\/\/www.noubarris.net\/web40\/wp-json\/wp\/v2\/posts"}],"about":[{"href":"https:\/\/www.noubarris.net\/web40\/wp-json\/wp\/v2\/types\/post"}],"author":[{"embeddable":true,"href":"https:\/\/www.noubarris.net\/web40\/wp-json\/wp\/v2\/users\/2"}],"replies":[{"embeddable":true,"href":"https:\/\/www.noubarris.net\/web40\/wp-json\/wp\/v2\/comments?post=83670"}],"version-history":[{"count":5,"href":"https:\/\/www.noubarris.net\/web40\/wp-json\/wp\/v2\/posts\/83670\/revisions"}],"predecessor-version":[{"id":83676,"href":"https:\/\/www.noubarris.net\/web40\/wp-json\/wp\/v2\/posts\/83670\/revisions\/83676"}],"wp:featuredmedia":[{"embeddable":true,"href":"https:\/\/www.noubarris.net\/web40\/wp-json\/wp\/v2\/media\/83671"}],"wp:attachment":[{"href":"https:\/\/www.noubarris.net\/web40\/wp-json\/wp\/v2\/media?parent=83670"}],"wp:term":[{"taxonomy":"category","embeddable":true,"href":"https:\/\/www.noubarris.net\/web40\/wp-json\/wp\/v2\/categories?post=83670"},{"taxonomy":"post_tag","embeddable":true,"href":"https:\/\/www.noubarris.net\/web40\/wp-json\/wp\/v2\/tags?post=83670"}],"curies":[{"name":"wp","href":"https:\/\/api.w.org\/{rel}","templated":true}]}}