{"id":83752,"date":"2025-02-06T00:00:13","date_gmt":"2025-02-05T22:00:13","guid":{"rendered":"https:\/\/www.noubarris.net\/web40\/?p=83752"},"modified":"2025-02-02T19:38:29","modified_gmt":"2025-02-02T17:38:29","slug":"lateneu-de-fabricacio-de-ciutat-meridiana-compleix-10-anys-dinnovacio-i-formacio-digital","status":"publish","type":"post","link":"https:\/\/www.noubarris.net\/web40\/lateneu-de-fabricacio-de-ciutat-meridiana-compleix-10-anys-dinnovacio-i-formacio-digital\/","title":{"rendered":"L&#8217;Ateneu de Fabricaci\u00f3 de Ciutat Meridiana compleix 10 anys d&#8217;innovaci\u00f3 i formaci\u00f3 digital"},"content":{"rendered":"<p><strong>L\u2019equipament celebra la primera d\u00e8cada aquest divendres\u00a0 7 amb una jornada de portes obertes,\u00a0 tallers, pon\u00e8ncies i una mostra de projectes<\/strong><\/p>\n<p>Fa 10 anys arrencava a Ciutat Meridiana un projecte que despertava molts dubtes, sobretot pel que feia a la seva naturalesa: l&#8217;Ateneu de Fabricaci\u00f3. Eren molts qui ni entenien qu\u00e8 volia dir, ni havia vist de prop una impressora 3. Per resoldre els dubtes, <a href=\"https:\/\/www.noubarris.net\/web40\/?p=63414\"><strong>es va celebrar una jornada de portes obertes al ve\u00efnat, abans de l&#8217;estrena oficial<\/strong>.<\/a> Molt ha canviat i avan\u00e7at la tecnologia des de llavors i ara aquest projecte est\u00e0 de celebraci\u00f3, compleix 10 anys a la mateixa seu, a l\u2019avinguda dels Rasos de Peguera, 232. En aquest temps, all\u00e0 s&#8217;hi ha\u00a0dissenyat, creat i fabricat objectes amb tecnologia digital, com la impressi\u00f3 3D, el tall l\u00e0ser i la fresadora CNC. Tot amb el suport de professionals amb diferents perfils polivalents que donen resposta a les necessitats de cada persona o entitat.<\/p>\n<p>N&#8217;han estat resultat palpable per a Ciutat Meridiana la <strong><a href=\"https:\/\/www.noubarris.net\/web40\/?p=68632\">p\u00e8rgola que es dissenyar i realitzar per al parc de l&#8217;Aq\u00fceducte<\/a><\/strong>. O tamb\u00e9 les l\u00e0mines de l&#8217;antiga tarima del Teatre de la Zona Nord, que es van decorar amb lemes a l&#8217;Ateneu de Fabricaci\u00f3 de Ciutat Meridiana per conservar-se com a record als Centre C\u00edvic Zona Nord.\u00a0A aix\u00f2 se li ha d&#8217;afegir el material sanitari que es va imprimir durant la pand\u00e8mia, o els milers d&#8217;objectes que s&#8217;hi han fabricat en els <a href=\"https:\/\/www.noubarris.net\/web40\/?p=70986\"><strong>tallers i cursets tant professionals com familiars o infantils.\u00a0<\/strong><\/a><\/p>\n<p>S&#8217;hi han apropat a participar i aprendre m\u00e9s de 5.000 persones i fam\u00edlies, i unes 4.000 procedents d&#8217;entitats i col\u00b7lectius. A m\u00e9s, l&#8217;equipament ha treballat amb la comunitat educativa de Nou Barris i del conjunt de Barcelona, en qu\u00e8 han pres part m\u00e9s de vint centres educatius i un total de m\u00e9s de 10.000 alumnes i docents de centres educatius de prim\u00e0ria, secund\u00e0ria i cicles formatius. Aix\u00f2 a banda de col\u00b7laborar amb administracions p\u00fabliques, i dels plans d&#8217;ocupaci\u00f3 que van acollir entre el 2014 i el 2019, en els quals van participar unes 180 persones.<\/p>\n<p><strong>Jornada de portes obertes divendres 7<\/strong><\/p>\n<p>La millor manera de celebrar aquesta primera d\u00e8cada \u00e9s mostrar, precisament, la feina que fan i han fet. Per aix\u00f2 aquest divendes\u00a0des de les 16 i fins a les 20 hores, l\u2019Ateneu de Fabricaci\u00f3 Ciutat Meridiana fa una jornada de portes obertes. Han programat, entre d\u2019altres activitats, tallers, pon\u00e8ncies i una mostra de projectes de mem\u00f2ria.<\/p>\n","protected":false},"excerpt":{"rendered":"<p>L\u2019equipament celebra la primera d\u00e8cada aquest divendres\u00a0 7 amb una jornada de portes obertes,\u00a0 tallers, pon\u00e8ncies i una mostra de<\/p>\n","protected":false},"author":2,"featured_media":83753,"comment_status":"closed","ping_status":"closed","sticky":false,"template":"","format":"standard","meta":{"colormag_page_layout":"default_layout","_monsterinsights_skip_tracking":false,"_monsterinsights_sitenote_active":false,"_monsterinsights_sitenote_note":"","_monsterinsights_sitenote_category":0,"footnotes":""},"categories":[132,124],"tags":[175],"class_list":["post-83752","post","type-post","status-publish","format-standard","has-post-thumbnail","hentry","category-ciutat-meridiana","category-societat","tag-ateneu-de-fabricacio"],"yoast_head":"<!-- This site is optimized with the Yoast SEO plugin v25.3 - https:\/\/yoast.com\/wordpress\/plugins\/seo\/ -->\n<title>L&#039;Ateneu de Fabricaci\u00f3 de Ciutat Meridiana compleix 10 anys d&#039;innovaci\u00f3 i formaci\u00f3 digital - NouBarris.Net<\/title>\n<meta name=\"robots\" content=\"index, follow, max-snippet:-1, max-image-preview:large, max-video-preview:-1\" \/>\n<link rel=\"canonical\" href=\"https:\/\/www.noubarris.net\/web40\/lateneu-de-fabricacio-de-ciutat-meridiana-compleix-10-anys-dinnovacio-i-formacio-digital\/\" \/>\n<meta property=\"og:locale\" content=\"ca_ES\" \/>\n<meta property=\"og:type\" content=\"article\" \/>\n<meta property=\"og:title\" content=\"L&#039;Ateneu de Fabricaci\u00f3 de Ciutat Meridiana compleix 10 anys d&#039;innovaci\u00f3 i formaci\u00f3 digital - NouBarris.Net\" \/>\n<meta property=\"og:description\" content=\"L\u2019equipament celebra la primera d\u00e8cada aquest divendres\u00a0 7 amb una jornada de portes obertes,\u00a0 tallers, pon\u00e8ncies i una mostra de\" \/>\n<meta property=\"og:url\" content=\"https:\/\/www.noubarris.net\/web40\/lateneu-de-fabricacio-de-ciutat-meridiana-compleix-10-anys-dinnovacio-i-formacio-digital\/\" \/>\n<meta property=\"og:site_name\" content=\"NouBarris.Net\" \/>\n<meta property=\"article:publisher\" content=\"https:\/\/www.facebook.com\/NouBarris.net\/?locale=es_ES\" \/>\n<meta property=\"article:published_time\" content=\"2025-02-05T22:00:13+00:00\" \/>\n<meta property=\"og:image\" content=\"https:\/\/www.noubarris.net\/web40\/wp-content\/uploads\/2025\/02\/060225.jpg\" \/>\n\t<meta property=\"og:image:width\" content=\"768\" \/>\n\t<meta property=\"og:image:height\" content=\"432\" \/>\n\t<meta property=\"og:image:type\" content=\"image\/jpeg\" \/>\n<meta name=\"author\" content=\"Informatius\" \/>\n<meta name=\"twitter:card\" content=\"summary_large_image\" \/>\n<meta name=\"twitter:creator\" content=\"@9BTV\" \/>\n<meta name=\"twitter:site\" content=\"@9BTV\" \/>\n<meta name=\"twitter:label1\" content=\"Escrit per\" \/>\n\t<meta name=\"twitter:data1\" content=\"Informatius\" \/>\n\t<meta name=\"twitter:label2\" content=\"Temps estimat de lectura\" \/>\n\t<meta name=\"twitter:data2\" content=\"3 minuts\" \/>\n<script type=\"application\/ld+json\" class=\"yoast-schema-graph\">{\"@context\":\"https:\/\/schema.org\",\"@graph\":[{\"@type\":\"Article\",\"@id\":\"https:\/\/www.noubarris.net\/web40\/lateneu-de-fabricacio-de-ciutat-meridiana-compleix-10-anys-dinnovacio-i-formacio-digital\/#article\",\"isPartOf\":{\"@id\":\"https:\/\/www.noubarris.net\/web40\/lateneu-de-fabricacio-de-ciutat-meridiana-compleix-10-anys-dinnovacio-i-formacio-digital\/\"},\"author\":{\"name\":\"Informatius\",\"@id\":\"https:\/\/www.noubarris.net\/web40\/#\/schema\/person\/1827f92aaa316c54abbf4dac0de76069\"},\"headline\":\"L&#8217;Ateneu de Fabricaci\u00f3 de Ciutat Meridiana compleix 10 anys d&#8217;innovaci\u00f3 i formaci\u00f3 digital\",\"datePublished\":\"2025-02-05T22:00:13+00:00\",\"mainEntityOfPage\":{\"@id\":\"https:\/\/www.noubarris.net\/web40\/lateneu-de-fabricacio-de-ciutat-meridiana-compleix-10-anys-dinnovacio-i-formacio-digital\/\"},\"wordCount\":446,\"publisher\":{\"@id\":\"https:\/\/www.noubarris.net\/web40\/#organization\"},\"image\":{\"@id\":\"https:\/\/www.noubarris.net\/web40\/lateneu-de-fabricacio-de-ciutat-meridiana-compleix-10-anys-dinnovacio-i-formacio-digital\/#primaryimage\"},\"thumbnailUrl\":\"https:\/\/www.noubarris.net\/web40\/wp-content\/uploads\/2025\/02\/060225.jpg\",\"keywords\":[\"Ateneu de Fabricaci\u00f3\"],\"articleSection\":[\"Ciutat Meridiana\",\"Societat\"],\"inLanguage\":\"ca\"},{\"@type\":\"WebPage\",\"@id\":\"https:\/\/www.noubarris.net\/web40\/lateneu-de-fabricacio-de-ciutat-meridiana-compleix-10-anys-dinnovacio-i-formacio-digital\/\",\"url\":\"https:\/\/www.noubarris.net\/web40\/lateneu-de-fabricacio-de-ciutat-meridiana-compleix-10-anys-dinnovacio-i-formacio-digital\/\",\"name\":\"L'Ateneu de Fabricaci\u00f3 de Ciutat Meridiana compleix 10 anys d'innovaci\u00f3 i formaci\u00f3 digital - NouBarris.Net\",\"isPartOf\":{\"@id\":\"https:\/\/www.noubarris.net\/web40\/#website\"},\"primaryImageOfPage\":{\"@id\":\"https:\/\/www.noubarris.net\/web40\/lateneu-de-fabricacio-de-ciutat-meridiana-compleix-10-anys-dinnovacio-i-formacio-digital\/#primaryimage\"},\"image\":{\"@id\":\"https:\/\/www.noubarris.net\/web40\/lateneu-de-fabricacio-de-ciutat-meridiana-compleix-10-anys-dinnovacio-i-formacio-digital\/#primaryimage\"},\"thumbnailUrl\":\"https:\/\/www.noubarris.net\/web40\/wp-content\/uploads\/2025\/02\/060225.jpg\",\"datePublished\":\"2025-02-05T22:00:13+00:00\",\"breadcrumb\":{\"@id\":\"https:\/\/www.noubarris.net\/web40\/lateneu-de-fabricacio-de-ciutat-meridiana-compleix-10-anys-dinnovacio-i-formacio-digital\/#breadcrumb\"},\"inLanguage\":\"ca\",\"potentialAction\":[{\"@type\":\"ReadAction\",\"target\":[\"https:\/\/www.noubarris.net\/web40\/lateneu-de-fabricacio-de-ciutat-meridiana-compleix-10-anys-dinnovacio-i-formacio-digital\/\"]}]},{\"@type\":\"ImageObject\",\"inLanguage\":\"ca\",\"@id\":\"https:\/\/www.noubarris.net\/web40\/lateneu-de-fabricacio-de-ciutat-meridiana-compleix-10-anys-dinnovacio-i-formacio-digital\/#primaryimage\",\"url\":\"https:\/\/www.noubarris.net\/web40\/wp-content\/uploads\/2025\/02\/060225.jpg\",\"contentUrl\":\"https:\/\/www.noubarris.net\/web40\/wp-content\/uploads\/2025\/02\/060225.jpg\",\"width\":768,\"height\":432},{\"@type\":\"BreadcrumbList\",\"@id\":\"https:\/\/www.noubarris.net\/web40\/lateneu-de-fabricacio-de-ciutat-meridiana-compleix-10-anys-dinnovacio-i-formacio-digital\/#breadcrumb\",\"itemListElement\":[{\"@type\":\"ListItem\",\"position\":1,\"name\":\"Inici\",\"item\":\"https:\/\/www.noubarris.net\/web40\/\"},{\"@type\":\"ListItem\",\"position\":2,\"name\":\"L&#8217;Ateneu de Fabricaci\u00f3 de Ciutat Meridiana compleix 10 anys d&#8217;innovaci\u00f3 i formaci\u00f3 digital\"}]},{\"@type\":\"WebSite\",\"@id\":\"https:\/\/www.noubarris.net\/web40\/#website\",\"url\":\"https:\/\/www.noubarris.net\/web40\/\",\"name\":\"NouBarris.Net\",\"description\":\"Seguint la vida de Nou Barris des de 1985\",\"publisher\":{\"@id\":\"https:\/\/www.noubarris.net\/web40\/#organization\"},\"potentialAction\":[{\"@type\":\"SearchAction\",\"target\":{\"@type\":\"EntryPoint\",\"urlTemplate\":\"https:\/\/www.noubarris.net\/web40\/?s={search_term_string}\"},\"query-input\":{\"@type\":\"PropertyValueSpecification\",\"valueRequired\":true,\"valueName\":\"search_term_string\"}}],\"inLanguage\":\"ca\"},{\"@type\":\"Organization\",\"@id\":\"https:\/\/www.noubarris.net\/web40\/#organization\",\"name\":\"NouBarris.Net\",\"url\":\"https:\/\/www.noubarris.net\/web40\/\",\"logo\":{\"@type\":\"ImageObject\",\"inLanguage\":\"ca\",\"@id\":\"https:\/\/www.noubarris.net\/web40\/#\/schema\/logo\/image\/\",\"url\":\"https:\/\/www.noubarris.net\/web40\/wp-content\/uploads\/2024\/11\/cropped-cropped-LOGO_9BTV-2024_Insta-1.jpg\",\"contentUrl\":\"https:\/\/www.noubarris.net\/web40\/wp-content\/uploads\/2024\/11\/cropped-cropped-LOGO_9BTV-2024_Insta-1.jpg\",\"width\":512,\"height\":512,\"caption\":\"NouBarris.Net\"},\"image\":{\"@id\":\"https:\/\/www.noubarris.net\/web40\/#\/schema\/logo\/image\/\"},\"sameAs\":[\"https:\/\/www.facebook.com\/NouBarris.net\/?locale=es_ES\",\"https:\/\/x.com\/9BTV\"]},{\"@type\":\"Person\",\"@id\":\"https:\/\/www.noubarris.net\/web40\/#\/schema\/person\/1827f92aaa316c54abbf4dac0de76069\",\"name\":\"Informatius\",\"image\":{\"@type\":\"ImageObject\",\"inLanguage\":\"ca\",\"@id\":\"https:\/\/www.noubarris.net\/web40\/#\/schema\/person\/image\/\",\"url\":\"https:\/\/secure.gravatar.com\/avatar\/87a3b47928835fc72c6ee5b0e1a7263ef0c2d05003a98189bc14926c5f11bcdb?s=96&d=mm&r=g\",\"contentUrl\":\"https:\/\/secure.gravatar.com\/avatar\/87a3b47928835fc72c6ee5b0e1a7263ef0c2d05003a98189bc14926c5f11bcdb?s=96&d=mm&r=g\",\"caption\":\"Informatius\"},\"url\":\"https:\/\/www.noubarris.net\/web40\/author\/tele\/\"}]}<\/script>\n<!-- \/ Yoast SEO plugin. -->","yoast_head_json":{"title":"L'Ateneu de Fabricaci\u00f3 de Ciutat Meridiana compleix 10 anys d'innovaci\u00f3 i formaci\u00f3 digital - NouBarris.Net","robots":{"index":"index","follow":"follow","max-snippet":"max-snippet:-1","max-image-preview":"max-image-preview:large","max-video-preview":"max-video-preview:-1"},"canonical":"https:\/\/www.noubarris.net\/web40\/lateneu-de-fabricacio-de-ciutat-meridiana-compleix-10-anys-dinnovacio-i-formacio-digital\/","og_locale":"ca_ES","og_type":"article","og_title":"L'Ateneu de Fabricaci\u00f3 de Ciutat Meridiana compleix 10 anys d'innovaci\u00f3 i formaci\u00f3 digital - NouBarris.Net","og_description":"L\u2019equipament celebra la primera d\u00e8cada aquest divendres\u00a0 7 amb una jornada de portes obertes,\u00a0 tallers, pon\u00e8ncies i una mostra de","og_url":"https:\/\/www.noubarris.net\/web40\/lateneu-de-fabricacio-de-ciutat-meridiana-compleix-10-anys-dinnovacio-i-formacio-digital\/","og_site_name":"NouBarris.Net","article_publisher":"https:\/\/www.facebook.com\/NouBarris.net\/?locale=es_ES","article_published_time":"2025-02-05T22:00:13+00:00","og_image":[{"width":768,"height":432,"url":"https:\/\/www.noubarris.net\/web40\/wp-content\/uploads\/2025\/02\/060225.jpg","type":"image\/jpeg"}],"author":"Informatius","twitter_card":"summary_large_image","twitter_creator":"@9BTV","twitter_site":"@9BTV","twitter_misc":{"Escrit per":"Informatius","Temps estimat de lectura":"3 minuts"},"schema":{"@context":"https:\/\/schema.org","@graph":[{"@type":"Article","@id":"https:\/\/www.noubarris.net\/web40\/lateneu-de-fabricacio-de-ciutat-meridiana-compleix-10-anys-dinnovacio-i-formacio-digital\/#article","isPartOf":{"@id":"https:\/\/www.noubarris.net\/web40\/lateneu-de-fabricacio-de-ciutat-meridiana-compleix-10-anys-dinnovacio-i-formacio-digital\/"},"author":{"name":"Informatius","@id":"https:\/\/www.noubarris.net\/web40\/#\/schema\/person\/1827f92aaa316c54abbf4dac0de76069"},"headline":"L&#8217;Ateneu de Fabricaci\u00f3 de Ciutat Meridiana compleix 10 anys d&#8217;innovaci\u00f3 i formaci\u00f3 digital","datePublished":"2025-02-05T22:00:13+00:00","mainEntityOfPage":{"@id":"https:\/\/www.noubarris.net\/web40\/lateneu-de-fabricacio-de-ciutat-meridiana-compleix-10-anys-dinnovacio-i-formacio-digital\/"},"wordCount":446,"publisher":{"@id":"https:\/\/www.noubarris.net\/web40\/#organization"},"image":{"@id":"https:\/\/www.noubarris.net\/web40\/lateneu-de-fabricacio-de-ciutat-meridiana-compleix-10-anys-dinnovacio-i-formacio-digital\/#primaryimage"},"thumbnailUrl":"https:\/\/www.noubarris.net\/web40\/wp-content\/uploads\/2025\/02\/060225.jpg","keywords":["Ateneu de Fabricaci\u00f3"],"articleSection":["Ciutat Meridiana","Societat"],"inLanguage":"ca"},{"@type":"WebPage","@id":"https:\/\/www.noubarris.net\/web40\/lateneu-de-fabricacio-de-ciutat-meridiana-compleix-10-anys-dinnovacio-i-formacio-digital\/","url":"https:\/\/www.noubarris.net\/web40\/lateneu-de-fabricacio-de-ciutat-meridiana-compleix-10-anys-dinnovacio-i-formacio-digital\/","name":"L'Ateneu de Fabricaci\u00f3 de Ciutat Meridiana compleix 10 anys d'innovaci\u00f3 i formaci\u00f3 digital - NouBarris.Net","isPartOf":{"@id":"https:\/\/www.noubarris.net\/web40\/#website"},"primaryImageOfPage":{"@id":"https:\/\/www.noubarris.net\/web40\/lateneu-de-fabricacio-de-ciutat-meridiana-compleix-10-anys-dinnovacio-i-formacio-digital\/#primaryimage"},"image":{"@id":"https:\/\/www.noubarris.net\/web40\/lateneu-de-fabricacio-de-ciutat-meridiana-compleix-10-anys-dinnovacio-i-formacio-digital\/#primaryimage"},"thumbnailUrl":"https:\/\/www.noubarris.net\/web40\/wp-content\/uploads\/2025\/02\/060225.jpg","datePublished":"2025-02-05T22:00:13+00:00","breadcrumb":{"@id":"https:\/\/www.noubarris.net\/web40\/lateneu-de-fabricacio-de-ciutat-meridiana-compleix-10-anys-dinnovacio-i-formacio-digital\/#breadcrumb"},"inLanguage":"ca","potentialAction":[{"@type":"ReadAction","target":["https:\/\/www.noubarris.net\/web40\/lateneu-de-fabricacio-de-ciutat-meridiana-compleix-10-anys-dinnovacio-i-formacio-digital\/"]}]},{"@type":"ImageObject","inLanguage":"ca","@id":"https:\/\/www.noubarris.net\/web40\/lateneu-de-fabricacio-de-ciutat-meridiana-compleix-10-anys-dinnovacio-i-formacio-digital\/#primaryimage","url":"https:\/\/www.noubarris.net\/web40\/wp-content\/uploads\/2025\/02\/060225.jpg","contentUrl":"https:\/\/www.noubarris.net\/web40\/wp-content\/uploads\/2025\/02\/060225.jpg","width":768,"height":432},{"@type":"BreadcrumbList","@id":"https:\/\/www.noubarris.net\/web40\/lateneu-de-fabricacio-de-ciutat-meridiana-compleix-10-anys-dinnovacio-i-formacio-digital\/#breadcrumb","itemListElement":[{"@type":"ListItem","position":1,"name":"Inici","item":"https:\/\/www.noubarris.net\/web40\/"},{"@type":"ListItem","position":2,"name":"L&#8217;Ateneu de Fabricaci\u00f3 de Ciutat Meridiana compleix 10 anys d&#8217;innovaci\u00f3 i formaci\u00f3 digital"}]},{"@type":"WebSite","@id":"https:\/\/www.noubarris.net\/web40\/#website","url":"https:\/\/www.noubarris.net\/web40\/","name":"NouBarris.Net","description":"Seguint la vida de Nou Barris des de 1985","publisher":{"@id":"https:\/\/www.noubarris.net\/web40\/#organization"},"potentialAction":[{"@type":"SearchAction","target":{"@type":"EntryPoint","urlTemplate":"https:\/\/www.noubarris.net\/web40\/?s={search_term_string}"},"query-input":{"@type":"PropertyValueSpecification","valueRequired":true,"valueName":"search_term_string"}}],"inLanguage":"ca"},{"@type":"Organization","@id":"https:\/\/www.noubarris.net\/web40\/#organization","name":"NouBarris.Net","url":"https:\/\/www.noubarris.net\/web40\/","logo":{"@type":"ImageObject","inLanguage":"ca","@id":"https:\/\/www.noubarris.net\/web40\/#\/schema\/logo\/image\/","url":"https:\/\/www.noubarris.net\/web40\/wp-content\/uploads\/2024\/11\/cropped-cropped-LOGO_9BTV-2024_Insta-1.jpg","contentUrl":"https:\/\/www.noubarris.net\/web40\/wp-content\/uploads\/2024\/11\/cropped-cropped-LOGO_9BTV-2024_Insta-1.jpg","width":512,"height":512,"caption":"NouBarris.Net"},"image":{"@id":"https:\/\/www.noubarris.net\/web40\/#\/schema\/logo\/image\/"},"sameAs":["https:\/\/www.facebook.com\/NouBarris.net\/?locale=es_ES","https:\/\/x.com\/9BTV"]},{"@type":"Person","@id":"https:\/\/www.noubarris.net\/web40\/#\/schema\/person\/1827f92aaa316c54abbf4dac0de76069","name":"Informatius","image":{"@type":"ImageObject","inLanguage":"ca","@id":"https:\/\/www.noubarris.net\/web40\/#\/schema\/person\/image\/","url":"https:\/\/secure.gravatar.com\/avatar\/87a3b47928835fc72c6ee5b0e1a7263ef0c2d05003a98189bc14926c5f11bcdb?s=96&d=mm&r=g","contentUrl":"https:\/\/secure.gravatar.com\/avatar\/87a3b47928835fc72c6ee5b0e1a7263ef0c2d05003a98189bc14926c5f11bcdb?s=96&d=mm&r=g","caption":"Informatius"},"url":"https:\/\/www.noubarris.net\/web40\/author\/tele\/"}]}},"_links":{"self":[{"href":"https:\/\/www.noubarris.net\/web40\/wp-json\/wp\/v2\/posts\/83752","targetHints":{"allow":["GET"]}}],"collection":[{"href":"https:\/\/www.noubarris.net\/web40\/wp-json\/wp\/v2\/posts"}],"about":[{"href":"https:\/\/www.noubarris.net\/web40\/wp-json\/wp\/v2\/types\/post"}],"author":[{"embeddable":true,"href":"https:\/\/www.noubarris.net\/web40\/wp-json\/wp\/v2\/users\/2"}],"replies":[{"embeddable":true,"href":"https:\/\/www.noubarris.net\/web40\/wp-json\/wp\/v2\/comments?post=83752"}],"version-history":[{"count":2,"href":"https:\/\/www.noubarris.net\/web40\/wp-json\/wp\/v2\/posts\/83752\/revisions"}],"predecessor-version":[{"id":83762,"href":"https:\/\/www.noubarris.net\/web40\/wp-json\/wp\/v2\/posts\/83752\/revisions\/83762"}],"wp:featuredmedia":[{"embeddable":true,"href":"https:\/\/www.noubarris.net\/web40\/wp-json\/wp\/v2\/media\/83753"}],"wp:attachment":[{"href":"https:\/\/www.noubarris.net\/web40\/wp-json\/wp\/v2\/media?parent=83752"}],"wp:term":[{"taxonomy":"category","embeddable":true,"href":"https:\/\/www.noubarris.net\/web40\/wp-json\/wp\/v2\/categories?post=83752"},{"taxonomy":"post_tag","embeddable":true,"href":"https:\/\/www.noubarris.net\/web40\/wp-json\/wp\/v2\/tags?post=83752"}],"curies":[{"name":"wp","href":"https:\/\/api.w.org\/{rel}","templated":true}]}}