{"id":83764,"date":"2025-02-06T13:12:27","date_gmt":"2025-02-06T11:12:27","guid":{"rendered":"https:\/\/www.noubarris.net\/web40\/?p=83764"},"modified":"2025-02-06T13:12:27","modified_gmt":"2025-02-06T11:12:27","slug":"els-propis-un-segle-dhistoria-a-nou-barris","status":"publish","type":"post","link":"https:\/\/www.noubarris.net\/web40\/els-propis-un-segle-dhistoria-a-nou-barris\/","title":{"rendered":"Els Propis: Un segle d&#8217;hist\u00f2ria a Nou Barris"},"content":{"rendered":"<p><strong>Els Propis celebren 100 anys de connexi\u00f3 amb el barri, passant de ser una &#8220;Associaci\u00f3 de Propietaris&#8221; a un centre cultural clau. La seva nova seu ser\u00e0 un motor de desenvolupament cultural i social per a Nou Barris.<\/strong><\/p>\n<figure id=\"attachment_83765\" aria-describedby=\"caption-attachment-83765\" style=\"width: 300px\" class=\"wp-caption aligncenter\"><img loading=\"lazy\" decoding=\"async\" class=\"size-medium wp-image-83765\" src=\"https:\/\/www.noubarris.net\/web40\/wp-content\/uploads\/2025\/02\/WhatsApp-Image-2025-02-05-at-17.21.16-300x169.jpeg\" alt=\"Entrevista Edgar Collado Els Propis\" width=\"300\" height=\"169\" srcset=\"https:\/\/www.noubarris.net\/web40\/wp-content\/uploads\/2025\/02\/WhatsApp-Image-2025-02-05-at-17.21.16-300x169.jpeg 300w, https:\/\/www.noubarris.net\/web40\/wp-content\/uploads\/2025\/02\/WhatsApp-Image-2025-02-05-at-17.21.16-1024x577.jpeg 1024w, https:\/\/www.noubarris.net\/web40\/wp-content\/uploads\/2025\/02\/WhatsApp-Image-2025-02-05-at-17.21.16-768x432.jpeg 768w, https:\/\/www.noubarris.net\/web40\/wp-content\/uploads\/2025\/02\/WhatsApp-Image-2025-02-05-at-17.21.16-600x338.jpeg 600w, https:\/\/www.noubarris.net\/web40\/wp-content\/uploads\/2025\/02\/WhatsApp-Image-2025-02-05-at-17.21.16-1536x865.jpeg 1536w, https:\/\/www.noubarris.net\/web40\/wp-content\/uploads\/2025\/02\/WhatsApp-Image-2025-02-05-at-17.21.16-2048x1153.jpeg 2048w\" sizes=\"auto, (max-width: 300px) 100vw, 300px\" \/><figcaption id=\"caption-attachment-83765\" class=\"wp-caption-text\">Entrevista a Edgar Collado a Nou Barris TV , president de Els Propis<\/figcaption><\/figure>\n<p>El Centre Cultural Els Propis es prepara per commemorar els seus 100 anys d\u2019hist\u00f2ria a l\u2019octubre de 2025, convertint-se en una entitat veterana al districte. Des de l\u2019octubre de 2024, l\u2019associaci\u00f3 ha comen\u00e7at la celebraci\u00f3, amb la presentaci\u00f3 del seu logo i cartell commemoratiu a la Seu del Districte. A m\u00e9s, aquest Nadal el logo del centenari va estar present a la il\u00b7luminaci\u00f3 de la Via J\u00falia, destacant la import\u00e0ncia i el significat del centre al barri.<\/p>\n<p>&#8220;Quan ni tan sols aix\u00f2 era Nou Barris, quan ni tan sols aix\u00f2 era res, Els Propis ja hi eren.&#8221; Amb aquesta frase, Edgar Collado, president de l\u2019entitat des de fa vuit anys i membre des de fa 22, resumeix la profunda connexi\u00f3 hist\u00f2rica d\u2019Els Propis amb el districte. Molt abans que Nou Barris adquir\u00eds la seva forma actual, aquesta entitat ja formava part de la vida del barri, consolidant-se com un referent cultural i social.<\/p>\n<p>Fundada inicialment com \u201cAsociaci\u00f3n de Propietarios y Contribuyentes de las afueras de Sant Andreu del Palomar&#8221;, Els Propis va n\u00e9ixer com un espai d\u2019interlocuci\u00f3 entre els propietaris de finques i l\u2019Ajuntament. Amb el temps, va evolucionar fins a convertir-se en un centre social i, m\u00e9s endavant, en un referent cultural i organitzador d\u2019esdeveniments al barri, acollint diverses entitats de l\u2019\u00e0mbit social i cultural, com l\u2019Agrupaci\u00f3 Sardanista L\u2019Ideal d\u2019en Clav\u00e9 o la Banda Simf\u00f2nica de Roquetes- Nou Barris.<\/p>\n<p>Fa uns anys van iniciar ma remodelaci\u00f3 i ampliaci\u00f3 de la seu hist\u00f2rica, a la via J\u00falia. Els nous espais no nom\u00e9s beneficiar\u00e0 Els Propis, sin\u00f3 tota la comunitat de Nou Barris. \u201cAquell centre, quan estigui acabat, no ser\u00e0 nom\u00e9s un centre d\u2019Els Propis, sin\u00f3 un centre de Nou Barris, que tindr\u00e0 un teatre on les entitats podran realitzar els seus actes, disposar\u00e0 de sales per a activitats i es convertir\u00e0 en un focus d\u2019atracci\u00f3 cultural i social de la Via J\u00falia. Per desgr\u00e0cia, a Nou Barris no tenim equipaments d\u2019aquestes caracter\u00edstiques\u201d, va concloure Collado.<\/p>\n<p><iframe loading=\"lazy\" title=\"Els Propis: Un segle d'hist\u00f2ria a Nou Barris\" src=\"https:\/\/www.youtube.com\/embed\/QNW2Y0a7A6Q\" width=\"600\" height=\"338\" frameborder=\"0\" allowfullscreen=\"allowfullscreen\"><\/iframe><\/p>\n<p><span style=\"font-size: 10pt;\">Redacci\u00f3: Andrea Yuste<\/span><\/p>\n","protected":false},"excerpt":{"rendered":"<p>Els Propis celebren 100 anys de connexi\u00f3 amb el barri, passant de ser una &#8220;Associaci\u00f3 de Propietaris&#8221; a un centre<\/p>\n","protected":false},"author":2,"featured_media":83765,"comment_status":"closed","ping_status":"closed","sticky":false,"template":"","format":"standard","meta":{"colormag_page_layout":"default_layout","_monsterinsights_skip_tracking":false,"_monsterinsights_sitenote_active":false,"_monsterinsights_sitenote_note":"","_monsterinsights_sitenote_category":0,"footnotes":""},"categories":[129],"tags":[],"class_list":["post-83764","post","type-post","status-publish","format-standard","has-post-thumbnail","hentry","category-cultura"],"yoast_head":"<!-- This site is optimized with the Yoast SEO plugin v25.3 - https:\/\/yoast.com\/wordpress\/plugins\/seo\/ -->\n<title>Els Propis: Un segle d&#039;hist\u00f2ria a Nou Barris - NouBarris.Net<\/title>\n<meta name=\"robots\" content=\"index, follow, max-snippet:-1, max-image-preview:large, max-video-preview:-1\" \/>\n<link rel=\"canonical\" href=\"https:\/\/www.noubarris.net\/web40\/els-propis-un-segle-dhistoria-a-nou-barris\/\" \/>\n<meta property=\"og:locale\" content=\"ca_ES\" \/>\n<meta property=\"og:type\" content=\"article\" \/>\n<meta property=\"og:title\" content=\"Els Propis: Un segle d&#039;hist\u00f2ria a Nou Barris - NouBarris.Net\" \/>\n<meta property=\"og:description\" content=\"Els Propis celebren 100 anys de connexi\u00f3 amb el barri, passant de ser una &#8220;Associaci\u00f3 de Propietaris&#8221; a un centre\" \/>\n<meta property=\"og:url\" content=\"https:\/\/www.noubarris.net\/web40\/els-propis-un-segle-dhistoria-a-nou-barris\/\" \/>\n<meta property=\"og:site_name\" content=\"NouBarris.Net\" \/>\n<meta property=\"article:publisher\" content=\"https:\/\/www.facebook.com\/NouBarris.net\/?locale=es_ES\" \/>\n<meta property=\"article:published_time\" content=\"2025-02-06T11:12:27+00:00\" \/>\n<meta property=\"og:image\" content=\"https:\/\/www.noubarris.net\/web40\/wp-content\/uploads\/2025\/02\/WhatsApp-Image-2025-02-05-at-17.21.16-scaled.jpeg\" \/>\n\t<meta property=\"og:image:width\" content=\"2560\" \/>\n\t<meta property=\"og:image:height\" content=\"1442\" \/>\n\t<meta property=\"og:image:type\" content=\"image\/jpeg\" \/>\n<meta name=\"author\" content=\"Informatius\" \/>\n<meta name=\"twitter:card\" content=\"summary_large_image\" \/>\n<meta name=\"twitter:creator\" content=\"@9BTV\" \/>\n<meta name=\"twitter:site\" content=\"@9BTV\" \/>\n<meta name=\"twitter:label1\" content=\"Escrit per\" \/>\n\t<meta name=\"twitter:data1\" content=\"Informatius\" \/>\n\t<meta name=\"twitter:label2\" content=\"Temps estimat de lectura\" \/>\n\t<meta name=\"twitter:data2\" content=\"3 minuts\" \/>\n<script type=\"application\/ld+json\" class=\"yoast-schema-graph\">{\"@context\":\"https:\/\/schema.org\",\"@graph\":[{\"@type\":\"Article\",\"@id\":\"https:\/\/www.noubarris.net\/web40\/els-propis-un-segle-dhistoria-a-nou-barris\/#article\",\"isPartOf\":{\"@id\":\"https:\/\/www.noubarris.net\/web40\/els-propis-un-segle-dhistoria-a-nou-barris\/\"},\"author\":{\"name\":\"Informatius\",\"@id\":\"https:\/\/www.noubarris.net\/web40\/#\/schema\/person\/1827f92aaa316c54abbf4dac0de76069\"},\"headline\":\"Els Propis: Un segle d&#8217;hist\u00f2ria a Nou Barris\",\"datePublished\":\"2025-02-06T11:12:27+00:00\",\"mainEntityOfPage\":{\"@id\":\"https:\/\/www.noubarris.net\/web40\/els-propis-un-segle-dhistoria-a-nou-barris\/\"},\"wordCount\":425,\"publisher\":{\"@id\":\"https:\/\/www.noubarris.net\/web40\/#organization\"},\"image\":{\"@id\":\"https:\/\/www.noubarris.net\/web40\/els-propis-un-segle-dhistoria-a-nou-barris\/#primaryimage\"},\"thumbnailUrl\":\"https:\/\/www.noubarris.net\/web40\/wp-content\/uploads\/2025\/02\/WhatsApp-Image-2025-02-05-at-17.21.16-scaled.jpeg\",\"articleSection\":[\"Cultura\"],\"inLanguage\":\"ca\"},{\"@type\":\"WebPage\",\"@id\":\"https:\/\/www.noubarris.net\/web40\/els-propis-un-segle-dhistoria-a-nou-barris\/\",\"url\":\"https:\/\/www.noubarris.net\/web40\/els-propis-un-segle-dhistoria-a-nou-barris\/\",\"name\":\"Els Propis: Un segle d'hist\u00f2ria a Nou Barris - NouBarris.Net\",\"isPartOf\":{\"@id\":\"https:\/\/www.noubarris.net\/web40\/#website\"},\"primaryImageOfPage\":{\"@id\":\"https:\/\/www.noubarris.net\/web40\/els-propis-un-segle-dhistoria-a-nou-barris\/#primaryimage\"},\"image\":{\"@id\":\"https:\/\/www.noubarris.net\/web40\/els-propis-un-segle-dhistoria-a-nou-barris\/#primaryimage\"},\"thumbnailUrl\":\"https:\/\/www.noubarris.net\/web40\/wp-content\/uploads\/2025\/02\/WhatsApp-Image-2025-02-05-at-17.21.16-scaled.jpeg\",\"datePublished\":\"2025-02-06T11:12:27+00:00\",\"breadcrumb\":{\"@id\":\"https:\/\/www.noubarris.net\/web40\/els-propis-un-segle-dhistoria-a-nou-barris\/#breadcrumb\"},\"inLanguage\":\"ca\",\"potentialAction\":[{\"@type\":\"ReadAction\",\"target\":[\"https:\/\/www.noubarris.net\/web40\/els-propis-un-segle-dhistoria-a-nou-barris\/\"]}]},{\"@type\":\"ImageObject\",\"inLanguage\":\"ca\",\"@id\":\"https:\/\/www.noubarris.net\/web40\/els-propis-un-segle-dhistoria-a-nou-barris\/#primaryimage\",\"url\":\"https:\/\/www.noubarris.net\/web40\/wp-content\/uploads\/2025\/02\/WhatsApp-Image-2025-02-05-at-17.21.16-scaled.jpeg\",\"contentUrl\":\"https:\/\/www.noubarris.net\/web40\/wp-content\/uploads\/2025\/02\/WhatsApp-Image-2025-02-05-at-17.21.16-scaled.jpeg\",\"width\":2560,\"height\":1442,\"caption\":\"Entrevista Edgar Collado Els Propis\"},{\"@type\":\"BreadcrumbList\",\"@id\":\"https:\/\/www.noubarris.net\/web40\/els-propis-un-segle-dhistoria-a-nou-barris\/#breadcrumb\",\"itemListElement\":[{\"@type\":\"ListItem\",\"position\":1,\"name\":\"Inici\",\"item\":\"https:\/\/www.noubarris.net\/web40\/\"},{\"@type\":\"ListItem\",\"position\":2,\"name\":\"Els Propis: Un segle d&#8217;hist\u00f2ria a Nou Barris\"}]},{\"@type\":\"WebSite\",\"@id\":\"https:\/\/www.noubarris.net\/web40\/#website\",\"url\":\"https:\/\/www.noubarris.net\/web40\/\",\"name\":\"NouBarris.Net\",\"description\":\"Seguint la vida de Nou Barris des de 1985\",\"publisher\":{\"@id\":\"https:\/\/www.noubarris.net\/web40\/#organization\"},\"potentialAction\":[{\"@type\":\"SearchAction\",\"target\":{\"@type\":\"EntryPoint\",\"urlTemplate\":\"https:\/\/www.noubarris.net\/web40\/?s={search_term_string}\"},\"query-input\":{\"@type\":\"PropertyValueSpecification\",\"valueRequired\":true,\"valueName\":\"search_term_string\"}}],\"inLanguage\":\"ca\"},{\"@type\":\"Organization\",\"@id\":\"https:\/\/www.noubarris.net\/web40\/#organization\",\"name\":\"NouBarris.Net\",\"url\":\"https:\/\/www.noubarris.net\/web40\/\",\"logo\":{\"@type\":\"ImageObject\",\"inLanguage\":\"ca\",\"@id\":\"https:\/\/www.noubarris.net\/web40\/#\/schema\/logo\/image\/\",\"url\":\"https:\/\/www.noubarris.net\/web40\/wp-content\/uploads\/2024\/11\/cropped-cropped-LOGO_9BTV-2024_Insta-1.jpg\",\"contentUrl\":\"https:\/\/www.noubarris.net\/web40\/wp-content\/uploads\/2024\/11\/cropped-cropped-LOGO_9BTV-2024_Insta-1.jpg\",\"width\":512,\"height\":512,\"caption\":\"NouBarris.Net\"},\"image\":{\"@id\":\"https:\/\/www.noubarris.net\/web40\/#\/schema\/logo\/image\/\"},\"sameAs\":[\"https:\/\/www.facebook.com\/NouBarris.net\/?locale=es_ES\",\"https:\/\/x.com\/9BTV\"]},{\"@type\":\"Person\",\"@id\":\"https:\/\/www.noubarris.net\/web40\/#\/schema\/person\/1827f92aaa316c54abbf4dac0de76069\",\"name\":\"Informatius\",\"image\":{\"@type\":\"ImageObject\",\"inLanguage\":\"ca\",\"@id\":\"https:\/\/www.noubarris.net\/web40\/#\/schema\/person\/image\/\",\"url\":\"https:\/\/secure.gravatar.com\/avatar\/87a3b47928835fc72c6ee5b0e1a7263ef0c2d05003a98189bc14926c5f11bcdb?s=96&d=mm&r=g\",\"contentUrl\":\"https:\/\/secure.gravatar.com\/avatar\/87a3b47928835fc72c6ee5b0e1a7263ef0c2d05003a98189bc14926c5f11bcdb?s=96&d=mm&r=g\",\"caption\":\"Informatius\"},\"url\":\"https:\/\/www.noubarris.net\/web40\/author\/tele\/\"}]}<\/script>\n<!-- \/ Yoast SEO plugin. -->","yoast_head_json":{"title":"Els Propis: Un segle d'hist\u00f2ria a Nou Barris - NouBarris.Net","robots":{"index":"index","follow":"follow","max-snippet":"max-snippet:-1","max-image-preview":"max-image-preview:large","max-video-preview":"max-video-preview:-1"},"canonical":"https:\/\/www.noubarris.net\/web40\/els-propis-un-segle-dhistoria-a-nou-barris\/","og_locale":"ca_ES","og_type":"article","og_title":"Els Propis: Un segle d'hist\u00f2ria a Nou Barris - NouBarris.Net","og_description":"Els Propis celebren 100 anys de connexi\u00f3 amb el barri, passant de ser una &#8220;Associaci\u00f3 de Propietaris&#8221; a un centre","og_url":"https:\/\/www.noubarris.net\/web40\/els-propis-un-segle-dhistoria-a-nou-barris\/","og_site_name":"NouBarris.Net","article_publisher":"https:\/\/www.facebook.com\/NouBarris.net\/?locale=es_ES","article_published_time":"2025-02-06T11:12:27+00:00","og_image":[{"width":2560,"height":1442,"url":"https:\/\/www.noubarris.net\/web40\/wp-content\/uploads\/2025\/02\/WhatsApp-Image-2025-02-05-at-17.21.16-scaled.jpeg","type":"image\/jpeg"}],"author":"Informatius","twitter_card":"summary_large_image","twitter_creator":"@9BTV","twitter_site":"@9BTV","twitter_misc":{"Escrit per":"Informatius","Temps estimat de lectura":"3 minuts"},"schema":{"@context":"https:\/\/schema.org","@graph":[{"@type":"Article","@id":"https:\/\/www.noubarris.net\/web40\/els-propis-un-segle-dhistoria-a-nou-barris\/#article","isPartOf":{"@id":"https:\/\/www.noubarris.net\/web40\/els-propis-un-segle-dhistoria-a-nou-barris\/"},"author":{"name":"Informatius","@id":"https:\/\/www.noubarris.net\/web40\/#\/schema\/person\/1827f92aaa316c54abbf4dac0de76069"},"headline":"Els Propis: Un segle d&#8217;hist\u00f2ria a Nou Barris","datePublished":"2025-02-06T11:12:27+00:00","mainEntityOfPage":{"@id":"https:\/\/www.noubarris.net\/web40\/els-propis-un-segle-dhistoria-a-nou-barris\/"},"wordCount":425,"publisher":{"@id":"https:\/\/www.noubarris.net\/web40\/#organization"},"image":{"@id":"https:\/\/www.noubarris.net\/web40\/els-propis-un-segle-dhistoria-a-nou-barris\/#primaryimage"},"thumbnailUrl":"https:\/\/www.noubarris.net\/web40\/wp-content\/uploads\/2025\/02\/WhatsApp-Image-2025-02-05-at-17.21.16-scaled.jpeg","articleSection":["Cultura"],"inLanguage":"ca"},{"@type":"WebPage","@id":"https:\/\/www.noubarris.net\/web40\/els-propis-un-segle-dhistoria-a-nou-barris\/","url":"https:\/\/www.noubarris.net\/web40\/els-propis-un-segle-dhistoria-a-nou-barris\/","name":"Els Propis: Un segle d'hist\u00f2ria a Nou Barris - NouBarris.Net","isPartOf":{"@id":"https:\/\/www.noubarris.net\/web40\/#website"},"primaryImageOfPage":{"@id":"https:\/\/www.noubarris.net\/web40\/els-propis-un-segle-dhistoria-a-nou-barris\/#primaryimage"},"image":{"@id":"https:\/\/www.noubarris.net\/web40\/els-propis-un-segle-dhistoria-a-nou-barris\/#primaryimage"},"thumbnailUrl":"https:\/\/www.noubarris.net\/web40\/wp-content\/uploads\/2025\/02\/WhatsApp-Image-2025-02-05-at-17.21.16-scaled.jpeg","datePublished":"2025-02-06T11:12:27+00:00","breadcrumb":{"@id":"https:\/\/www.noubarris.net\/web40\/els-propis-un-segle-dhistoria-a-nou-barris\/#breadcrumb"},"inLanguage":"ca","potentialAction":[{"@type":"ReadAction","target":["https:\/\/www.noubarris.net\/web40\/els-propis-un-segle-dhistoria-a-nou-barris\/"]}]},{"@type":"ImageObject","inLanguage":"ca","@id":"https:\/\/www.noubarris.net\/web40\/els-propis-un-segle-dhistoria-a-nou-barris\/#primaryimage","url":"https:\/\/www.noubarris.net\/web40\/wp-content\/uploads\/2025\/02\/WhatsApp-Image-2025-02-05-at-17.21.16-scaled.jpeg","contentUrl":"https:\/\/www.noubarris.net\/web40\/wp-content\/uploads\/2025\/02\/WhatsApp-Image-2025-02-05-at-17.21.16-scaled.jpeg","width":2560,"height":1442,"caption":"Entrevista Edgar Collado Els Propis"},{"@type":"BreadcrumbList","@id":"https:\/\/www.noubarris.net\/web40\/els-propis-un-segle-dhistoria-a-nou-barris\/#breadcrumb","itemListElement":[{"@type":"ListItem","position":1,"name":"Inici","item":"https:\/\/www.noubarris.net\/web40\/"},{"@type":"ListItem","position":2,"name":"Els Propis: Un segle d&#8217;hist\u00f2ria a Nou Barris"}]},{"@type":"WebSite","@id":"https:\/\/www.noubarris.net\/web40\/#website","url":"https:\/\/www.noubarris.net\/web40\/","name":"NouBarris.Net","description":"Seguint la vida de Nou Barris des de 1985","publisher":{"@id":"https:\/\/www.noubarris.net\/web40\/#organization"},"potentialAction":[{"@type":"SearchAction","target":{"@type":"EntryPoint","urlTemplate":"https:\/\/www.noubarris.net\/web40\/?s={search_term_string}"},"query-input":{"@type":"PropertyValueSpecification","valueRequired":true,"valueName":"search_term_string"}}],"inLanguage":"ca"},{"@type":"Organization","@id":"https:\/\/www.noubarris.net\/web40\/#organization","name":"NouBarris.Net","url":"https:\/\/www.noubarris.net\/web40\/","logo":{"@type":"ImageObject","inLanguage":"ca","@id":"https:\/\/www.noubarris.net\/web40\/#\/schema\/logo\/image\/","url":"https:\/\/www.noubarris.net\/web40\/wp-content\/uploads\/2024\/11\/cropped-cropped-LOGO_9BTV-2024_Insta-1.jpg","contentUrl":"https:\/\/www.noubarris.net\/web40\/wp-content\/uploads\/2024\/11\/cropped-cropped-LOGO_9BTV-2024_Insta-1.jpg","width":512,"height":512,"caption":"NouBarris.Net"},"image":{"@id":"https:\/\/www.noubarris.net\/web40\/#\/schema\/logo\/image\/"},"sameAs":["https:\/\/www.facebook.com\/NouBarris.net\/?locale=es_ES","https:\/\/x.com\/9BTV"]},{"@type":"Person","@id":"https:\/\/www.noubarris.net\/web40\/#\/schema\/person\/1827f92aaa316c54abbf4dac0de76069","name":"Informatius","image":{"@type":"ImageObject","inLanguage":"ca","@id":"https:\/\/www.noubarris.net\/web40\/#\/schema\/person\/image\/","url":"https:\/\/secure.gravatar.com\/avatar\/87a3b47928835fc72c6ee5b0e1a7263ef0c2d05003a98189bc14926c5f11bcdb?s=96&d=mm&r=g","contentUrl":"https:\/\/secure.gravatar.com\/avatar\/87a3b47928835fc72c6ee5b0e1a7263ef0c2d05003a98189bc14926c5f11bcdb?s=96&d=mm&r=g","caption":"Informatius"},"url":"https:\/\/www.noubarris.net\/web40\/author\/tele\/"}]}},"_links":{"self":[{"href":"https:\/\/www.noubarris.net\/web40\/wp-json\/wp\/v2\/posts\/83764","targetHints":{"allow":["GET"]}}],"collection":[{"href":"https:\/\/www.noubarris.net\/web40\/wp-json\/wp\/v2\/posts"}],"about":[{"href":"https:\/\/www.noubarris.net\/web40\/wp-json\/wp\/v2\/types\/post"}],"author":[{"embeddable":true,"href":"https:\/\/www.noubarris.net\/web40\/wp-json\/wp\/v2\/users\/2"}],"replies":[{"embeddable":true,"href":"https:\/\/www.noubarris.net\/web40\/wp-json\/wp\/v2\/comments?post=83764"}],"version-history":[{"count":4,"href":"https:\/\/www.noubarris.net\/web40\/wp-json\/wp\/v2\/posts\/83764\/revisions"}],"predecessor-version":[{"id":83785,"href":"https:\/\/www.noubarris.net\/web40\/wp-json\/wp\/v2\/posts\/83764\/revisions\/83785"}],"wp:featuredmedia":[{"embeddable":true,"href":"https:\/\/www.noubarris.net\/web40\/wp-json\/wp\/v2\/media\/83765"}],"wp:attachment":[{"href":"https:\/\/www.noubarris.net\/web40\/wp-json\/wp\/v2\/media?parent=83764"}],"wp:term":[{"taxonomy":"category","embeddable":true,"href":"https:\/\/www.noubarris.net\/web40\/wp-json\/wp\/v2\/categories?post=83764"},{"taxonomy":"post_tag","embeddable":true,"href":"https:\/\/www.noubarris.net\/web40\/wp-json\/wp\/v2\/tags?post=83764"}],"curies":[{"name":"wp","href":"https:\/\/api.w.org\/{rel}","templated":true}]}}